{"id":1654,"date":"2014-06-20T11:15:56","date_gmt":"2014-06-20T11:15:56","guid":{"rendered":"https:\/\/www.aceweb.advertis.es\/2014\/06\/20\/la-fibra-de-carbono-en-refuerzo-de-estructuras-de-hormigon\/"},"modified":"2014-06-20T11:15:56","modified_gmt":"2014-06-20T11:15:56","slug":"la-fibra-de-carbono-en-refuerzo-de-estructuras-de-hormigon","status":"publish","type":"post","link":"https:\/\/aceweb.cat\/es\/noticias\/la-fibra-de-carbono-en-refuerzo-de-estructuras-de-hormigon\/","title":{"rendered":"La fibra de carbono en refuerzo de estructuras de hormig\u00f3n"},"content":{"rendered":"<p><img loading=\"lazy\" decoding=\"async\" class=\"alignright size-medium wp-image-313\" src=\"https:\/\/aceweb.cat\/wp-content\/uploads\/2014\/06\/monografico-01.jpg\" alt=\"monografico-La fibra de carbono en refuerzo de estructuras de hormig\u00f3n\" width=\"225\" height=\"300\" \/>El pasado 29 de mayo la ACE present\u00f3 el primer monogr\u00e1fico del IEE \u00ab<i><b>La fibra de carbono en refuerzo de estructuras de hormig\u00f3n<\/b><\/i>\u00bb<\/p>\n<p>Esta publicaci\u00f3n es fruto del trabajo que ha llevado a cabo la <strong>Comisi\u00f3n de Fibras de Carbono<\/strong> de la ACE, surgida de la Comisi\u00f3n de Rehabilitaci\u00f3n y formada por los siguientes miembros asociados: Josep Baquer, Xavier Falguera, Jos\u00e9 E. Herrero, Gabriel Ort\u00edn, Paio Pi\u00f1eiro, Josep Pugibet i M\u00f3nica Sangil.<\/p>\n<p>Si est\u00e1is interesados lo pod\u00e9is adquirir en papel (20 euros) o en pdf (12 euros) a trav\u00e9s de la ACE: <a href=\"mailto:info@consultorsestructures.org\">info@consultorsestructures.org<\/a><\/p>\n","protected":false},"excerpt":{"rendered":"<p>El pasado 29 de mayo la ACE present\u00f3 el primer monogr\u00e1fico del IEE \u00abLa fibra de carbono en refuerzo de estructuras de hormig\u00f3n\u00bb Esta publicaci\u00f3n es fruto del trabajo que ha llevado a cabo la Comisi\u00f3n de Fibras de Carbono de la ACE, surgida de la Comisi\u00f3n de Rehabilitaci\u00f3n y formada por los siguientes miembros &hellip;<\/p>\n<p class=\"read-more\"> <a class=\"\" href=\"https:\/\/aceweb.cat\/es\/noticias\/la-fibra-de-carbono-en-refuerzo-de-estructuras-de-hormigon\/\"> <span class=\"screen-reader-text\">La fibra de carbono en refuerzo de estructuras de hormig\u00f3n<\/span> Leer m\u00e1s &raquo;<\/a><\/p>\n","protected":false},"author":79,"featured_media":165,"comment_status":"closed","ping_status":"closed","sticky":false,"template":"","format":"standard","meta":{"_acf_changed":false,"site-sidebar-layout":"default","site-content-layout":"default","ast-global-header-display":"","ast-main-header-display":"","ast-hfb-above-header-display":"","ast-hfb-below-header-display":"","ast-hfb-mobile-header-display":"","site-post-title":"","ast-breadcrumbs-content":"","ast-featured-img":"","footer-sml-layout":"","theme-transparent-header-meta":"","adv-header-id-meta":"","stick-header-meta":"","header-above-stick-meta":"","header-main-stick-meta":"","header-below-stick-meta":"","footnotes":""},"categories":[380],"tags":[],"class_list":["post-1654","post","type-post","status-publish","format-standard","has-post-thumbnail","hentry","category-noticias"],"acf":[],"yoast_head":"<!-- This site is optimized with the Yoast SEO plugin v27.1.1 - https:\/\/yoast.com\/product\/yoast-seo-wordpress\/ -->\n<title>La fibra de carbono en refuerzo de estructuras de hormig\u00f3n | ACE<\/title>\n<meta name=\"robots\" content=\"index, follow, max-snippet:-1, max-image-preview:large, max-video-preview:-1\" \/>\n<link rel=\"canonical\" href=\"https:\/\/aceweb.cat\/es\/noticias\/la-fibra-de-carbono-en-refuerzo-de-estructuras-de-hormigon\/\" \/>\n<meta property=\"og:locale\" content=\"es_ES\" \/>\n<meta property=\"og:type\" content=\"article\" \/>\n<meta property=\"og:title\" content=\"La fibra de carbono en refuerzo de estructuras de hormig\u00f3n | ACE\" \/>\n<meta property=\"og:description\" content=\"El pasado 29 de mayo la ACE present\u00f3 el primer monogr\u00e1fico del IEE \u00abLa fibra de carbono en refuerzo de estructuras de hormig\u00f3n\u00bb Esta publicaci\u00f3n es fruto del trabajo que ha llevado a cabo la Comisi\u00f3n de Fibras de Carbono de la ACE, surgida de la Comisi\u00f3n de Rehabilitaci\u00f3n y formada por los siguientes miembros &hellip; La fibra de carbono en refuerzo de estructuras de hormig\u00f3n Leer m\u00e1s &raquo;\" \/>\n<meta property=\"og:url\" content=\"https:\/\/aceweb.cat\/es\/noticias\/la-fibra-de-carbono-en-refuerzo-de-estructuras-de-hormigon\/\" \/>\n<meta property=\"og:site_name\" content=\"aceweb.cat\" \/>\n<meta property=\"article:published_time\" content=\"2014-06-20T11:15:56+00:00\" \/>\n<meta property=\"og:image\" content=\"https:\/\/aceweb.cat\/wp-content\/uploads\/2022\/06\/la-fibra-de-carboni-en-reforc-destructures-de-formigo-featured.jpg\" \/>\n\t<meta property=\"og:image:width\" content=\"630\" \/>\n\t<meta property=\"og:image:height\" content=\"340\" \/>\n\t<meta property=\"og:image:type\" content=\"image\/jpeg\" \/>\n<meta name=\"author\" content=\"Cesc - ACE\" \/>\n<meta name=\"twitter:card\" content=\"summary_large_image\" \/>\n<meta name=\"twitter:label1\" content=\"Escrito por\" \/>\n\t<meta name=\"twitter:data1\" content=\"Cesc - ACE\" \/>\n\t<meta name=\"twitter:label2\" content=\"Tiempo de lectura\" \/>\n\t<meta name=\"twitter:data2\" content=\"1 minuto\" \/>\n<script type=\"application\/ld+json\" class=\"yoast-schema-graph\">{\"@context\":\"https:\/\/schema.org\",\"@graph\":[{\"@type\":\"Article\",\"@id\":\"https:\/\/aceweb.cat\/es\/noticias\/la-fibra-de-carbono-en-refuerzo-de-estructuras-de-hormigon\/#article\",\"isPartOf\":{\"@id\":\"https:\/\/aceweb.cat\/es\/noticias\/la-fibra-de-carbono-en-refuerzo-de-estructuras-de-hormigon\/\"},\"author\":{\"name\":\"Cesc - ACE\",\"@id\":\"https:\/\/aceweb.cat\/#\/schema\/person\/ab0d120a33b1679881ded6f1ff2a33f9\"},\"headline\":\"La fibra de carbono en refuerzo de estructuras de hormig\u00f3n\",\"datePublished\":\"2014-06-20T11:15:56+00:00\",\"mainEntityOfPage\":{\"@id\":\"https:\/\/aceweb.cat\/es\/noticias\/la-fibra-de-carbono-en-refuerzo-de-estructuras-de-hormigon\/\"},\"wordCount\":115,\"publisher\":{\"@id\":\"https:\/\/aceweb.cat\/#organization\"},\"image\":{\"@id\":\"https:\/\/aceweb.cat\/es\/noticias\/la-fibra-de-carbono-en-refuerzo-de-estructuras-de-hormigon\/#primaryimage\"},\"thumbnailUrl\":\"https:\/\/aceweb.cat\/wp-content\/uploads\/2022\/06\/la-fibra-de-carboni-en-reforc-destructures-de-formigo-featured.jpg\",\"articleSection\":[\"Noticias\"],\"inLanguage\":\"es\"},{\"@type\":\"WebPage\",\"@id\":\"https:\/\/aceweb.cat\/es\/noticias\/la-fibra-de-carbono-en-refuerzo-de-estructuras-de-hormigon\/\",\"url\":\"https:\/\/aceweb.cat\/es\/noticias\/la-fibra-de-carbono-en-refuerzo-de-estructuras-de-hormigon\/\",\"name\":\"La fibra de carbono en refuerzo de estructuras de hormig\u00f3n | ACE\",\"isPartOf\":{\"@id\":\"https:\/\/aceweb.cat\/#website\"},\"primaryImageOfPage\":{\"@id\":\"https:\/\/aceweb.cat\/es\/noticias\/la-fibra-de-carbono-en-refuerzo-de-estructuras-de-hormigon\/#primaryimage\"},\"image\":{\"@id\":\"https:\/\/aceweb.cat\/es\/noticias\/la-fibra-de-carbono-en-refuerzo-de-estructuras-de-hormigon\/#primaryimage\"},\"thumbnailUrl\":\"https:\/\/aceweb.cat\/wp-content\/uploads\/2022\/06\/la-fibra-de-carboni-en-reforc-destructures-de-formigo-featured.jpg\",\"datePublished\":\"2014-06-20T11:15:56+00:00\",\"breadcrumb\":{\"@id\":\"https:\/\/aceweb.cat\/es\/noticias\/la-fibra-de-carbono-en-refuerzo-de-estructuras-de-hormigon\/#breadcrumb\"},\"inLanguage\":\"es\",\"potentialAction\":[{\"@type\":\"ReadAction\",\"target\":[\"https:\/\/aceweb.cat\/es\/noticias\/la-fibra-de-carbono-en-refuerzo-de-estructuras-de-hormigon\/\"]}]},{\"@type\":\"ImageObject\",\"inLanguage\":\"es\",\"@id\":\"https:\/\/aceweb.cat\/es\/noticias\/la-fibra-de-carbono-en-refuerzo-de-estructuras-de-hormigon\/#primaryimage\",\"url\":\"https:\/\/aceweb.cat\/wp-content\/uploads\/2022\/06\/la-fibra-de-carboni-en-reforc-destructures-de-formigo-featured.jpg\",\"contentUrl\":\"https:\/\/aceweb.cat\/wp-content\/uploads\/2022\/06\/la-fibra-de-carboni-en-reforc-destructures-de-formigo-featured.jpg\",\"width\":630,\"height\":340},{\"@type\":\"BreadcrumbList\",\"@id\":\"https:\/\/aceweb.cat\/es\/noticias\/la-fibra-de-carbono-en-refuerzo-de-estructuras-de-hormigon\/#breadcrumb\",\"itemListElement\":[{\"@type\":\"ListItem\",\"position\":1,\"name\":\"Inici\",\"item\":\"https:\/\/aceweb.cat\/\"},{\"@type\":\"ListItem\",\"position\":2,\"name\":\"Noticias\",\"item\":\"https:\/\/aceweb.cat\/es\/categoria\/noticias\/\"},{\"@type\":\"ListItem\",\"position\":3,\"name\":\"La fibra de carbono en refuerzo de estructuras de hormig\u00f3n\"}]},{\"@type\":\"WebSite\",\"@id\":\"https:\/\/aceweb.cat\/#website\",\"url\":\"https:\/\/aceweb.cat\/\",\"name\":\"ACE\",\"description\":\"Associaci\u00f3 de Consultors d&#039;Estructures | ACE\",\"publisher\":{\"@id\":\"https:\/\/aceweb.cat\/#organization\"},\"alternateName\":\"ACE\",\"potentialAction\":[{\"@type\":\"SearchAction\",\"target\":{\"@type\":\"EntryPoint\",\"urlTemplate\":\"https:\/\/aceweb.cat\/?s={search_term_string}\"},\"query-input\":{\"@type\":\"PropertyValueSpecification\",\"valueRequired\":true,\"valueName\":\"search_term_string\"}}],\"inLanguage\":\"es\"},{\"@type\":\"Organization\",\"@id\":\"https:\/\/aceweb.cat\/#organization\",\"name\":\"ACE\",\"alternateName\":\"ACE\",\"url\":\"https:\/\/aceweb.cat\/\",\"logo\":{\"@type\":\"ImageObject\",\"inLanguage\":\"es\",\"@id\":\"https:\/\/aceweb.cat\/#\/schema\/logo\/image\/\",\"url\":\"https:\/\/aceweb.cat\/wp-content\/uploads\/2022\/10\/logo.svg\",\"contentUrl\":\"https:\/\/aceweb.cat\/wp-content\/uploads\/2022\/10\/logo.svg\",\"width\":1,\"height\":1,\"caption\":\"ACE\"},\"image\":{\"@id\":\"https:\/\/aceweb.cat\/#\/schema\/logo\/image\/\"}},{\"@type\":\"Person\",\"@id\":\"https:\/\/aceweb.cat\/#\/schema\/person\/ab0d120a33b1679881ded6f1ff2a33f9\",\"name\":\"Cesc - ACE\",\"image\":{\"@type\":\"ImageObject\",\"inLanguage\":\"es\",\"@id\":\"https:\/\/aceweb.cat\/#\/schema\/person\/image\/\",\"url\":\"https:\/\/secure.gravatar.com\/avatar\/ae0086a3df465865c31ac81fa28e01786dcb9b6ced64f982cc55a6543588fda2?s=96&d=mm&r=g\",\"contentUrl\":\"https:\/\/secure.gravatar.com\/avatar\/ae0086a3df465865c31ac81fa28e01786dcb9b6ced64f982cc55a6543588fda2?s=96&d=mm&r=g\",\"caption\":\"Cesc - ACE\"},\"url\":\"https:\/\/aceweb.cat\/es\/author\/ed1t0r-ac3\/\"}]}<\/script>\n<!-- \/ Yoast SEO plugin. -->","yoast_head_json":{"title":"La fibra de carbono en refuerzo de estructuras de hormig\u00f3n | ACE","robots":{"index":"index","follow":"follow","max-snippet":"max-snippet:-1","max-image-preview":"max-image-preview:large","max-video-preview":"max-video-preview:-1"},"canonical":"https:\/\/aceweb.cat\/es\/noticias\/la-fibra-de-carbono-en-refuerzo-de-estructuras-de-hormigon\/","og_locale":"es_ES","og_type":"article","og_title":"La fibra de carbono en refuerzo de estructuras de hormig\u00f3n | ACE","og_description":"El pasado 29 de mayo la ACE present\u00f3 el primer monogr\u00e1fico del IEE \u00abLa fibra de carbono en refuerzo de estructuras de hormig\u00f3n\u00bb Esta publicaci\u00f3n es fruto del trabajo que ha llevado a cabo la Comisi\u00f3n de Fibras de Carbono de la ACE, surgida de la Comisi\u00f3n de Rehabilitaci\u00f3n y formada por los siguientes miembros &hellip; La fibra de carbono en refuerzo de estructuras de hormig\u00f3n Leer m\u00e1s &raquo;","og_url":"https:\/\/aceweb.cat\/es\/noticias\/la-fibra-de-carbono-en-refuerzo-de-estructuras-de-hormigon\/","og_site_name":"aceweb.cat","article_published_time":"2014-06-20T11:15:56+00:00","og_image":[{"width":630,"height":340,"url":"https:\/\/aceweb.cat\/wp-content\/uploads\/2022\/06\/la-fibra-de-carboni-en-reforc-destructures-de-formigo-featured.jpg","type":"image\/jpeg"}],"author":"Cesc - ACE","twitter_card":"summary_large_image","twitter_misc":{"Escrito por":"Cesc - ACE","Tiempo de lectura":"1 minuto"},"schema":{"@context":"https:\/\/schema.org","@graph":[{"@type":"Article","@id":"https:\/\/aceweb.cat\/es\/noticias\/la-fibra-de-carbono-en-refuerzo-de-estructuras-de-hormigon\/#article","isPartOf":{"@id":"https:\/\/aceweb.cat\/es\/noticias\/la-fibra-de-carbono-en-refuerzo-de-estructuras-de-hormigon\/"},"author":{"name":"Cesc - ACE","@id":"https:\/\/aceweb.cat\/#\/schema\/person\/ab0d120a33b1679881ded6f1ff2a33f9"},"headline":"La fibra de carbono en refuerzo de estructuras de hormig\u00f3n","datePublished":"2014-06-20T11:15:56+00:00","mainEntityOfPage":{"@id":"https:\/\/aceweb.cat\/es\/noticias\/la-fibra-de-carbono-en-refuerzo-de-estructuras-de-hormigon\/"},"wordCount":115,"publisher":{"@id":"https:\/\/aceweb.cat\/#organization"},"image":{"@id":"https:\/\/aceweb.cat\/es\/noticias\/la-fibra-de-carbono-en-refuerzo-de-estructuras-de-hormigon\/#primaryimage"},"thumbnailUrl":"https:\/\/aceweb.cat\/wp-content\/uploads\/2022\/06\/la-fibra-de-carboni-en-reforc-destructures-de-formigo-featured.jpg","articleSection":["Noticias"],"inLanguage":"es"},{"@type":"WebPage","@id":"https:\/\/aceweb.cat\/es\/noticias\/la-fibra-de-carbono-en-refuerzo-de-estructuras-de-hormigon\/","url":"https:\/\/aceweb.cat\/es\/noticias\/la-fibra-de-carbono-en-refuerzo-de-estructuras-de-hormigon\/","name":"La fibra de carbono en refuerzo de estructuras de hormig\u00f3n | ACE","isPartOf":{"@id":"https:\/\/aceweb.cat\/#website"},"primaryImageOfPage":{"@id":"https:\/\/aceweb.cat\/es\/noticias\/la-fibra-de-carbono-en-refuerzo-de-estructuras-de-hormigon\/#primaryimage"},"image":{"@id":"https:\/\/aceweb.cat\/es\/noticias\/la-fibra-de-carbono-en-refuerzo-de-estructuras-de-hormigon\/#primaryimage"},"thumbnailUrl":"https:\/\/aceweb.cat\/wp-content\/uploads\/2022\/06\/la-fibra-de-carboni-en-reforc-destructures-de-formigo-featured.jpg","datePublished":"2014-06-20T11:15:56+00:00","breadcrumb":{"@id":"https:\/\/aceweb.cat\/es\/noticias\/la-fibra-de-carbono-en-refuerzo-de-estructuras-de-hormigon\/#breadcrumb"},"inLanguage":"es","potentialAction":[{"@type":"ReadAction","target":["https:\/\/aceweb.cat\/es\/noticias\/la-fibra-de-carbono-en-refuerzo-de-estructuras-de-hormigon\/"]}]},{"@type":"ImageObject","inLanguage":"es","@id":"https:\/\/aceweb.cat\/es\/noticias\/la-fibra-de-carbono-en-refuerzo-de-estructuras-de-hormigon\/#primaryimage","url":"https:\/\/aceweb.cat\/wp-content\/uploads\/2022\/06\/la-fibra-de-carboni-en-reforc-destructures-de-formigo-featured.jpg","contentUrl":"https:\/\/aceweb.cat\/wp-content\/uploads\/2022\/06\/la-fibra-de-carboni-en-reforc-destructures-de-formigo-featured.jpg","width":630,"height":340},{"@type":"BreadcrumbList","@id":"https:\/\/aceweb.cat\/es\/noticias\/la-fibra-de-carbono-en-refuerzo-de-estructuras-de-hormigon\/#breadcrumb","itemListElement":[{"@type":"ListItem","position":1,"name":"Inici","item":"https:\/\/aceweb.cat\/"},{"@type":"ListItem","position":2,"name":"Noticias","item":"https:\/\/aceweb.cat\/es\/categoria\/noticias\/"},{"@type":"ListItem","position":3,"name":"La fibra de carbono en refuerzo de estructuras de hormig\u00f3n"}]},{"@type":"WebSite","@id":"https:\/\/aceweb.cat\/#website","url":"https:\/\/aceweb.cat\/","name":"ACE","description":"Associaci\u00f3 de Consultors d&#039;Estructures | ACE","publisher":{"@id":"https:\/\/aceweb.cat\/#organization"},"alternateName":"ACE","potentialAction":[{"@type":"SearchAction","target":{"@type":"EntryPoint","urlTemplate":"https:\/\/aceweb.cat\/?s={search_term_string}"},"query-input":{"@type":"PropertyValueSpecification","valueRequired":true,"valueName":"search_term_string"}}],"inLanguage":"es"},{"@type":"Organization","@id":"https:\/\/aceweb.cat\/#organization","name":"ACE","alternateName":"ACE","url":"https:\/\/aceweb.cat\/","logo":{"@type":"ImageObject","inLanguage":"es","@id":"https:\/\/aceweb.cat\/#\/schema\/logo\/image\/","url":"https:\/\/aceweb.cat\/wp-content\/uploads\/2022\/10\/logo.svg","contentUrl":"https:\/\/aceweb.cat\/wp-content\/uploads\/2022\/10\/logo.svg","width":1,"height":1,"caption":"ACE"},"image":{"@id":"https:\/\/aceweb.cat\/#\/schema\/logo\/image\/"}},{"@type":"Person","@id":"https:\/\/aceweb.cat\/#\/schema\/person\/ab0d120a33b1679881ded6f1ff2a33f9","name":"Cesc - ACE","image":{"@type":"ImageObject","inLanguage":"es","@id":"https:\/\/aceweb.cat\/#\/schema\/person\/image\/","url":"https:\/\/secure.gravatar.com\/avatar\/ae0086a3df465865c31ac81fa28e01786dcb9b6ced64f982cc55a6543588fda2?s=96&d=mm&r=g","contentUrl":"https:\/\/secure.gravatar.com\/avatar\/ae0086a3df465865c31ac81fa28e01786dcb9b6ced64f982cc55a6543588fda2?s=96&d=mm&r=g","caption":"Cesc - ACE"},"url":"https:\/\/aceweb.cat\/es\/author\/ed1t0r-ac3\/"}]}},"_links":{"self":[{"href":"https:\/\/aceweb.cat\/es\/wp-json\/wp\/v2\/posts\/1654","targetHints":{"allow":["GET"]}}],"collection":[{"href":"https:\/\/aceweb.cat\/es\/wp-json\/wp\/v2\/posts"}],"about":[{"href":"https:\/\/aceweb.cat\/es\/wp-json\/wp\/v2\/types\/post"}],"author":[{"embeddable":true,"href":"https:\/\/aceweb.cat\/es\/wp-json\/wp\/v2\/users\/79"}],"replies":[{"embeddable":true,"href":"https:\/\/aceweb.cat\/es\/wp-json\/wp\/v2\/comments?post=1654"}],"version-history":[{"count":0,"href":"https:\/\/aceweb.cat\/es\/wp-json\/wp\/v2\/posts\/1654\/revisions"}],"wp:featuredmedia":[{"embeddable":true,"href":"https:\/\/aceweb.cat\/es\/wp-json\/wp\/v2\/media\/165"}],"wp:attachment":[{"href":"https:\/\/aceweb.cat\/es\/wp-json\/wp\/v2\/media?parent=1654"}],"wp:term":[{"taxonomy":"category","embeddable":true,"href":"https:\/\/aceweb.cat\/es\/wp-json\/wp\/v2\/categories?post=1654"},{"taxonomy":"post_tag","embeddable":true,"href":"https:\/\/aceweb.cat\/es\/wp-json\/wp\/v2\/tags?post=1654"}],"curies":[{"name":"wp","href":"https:\/\/api.w.org\/{rel}","templated":true}]}}