{"id":1837,"date":"2018-04-03T11:39:10","date_gmt":"2018-04-03T11:39:10","guid":{"rendered":"https:\/\/www.aceweb.advertis.es\/2018\/04\/03\/ya-disponibles-las-ponencias-de-la-jornada-tecnica-sobre-encofrados-y-cimbras\/"},"modified":"2018-04-03T11:39:10","modified_gmt":"2018-04-03T11:39:10","slug":"ya-disponibles-las-ponencias-de-la-jornada-tecnica-sobre-encofrados-y-cimbras","status":"publish","type":"post","link":"https:\/\/aceweb.cat\/es\/noticias\/ya-disponibles-las-ponencias-de-la-jornada-tecnica-sobre-encofrados-y-cimbras\/","title":{"rendered":"Ya disponibles las ponencias de la jornada t\u00e9cnica sobre encofrados y cimbras"},"content":{"rendered":"<h3 style=\"text-align: justify;\">La cita, organizada por la ACE, se celebr\u00f3 con \u00e9xito de asistencia el pasado 22 de marzo<\/h3>\n<p style=\"text-align: justify;\">El pasado 22 de marzo decenas de personas asist\u00edan a la jornada t\u00e9cnica organizada por la ACE \u201c<strong>Encofrados y cimbras: seguridad en la fase de estructuras<\/strong>\u201d, una cita celebrada con \u00e9xito en la que se analiz\u00f3 la situaci\u00f3n actual y la evoluci\u00f3n de los sistemas de encofrados, as\u00ed como la actualizaci\u00f3n del marco normativo que los comprende y las nuevas herramientas y gu\u00edas aplicables a ellos.<\/p>\n<p style=\"text-align: justify;\">Aqu\u00ed encontrar\u00e9is un resumen del acto y, a la espera de tener disponible el v\u00eddeo de la jornada en nuestro canal de Youtube, os dejamos a continuaci\u00f3n con enlaces al material usado por los ponentes durante las sesiones:<\/p>\n<ul>\n<li style=\"text-align: justify;\"><a href=\"https:\/\/aceweb.cat\/wp-content\/uploads\/big-docs\/ponencias-jornada-cimbras-marzo-2018\/1-GUIA-AFECI.pdf\">Introducci\u00f3n a la gu\u00eda AFECI: Hacia una visi\u00f3n global para la mejora de la seguridad en encofrados y cimbras<\/a><\/li>\n<li style=\"text-align: justify;\"><a href=\"https:\/\/aceweb.cat\/wp-content\/uploads\/big-docs\/ponencias-jornada-cimbras-marzo-2018\/2-AFECI-UNE180201-20180322.pdf\">Introducci\u00f3n a la Norma UNE 180201: Encofrados. Dise\u00f1o general, requisitos de comportamiento y verificaciones<\/a><\/li>\n<li style=\"text-align: justify;\"><a href=\"https:\/\/aceweb.cat\/wp-content\/uploads\/big-docs\/ponencias-jornada-cimbras-marzo-2018\/3-NORMAS.pdf\">Sistemas de encofrados y cimbras: marco normativo actual<\/a><\/li>\n<li style=\"text-align: justify;\"><a href=\"https:\/\/aceweb.cat\/wp-content\/uploads\/big-docs\/ponencias-jornada-cimbras-marzo-2018\/4-Apuntalamientos.pdf\">Fundamentos te\u00f3ricos de los estudios de apuntalamiento<\/a><\/li>\n<li style=\"text-align: justify;\"><a href=\"https:\/\/aceweb.cat\/wp-content\/uploads\/big-docs\/ponencias-jornada-cimbras-marzo-2018\/5-Ejemplo.pdf\">Estudio de apuntalamiento: ejemplo pr\u00e1ctico<\/a><\/li>\n<li style=\"text-align: justify;\"><a href=\"https:\/\/aceweb.cat\/wp-content\/uploads\/big-docs\/ponencias-jornada-cimbras-marzo-2018\/6-CALCULOS.pdf\">Criterios constructivos y de apuntalamiento en edificaci\u00f3n<\/a><\/li>\n<li style=\"text-align: justify;\"><a href=\"https:\/\/aceweb.cat\/wp-content\/uploads\/big-docs\/ponencias-jornada-cimbras-marzo-2018\/7-jornada-ACE-ULMA-2018-03-22.pdf\">Estudios de apuntalamiento: de la teor\u00eda a la pr\u00e1ctica<\/a><\/li>\n<\/ul>\n","protected":false},"excerpt":{"rendered":"<p>La cita, organizada por la ACE, se celebr\u00f3 con \u00e9xito de asistencia el pasado 22 de marzo El pasado 22 de marzo decenas de personas asist\u00edan a la jornada t\u00e9cnica organizada por la ACE \u201cEncofrados y cimbras: seguridad en la fase de estructuras\u201d, una cita celebrada con \u00e9xito en la que se analiz\u00f3 la situaci\u00f3n &hellip;<\/p>\n<p class=\"read-more\"> <a class=\"\" href=\"https:\/\/aceweb.cat\/es\/noticias\/ya-disponibles-las-ponencias-de-la-jornada-tecnica-sobre-encofrados-y-cimbras\/\"> <span class=\"screen-reader-text\">Ya disponibles las ponencias de la jornada t\u00e9cnica sobre encofrados y cimbras<\/span> Leer m\u00e1s &raquo;<\/a><\/p>\n","protected":false},"author":79,"featured_media":1838,"comment_status":"open","ping_status":"open","sticky":false,"template":"","format":"standard","meta":{"_acf_changed":false,"site-sidebar-layout":"default","site-content-layout":"default","ast-global-header-display":"","ast-main-header-display":"","ast-hfb-above-header-display":"","ast-hfb-below-header-display":"","ast-hfb-mobile-header-display":"","site-post-title":"","ast-breadcrumbs-content":"","ast-featured-img":"","footer-sml-layout":"","theme-transparent-header-meta":"","adv-header-id-meta":"","stick-header-meta":"","header-above-stick-meta":"","header-main-stick-meta":"","header-below-stick-meta":"","footnotes":""},"categories":[380],"tags":[],"class_list":["post-1837","post","type-post","status-publish","format-standard","has-post-thumbnail","hentry","category-noticias"],"acf":[],"yoast_head":"<!-- This site is optimized with the Yoast SEO plugin v27.1.1 - https:\/\/yoast.com\/product\/yoast-seo-wordpress\/ -->\n<title>Ya disponibles las ponencias de la jornada t\u00e9cnica sobre encofrados y cimbras | ACE<\/title>\n<meta name=\"robots\" content=\"index, follow, max-snippet:-1, max-image-preview:large, max-video-preview:-1\" \/>\n<link rel=\"canonical\" href=\"https:\/\/aceweb.cat\/noticies\/ja-disponibles-les-ponencies-de-la-jornada-tecnica-sobre-encofrats-i-cimbres\/\" \/>\n<meta property=\"og:locale\" content=\"es_ES\" \/>\n<meta property=\"og:type\" content=\"article\" \/>\n<meta property=\"og:title\" content=\"Ya disponibles las ponencias de la jornada t\u00e9cnica sobre encofrados y cimbras | ACE\" \/>\n<meta property=\"og:description\" content=\"La cita, organizada por la ACE, se celebr\u00f3 con \u00e9xito de asistencia el pasado 22 de marzo El pasado 22 de marzo decenas de personas asist\u00edan a la jornada t\u00e9cnica organizada por la ACE \u201cEncofrados y cimbras: seguridad en la fase de estructuras\u201d, una cita celebrada con \u00e9xito en la que se analiz\u00f3 la situaci\u00f3n &hellip; Ya disponibles las ponencias de la jornada t\u00e9cnica sobre encofrados y cimbras Leer m\u00e1s &raquo;\" \/>\n<meta property=\"og:url\" content=\"https:\/\/aceweb.cat\/noticies\/ja-disponibles-les-ponencies-de-la-jornada-tecnica-sobre-encofrats-i-cimbres\/\" \/>\n<meta property=\"og:site_name\" content=\"aceweb.cat\" \/>\n<meta property=\"article:published_time\" content=\"2018-04-03T11:39:10+00:00\" \/>\n<meta property=\"og:image\" content=\"https:\/\/aceweb.cat\/wp-content\/uploads\/2022\/06\/ponencias-jornada-tecnica-encofrados-cimbras-ace-afeci-alsina-1.jpg\" \/>\n\t<meta property=\"og:image:width\" content=\"630\" \/>\n\t<meta property=\"og:image:height\" content=\"340\" \/>\n\t<meta property=\"og:image:type\" content=\"image\/jpeg\" \/>\n<meta name=\"author\" content=\"Cesc - ACE\" \/>\n<meta name=\"twitter:card\" content=\"summary_large_image\" \/>\n<meta name=\"twitter:label1\" content=\"Escrito por\" \/>\n\t<meta name=\"twitter:data1\" content=\"Cesc - ACE\" \/>\n\t<meta name=\"twitter:label2\" content=\"Tiempo de lectura\" \/>\n\t<meta name=\"twitter:data2\" content=\"1 minuto\" \/>\n<script type=\"application\/ld+json\" class=\"yoast-schema-graph\">{\"@context\":\"https:\/\/schema.org\",\"@graph\":[{\"@type\":\"Article\",\"@id\":\"https:\/\/aceweb.cat\/noticies\/ja-disponibles-les-ponencies-de-la-jornada-tecnica-sobre-encofrats-i-cimbres\/#article\",\"isPartOf\":{\"@id\":\"https:\/\/aceweb.cat\/noticies\/ja-disponibles-les-ponencies-de-la-jornada-tecnica-sobre-encofrats-i-cimbres\/\"},\"author\":{\"name\":\"Cesc - ACE\",\"@id\":\"https:\/\/aceweb.cat\/#\/schema\/person\/ab0d120a33b1679881ded6f1ff2a33f9\"},\"headline\":\"Ya disponibles las ponencias de la jornada t\u00e9cnica sobre encofrados y cimbras\",\"datePublished\":\"2018-04-03T11:39:10+00:00\",\"mainEntityOfPage\":{\"@id\":\"https:\/\/aceweb.cat\/noticies\/ja-disponibles-les-ponencies-de-la-jornada-tecnica-sobre-encofrats-i-cimbres\/\"},\"wordCount\":219,\"commentCount\":0,\"publisher\":{\"@id\":\"https:\/\/aceweb.cat\/#organization\"},\"image\":{\"@id\":\"https:\/\/aceweb.cat\/noticies\/ja-disponibles-les-ponencies-de-la-jornada-tecnica-sobre-encofrats-i-cimbres\/#primaryimage\"},\"thumbnailUrl\":\"https:\/\/aceweb.cat\/wp-content\/uploads\/2022\/06\/ponencias-jornada-tecnica-encofrados-cimbras-ace-afeci-alsina-1.jpg\",\"articleSection\":[\"Noticias\"],\"inLanguage\":\"es\",\"potentialAction\":[{\"@type\":\"CommentAction\",\"name\":\"Comment\",\"target\":[\"https:\/\/aceweb.cat\/noticies\/ja-disponibles-les-ponencies-de-la-jornada-tecnica-sobre-encofrats-i-cimbres\/#respond\"]}]},{\"@type\":\"WebPage\",\"@id\":\"https:\/\/aceweb.cat\/noticies\/ja-disponibles-les-ponencies-de-la-jornada-tecnica-sobre-encofrats-i-cimbres\/\",\"url\":\"https:\/\/aceweb.cat\/noticies\/ja-disponibles-les-ponencies-de-la-jornada-tecnica-sobre-encofrats-i-cimbres\/\",\"name\":\"Ya disponibles las ponencias de la jornada t\u00e9cnica sobre encofrados y cimbras | ACE\",\"isPartOf\":{\"@id\":\"https:\/\/aceweb.cat\/#website\"},\"primaryImageOfPage\":{\"@id\":\"https:\/\/aceweb.cat\/noticies\/ja-disponibles-les-ponencies-de-la-jornada-tecnica-sobre-encofrats-i-cimbres\/#primaryimage\"},\"image\":{\"@id\":\"https:\/\/aceweb.cat\/noticies\/ja-disponibles-les-ponencies-de-la-jornada-tecnica-sobre-encofrats-i-cimbres\/#primaryimage\"},\"thumbnailUrl\":\"https:\/\/aceweb.cat\/wp-content\/uploads\/2022\/06\/ponencias-jornada-tecnica-encofrados-cimbras-ace-afeci-alsina-1.jpg\",\"datePublished\":\"2018-04-03T11:39:10+00:00\",\"breadcrumb\":{\"@id\":\"https:\/\/aceweb.cat\/noticies\/ja-disponibles-les-ponencies-de-la-jornada-tecnica-sobre-encofrats-i-cimbres\/#breadcrumb\"},\"inLanguage\":\"es\",\"potentialAction\":[{\"@type\":\"ReadAction\",\"target\":[\"https:\/\/aceweb.cat\/noticies\/ja-disponibles-les-ponencies-de-la-jornada-tecnica-sobre-encofrats-i-cimbres\/\"]}]},{\"@type\":\"ImageObject\",\"inLanguage\":\"es\",\"@id\":\"https:\/\/aceweb.cat\/noticies\/ja-disponibles-les-ponencies-de-la-jornada-tecnica-sobre-encofrats-i-cimbres\/#primaryimage\",\"url\":\"https:\/\/aceweb.cat\/wp-content\/uploads\/2022\/06\/ponencias-jornada-tecnica-encofrados-cimbras-ace-afeci-alsina-1.jpg\",\"contentUrl\":\"https:\/\/aceweb.cat\/wp-content\/uploads\/2022\/06\/ponencias-jornada-tecnica-encofrados-cimbras-ace-afeci-alsina-1.jpg\",\"width\":630,\"height\":340},{\"@type\":\"BreadcrumbList\",\"@id\":\"https:\/\/aceweb.cat\/noticies\/ja-disponibles-les-ponencies-de-la-jornada-tecnica-sobre-encofrats-i-cimbres\/#breadcrumb\",\"itemListElement\":[{\"@type\":\"ListItem\",\"position\":1,\"name\":\"Inici\",\"item\":\"https:\/\/aceweb.cat\/\"},{\"@type\":\"ListItem\",\"position\":2,\"name\":\"Not\u00edcies\",\"item\":\"https:\/\/aceweb.cat\/categoria\/noticies\/\"},{\"@type\":\"ListItem\",\"position\":3,\"name\":\"Ya disponibles las ponencias de la jornada t\u00e9cnica sobre encofrados y cimbras\"}]},{\"@type\":\"WebSite\",\"@id\":\"https:\/\/aceweb.cat\/#website\",\"url\":\"https:\/\/aceweb.cat\/\",\"name\":\"ACE\",\"description\":\"Associaci\u00f3 de Consultors d&#039;Estructures | ACE\",\"publisher\":{\"@id\":\"https:\/\/aceweb.cat\/#organization\"},\"alternateName\":\"ACE\",\"potentialAction\":[{\"@type\":\"SearchAction\",\"target\":{\"@type\":\"EntryPoint\",\"urlTemplate\":\"https:\/\/aceweb.cat\/?s={search_term_string}\"},\"query-input\":{\"@type\":\"PropertyValueSpecification\",\"valueRequired\":true,\"valueName\":\"search_term_string\"}}],\"inLanguage\":\"es\"},{\"@type\":\"Organization\",\"@id\":\"https:\/\/aceweb.cat\/#organization\",\"name\":\"ACE\",\"alternateName\":\"ACE\",\"url\":\"https:\/\/aceweb.cat\/\",\"logo\":{\"@type\":\"ImageObject\",\"inLanguage\":\"es\",\"@id\":\"https:\/\/aceweb.cat\/#\/schema\/logo\/image\/\",\"url\":\"https:\/\/aceweb.cat\/wp-content\/uploads\/2022\/10\/logo.svg\",\"contentUrl\":\"https:\/\/aceweb.cat\/wp-content\/uploads\/2022\/10\/logo.svg\",\"width\":1,\"height\":1,\"caption\":\"ACE\"},\"image\":{\"@id\":\"https:\/\/aceweb.cat\/#\/schema\/logo\/image\/\"}},{\"@type\":\"Person\",\"@id\":\"https:\/\/aceweb.cat\/#\/schema\/person\/ab0d120a33b1679881ded6f1ff2a33f9\",\"name\":\"Cesc - ACE\",\"image\":{\"@type\":\"ImageObject\",\"inLanguage\":\"es\",\"@id\":\"https:\/\/aceweb.cat\/#\/schema\/person\/image\/\",\"url\":\"https:\/\/secure.gravatar.com\/avatar\/ae0086a3df465865c31ac81fa28e01786dcb9b6ced64f982cc55a6543588fda2?s=96&d=mm&r=g\",\"contentUrl\":\"https:\/\/secure.gravatar.com\/avatar\/ae0086a3df465865c31ac81fa28e01786dcb9b6ced64f982cc55a6543588fda2?s=96&d=mm&r=g\",\"caption\":\"Cesc - ACE\"},\"url\":\"https:\/\/aceweb.cat\/es\/author\/ed1t0r-ac3\/\"}]}<\/script>\n<!-- \/ Yoast SEO plugin. -->","yoast_head_json":{"title":"Ya disponibles las ponencias de la jornada t\u00e9cnica sobre encofrados y cimbras | ACE","robots":{"index":"index","follow":"follow","max-snippet":"max-snippet:-1","max-image-preview":"max-image-preview:large","max-video-preview":"max-video-preview:-1"},"canonical":"https:\/\/aceweb.cat\/noticies\/ja-disponibles-les-ponencies-de-la-jornada-tecnica-sobre-encofrats-i-cimbres\/","og_locale":"es_ES","og_type":"article","og_title":"Ya disponibles las ponencias de la jornada t\u00e9cnica sobre encofrados y cimbras | ACE","og_description":"La cita, organizada por la ACE, se celebr\u00f3 con \u00e9xito de asistencia el pasado 22 de marzo El pasado 22 de marzo decenas de personas asist\u00edan a la jornada t\u00e9cnica organizada por la ACE \u201cEncofrados y cimbras: seguridad en la fase de estructuras\u201d, una cita celebrada con \u00e9xito en la que se analiz\u00f3 la situaci\u00f3n &hellip; Ya disponibles las ponencias de la jornada t\u00e9cnica sobre encofrados y cimbras Leer m\u00e1s &raquo;","og_url":"https:\/\/aceweb.cat\/noticies\/ja-disponibles-les-ponencies-de-la-jornada-tecnica-sobre-encofrats-i-cimbres\/","og_site_name":"aceweb.cat","article_published_time":"2018-04-03T11:39:10+00:00","og_image":[{"width":630,"height":340,"url":"https:\/\/aceweb.cat\/wp-content\/uploads\/2022\/06\/ponencias-jornada-tecnica-encofrados-cimbras-ace-afeci-alsina-1.jpg","type":"image\/jpeg"}],"author":"Cesc - ACE","twitter_card":"summary_large_image","twitter_misc":{"Escrito por":"Cesc - ACE","Tiempo de lectura":"1 minuto"},"schema":{"@context":"https:\/\/schema.org","@graph":[{"@type":"Article","@id":"https:\/\/aceweb.cat\/noticies\/ja-disponibles-les-ponencies-de-la-jornada-tecnica-sobre-encofrats-i-cimbres\/#article","isPartOf":{"@id":"https:\/\/aceweb.cat\/noticies\/ja-disponibles-les-ponencies-de-la-jornada-tecnica-sobre-encofrats-i-cimbres\/"},"author":{"name":"Cesc - ACE","@id":"https:\/\/aceweb.cat\/#\/schema\/person\/ab0d120a33b1679881ded6f1ff2a33f9"},"headline":"Ya disponibles las ponencias de la jornada t\u00e9cnica sobre encofrados y cimbras","datePublished":"2018-04-03T11:39:10+00:00","mainEntityOfPage":{"@id":"https:\/\/aceweb.cat\/noticies\/ja-disponibles-les-ponencies-de-la-jornada-tecnica-sobre-encofrats-i-cimbres\/"},"wordCount":219,"commentCount":0,"publisher":{"@id":"https:\/\/aceweb.cat\/#organization"},"image":{"@id":"https:\/\/aceweb.cat\/noticies\/ja-disponibles-les-ponencies-de-la-jornada-tecnica-sobre-encofrats-i-cimbres\/#primaryimage"},"thumbnailUrl":"https:\/\/aceweb.cat\/wp-content\/uploads\/2022\/06\/ponencias-jornada-tecnica-encofrados-cimbras-ace-afeci-alsina-1.jpg","articleSection":["Noticias"],"inLanguage":"es","potentialAction":[{"@type":"CommentAction","name":"Comment","target":["https:\/\/aceweb.cat\/noticies\/ja-disponibles-les-ponencies-de-la-jornada-tecnica-sobre-encofrats-i-cimbres\/#respond"]}]},{"@type":"WebPage","@id":"https:\/\/aceweb.cat\/noticies\/ja-disponibles-les-ponencies-de-la-jornada-tecnica-sobre-encofrats-i-cimbres\/","url":"https:\/\/aceweb.cat\/noticies\/ja-disponibles-les-ponencies-de-la-jornada-tecnica-sobre-encofrats-i-cimbres\/","name":"Ya disponibles las ponencias de la jornada t\u00e9cnica sobre encofrados y cimbras | ACE","isPartOf":{"@id":"https:\/\/aceweb.cat\/#website"},"primaryImageOfPage":{"@id":"https:\/\/aceweb.cat\/noticies\/ja-disponibles-les-ponencies-de-la-jornada-tecnica-sobre-encofrats-i-cimbres\/#primaryimage"},"image":{"@id":"https:\/\/aceweb.cat\/noticies\/ja-disponibles-les-ponencies-de-la-jornada-tecnica-sobre-encofrats-i-cimbres\/#primaryimage"},"thumbnailUrl":"https:\/\/aceweb.cat\/wp-content\/uploads\/2022\/06\/ponencias-jornada-tecnica-encofrados-cimbras-ace-afeci-alsina-1.jpg","datePublished":"2018-04-03T11:39:10+00:00","breadcrumb":{"@id":"https:\/\/aceweb.cat\/noticies\/ja-disponibles-les-ponencies-de-la-jornada-tecnica-sobre-encofrats-i-cimbres\/#breadcrumb"},"inLanguage":"es","potentialAction":[{"@type":"ReadAction","target":["https:\/\/aceweb.cat\/noticies\/ja-disponibles-les-ponencies-de-la-jornada-tecnica-sobre-encofrats-i-cimbres\/"]}]},{"@type":"ImageObject","inLanguage":"es","@id":"https:\/\/aceweb.cat\/noticies\/ja-disponibles-les-ponencies-de-la-jornada-tecnica-sobre-encofrats-i-cimbres\/#primaryimage","url":"https:\/\/aceweb.cat\/wp-content\/uploads\/2022\/06\/ponencias-jornada-tecnica-encofrados-cimbras-ace-afeci-alsina-1.jpg","contentUrl":"https:\/\/aceweb.cat\/wp-content\/uploads\/2022\/06\/ponencias-jornada-tecnica-encofrados-cimbras-ace-afeci-alsina-1.jpg","width":630,"height":340},{"@type":"BreadcrumbList","@id":"https:\/\/aceweb.cat\/noticies\/ja-disponibles-les-ponencies-de-la-jornada-tecnica-sobre-encofrats-i-cimbres\/#breadcrumb","itemListElement":[{"@type":"ListItem","position":1,"name":"Inici","item":"https:\/\/aceweb.cat\/"},{"@type":"ListItem","position":2,"name":"Not\u00edcies","item":"https:\/\/aceweb.cat\/categoria\/noticies\/"},{"@type":"ListItem","position":3,"name":"Ya disponibles las ponencias de la jornada t\u00e9cnica sobre encofrados y cimbras"}]},{"@type":"WebSite","@id":"https:\/\/aceweb.cat\/#website","url":"https:\/\/aceweb.cat\/","name":"ACE","description":"Associaci\u00f3 de Consultors d&#039;Estructures | ACE","publisher":{"@id":"https:\/\/aceweb.cat\/#organization"},"alternateName":"ACE","potentialAction":[{"@type":"SearchAction","target":{"@type":"EntryPoint","urlTemplate":"https:\/\/aceweb.cat\/?s={search_term_string}"},"query-input":{"@type":"PropertyValueSpecification","valueRequired":true,"valueName":"search_term_string"}}],"inLanguage":"es"},{"@type":"Organization","@id":"https:\/\/aceweb.cat\/#organization","name":"ACE","alternateName":"ACE","url":"https:\/\/aceweb.cat\/","logo":{"@type":"ImageObject","inLanguage":"es","@id":"https:\/\/aceweb.cat\/#\/schema\/logo\/image\/","url":"https:\/\/aceweb.cat\/wp-content\/uploads\/2022\/10\/logo.svg","contentUrl":"https:\/\/aceweb.cat\/wp-content\/uploads\/2022\/10\/logo.svg","width":1,"height":1,"caption":"ACE"},"image":{"@id":"https:\/\/aceweb.cat\/#\/schema\/logo\/image\/"}},{"@type":"Person","@id":"https:\/\/aceweb.cat\/#\/schema\/person\/ab0d120a33b1679881ded6f1ff2a33f9","name":"Cesc - ACE","image":{"@type":"ImageObject","inLanguage":"es","@id":"https:\/\/aceweb.cat\/#\/schema\/person\/image\/","url":"https:\/\/secure.gravatar.com\/avatar\/ae0086a3df465865c31ac81fa28e01786dcb9b6ced64f982cc55a6543588fda2?s=96&d=mm&r=g","contentUrl":"https:\/\/secure.gravatar.com\/avatar\/ae0086a3df465865c31ac81fa28e01786dcb9b6ced64f982cc55a6543588fda2?s=96&d=mm&r=g","caption":"Cesc - ACE"},"url":"https:\/\/aceweb.cat\/es\/author\/ed1t0r-ac3\/"}]}},"_links":{"self":[{"href":"https:\/\/aceweb.cat\/es\/wp-json\/wp\/v2\/posts\/1837","targetHints":{"allow":["GET"]}}],"collection":[{"href":"https:\/\/aceweb.cat\/es\/wp-json\/wp\/v2\/posts"}],"about":[{"href":"https:\/\/aceweb.cat\/es\/wp-json\/wp\/v2\/types\/post"}],"author":[{"embeddable":true,"href":"https:\/\/aceweb.cat\/es\/wp-json\/wp\/v2\/users\/79"}],"replies":[{"embeddable":true,"href":"https:\/\/aceweb.cat\/es\/wp-json\/wp\/v2\/comments?post=1837"}],"version-history":[{"count":0,"href":"https:\/\/aceweb.cat\/es\/wp-json\/wp\/v2\/posts\/1837\/revisions"}],"wp:featuredmedia":[{"embeddable":true,"href":"https:\/\/aceweb.cat\/es\/wp-json\/wp\/v2\/media\/1838"}],"wp:attachment":[{"href":"https:\/\/aceweb.cat\/es\/wp-json\/wp\/v2\/media?parent=1837"}],"wp:term":[{"taxonomy":"category","embeddable":true,"href":"https:\/\/aceweb.cat\/es\/wp-json\/wp\/v2\/categories?post=1837"},{"taxonomy":"post_tag","embeddable":true,"href":"https:\/\/aceweb.cat\/es\/wp-json\/wp\/v2\/tags?post=1837"}],"curies":[{"name":"wp","href":"https:\/\/api.w.org\/{rel}","templated":true}]}}