{"id":1908,"date":"2019-04-29T14:27:23","date_gmt":"2019-04-29T14:27:23","guid":{"rendered":"https:\/\/www.aceweb.advertis.es\/2019\/04\/29\/el-arquitecto-jorge-blasco-de-la-ace-defiende-el-uso-de-la-madera-como-material-constructivo-estructural-en-una-conferencia-del-colegio-de-arquitectos-de-andorra\/"},"modified":"2019-04-29T14:27:23","modified_gmt":"2019-04-29T14:27:23","slug":"el-arquitecto-jorge-blasco-de-la-ace-defiende-el-uso-de-la-madera-como-material-constructivo-estructural-en-una-conferencia-del-colegio-de-arquitectos-de-andorra","status":"publish","type":"post","link":"https:\/\/aceweb.cat\/es\/noticias\/el-arquitecto-jorge-blasco-de-la-ace-defiende-el-uso-de-la-madera-como-material-constructivo-estructural-en-una-conferencia-del-colegio-de-arquitectos-de-andorra\/","title":{"rendered":"El arquitecto Jorge Blasco, de la ACE, defiende el uso de la madera como material constructivo estructural en una conferencia del Colegio de Arquitectos de Andorra"},"content":{"rendered":"<blockquote>\n<h2 style=\"text-align: justify;\">\u201cEl fuego es una situaci\u00f3n ambiental que se puede dar tanto en madera como en otro material. Lo que debe hacerse es seguir la normativa de seguridad\u201d<\/h2>\n<\/blockquote>\n<p style=\"text-align: justify;\">La <strong>catedral de Notre-Dame de Par\u00eds<\/strong> viv\u00eda su episodio m\u00e1s tr\u00e1gico la tarde del pasado 15 de abril, cuando un virulento fuego se iniciaba en el que es uno de los principales s\u00edmbolos hist\u00f3ricos, art\u00edsticos y religiosos de la capital francesa; el <strong>incendio<\/strong> hizo que cayera parte del techo y la aguja central de la iglesia.<\/p>\n<p style=\"text-align: justify;\">A prop\u00f3sito del episodio, que gener\u00f3 una enorme y comprensible repercusi\u00f3n social en todo el mundo, el <a href=\"http:\/\/www.coaa.ad\/\" target=\"_blank\" rel=\"noopener\">Colegio Oficial de Arquitectos de Andorra<\/a> celebr\u00f3 el pasado 25 de abril la conferencia \u201c<strong>Seguridad contra incendios en estructuras de madera<\/strong>\u201d, la cual imparti\u00f3 <strong>el arquitecto Jorge Blasco<\/strong>, vocal del \u00c1rea T\u00e9cnica de la Junta de la Associaci\u00f3 de Consultors d\u2019Estructures y experto en el uso de la madera como material constructivo.<!--more--><\/p>\n<p style=\"text-align: justify;\">\u201c<em>En todos los incendios que se producen normalmente no hay una gran proporci\u00f3n de madera<\/em>\u201d, asegur\u00f3 Blasco en la cita, donde defendi\u00f3 el uso estructural de la madera en la construcci\u00f3n y <strong>anim\u00f3 a que se dejen atr\u00e1s los cl\u00e1sicos prejuicios que genera este material por su combustibilidad<\/strong>: \u201c<em>la madera est\u00e1 estigmatizada<\/em>\u201d.<\/p>\n<p style=\"text-align: justify;\">El incendio de la catedral de Notre-Dame no ayuda a generar confianza, aunque \u201c<em>podr\u00edamos hablar de muchos otros edificios construidos con otros materiales que se han quemado y que han causado un impacto social. <strong>En este caso se ha remarcado que se ha quemado la parte de madera, pero en otros casos no se dice que se ha quemado cualquier otro material<\/strong><\/em>\u201d, afirm\u00f3 Blasco al respecto.<\/p>\n<p style=\"text-align: justify;\">Experto en la construcci\u00f3n con madera, Blasco, recientemente galardonado en la categor\u00eda de Investigaci\u00f3n y Desarrollo con el <a href=\"https:\/\/aceweb.cat\/es\/noticias\/el-gremi-fusta-i-moble-lliura-els-premis-anells-de-fusta-2019-amb-el-jorge-blasco-soci-numerari-de-lace-entre-els-guardonats\/\" target=\"_blank\" rel=\"noopener\">Premio Anells de Fusta 2019 del GREMI FUSTA I MOBLE<\/a>, se\u00f1al\u00f3 a los m\u00e1s de 30 asistentes a la conferencia que <strong>la mayor\u00eda de incendios tienen origen en la parte el\u00e9ctrica<\/strong> y asegur\u00f3 que <strong>se est\u00e1 viviendo un boom en la utilizaci\u00f3n de estructuras hechas con madera<\/strong>, ya que garantizan condiciones suficientes de seguridad en caso de incendio si se trabaja con conocimiento.<\/p>\n<h3 style=\"text-align: justify;\">Entrevista en el Diari d\u2019Andorra<\/h3>\n<p style=\"text-align: justify;\">Pod\u00e9is ver m\u00e1s sobre la participaci\u00f3n de Jorge Blasco en el v\u00eddeo que hay a continuaci\u00f3n.<\/p>\n<p style=\"text-align: center;\"><iframe loading=\"lazy\" src=\"https:\/\/www.andorradifusio.ad\/noticies\/construccio-fusta-viu-boo-sinistres-notre?filevideo=compartirvideortva\" width=\"655\" height=\"395\" frameborder=\"0\" allowfullscreen=\"allowfullscreen\"><\/iframe><\/p>\n<p style=\"text-align: justify;\">Del mismo modo, el <a href=\"https:\/\/www.diariandorra.ad\/\" target=\"_blank\" rel=\"noopener\">Diari d\u2019Andorra<\/a> public\u00f3 el pasado viernes 25 de abril una entrevista al arquitecto, donde habla de la <strong>reticencia a construir con madera<\/strong>, de las ventajas que ofrece \u00e9sta como material constructivo y del episodio vivido en Notre-Dame. <a href=\"https:\/\/aceweb.cat\/wp-content\/uploads\/2019\/05\/entrevista-jorge-blasco-diari-andorra.pdf\" target=\"_blank\" rel=\"noopener\">Pod\u00e9is descargar la entrevista a Jorge Blasco aqu\u00ed<\/a>.<\/p>\n<p style=\"text-align: justify;\"><a href=\"https:\/\/aceweb.cat\/wp-content\/uploads\/2019\/05\/entrevista-jorge-blasco-diari-andorra.pdf\" target=\"_blank\" rel=\"noopener\"><img loading=\"lazy\" decoding=\"async\" class=\"size-full wp-image-7664 aligncenter\" src=\"https:\/\/aceweb.cat\/wp-content\/uploads\/2019\/05\/entrevista-jorge-blasco-diari-andorra-post.jpg\" alt=\"\" width=\"630\" height=\"473\" \/><\/a><\/p>\n","protected":false},"excerpt":{"rendered":"<p>\u201cEl fuego es una situaci\u00f3n ambiental que se puede dar tanto en madera como en otro material. Lo que debe hacerse es seguir la normativa de seguridad\u201d La catedral de Notre-Dame de Par\u00eds viv\u00eda su episodio m\u00e1s tr\u00e1gico la tarde del pasado 15 de abril, cuando un virulento fuego se iniciaba en el que es &hellip;<\/p>\n<p class=\"read-more\"> <a class=\"\" href=\"https:\/\/aceweb.cat\/es\/noticias\/el-arquitecto-jorge-blasco-de-la-ace-defiende-el-uso-de-la-madera-como-material-constructivo-estructural-en-una-conferencia-del-colegio-de-arquitectos-de-andorra\/\"> <span class=\"screen-reader-text\">El arquitecto Jorge Blasco, de la ACE, defiende el uso de la madera como material constructivo estructural en una conferencia del Colegio de Arquitectos de Andorra<\/span> Leer m\u00e1s &raquo;<\/a><\/p>\n","protected":false},"author":79,"featured_media":622,"comment_status":"open","ping_status":"open","sticky":false,"template":"","format":"standard","meta":{"_acf_changed":false,"site-sidebar-layout":"default","site-content-layout":"default","ast-global-header-display":"","ast-main-header-display":"","ast-hfb-above-header-display":"","ast-hfb-below-header-display":"","ast-hfb-mobile-header-display":"","site-post-title":"","ast-breadcrumbs-content":"","ast-featured-img":"","footer-sml-layout":"","theme-transparent-header-meta":"","adv-header-id-meta":"","stick-header-meta":"","header-above-stick-meta":"","header-main-stick-meta":"","header-below-stick-meta":"","footnotes":""},"categories":[380],"tags":[],"class_list":["post-1908","post","type-post","status-publish","format-standard","has-post-thumbnail","hentry","category-noticias"],"acf":[],"yoast_head":"<!-- This site is optimized with the Yoast SEO plugin v27.1.1 - https:\/\/yoast.com\/product\/yoast-seo-wordpress\/ -->\n<title>El arquitecto Jorge Blasco, de la ACE, defiende el uso de la madera como material constructivo estructural en una conferencia del Colegio de Arquitectos de Andorra | ACE<\/title>\n<meta name=\"robots\" content=\"index, follow, max-snippet:-1, max-image-preview:large, max-video-preview:-1\" \/>\n<link rel=\"canonical\" href=\"https:\/\/aceweb.cat\/es\/noticias\/el-arquitecto-jorge-blasco-de-la-ace-defiende-el-uso-de-la-madera-como-material-constructivo-estructural-en-una-conferencia-del-colegio-de-arquitectos-de-andorra\/\" \/>\n<meta property=\"og:locale\" content=\"es_ES\" \/>\n<meta property=\"og:type\" content=\"article\" \/>\n<meta property=\"og:title\" content=\"El arquitecto Jorge Blasco, de la ACE, defiende el uso de la madera como material constructivo estructural en una conferencia del Colegio de Arquitectos de Andorra | ACE\" \/>\n<meta property=\"og:description\" content=\"\u201cEl fuego es una situaci\u00f3n ambiental que se puede dar tanto en madera como en otro material. Lo que debe hacerse es seguir la normativa de seguridad\u201d La catedral de Notre-Dame de Par\u00eds viv\u00eda su episodio m\u00e1s tr\u00e1gico la tarde del pasado 15 de abril, cuando un virulento fuego se iniciaba en el que es &hellip; El arquitecto Jorge Blasco, de la ACE, defiende el uso de la madera como material constructivo estructural en una conferencia del Colegio de Arquitectos de Andorra Leer m\u00e1s &raquo;\" \/>\n<meta property=\"og:url\" content=\"https:\/\/aceweb.cat\/es\/noticias\/el-arquitecto-jorge-blasco-de-la-ace-defiende-el-uso-de-la-madera-como-material-constructivo-estructural-en-una-conferencia-del-colegio-de-arquitectos-de-andorra\/\" \/>\n<meta property=\"og:site_name\" content=\"aceweb.cat\" \/>\n<meta property=\"article:published_time\" content=\"2019-04-29T14:27:23+00:00\" \/>\n<meta property=\"og:image\" content=\"https:\/\/aceweb.cat\/wp-content\/uploads\/2022\/06\/jorge-blasco-coaa-abril19-post.jpg\" \/>\n\t<meta property=\"og:image:width\" content=\"630\" \/>\n\t<meta property=\"og:image:height\" content=\"340\" \/>\n\t<meta property=\"og:image:type\" content=\"image\/jpeg\" \/>\n<meta name=\"author\" content=\"Cesc - ACE\" \/>\n<meta name=\"twitter:card\" content=\"summary_large_image\" \/>\n<meta name=\"twitter:label1\" content=\"Escrito por\" \/>\n\t<meta name=\"twitter:data1\" content=\"Cesc - ACE\" \/>\n\t<meta name=\"twitter:label2\" content=\"Tiempo de lectura\" \/>\n\t<meta name=\"twitter:data2\" content=\"2 minutos\" \/>\n<script type=\"application\/ld+json\" class=\"yoast-schema-graph\">{\"@context\":\"https:\/\/schema.org\",\"@graph\":[{\"@type\":\"Article\",\"@id\":\"https:\/\/aceweb.cat\/es\/noticias\/el-arquitecto-jorge-blasco-de-la-ace-defiende-el-uso-de-la-madera-como-material-constructivo-estructural-en-una-conferencia-del-colegio-de-arquitectos-de-andorra\/#article\",\"isPartOf\":{\"@id\":\"https:\/\/aceweb.cat\/es\/noticias\/el-arquitecto-jorge-blasco-de-la-ace-defiende-el-uso-de-la-madera-como-material-constructivo-estructural-en-una-conferencia-del-colegio-de-arquitectos-de-andorra\/\"},\"author\":{\"name\":\"Cesc - ACE\",\"@id\":\"https:\/\/aceweb.cat\/#\/schema\/person\/ab0d120a33b1679881ded6f1ff2a33f9\"},\"headline\":\"El arquitecto Jorge Blasco, de la ACE, defiende el uso de la madera como material constructivo estructural en una conferencia del Colegio de Arquitectos de Andorra\",\"datePublished\":\"2019-04-29T14:27:23+00:00\",\"mainEntityOfPage\":{\"@id\":\"https:\/\/aceweb.cat\/es\/noticias\/el-arquitecto-jorge-blasco-de-la-ace-defiende-el-uso-de-la-madera-como-material-constructivo-estructural-en-una-conferencia-del-colegio-de-arquitectos-de-andorra\/\"},\"wordCount\":475,\"commentCount\":0,\"publisher\":{\"@id\":\"https:\/\/aceweb.cat\/#organization\"},\"image\":{\"@id\":\"https:\/\/aceweb.cat\/es\/noticias\/el-arquitecto-jorge-blasco-de-la-ace-defiende-el-uso-de-la-madera-como-material-constructivo-estructural-en-una-conferencia-del-colegio-de-arquitectos-de-andorra\/#primaryimage\"},\"thumbnailUrl\":\"https:\/\/aceweb.cat\/wp-content\/uploads\/2022\/06\/jorge-blasco-coaa-abril19-post.jpg\",\"articleSection\":[\"Noticias\"],\"inLanguage\":\"es\",\"potentialAction\":[{\"@type\":\"CommentAction\",\"name\":\"Comment\",\"target\":[\"https:\/\/aceweb.cat\/es\/noticias\/el-arquitecto-jorge-blasco-de-la-ace-defiende-el-uso-de-la-madera-como-material-constructivo-estructural-en-una-conferencia-del-colegio-de-arquitectos-de-andorra\/#respond\"]}]},{\"@type\":\"WebPage\",\"@id\":\"https:\/\/aceweb.cat\/es\/noticias\/el-arquitecto-jorge-blasco-de-la-ace-defiende-el-uso-de-la-madera-como-material-constructivo-estructural-en-una-conferencia-del-colegio-de-arquitectos-de-andorra\/\",\"url\":\"https:\/\/aceweb.cat\/es\/noticias\/el-arquitecto-jorge-blasco-de-la-ace-defiende-el-uso-de-la-madera-como-material-constructivo-estructural-en-una-conferencia-del-colegio-de-arquitectos-de-andorra\/\",\"name\":\"El arquitecto Jorge Blasco, de la ACE, defiende el uso de la madera como material constructivo estructural en una conferencia del Colegio de Arquitectos de Andorra | ACE\",\"isPartOf\":{\"@id\":\"https:\/\/aceweb.cat\/#website\"},\"primaryImageOfPage\":{\"@id\":\"https:\/\/aceweb.cat\/es\/noticias\/el-arquitecto-jorge-blasco-de-la-ace-defiende-el-uso-de-la-madera-como-material-constructivo-estructural-en-una-conferencia-del-colegio-de-arquitectos-de-andorra\/#primaryimage\"},\"image\":{\"@id\":\"https:\/\/aceweb.cat\/es\/noticias\/el-arquitecto-jorge-blasco-de-la-ace-defiende-el-uso-de-la-madera-como-material-constructivo-estructural-en-una-conferencia-del-colegio-de-arquitectos-de-andorra\/#primaryimage\"},\"thumbnailUrl\":\"https:\/\/aceweb.cat\/wp-content\/uploads\/2022\/06\/jorge-blasco-coaa-abril19-post.jpg\",\"datePublished\":\"2019-04-29T14:27:23+00:00\",\"breadcrumb\":{\"@id\":\"https:\/\/aceweb.cat\/es\/noticias\/el-arquitecto-jorge-blasco-de-la-ace-defiende-el-uso-de-la-madera-como-material-constructivo-estructural-en-una-conferencia-del-colegio-de-arquitectos-de-andorra\/#breadcrumb\"},\"inLanguage\":\"es\",\"potentialAction\":[{\"@type\":\"ReadAction\",\"target\":[\"https:\/\/aceweb.cat\/es\/noticias\/el-arquitecto-jorge-blasco-de-la-ace-defiende-el-uso-de-la-madera-como-material-constructivo-estructural-en-una-conferencia-del-colegio-de-arquitectos-de-andorra\/\"]}]},{\"@type\":\"ImageObject\",\"inLanguage\":\"es\",\"@id\":\"https:\/\/aceweb.cat\/es\/noticias\/el-arquitecto-jorge-blasco-de-la-ace-defiende-el-uso-de-la-madera-como-material-constructivo-estructural-en-una-conferencia-del-colegio-de-arquitectos-de-andorra\/#primaryimage\",\"url\":\"https:\/\/aceweb.cat\/wp-content\/uploads\/2022\/06\/jorge-blasco-coaa-abril19-post.jpg\",\"contentUrl\":\"https:\/\/aceweb.cat\/wp-content\/uploads\/2022\/06\/jorge-blasco-coaa-abril19-post.jpg\",\"width\":630,\"height\":340},{\"@type\":\"BreadcrumbList\",\"@id\":\"https:\/\/aceweb.cat\/es\/noticias\/el-arquitecto-jorge-blasco-de-la-ace-defiende-el-uso-de-la-madera-como-material-constructivo-estructural-en-una-conferencia-del-colegio-de-arquitectos-de-andorra\/#breadcrumb\",\"itemListElement\":[{\"@type\":\"ListItem\",\"position\":1,\"name\":\"Inici\",\"item\":\"https:\/\/aceweb.cat\/\"},{\"@type\":\"ListItem\",\"position\":2,\"name\":\"Noticias\",\"item\":\"https:\/\/aceweb.cat\/es\/categoria\/noticias\/\"},{\"@type\":\"ListItem\",\"position\":3,\"name\":\"El arquitecto Jorge Blasco, de la ACE, defiende el uso de la madera como material constructivo estructural en una conferencia del Colegio de Arquitectos de Andorra\"}]},{\"@type\":\"WebSite\",\"@id\":\"https:\/\/aceweb.cat\/#website\",\"url\":\"https:\/\/aceweb.cat\/\",\"name\":\"ACE\",\"description\":\"Associaci\u00f3 de Consultors d&#039;Estructures | ACE\",\"publisher\":{\"@id\":\"https:\/\/aceweb.cat\/#organization\"},\"alternateName\":\"ACE\",\"potentialAction\":[{\"@type\":\"SearchAction\",\"target\":{\"@type\":\"EntryPoint\",\"urlTemplate\":\"https:\/\/aceweb.cat\/?s={search_term_string}\"},\"query-input\":{\"@type\":\"PropertyValueSpecification\",\"valueRequired\":true,\"valueName\":\"search_term_string\"}}],\"inLanguage\":\"es\"},{\"@type\":\"Organization\",\"@id\":\"https:\/\/aceweb.cat\/#organization\",\"name\":\"ACE\",\"alternateName\":\"ACE\",\"url\":\"https:\/\/aceweb.cat\/\",\"logo\":{\"@type\":\"ImageObject\",\"inLanguage\":\"es\",\"@id\":\"https:\/\/aceweb.cat\/#\/schema\/logo\/image\/\",\"url\":\"https:\/\/aceweb.cat\/wp-content\/uploads\/2022\/10\/logo.svg\",\"contentUrl\":\"https:\/\/aceweb.cat\/wp-content\/uploads\/2022\/10\/logo.svg\",\"width\":1,\"height\":1,\"caption\":\"ACE\"},\"image\":{\"@id\":\"https:\/\/aceweb.cat\/#\/schema\/logo\/image\/\"}},{\"@type\":\"Person\",\"@id\":\"https:\/\/aceweb.cat\/#\/schema\/person\/ab0d120a33b1679881ded6f1ff2a33f9\",\"name\":\"Cesc - ACE\",\"image\":{\"@type\":\"ImageObject\",\"inLanguage\":\"es\",\"@id\":\"https:\/\/aceweb.cat\/#\/schema\/person\/image\/\",\"url\":\"https:\/\/secure.gravatar.com\/avatar\/ae0086a3df465865c31ac81fa28e01786dcb9b6ced64f982cc55a6543588fda2?s=96&d=mm&r=g\",\"contentUrl\":\"https:\/\/secure.gravatar.com\/avatar\/ae0086a3df465865c31ac81fa28e01786dcb9b6ced64f982cc55a6543588fda2?s=96&d=mm&r=g\",\"caption\":\"Cesc - ACE\"},\"url\":\"https:\/\/aceweb.cat\/es\/author\/ed1t0r-ac3\/\"}]}<\/script>\n<!-- \/ Yoast SEO plugin. -->","yoast_head_json":{"title":"El arquitecto Jorge Blasco, de la ACE, defiende el uso de la madera como material constructivo estructural en una conferencia del Colegio de Arquitectos de Andorra | ACE","robots":{"index":"index","follow":"follow","max-snippet":"max-snippet:-1","max-image-preview":"max-image-preview:large","max-video-preview":"max-video-preview:-1"},"canonical":"https:\/\/aceweb.cat\/es\/noticias\/el-arquitecto-jorge-blasco-de-la-ace-defiende-el-uso-de-la-madera-como-material-constructivo-estructural-en-una-conferencia-del-colegio-de-arquitectos-de-andorra\/","og_locale":"es_ES","og_type":"article","og_title":"El arquitecto Jorge Blasco, de la ACE, defiende el uso de la madera como material constructivo estructural en una conferencia del Colegio de Arquitectos de Andorra | ACE","og_description":"\u201cEl fuego es una situaci\u00f3n ambiental que se puede dar tanto en madera como en otro material. Lo que debe hacerse es seguir la normativa de seguridad\u201d La catedral de Notre-Dame de Par\u00eds viv\u00eda su episodio m\u00e1s tr\u00e1gico la tarde del pasado 15 de abril, cuando un virulento fuego se iniciaba en el que es &hellip; El arquitecto Jorge Blasco, de la ACE, defiende el uso de la madera como material constructivo estructural en una conferencia del Colegio de Arquitectos de Andorra Leer m\u00e1s &raquo;","og_url":"https:\/\/aceweb.cat\/es\/noticias\/el-arquitecto-jorge-blasco-de-la-ace-defiende-el-uso-de-la-madera-como-material-constructivo-estructural-en-una-conferencia-del-colegio-de-arquitectos-de-andorra\/","og_site_name":"aceweb.cat","article_published_time":"2019-04-29T14:27:23+00:00","og_image":[{"width":630,"height":340,"url":"https:\/\/aceweb.cat\/wp-content\/uploads\/2022\/06\/jorge-blasco-coaa-abril19-post.jpg","type":"image\/jpeg"}],"author":"Cesc - ACE","twitter_card":"summary_large_image","twitter_misc":{"Escrito por":"Cesc - ACE","Tiempo de lectura":"2 minutos"},"schema":{"@context":"https:\/\/schema.org","@graph":[{"@type":"Article","@id":"https:\/\/aceweb.cat\/es\/noticias\/el-arquitecto-jorge-blasco-de-la-ace-defiende-el-uso-de-la-madera-como-material-constructivo-estructural-en-una-conferencia-del-colegio-de-arquitectos-de-andorra\/#article","isPartOf":{"@id":"https:\/\/aceweb.cat\/es\/noticias\/el-arquitecto-jorge-blasco-de-la-ace-defiende-el-uso-de-la-madera-como-material-constructivo-estructural-en-una-conferencia-del-colegio-de-arquitectos-de-andorra\/"},"author":{"name":"Cesc - ACE","@id":"https:\/\/aceweb.cat\/#\/schema\/person\/ab0d120a33b1679881ded6f1ff2a33f9"},"headline":"El arquitecto Jorge Blasco, de la ACE, defiende el uso de la madera como material constructivo estructural en una conferencia del Colegio de Arquitectos de Andorra","datePublished":"2019-04-29T14:27:23+00:00","mainEntityOfPage":{"@id":"https:\/\/aceweb.cat\/es\/noticias\/el-arquitecto-jorge-blasco-de-la-ace-defiende-el-uso-de-la-madera-como-material-constructivo-estructural-en-una-conferencia-del-colegio-de-arquitectos-de-andorra\/"},"wordCount":475,"commentCount":0,"publisher":{"@id":"https:\/\/aceweb.cat\/#organization"},"image":{"@id":"https:\/\/aceweb.cat\/es\/noticias\/el-arquitecto-jorge-blasco-de-la-ace-defiende-el-uso-de-la-madera-como-material-constructivo-estructural-en-una-conferencia-del-colegio-de-arquitectos-de-andorra\/#primaryimage"},"thumbnailUrl":"https:\/\/aceweb.cat\/wp-content\/uploads\/2022\/06\/jorge-blasco-coaa-abril19-post.jpg","articleSection":["Noticias"],"inLanguage":"es","potentialAction":[{"@type":"CommentAction","name":"Comment","target":["https:\/\/aceweb.cat\/es\/noticias\/el-arquitecto-jorge-blasco-de-la-ace-defiende-el-uso-de-la-madera-como-material-constructivo-estructural-en-una-conferencia-del-colegio-de-arquitectos-de-andorra\/#respond"]}]},{"@type":"WebPage","@id":"https:\/\/aceweb.cat\/es\/noticias\/el-arquitecto-jorge-blasco-de-la-ace-defiende-el-uso-de-la-madera-como-material-constructivo-estructural-en-una-conferencia-del-colegio-de-arquitectos-de-andorra\/","url":"https:\/\/aceweb.cat\/es\/noticias\/el-arquitecto-jorge-blasco-de-la-ace-defiende-el-uso-de-la-madera-como-material-constructivo-estructural-en-una-conferencia-del-colegio-de-arquitectos-de-andorra\/","name":"El arquitecto Jorge Blasco, de la ACE, defiende el uso de la madera como material constructivo estructural en una conferencia del Colegio de Arquitectos de Andorra | ACE","isPartOf":{"@id":"https:\/\/aceweb.cat\/#website"},"primaryImageOfPage":{"@id":"https:\/\/aceweb.cat\/es\/noticias\/el-arquitecto-jorge-blasco-de-la-ace-defiende-el-uso-de-la-madera-como-material-constructivo-estructural-en-una-conferencia-del-colegio-de-arquitectos-de-andorra\/#primaryimage"},"image":{"@id":"https:\/\/aceweb.cat\/es\/noticias\/el-arquitecto-jorge-blasco-de-la-ace-defiende-el-uso-de-la-madera-como-material-constructivo-estructural-en-una-conferencia-del-colegio-de-arquitectos-de-andorra\/#primaryimage"},"thumbnailUrl":"https:\/\/aceweb.cat\/wp-content\/uploads\/2022\/06\/jorge-blasco-coaa-abril19-post.jpg","datePublished":"2019-04-29T14:27:23+00:00","breadcrumb":{"@id":"https:\/\/aceweb.cat\/es\/noticias\/el-arquitecto-jorge-blasco-de-la-ace-defiende-el-uso-de-la-madera-como-material-constructivo-estructural-en-una-conferencia-del-colegio-de-arquitectos-de-andorra\/#breadcrumb"},"inLanguage":"es","potentialAction":[{"@type":"ReadAction","target":["https:\/\/aceweb.cat\/es\/noticias\/el-arquitecto-jorge-blasco-de-la-ace-defiende-el-uso-de-la-madera-como-material-constructivo-estructural-en-una-conferencia-del-colegio-de-arquitectos-de-andorra\/"]}]},{"@type":"ImageObject","inLanguage":"es","@id":"https:\/\/aceweb.cat\/es\/noticias\/el-arquitecto-jorge-blasco-de-la-ace-defiende-el-uso-de-la-madera-como-material-constructivo-estructural-en-una-conferencia-del-colegio-de-arquitectos-de-andorra\/#primaryimage","url":"https:\/\/aceweb.cat\/wp-content\/uploads\/2022\/06\/jorge-blasco-coaa-abril19-post.jpg","contentUrl":"https:\/\/aceweb.cat\/wp-content\/uploads\/2022\/06\/jorge-blasco-coaa-abril19-post.jpg","width":630,"height":340},{"@type":"BreadcrumbList","@id":"https:\/\/aceweb.cat\/es\/noticias\/el-arquitecto-jorge-blasco-de-la-ace-defiende-el-uso-de-la-madera-como-material-constructivo-estructural-en-una-conferencia-del-colegio-de-arquitectos-de-andorra\/#breadcrumb","itemListElement":[{"@type":"ListItem","position":1,"name":"Inici","item":"https:\/\/aceweb.cat\/"},{"@type":"ListItem","position":2,"name":"Noticias","item":"https:\/\/aceweb.cat\/es\/categoria\/noticias\/"},{"@type":"ListItem","position":3,"name":"El arquitecto Jorge Blasco, de la ACE, defiende el uso de la madera como material constructivo estructural en una conferencia del Colegio de Arquitectos de Andorra"}]},{"@type":"WebSite","@id":"https:\/\/aceweb.cat\/#website","url":"https:\/\/aceweb.cat\/","name":"ACE","description":"Associaci\u00f3 de Consultors d&#039;Estructures | ACE","publisher":{"@id":"https:\/\/aceweb.cat\/#organization"},"alternateName":"ACE","potentialAction":[{"@type":"SearchAction","target":{"@type":"EntryPoint","urlTemplate":"https:\/\/aceweb.cat\/?s={search_term_string}"},"query-input":{"@type":"PropertyValueSpecification","valueRequired":true,"valueName":"search_term_string"}}],"inLanguage":"es"},{"@type":"Organization","@id":"https:\/\/aceweb.cat\/#organization","name":"ACE","alternateName":"ACE","url":"https:\/\/aceweb.cat\/","logo":{"@type":"ImageObject","inLanguage":"es","@id":"https:\/\/aceweb.cat\/#\/schema\/logo\/image\/","url":"https:\/\/aceweb.cat\/wp-content\/uploads\/2022\/10\/logo.svg","contentUrl":"https:\/\/aceweb.cat\/wp-content\/uploads\/2022\/10\/logo.svg","width":1,"height":1,"caption":"ACE"},"image":{"@id":"https:\/\/aceweb.cat\/#\/schema\/logo\/image\/"}},{"@type":"Person","@id":"https:\/\/aceweb.cat\/#\/schema\/person\/ab0d120a33b1679881ded6f1ff2a33f9","name":"Cesc - ACE","image":{"@type":"ImageObject","inLanguage":"es","@id":"https:\/\/aceweb.cat\/#\/schema\/person\/image\/","url":"https:\/\/secure.gravatar.com\/avatar\/ae0086a3df465865c31ac81fa28e01786dcb9b6ced64f982cc55a6543588fda2?s=96&d=mm&r=g","contentUrl":"https:\/\/secure.gravatar.com\/avatar\/ae0086a3df465865c31ac81fa28e01786dcb9b6ced64f982cc55a6543588fda2?s=96&d=mm&r=g","caption":"Cesc - ACE"},"url":"https:\/\/aceweb.cat\/es\/author\/ed1t0r-ac3\/"}]}},"_links":{"self":[{"href":"https:\/\/aceweb.cat\/es\/wp-json\/wp\/v2\/posts\/1908","targetHints":{"allow":["GET"]}}],"collection":[{"href":"https:\/\/aceweb.cat\/es\/wp-json\/wp\/v2\/posts"}],"about":[{"href":"https:\/\/aceweb.cat\/es\/wp-json\/wp\/v2\/types\/post"}],"author":[{"embeddable":true,"href":"https:\/\/aceweb.cat\/es\/wp-json\/wp\/v2\/users\/79"}],"replies":[{"embeddable":true,"href":"https:\/\/aceweb.cat\/es\/wp-json\/wp\/v2\/comments?post=1908"}],"version-history":[{"count":0,"href":"https:\/\/aceweb.cat\/es\/wp-json\/wp\/v2\/posts\/1908\/revisions"}],"wp:featuredmedia":[{"embeddable":true,"href":"https:\/\/aceweb.cat\/es\/wp-json\/wp\/v2\/media\/622"}],"wp:attachment":[{"href":"https:\/\/aceweb.cat\/es\/wp-json\/wp\/v2\/media?parent=1908"}],"wp:term":[{"taxonomy":"category","embeddable":true,"href":"https:\/\/aceweb.cat\/es\/wp-json\/wp\/v2\/categories?post=1908"},{"taxonomy":"post_tag","embeddable":true,"href":"https:\/\/aceweb.cat\/es\/wp-json\/wp\/v2\/tags?post=1908"}],"curies":[{"name":"wp","href":"https:\/\/api.w.org\/{rel}","templated":true}]}}