{"id":2050,"date":"2022-05-11T12:02:20","date_gmt":"2022-05-11T12:02:20","guid":{"rendered":"https:\/\/www.aceweb.advertis.es\/2022\/05\/11\/ses-steel-embed-system-forjado-preindustrializado\/"},"modified":"2024-01-29T16:21:16","modified_gmt":"2024-01-29T16:21:16","slug":"ses-steel-embed-system-forjado-preindustrializado","status":"publish","type":"post","link":"https:\/\/aceweb.cat\/es\/formacion\/jornadas\/dijous-a-lace-es\/ses-steel-embed-system-forjado-preindustrializado\/","title":{"rendered":"Sesi\u00f3n Dijous a l&#8217;ACE: SES Steel Embed System &#8211; Forjado preindustrializado"},"content":{"rendered":"<div class=\"video-responsive\"><iframe loading=\"lazy\" title=\"YouTube video player\" src=\"https:\/\/www.youtube.com\/embed\/tD7euT4iC3A\" width=\"560\" height=\"315\" frameborder=\"0\" allowfullscreen=\"allowfullscreen\"><span data-mce-type=\"bookmark\" style=\"display: inline-block; width: 0px; overflow: hidden; line-height: 0;\" class=\"mce_SELRES_start\">\ufeff<\/span><span data-mce-type=\"bookmark\" style=\"display: inline-block; width: 0px; overflow: hidden; line-height: 0;\" class=\"mce_SELRES_start\">\ufeff<\/span><\/iframe><\/div>\n<div class=\"seccion contenido\">Joan Francesc Garc\u00eda Beltr\u00e1n presenta el SES Steel Embed System &#8211; Forjado preindustrializado.<\/div>\n<p>Sistema integrado de forjados. Constituye una soluci\u00f3n de forjados de alt\u00edsima calidad y prestaciones, resistente al fuego, de f\u00e1cil puesta en obra y rapidez de ejecuci\u00f3n. Competente econ\u00f3micamente y sostenible.<\/p>\n<p>Ponencia:<\/p>\n<p>\u00ab<strong>S<\/strong><strong>ES Steel Embed System &#8211; Forjado preindustrializado<\/strong>\u00bb<\/p>\n<div class=\"marco\">\n<div class=\"info ponencia\">\n<p class=\"txt\">D\u00eda:\u00a0 <strong>26 de mayo de 2022<\/strong><\/p>\n<\/div>\n<div class=\"dia ponencia\">\n<p class=\"tit\">Horario: de <strong>19:00 a 20:00 h<\/strong><\/p>\n<p class=\"tit\">Formato: <strong>Presencial y on line<\/strong><\/p>\n<\/div>\n<div class=\"dia ponencia\">\n<p class=\"tit\">Lugar: <strong>Aula M\u00e1ster, calle Jordi Girona, 1-3 Edificio A3 (formato presencial)<\/strong><\/p>\n<p class=\"tit\">Idioma:\u00a0<strong>Castellano<\/strong><\/p>\n<\/div>\n<div class=\"dia ponencia\">\n<p class=\"tit\">Inscripci\u00f3n:<\/p>\n<p class=\"txt\"><a title=\"INSCRIPCI\u00d3\" href=\"https:\/\/forms.gle\/GSW7epHJ7SBy9PVp9\" target=\"_blank\" rel=\"noopener noreferrer\">Formulario inscripci\u00f3n<\/a><\/p>\n<\/div>\n<div class=\"ponent ponencia\">\n<p class=\"tit\">Ponente:<\/p>\n<ul class=\"ponente-nombres\">\n<li><strong>JOAN FRANCESC GARC\u00cdA BELTR\u00c1N<\/strong><\/li>\n<\/ul>\n<p>Referencias comentadas durante la sesi\u00f3n:<\/p>\n<ul>\n<li><a href=\"https:\/\/www.youtube.com\/watch?v=NPKxRrGuG4g\"> Steel Embed System &#8211; Mixto + Seco<\/a><\/li>\n<li><a href=\"https:\/\/www.youtube.com\/watch?v=xTBe5_u3AQU\">SES Steel Embed System &#8211; Descripci\u00f3n t\u00e9cnica<\/a><\/li>\n<li><a href=\"https:\/\/aceweb.cat\/wp-content\/uploads\/2022\/05\/SES_SteelEmbedSystem_ACE_v02.pdf\">Presentaci\u00f3n de la sesi\u00f3n<\/a><\/li>\n<\/ul>\n<\/div>\n<\/div>\n","protected":false},"excerpt":{"rendered":"<p>\ufeff\ufeff Joan Francesc Garc\u00eda Beltr\u00e1n presenta el SES Steel Embed System &#8211; Forjado preindustrializado. Sistema integrado de forjados. Constituye una soluci\u00f3n de forjados de alt\u00edsima calidad y prestaciones, resistente al fuego, de f\u00e1cil puesta en obra y rapidez de ejecuci\u00f3n. Competente econ\u00f3micamente y sostenible. Ponencia: \u00abSES Steel Embed System &#8211; Forjado preindustrializado\u00bb D\u00eda:\u00a0 26 de &hellip;<\/p>\n<p class=\"read-more\"> <a class=\"\" href=\"https:\/\/aceweb.cat\/es\/formacion\/jornadas\/dijous-a-lace-es\/ses-steel-embed-system-forjado-preindustrializado\/\"> <span class=\"screen-reader-text\">Sesi\u00f3n Dijous a l&#8217;ACE: SES Steel Embed System &#8211; Forjado preindustrializado<\/span> Leer m\u00e1s &raquo;<\/a><\/p>\n","protected":false},"author":93,"featured_media":855,"comment_status":"open","ping_status":"open","sticky":false,"template":"","format":"standard","meta":{"_acf_changed":false,"site-sidebar-layout":"default","site-content-layout":"default","ast-global-header-display":"","ast-main-header-display":"","ast-hfb-above-header-display":"","ast-hfb-below-header-display":"","ast-hfb-mobile-header-display":"","site-post-title":"","ast-breadcrumbs-content":"","ast-featured-img":"","footer-sml-layout":"","theme-transparent-header-meta":"","adv-header-id-meta":"","stick-header-meta":"","header-above-stick-meta":"","header-main-stick-meta":"","header-below-stick-meta":"","footnotes":""},"categories":[374,375,377,380],"tags":[],"class_list":["post-2050","post","type-post","status-publish","format-standard","has-post-thumbnail","hentry","category-dijous-a-lace-es","category-formacion","category-jornadas","category-noticias"],"acf":[],"yoast_head":"<!-- This site is optimized with the Yoast SEO plugin v27.1.1 - https:\/\/yoast.com\/product\/yoast-seo-wordpress\/ -->\n<title>Sesi\u00f3n Dijous a l&#039;ACE: SES Steel Embed System - Forjado preindustrializado | ACE<\/title>\n<meta name=\"robots\" content=\"index, follow, max-snippet:-1, max-image-preview:large, max-video-preview:-1\" \/>\n<link rel=\"canonical\" href=\"https:\/\/aceweb.cat\/es\/formacion\/jornadas\/dijous-a-lace-es\/ses-steel-embed-system-forjado-preindustrializado\/\" \/>\n<meta property=\"og:locale\" content=\"es_ES\" \/>\n<meta property=\"og:type\" content=\"article\" \/>\n<meta property=\"og:title\" content=\"Sesi\u00f3n Dijous a l&#039;ACE: SES Steel Embed System - Forjado preindustrializado | ACE\" \/>\n<meta property=\"og:description\" content=\"\ufeff\ufeff Joan Francesc Garc\u00eda Beltr\u00e1n presenta el SES Steel Embed System &#8211; Forjado preindustrializado. Sistema integrado de forjados. Constituye una soluci\u00f3n de forjados de alt\u00edsima calidad y prestaciones, resistente al fuego, de f\u00e1cil puesta en obra y rapidez de ejecuci\u00f3n. Competente econ\u00f3micamente y sostenible. Ponencia: \u00abSES Steel Embed System &#8211; Forjado preindustrializado\u00bb D\u00eda:\u00a0 26 de &hellip; Sesi\u00f3n Dijous a l&#8217;ACE: SES Steel Embed System &#8211; Forjado preindustrializado Leer m\u00e1s &raquo;\" \/>\n<meta property=\"og:url\" content=\"https:\/\/aceweb.cat\/es\/formacion\/jornadas\/dijous-a-lace-es\/ses-steel-embed-system-forjado-preindustrializado\/\" \/>\n<meta property=\"og:site_name\" content=\"aceweb.cat\" \/>\n<meta property=\"article:published_time\" content=\"2022-05-11T12:02:20+00:00\" \/>\n<meta property=\"article:modified_time\" content=\"2024-01-29T16:21:16+00:00\" \/>\n<meta property=\"og:image\" content=\"https:\/\/aceweb.cat\/wp-content\/uploads\/2022\/06\/SES-Triptic_Page_1.jpeg\" \/>\n\t<meta property=\"og:image:width\" content=\"2339\" \/>\n\t<meta property=\"og:image:height\" content=\"1654\" \/>\n\t<meta property=\"og:image:type\" content=\"image\/jpeg\" \/>\n<meta name=\"author\" content=\"Merc\u00e8 Sierra\" \/>\n<meta name=\"twitter:card\" content=\"summary_large_image\" \/>\n<meta name=\"twitter:label1\" content=\"Escrito por\" \/>\n\t<meta name=\"twitter:data1\" content=\"Merc\u00e8 Sierra\" \/>\n\t<meta name=\"twitter:label2\" content=\"Tiempo de lectura\" \/>\n\t<meta name=\"twitter:data2\" content=\"1 minuto\" \/>\n<script type=\"application\/ld+json\" class=\"yoast-schema-graph\">{\"@context\":\"https:\/\/schema.org\",\"@graph\":[{\"@type\":\"Article\",\"@id\":\"https:\/\/aceweb.cat\/es\/formacion\/jornadas\/dijous-a-lace-es\/ses-steel-embed-system-forjado-preindustrializado\/#article\",\"isPartOf\":{\"@id\":\"https:\/\/aceweb.cat\/es\/formacion\/jornadas\/dijous-a-lace-es\/ses-steel-embed-system-forjado-preindustrializado\/\"},\"author\":{\"name\":\"Merc\u00e8 Sierra\",\"@id\":\"https:\/\/aceweb.cat\/#\/schema\/person\/a6b8893e55b089407baaac96e1014d92\"},\"headline\":\"Sesi\u00f3n Dijous a l&#8217;ACE: SES Steel Embed System &#8211; Forjado preindustrializado\",\"datePublished\":\"2022-05-11T12:02:20+00:00\",\"dateModified\":\"2024-01-29T16:21:16+00:00\",\"mainEntityOfPage\":{\"@id\":\"https:\/\/aceweb.cat\/es\/formacion\/jornadas\/dijous-a-lace-es\/ses-steel-embed-system-forjado-preindustrializado\/\"},\"wordCount\":139,\"commentCount\":0,\"publisher\":{\"@id\":\"https:\/\/aceweb.cat\/#organization\"},\"image\":{\"@id\":\"https:\/\/aceweb.cat\/es\/formacion\/jornadas\/dijous-a-lace-es\/ses-steel-embed-system-forjado-preindustrializado\/#primaryimage\"},\"thumbnailUrl\":\"https:\/\/aceweb.cat\/wp-content\/uploads\/2022\/06\/SES-Triptic_Page_1.jpeg\",\"articleSection\":[\"Dijous a l'ACE\",\"Formaci\u00f3n\",\"Jornadas\",\"Noticias\"],\"inLanguage\":\"es\",\"potentialAction\":[{\"@type\":\"CommentAction\",\"name\":\"Comment\",\"target\":[\"https:\/\/aceweb.cat\/es\/formacion\/jornadas\/dijous-a-lace-es\/ses-steel-embed-system-forjado-preindustrializado\/#respond\"]}]},{\"@type\":\"WebPage\",\"@id\":\"https:\/\/aceweb.cat\/es\/formacion\/jornadas\/dijous-a-lace-es\/ses-steel-embed-system-forjado-preindustrializado\/\",\"url\":\"https:\/\/aceweb.cat\/es\/formacion\/jornadas\/dijous-a-lace-es\/ses-steel-embed-system-forjado-preindustrializado\/\",\"name\":\"Sesi\u00f3n Dijous a l'ACE: SES Steel Embed System - Forjado preindustrializado | ACE\",\"isPartOf\":{\"@id\":\"https:\/\/aceweb.cat\/#website\"},\"primaryImageOfPage\":{\"@id\":\"https:\/\/aceweb.cat\/es\/formacion\/jornadas\/dijous-a-lace-es\/ses-steel-embed-system-forjado-preindustrializado\/#primaryimage\"},\"image\":{\"@id\":\"https:\/\/aceweb.cat\/es\/formacion\/jornadas\/dijous-a-lace-es\/ses-steel-embed-system-forjado-preindustrializado\/#primaryimage\"},\"thumbnailUrl\":\"https:\/\/aceweb.cat\/wp-content\/uploads\/2022\/06\/SES-Triptic_Page_1.jpeg\",\"datePublished\":\"2022-05-11T12:02:20+00:00\",\"dateModified\":\"2024-01-29T16:21:16+00:00\",\"breadcrumb\":{\"@id\":\"https:\/\/aceweb.cat\/es\/formacion\/jornadas\/dijous-a-lace-es\/ses-steel-embed-system-forjado-preindustrializado\/#breadcrumb\"},\"inLanguage\":\"es\",\"potentialAction\":[{\"@type\":\"ReadAction\",\"target\":[\"https:\/\/aceweb.cat\/es\/formacion\/jornadas\/dijous-a-lace-es\/ses-steel-embed-system-forjado-preindustrializado\/\"]}]},{\"@type\":\"ImageObject\",\"inLanguage\":\"es\",\"@id\":\"https:\/\/aceweb.cat\/es\/formacion\/jornadas\/dijous-a-lace-es\/ses-steel-embed-system-forjado-preindustrializado\/#primaryimage\",\"url\":\"https:\/\/aceweb.cat\/wp-content\/uploads\/2022\/06\/SES-Triptic_Page_1.jpeg\",\"contentUrl\":\"https:\/\/aceweb.cat\/wp-content\/uploads\/2022\/06\/SES-Triptic_Page_1.jpeg\",\"width\":2339,\"height\":1654},{\"@type\":\"BreadcrumbList\",\"@id\":\"https:\/\/aceweb.cat\/es\/formacion\/jornadas\/dijous-a-lace-es\/ses-steel-embed-system-forjado-preindustrializado\/#breadcrumb\",\"itemListElement\":[{\"@type\":\"ListItem\",\"position\":1,\"name\":\"Inici\",\"item\":\"https:\/\/aceweb.cat\/\"},{\"@type\":\"ListItem\",\"position\":2,\"name\":\"Formaci\u00f3n\",\"item\":\"https:\/\/aceweb.cat\/es\/categoria\/formacion\/\"},{\"@type\":\"ListItem\",\"position\":3,\"name\":\"Jornadas\",\"item\":\"https:\/\/aceweb.cat\/es\/categoria\/formacion\/jornadas\/\"},{\"@type\":\"ListItem\",\"position\":4,\"name\":\"Dijous a l'ACE\",\"item\":\"https:\/\/aceweb.cat\/es\/categoria\/formacion\/jornadas\/dijous-a-lace-es\/\"},{\"@type\":\"ListItem\",\"position\":5,\"name\":\"Sesi\u00f3n Dijous a l&#8217;ACE: SES Steel Embed System &#8211; Forjado preindustrializado\"}]},{\"@type\":\"WebSite\",\"@id\":\"https:\/\/aceweb.cat\/#website\",\"url\":\"https:\/\/aceweb.cat\/\",\"name\":\"ACE\",\"description\":\"Associaci\u00f3 de Consultors d&#039;Estructures | ACE\",\"publisher\":{\"@id\":\"https:\/\/aceweb.cat\/#organization\"},\"alternateName\":\"ACE\",\"potentialAction\":[{\"@type\":\"SearchAction\",\"target\":{\"@type\":\"EntryPoint\",\"urlTemplate\":\"https:\/\/aceweb.cat\/?s={search_term_string}\"},\"query-input\":{\"@type\":\"PropertyValueSpecification\",\"valueRequired\":true,\"valueName\":\"search_term_string\"}}],\"inLanguage\":\"es\"},{\"@type\":\"Organization\",\"@id\":\"https:\/\/aceweb.cat\/#organization\",\"name\":\"ACE\",\"alternateName\":\"ACE\",\"url\":\"https:\/\/aceweb.cat\/\",\"logo\":{\"@type\":\"ImageObject\",\"inLanguage\":\"es\",\"@id\":\"https:\/\/aceweb.cat\/#\/schema\/logo\/image\/\",\"url\":\"https:\/\/aceweb.cat\/wp-content\/uploads\/2022\/10\/logo.svg\",\"contentUrl\":\"https:\/\/aceweb.cat\/wp-content\/uploads\/2022\/10\/logo.svg\",\"width\":1,\"height\":1,\"caption\":\"ACE\"},\"image\":{\"@id\":\"https:\/\/aceweb.cat\/#\/schema\/logo\/image\/\"}},{\"@type\":\"Person\",\"@id\":\"https:\/\/aceweb.cat\/#\/schema\/person\/a6b8893e55b089407baaac96e1014d92\",\"name\":\"Merc\u00e8 Sierra\",\"image\":{\"@type\":\"ImageObject\",\"inLanguage\":\"es\",\"@id\":\"https:\/\/aceweb.cat\/#\/schema\/person\/image\/\",\"url\":\"https:\/\/secure.gravatar.com\/avatar\/22f0c97d4117dfcc3220888d6384e2a07df217ae83511660a0783b56292770b5?s=96&d=mm&r=g\",\"contentUrl\":\"https:\/\/secure.gravatar.com\/avatar\/22f0c97d4117dfcc3220888d6384e2a07df217ae83511660a0783b56292770b5?s=96&d=mm&r=g\",\"caption\":\"Merc\u00e8 Sierra\"},\"url\":\"https:\/\/aceweb.cat\/es\/author\/merce-sierra\/\"}]}<\/script>\n<!-- \/ Yoast SEO plugin. -->","yoast_head_json":{"title":"Sesi\u00f3n Dijous a l'ACE: SES Steel Embed System - Forjado preindustrializado | ACE","robots":{"index":"index","follow":"follow","max-snippet":"max-snippet:-1","max-image-preview":"max-image-preview:large","max-video-preview":"max-video-preview:-1"},"canonical":"https:\/\/aceweb.cat\/es\/formacion\/jornadas\/dijous-a-lace-es\/ses-steel-embed-system-forjado-preindustrializado\/","og_locale":"es_ES","og_type":"article","og_title":"Sesi\u00f3n Dijous a l'ACE: SES Steel Embed System - Forjado preindustrializado | ACE","og_description":"\ufeff\ufeff Joan Francesc Garc\u00eda Beltr\u00e1n presenta el SES Steel Embed System &#8211; Forjado preindustrializado. Sistema integrado de forjados. Constituye una soluci\u00f3n de forjados de alt\u00edsima calidad y prestaciones, resistente al fuego, de f\u00e1cil puesta en obra y rapidez de ejecuci\u00f3n. Competente econ\u00f3micamente y sostenible. Ponencia: \u00abSES Steel Embed System &#8211; Forjado preindustrializado\u00bb D\u00eda:\u00a0 26 de &hellip; Sesi\u00f3n Dijous a l&#8217;ACE: SES Steel Embed System &#8211; Forjado preindustrializado Leer m\u00e1s &raquo;","og_url":"https:\/\/aceweb.cat\/es\/formacion\/jornadas\/dijous-a-lace-es\/ses-steel-embed-system-forjado-preindustrializado\/","og_site_name":"aceweb.cat","article_published_time":"2022-05-11T12:02:20+00:00","article_modified_time":"2024-01-29T16:21:16+00:00","og_image":[{"width":2339,"height":1654,"url":"https:\/\/aceweb.cat\/wp-content\/uploads\/2022\/06\/SES-Triptic_Page_1.jpeg","type":"image\/jpeg"}],"author":"Merc\u00e8 Sierra","twitter_card":"summary_large_image","twitter_misc":{"Escrito por":"Merc\u00e8 Sierra","Tiempo de lectura":"1 minuto"},"schema":{"@context":"https:\/\/schema.org","@graph":[{"@type":"Article","@id":"https:\/\/aceweb.cat\/es\/formacion\/jornadas\/dijous-a-lace-es\/ses-steel-embed-system-forjado-preindustrializado\/#article","isPartOf":{"@id":"https:\/\/aceweb.cat\/es\/formacion\/jornadas\/dijous-a-lace-es\/ses-steel-embed-system-forjado-preindustrializado\/"},"author":{"name":"Merc\u00e8 Sierra","@id":"https:\/\/aceweb.cat\/#\/schema\/person\/a6b8893e55b089407baaac96e1014d92"},"headline":"Sesi\u00f3n Dijous a l&#8217;ACE: SES Steel Embed System &#8211; Forjado preindustrializado","datePublished":"2022-05-11T12:02:20+00:00","dateModified":"2024-01-29T16:21:16+00:00","mainEntityOfPage":{"@id":"https:\/\/aceweb.cat\/es\/formacion\/jornadas\/dijous-a-lace-es\/ses-steel-embed-system-forjado-preindustrializado\/"},"wordCount":139,"commentCount":0,"publisher":{"@id":"https:\/\/aceweb.cat\/#organization"},"image":{"@id":"https:\/\/aceweb.cat\/es\/formacion\/jornadas\/dijous-a-lace-es\/ses-steel-embed-system-forjado-preindustrializado\/#primaryimage"},"thumbnailUrl":"https:\/\/aceweb.cat\/wp-content\/uploads\/2022\/06\/SES-Triptic_Page_1.jpeg","articleSection":["Dijous a l'ACE","Formaci\u00f3n","Jornadas","Noticias"],"inLanguage":"es","potentialAction":[{"@type":"CommentAction","name":"Comment","target":["https:\/\/aceweb.cat\/es\/formacion\/jornadas\/dijous-a-lace-es\/ses-steel-embed-system-forjado-preindustrializado\/#respond"]}]},{"@type":"WebPage","@id":"https:\/\/aceweb.cat\/es\/formacion\/jornadas\/dijous-a-lace-es\/ses-steel-embed-system-forjado-preindustrializado\/","url":"https:\/\/aceweb.cat\/es\/formacion\/jornadas\/dijous-a-lace-es\/ses-steel-embed-system-forjado-preindustrializado\/","name":"Sesi\u00f3n Dijous a l'ACE: SES Steel Embed System - Forjado preindustrializado | ACE","isPartOf":{"@id":"https:\/\/aceweb.cat\/#website"},"primaryImageOfPage":{"@id":"https:\/\/aceweb.cat\/es\/formacion\/jornadas\/dijous-a-lace-es\/ses-steel-embed-system-forjado-preindustrializado\/#primaryimage"},"image":{"@id":"https:\/\/aceweb.cat\/es\/formacion\/jornadas\/dijous-a-lace-es\/ses-steel-embed-system-forjado-preindustrializado\/#primaryimage"},"thumbnailUrl":"https:\/\/aceweb.cat\/wp-content\/uploads\/2022\/06\/SES-Triptic_Page_1.jpeg","datePublished":"2022-05-11T12:02:20+00:00","dateModified":"2024-01-29T16:21:16+00:00","breadcrumb":{"@id":"https:\/\/aceweb.cat\/es\/formacion\/jornadas\/dijous-a-lace-es\/ses-steel-embed-system-forjado-preindustrializado\/#breadcrumb"},"inLanguage":"es","potentialAction":[{"@type":"ReadAction","target":["https:\/\/aceweb.cat\/es\/formacion\/jornadas\/dijous-a-lace-es\/ses-steel-embed-system-forjado-preindustrializado\/"]}]},{"@type":"ImageObject","inLanguage":"es","@id":"https:\/\/aceweb.cat\/es\/formacion\/jornadas\/dijous-a-lace-es\/ses-steel-embed-system-forjado-preindustrializado\/#primaryimage","url":"https:\/\/aceweb.cat\/wp-content\/uploads\/2022\/06\/SES-Triptic_Page_1.jpeg","contentUrl":"https:\/\/aceweb.cat\/wp-content\/uploads\/2022\/06\/SES-Triptic_Page_1.jpeg","width":2339,"height":1654},{"@type":"BreadcrumbList","@id":"https:\/\/aceweb.cat\/es\/formacion\/jornadas\/dijous-a-lace-es\/ses-steel-embed-system-forjado-preindustrializado\/#breadcrumb","itemListElement":[{"@type":"ListItem","position":1,"name":"Inici","item":"https:\/\/aceweb.cat\/"},{"@type":"ListItem","position":2,"name":"Formaci\u00f3n","item":"https:\/\/aceweb.cat\/es\/categoria\/formacion\/"},{"@type":"ListItem","position":3,"name":"Jornadas","item":"https:\/\/aceweb.cat\/es\/categoria\/formacion\/jornadas\/"},{"@type":"ListItem","position":4,"name":"Dijous a l'ACE","item":"https:\/\/aceweb.cat\/es\/categoria\/formacion\/jornadas\/dijous-a-lace-es\/"},{"@type":"ListItem","position":5,"name":"Sesi\u00f3n Dijous a l&#8217;ACE: SES Steel Embed System &#8211; Forjado preindustrializado"}]},{"@type":"WebSite","@id":"https:\/\/aceweb.cat\/#website","url":"https:\/\/aceweb.cat\/","name":"ACE","description":"Associaci\u00f3 de Consultors d&#039;Estructures | ACE","publisher":{"@id":"https:\/\/aceweb.cat\/#organization"},"alternateName":"ACE","potentialAction":[{"@type":"SearchAction","target":{"@type":"EntryPoint","urlTemplate":"https:\/\/aceweb.cat\/?s={search_term_string}"},"query-input":{"@type":"PropertyValueSpecification","valueRequired":true,"valueName":"search_term_string"}}],"inLanguage":"es"},{"@type":"Organization","@id":"https:\/\/aceweb.cat\/#organization","name":"ACE","alternateName":"ACE","url":"https:\/\/aceweb.cat\/","logo":{"@type":"ImageObject","inLanguage":"es","@id":"https:\/\/aceweb.cat\/#\/schema\/logo\/image\/","url":"https:\/\/aceweb.cat\/wp-content\/uploads\/2022\/10\/logo.svg","contentUrl":"https:\/\/aceweb.cat\/wp-content\/uploads\/2022\/10\/logo.svg","width":1,"height":1,"caption":"ACE"},"image":{"@id":"https:\/\/aceweb.cat\/#\/schema\/logo\/image\/"}},{"@type":"Person","@id":"https:\/\/aceweb.cat\/#\/schema\/person\/a6b8893e55b089407baaac96e1014d92","name":"Merc\u00e8 Sierra","image":{"@type":"ImageObject","inLanguage":"es","@id":"https:\/\/aceweb.cat\/#\/schema\/person\/image\/","url":"https:\/\/secure.gravatar.com\/avatar\/22f0c97d4117dfcc3220888d6384e2a07df217ae83511660a0783b56292770b5?s=96&d=mm&r=g","contentUrl":"https:\/\/secure.gravatar.com\/avatar\/22f0c97d4117dfcc3220888d6384e2a07df217ae83511660a0783b56292770b5?s=96&d=mm&r=g","caption":"Merc\u00e8 Sierra"},"url":"https:\/\/aceweb.cat\/es\/author\/merce-sierra\/"}]}},"_links":{"self":[{"href":"https:\/\/aceweb.cat\/es\/wp-json\/wp\/v2\/posts\/2050","targetHints":{"allow":["GET"]}}],"collection":[{"href":"https:\/\/aceweb.cat\/es\/wp-json\/wp\/v2\/posts"}],"about":[{"href":"https:\/\/aceweb.cat\/es\/wp-json\/wp\/v2\/types\/post"}],"author":[{"embeddable":true,"href":"https:\/\/aceweb.cat\/es\/wp-json\/wp\/v2\/users\/93"}],"replies":[{"embeddable":true,"href":"https:\/\/aceweb.cat\/es\/wp-json\/wp\/v2\/comments?post=2050"}],"version-history":[{"count":2,"href":"https:\/\/aceweb.cat\/es\/wp-json\/wp\/v2\/posts\/2050\/revisions"}],"predecessor-version":[{"id":38664,"href":"https:\/\/aceweb.cat\/es\/wp-json\/wp\/v2\/posts\/2050\/revisions\/38664"}],"wp:featuredmedia":[{"embeddable":true,"href":"https:\/\/aceweb.cat\/es\/wp-json\/wp\/v2\/media\/855"}],"wp:attachment":[{"href":"https:\/\/aceweb.cat\/es\/wp-json\/wp\/v2\/media?parent=2050"}],"wp:term":[{"taxonomy":"category","embeddable":true,"href":"https:\/\/aceweb.cat\/es\/wp-json\/wp\/v2\/categories?post=2050"},{"taxonomy":"post_tag","embeddable":true,"href":"https:\/\/aceweb.cat\/es\/wp-json\/wp\/v2\/tags?post=2050"}],"curies":[{"name":"wp","href":"https:\/\/api.w.org\/{rel}","templated":true}]}}