{"id":38631,"date":"2023-02-15T10:00:46","date_gmt":"2023-02-15T10:00:46","guid":{"rendered":"https:\/\/www.aceweb.advertis.es\/sin-categorizar\/solidaridad-con-la-poblacion-afectada-de-turquia-y-siria-por-los-ultimos-terremotos\/"},"modified":"2023-03-22T16:10:42","modified_gmt":"2023-03-22T16:10:42","slug":"solidaridad-con-la-poblacion-afectada-de-turquia-y-siria-por-los-ultimos-terremotos","status":"publish","type":"post","link":"https:\/\/aceweb.cat\/es\/noticias\/solidaridad-con-la-poblacion-afectada-de-turquia-y-siria-por-los-ultimos-terremotos\/","title":{"rendered":"Solidaridad con la poblaci\u00f3n afectada de Turqu\u00eda y Siria por los \u00faltimos terremotos"},"content":{"rendered":"\n<p class=\"intro\">El 6 de febrero de 2023, las poblaciones de Turqu\u00eda y Siria han estado gravemente afectadas por dos grandes terremotos de magnitud 7,8 y 7,6. Han ocasionado numerosas v\u00edctimas y considerables da\u00f1os.<\/p>\n\n<h3 class=\"has-text-align-left wp-block-heading\">\u00bfEstamos preparados para resistir terremotos?<\/h3>\n\n<figure class=\"wp-block-image size-full\"><img loading=\"lazy\" decoding=\"async\" width=\"768\" height=\"514\" src=\"https:\/\/aceweb.cat\/wp-content\/uploads\/2023\/02\/Terratremol-Turquia-i-Siria-ACE-768x514-1.jpg\" alt=\"\" class=\"wp-image-37454\" srcset=\"https:\/\/aceweb.cat\/wp-content\/uploads\/2023\/02\/Terratremol-Turquia-i-Siria-ACE-768x514-1.jpg 768w, https:\/\/aceweb.cat\/wp-content\/uploads\/2023\/02\/Terratremol-Turquia-i-Siria-ACE-768x514-1-300x201.jpg 300w, https:\/\/aceweb.cat\/wp-content\/uploads\/2023\/02\/Terratremol-Turquia-i-Siria-ACE-768x514-1-600x402.jpg 600w\" sizes=\"auto, (max-width: 768px) 100vw, 768px\" \/><\/figure>\n\n<div style=\"height:0px\" aria-hidden=\"true\" class=\"wp-block-spacer\"><\/div>\n\n<div style=\"height:25px\" aria-hidden=\"true\" class=\"wp-block-spacer\"><\/div>\n\n<p><strong>Queremos mostrar nuestro p\u00e9same primeramente a todas aquellas personas con familiares fallecidos por estas cat\u00e1strofes y nuestro apoyo a los equipos de salvamento y rescate que desde las primeras horas trabajan en las zonas siniestradas<\/strong>. Las terribles im\u00e1genes de los medios de comunicaci\u00f3n nos interpelan a la solidaridad en momentos tan dif\u00edciles.<\/p>\n\n<p>Esta regi\u00f3n de la Pen\u00ednsula de Anatolia es muy activa s\u00edsmicamente. Los nuevos se\u00edsmos son los m\u00e1s destructores de Turqu\u00eda desde el se\u00edsmo de Erzincan, en el Kurdist\u00e1n turco, en 1939 de magnitud 7,8. Todos recordamos tambi\u00e9n el terremoto de 1999 de magnitud 7,4 que afect\u00f3 gravemente a la regi\u00f3n de Estambul con m\u00e1s de un millar de muertes de un total de 17000 personas en todo el pa\u00eds.<\/p>\n\n<p>El resultado de los dos se\u00edsmos del 6 de febrero de 2023 es estremecedor, aumentando d\u00eda a d\u00eda el n\u00famero de v\u00edctimas mortales (ya pasa de 34000 el 13\/02\/2023, siete d\u00edas despu\u00e9s de los terremotos), decenas de miles de heridos y da\u00f1os muy graves sobre redes, edificios, econom\u00eda en general, etc. Constituye una de las peores crisis vividas en un pa\u00eds cercano a la Uni\u00f3n Europea en el \u00faltimo siglo (guerras aparte). Las duras condiciones meteorol\u00f3gicas del invierno, con nieve y fr\u00edo, hacen dif\u00edcil la supervivencia y la b\u00fasqueda de personas atrapadas en edificios colapsados. Pasar\u00e1n muchos a\u00f1os antes de que se haya podido reconstruir y recuperar la econom\u00eda de la regi\u00f3n.<\/p>\n\n<p>Esta crisis s\u00edsmica ha afectado a Turqu\u00eda, que es un pa\u00eds con una cultura s\u00edsmica importante y en la que el Estado ha invertido mucho en la prevenci\u00f3n en los \u00faltimos decenios, tanto con frecuentes actualizaciones de la normativa, reglamentaria y t\u00e9cnica, como en educaci\u00f3n y en gesti\u00f3n de emergencias. Siria ha estado afectada, mientras su poblaci\u00f3n sufre una guerra civil desde hace m\u00e1s de diez a\u00f1os.<\/p>\n\n<p>La magnitud de los da\u00f1os y las dificultades que conllevan nos llevan a recordar que es muy dif\u00edcil estar preparados contra este tipo de se\u00edsmos excepcionales. Se necesitan aproximaciones multidisciplinares, desde las ciencias de la Tierra a la mec\u00e1nica de las estructuras, desde la Geotecnia, al refuerzo de estructuras antiguas en mamposter\u00eda, sin obviar las aproximaciones socioecon\u00f3micas y los procesos para asegurar la calidad de ejecuci\u00f3n de las obras. <strong>El campo de conocimientos necesarios para una buena protecci\u00f3n de la poblaci\u00f3n es enorme<\/strong>.<\/p>\n\n<p>Los profesionales de la construcci\u00f3n, debemos compartir el conocimiento que puede minimizar las dificultades y proteger a la poblaci\u00f3n sea cual sea el contexto pol\u00edtico. <strong>Debemos aprender de estas situaciones para proteger mejor a la poblaci\u00f3n y sus bienes en el futuro<\/strong>.<\/p>\n\n<p>Como asociaci\u00f3n de expertos en estructuras, debemos establecer canales de comunicaci\u00f3n entre profesionales y vigilar que los puentes entre distintos dominios t\u00e9cnicos, entre generaciones y entre pa\u00edses salgan fortalecidos de esta crisis. <strong>\u00a1Que la informaci\u00f3n \u00fatil llegue hasta los rincones m\u00e1s inaccesibles<\/strong>!<\/p>\n\n<p>Esta desgracia debe recordarnos que Catalu\u00f1a y las zonas perif\u00e9ricas del Estado espa\u00f1ol est\u00e1n expuestas al riesgo s\u00edsmico. <strong>En los a\u00f1os 1427-28, las tierras gerundenses sufrieron durante un a\u00f1o, 5 terremotos de magnitudes comprendidas entre 5,5 y 6,5, que causaron da\u00f1os importantes desde La Selva hasta la Garrotxa y Ripoll\u00e8s&lt;\/strong &gt;. Cuando m\u00e1s nos alejamos de aquellas fechas, m\u00e1s nos acercamos al pr\u00f3ximo se\u00edsmo, visto el car\u00e1cter recurrente de los terremotos. El se\u00edsmo de Lorca de 2011 de magnitud 5,1 aunque provocara pocas v\u00edctimas, ocasion\u00f3 muchos da\u00f1os. Apenas la regi\u00f3n se recupera de esa crisis.<\/strong><\/p>\n\n<p>El se\u00edsmo de Lorca, en contrapartida, nos ha hecho m\u00e1s solidarios y resilientes. En particular, haciendo actualizar una Norma Sismorresistente que ya data de 2002, y que cuando salga oficialmente, en breve, proteger\u00e1 mejor a la poblaci\u00f3n. En cuanto a los niveles de la acci\u00f3n s\u00edsmica prevista, en concreto en gran parte de Catalu\u00f1a, har\u00e1 obligatoria su consideraci\u00f3n, como ser\u00e1 el caso de la ciudad de Barcelona, que pasar\u00e1 de tener un valor de 0,04 g a m\u00e1s de 0 ,08 g. Por contextualizar, las aceleraciones de las zonas de Turqu\u00eda afectadas tienen aceleraciones superiores a 0,50 g seg\u00fan sus normas.<\/p>\n\n<h3 class=\"wp-block-heading\">\u00bfEstamos preparados para resistir terremotos?<\/h3>\n\n<ul class=\"wp-block-list\">\n<li>Desde el punto de vista de la nueva Norma Sismorresistente, <strong>la protecci\u00f3n de la poblaci\u00f3n aumentar\u00e1, para las nuevas construcciones, con la nueva versi\u00f3n<\/strong>, a punto de hacerse oficial, como hemos dicho.<\/li>\n\n\n\n<li>Desde el punto de vista de Protecci\u00f3n Civil, desde hace unos a\u00f1os se han elaborado\u00a0<strong>Planes de Emergencia en las CC AA expuestas al riesgo s\u00edsmico, siendo Catalu\u00f1a la primera en presentarlo y aprobar el llamado Plan SISMICAT, en 2002<\/strong>.<\/li>\n\n\n\n<li>La actualizaci\u00f3n del Plan SISMICAT incluir\u00e1 la formaci\u00f3n de equipos de t\u00e9cnicos para diagnosticar los da\u00f1os de edificios en situaci\u00f3n de emergencia posts\u00edsmica. Se est\u00e1 redactando un convenio de colaboraci\u00f3n entre la Generalitat y diferentes estamentos, en el que la ACE tendr\u00e1 un papel importante de formaci\u00f3n y gesti\u00f3n para las diagnosis de edificios da\u00f1ados, en caso de terremoto. strong&gt;.<\/li>\n\n\n\n<li><strong>La implantaci\u00f3n de las Inspecciones T\u00e9cnicas de Edificios ha sido un primer paso importante para conocer la situaci\u00f3n del parque de edificios existentes<\/strong>, aunque habr\u00eda que tener m\u00e1s presentes los criterios sismorresistentes adaptados a las nuevas exigencias de peligrosidad .<\/li>\n\n\n\n<li>Otro aspecto importante ser\u00eda <strong>analizar la necesidad de adaptar a las nuevas normativas sismorresistentes los edificios de especial importancia<\/strong>, como son los centros docentes y hospitales.<\/li>\n\n\n\n<li>Seamos conscientes de que los terremotos no s\u00f3lo se producen en regiones lejanas, y por eso es necesario seguir haciendo y mejorando la prevenci\u00f3n.<\/li>\n<\/ul>\n\n<p>Xavier Goula y Antoni Bl\u00e1zquez, Comisi\u00f3n Sismorresistente de la ACE.<\/p>\n\n<p>Para la redacci\u00f3n de esta nota nos hemos inspirado en una similar publicada en las webs de 2 asociaciones francesas, con funciones cercanas a la ACE: \u00abAssociation Fran\u00e7aise de G\u00e9nie Parasismique (AFPS)\u00bb y la \u00abAssociation Fran\u00e7aise pour la Prevention des Catastrophes Naturelles et Technologiques (AFPCNT)\u00bb<\/p>\n","protected":false},"excerpt":{"rendered":"<p>El 6 de febrero de 2023, las poblaciones de Turqu\u00eda y Siria han estado gravemente afectadas por dos grandes terremotos de magnitud 7,8 y 7,6. Han ocasionado numerosas v\u00edctimas y considerables da\u00f1os. \u00bfEstamos preparados para resistir terremotos? Queremos mostrar nuestro p\u00e9same primeramente a todas aquellas personas con familiares fallecidos por estas cat\u00e1strofes y nuestro apoyo &hellip;<\/p>\n<p class=\"read-more\"> <a class=\"\" href=\"https:\/\/aceweb.cat\/es\/noticias\/solidaridad-con-la-poblacion-afectada-de-turquia-y-siria-por-los-ultimos-terremotos\/\"> <span class=\"screen-reader-text\">Solidaridad con la poblaci\u00f3n afectada de Turqu\u00eda y Siria por los \u00faltimos terremotos<\/span> Leer m\u00e1s &raquo;<\/a><\/p>\n","protected":false},"author":1,"featured_media":37455,"comment_status":"closed","ping_status":"closed","sticky":false,"template":"","format":"standard","meta":{"_acf_changed":false,"site-sidebar-layout":"default","site-content-layout":"default","ast-global-header-display":"","ast-main-header-display":"","ast-hfb-above-header-display":"","ast-hfb-below-header-display":"","ast-hfb-mobile-header-display":"","site-post-title":"","ast-breadcrumbs-content":"","ast-featured-img":"","footer-sml-layout":"","theme-transparent-header-meta":"","adv-header-id-meta":"","stick-header-meta":"","header-above-stick-meta":"","header-main-stick-meta":"","header-below-stick-meta":"","footnotes":""},"categories":[380],"tags":[],"class_list":["post-38631","post","type-post","status-publish","format-standard","has-post-thumbnail","hentry","category-noticias"],"acf":[],"yoast_head":"<!-- This site is optimized with the Yoast SEO plugin v27.1.1 - https:\/\/yoast.com\/product\/yoast-seo-wordpress\/ -->\n<title>Solidaridad con la poblaci\u00f3n afectada de Turqu\u00eda y Siria por los \u00faltimos terremotos | ACE<\/title>\n<meta name=\"robots\" content=\"index, follow, max-snippet:-1, max-image-preview:large, max-video-preview:-1\" \/>\n<link rel=\"canonical\" href=\"https:\/\/aceweb.cat\/es\/noticias\/solidaridad-con-la-poblacion-afectada-de-turquia-y-siria-por-los-ultimos-terremotos\/\" \/>\n<meta property=\"og:locale\" content=\"es_ES\" \/>\n<meta property=\"og:type\" content=\"article\" \/>\n<meta property=\"og:title\" content=\"Solidaridad con la poblaci\u00f3n afectada de Turqu\u00eda y Siria por los \u00faltimos terremotos | ACE\" \/>\n<meta property=\"og:description\" content=\"El 6 de febrero de 2023, las poblaciones de Turqu\u00eda y Siria han estado gravemente afectadas por dos grandes terremotos de magnitud 7,8 y 7,6. Han ocasionado numerosas v\u00edctimas y considerables da\u00f1os. \u00bfEstamos preparados para resistir terremotos? Queremos mostrar nuestro p\u00e9same primeramente a todas aquellas personas con familiares fallecidos por estas cat\u00e1strofes y nuestro apoyo &hellip; Solidaridad con la poblaci\u00f3n afectada de Turqu\u00eda y Siria por los \u00faltimos terremotos Leer m\u00e1s &raquo;\" \/>\n<meta property=\"og:url\" content=\"https:\/\/aceweb.cat\/es\/noticias\/solidaridad-con-la-poblacion-afectada-de-turquia-y-siria-por-los-ultimos-terremotos\/\" \/>\n<meta property=\"og:site_name\" content=\"aceweb.cat\" \/>\n<meta property=\"article:published_time\" content=\"2023-02-15T10:00:46+00:00\" \/>\n<meta property=\"article:modified_time\" content=\"2023-03-22T16:10:42+00:00\" \/>\n<meta property=\"og:image\" content=\"https:\/\/aceweb.cat\/wp-content\/uploads\/2023\/02\/Terratremol-Turquia-i-Siria-ACE-768x514-1.jpg\" \/>\n\t<meta property=\"og:image:width\" content=\"768\" \/>\n\t<meta property=\"og:image:height\" content=\"514\" \/>\n\t<meta property=\"og:image:type\" content=\"image\/jpeg\" \/>\n<meta name=\"author\" content=\"Manel\" \/>\n<meta name=\"twitter:card\" content=\"summary_large_image\" \/>\n<meta name=\"twitter:label1\" content=\"Escrito por\" \/>\n\t<meta name=\"twitter:data1\" content=\"Manel\" \/>\n\t<meta name=\"twitter:label2\" content=\"Tiempo de lectura\" \/>\n\t<meta name=\"twitter:data2\" content=\"6 minutos\" \/>\n<script type=\"application\/ld+json\" class=\"yoast-schema-graph\">{\"@context\":\"https:\/\/schema.org\",\"@graph\":[{\"@type\":\"Article\",\"@id\":\"https:\/\/aceweb.cat\/es\/noticias\/solidaridad-con-la-poblacion-afectada-de-turquia-y-siria-por-los-ultimos-terremotos\/#article\",\"isPartOf\":{\"@id\":\"https:\/\/aceweb.cat\/es\/noticias\/solidaridad-con-la-poblacion-afectada-de-turquia-y-siria-por-los-ultimos-terremotos\/\"},\"author\":{\"name\":\"Manel\",\"@id\":\"https:\/\/aceweb.cat\/#\/schema\/person\/eff128d7a478831719f89cf8a1a6280c\"},\"headline\":\"Solidaridad con la poblaci\u00f3n afectada de Turqu\u00eda y Siria por los \u00faltimos terremotos\",\"datePublished\":\"2023-02-15T10:00:46+00:00\",\"dateModified\":\"2023-03-22T16:10:42+00:00\",\"mainEntityOfPage\":{\"@id\":\"https:\/\/aceweb.cat\/es\/noticias\/solidaridad-con-la-poblacion-afectada-de-turquia-y-siria-por-los-ultimos-terremotos\/\"},\"wordCount\":1102,\"publisher\":{\"@id\":\"https:\/\/aceweb.cat\/#organization\"},\"image\":{\"@id\":\"https:\/\/aceweb.cat\/es\/noticias\/solidaridad-con-la-poblacion-afectada-de-turquia-y-siria-por-los-ultimos-terremotos\/#primaryimage\"},\"thumbnailUrl\":\"https:\/\/aceweb.cat\/wp-content\/uploads\/2023\/02\/Terratremol-Turquia-i-Siria-ACE-768x514-1.jpg\",\"articleSection\":[\"Noticias\"],\"inLanguage\":\"es\"},{\"@type\":\"WebPage\",\"@id\":\"https:\/\/aceweb.cat\/es\/noticias\/solidaridad-con-la-poblacion-afectada-de-turquia-y-siria-por-los-ultimos-terremotos\/\",\"url\":\"https:\/\/aceweb.cat\/es\/noticias\/solidaridad-con-la-poblacion-afectada-de-turquia-y-siria-por-los-ultimos-terremotos\/\",\"name\":\"Solidaridad con la poblaci\u00f3n afectada de Turqu\u00eda y Siria por los \u00faltimos terremotos | ACE\",\"isPartOf\":{\"@id\":\"https:\/\/aceweb.cat\/#website\"},\"primaryImageOfPage\":{\"@id\":\"https:\/\/aceweb.cat\/es\/noticias\/solidaridad-con-la-poblacion-afectada-de-turquia-y-siria-por-los-ultimos-terremotos\/#primaryimage\"},\"image\":{\"@id\":\"https:\/\/aceweb.cat\/es\/noticias\/solidaridad-con-la-poblacion-afectada-de-turquia-y-siria-por-los-ultimos-terremotos\/#primaryimage\"},\"thumbnailUrl\":\"https:\/\/aceweb.cat\/wp-content\/uploads\/2023\/02\/Terratremol-Turquia-i-Siria-ACE-768x514-1.jpg\",\"datePublished\":\"2023-02-15T10:00:46+00:00\",\"dateModified\":\"2023-03-22T16:10:42+00:00\",\"breadcrumb\":{\"@id\":\"https:\/\/aceweb.cat\/es\/noticias\/solidaridad-con-la-poblacion-afectada-de-turquia-y-siria-por-los-ultimos-terremotos\/#breadcrumb\"},\"inLanguage\":\"es\",\"potentialAction\":[{\"@type\":\"ReadAction\",\"target\":[\"https:\/\/aceweb.cat\/es\/noticias\/solidaridad-con-la-poblacion-afectada-de-turquia-y-siria-por-los-ultimos-terremotos\/\"]}]},{\"@type\":\"ImageObject\",\"inLanguage\":\"es\",\"@id\":\"https:\/\/aceweb.cat\/es\/noticias\/solidaridad-con-la-poblacion-afectada-de-turquia-y-siria-por-los-ultimos-terremotos\/#primaryimage\",\"url\":\"https:\/\/aceweb.cat\/wp-content\/uploads\/2023\/02\/Terratremol-Turquia-i-Siria-ACE-768x514-1.jpg\",\"contentUrl\":\"https:\/\/aceweb.cat\/wp-content\/uploads\/2023\/02\/Terratremol-Turquia-i-Siria-ACE-768x514-1.jpg\",\"width\":768,\"height\":514,\"caption\":\"Free public domain CC0 photo.\"},{\"@type\":\"BreadcrumbList\",\"@id\":\"https:\/\/aceweb.cat\/es\/noticias\/solidaridad-con-la-poblacion-afectada-de-turquia-y-siria-por-los-ultimos-terremotos\/#breadcrumb\",\"itemListElement\":[{\"@type\":\"ListItem\",\"position\":1,\"name\":\"Inici\",\"item\":\"https:\/\/aceweb.cat\/\"},{\"@type\":\"ListItem\",\"position\":2,\"name\":\"Noticias\",\"item\":\"https:\/\/aceweb.cat\/es\/categoria\/noticias\/\"},{\"@type\":\"ListItem\",\"position\":3,\"name\":\"Solidaridad con la poblaci\u00f3n afectada de Turqu\u00eda y Siria por los \u00faltimos terremotos\"}]},{\"@type\":\"WebSite\",\"@id\":\"https:\/\/aceweb.cat\/#website\",\"url\":\"https:\/\/aceweb.cat\/\",\"name\":\"ACE\",\"description\":\"Associaci\u00f3 de Consultors d&#039;Estructures | ACE\",\"publisher\":{\"@id\":\"https:\/\/aceweb.cat\/#organization\"},\"alternateName\":\"ACE\",\"potentialAction\":[{\"@type\":\"SearchAction\",\"target\":{\"@type\":\"EntryPoint\",\"urlTemplate\":\"https:\/\/aceweb.cat\/?s={search_term_string}\"},\"query-input\":{\"@type\":\"PropertyValueSpecification\",\"valueRequired\":true,\"valueName\":\"search_term_string\"}}],\"inLanguage\":\"es\"},{\"@type\":\"Organization\",\"@id\":\"https:\/\/aceweb.cat\/#organization\",\"name\":\"ACE\",\"alternateName\":\"ACE\",\"url\":\"https:\/\/aceweb.cat\/\",\"logo\":{\"@type\":\"ImageObject\",\"inLanguage\":\"es\",\"@id\":\"https:\/\/aceweb.cat\/#\/schema\/logo\/image\/\",\"url\":\"https:\/\/aceweb.cat\/wp-content\/uploads\/2022\/10\/logo.svg\",\"contentUrl\":\"https:\/\/aceweb.cat\/wp-content\/uploads\/2022\/10\/logo.svg\",\"width\":1,\"height\":1,\"caption\":\"ACE\"},\"image\":{\"@id\":\"https:\/\/aceweb.cat\/#\/schema\/logo\/image\/\"}},{\"@type\":\"Person\",\"@id\":\"https:\/\/aceweb.cat\/#\/schema\/person\/eff128d7a478831719f89cf8a1a6280c\",\"name\":\"Manel\",\"image\":{\"@type\":\"ImageObject\",\"inLanguage\":\"es\",\"@id\":\"https:\/\/aceweb.cat\/#\/schema\/person\/image\/\",\"url\":\"https:\/\/secure.gravatar.com\/avatar\/08f10a599e1c2233dfc54578e9936eb5325ce0a03faf2072be5f50c306c7e522?s=96&d=mm&r=g\",\"contentUrl\":\"https:\/\/secure.gravatar.com\/avatar\/08f10a599e1c2233dfc54578e9936eb5325ce0a03faf2072be5f50c306c7e522?s=96&d=mm&r=g\",\"caption\":\"Manel\"},\"sameAs\":[\"https:\/\/aceweb.cat\"],\"url\":\"https:\/\/aceweb.cat\/es\/author\/a1e6ded0e0\/\"}]}<\/script>\n<!-- \/ Yoast SEO plugin. -->","yoast_head_json":{"title":"Solidaridad con la poblaci\u00f3n afectada de Turqu\u00eda y Siria por los \u00faltimos terremotos | ACE","robots":{"index":"index","follow":"follow","max-snippet":"max-snippet:-1","max-image-preview":"max-image-preview:large","max-video-preview":"max-video-preview:-1"},"canonical":"https:\/\/aceweb.cat\/es\/noticias\/solidaridad-con-la-poblacion-afectada-de-turquia-y-siria-por-los-ultimos-terremotos\/","og_locale":"es_ES","og_type":"article","og_title":"Solidaridad con la poblaci\u00f3n afectada de Turqu\u00eda y Siria por los \u00faltimos terremotos | ACE","og_description":"El 6 de febrero de 2023, las poblaciones de Turqu\u00eda y Siria han estado gravemente afectadas por dos grandes terremotos de magnitud 7,8 y 7,6. Han ocasionado numerosas v\u00edctimas y considerables da\u00f1os. \u00bfEstamos preparados para resistir terremotos? Queremos mostrar nuestro p\u00e9same primeramente a todas aquellas personas con familiares fallecidos por estas cat\u00e1strofes y nuestro apoyo &hellip; Solidaridad con la poblaci\u00f3n afectada de Turqu\u00eda y Siria por los \u00faltimos terremotos Leer m\u00e1s &raquo;","og_url":"https:\/\/aceweb.cat\/es\/noticias\/solidaridad-con-la-poblacion-afectada-de-turquia-y-siria-por-los-ultimos-terremotos\/","og_site_name":"aceweb.cat","article_published_time":"2023-02-15T10:00:46+00:00","article_modified_time":"2023-03-22T16:10:42+00:00","og_image":[{"width":768,"height":514,"url":"https:\/\/aceweb.cat\/wp-content\/uploads\/2023\/02\/Terratremol-Turquia-i-Siria-ACE-768x514-1.jpg","type":"image\/jpeg"}],"author":"Manel","twitter_card":"summary_large_image","twitter_misc":{"Escrito por":"Manel","Tiempo de lectura":"6 minutos"},"schema":{"@context":"https:\/\/schema.org","@graph":[{"@type":"Article","@id":"https:\/\/aceweb.cat\/es\/noticias\/solidaridad-con-la-poblacion-afectada-de-turquia-y-siria-por-los-ultimos-terremotos\/#article","isPartOf":{"@id":"https:\/\/aceweb.cat\/es\/noticias\/solidaridad-con-la-poblacion-afectada-de-turquia-y-siria-por-los-ultimos-terremotos\/"},"author":{"name":"Manel","@id":"https:\/\/aceweb.cat\/#\/schema\/person\/eff128d7a478831719f89cf8a1a6280c"},"headline":"Solidaridad con la poblaci\u00f3n afectada de Turqu\u00eda y Siria por los \u00faltimos terremotos","datePublished":"2023-02-15T10:00:46+00:00","dateModified":"2023-03-22T16:10:42+00:00","mainEntityOfPage":{"@id":"https:\/\/aceweb.cat\/es\/noticias\/solidaridad-con-la-poblacion-afectada-de-turquia-y-siria-por-los-ultimos-terremotos\/"},"wordCount":1102,"publisher":{"@id":"https:\/\/aceweb.cat\/#organization"},"image":{"@id":"https:\/\/aceweb.cat\/es\/noticias\/solidaridad-con-la-poblacion-afectada-de-turquia-y-siria-por-los-ultimos-terremotos\/#primaryimage"},"thumbnailUrl":"https:\/\/aceweb.cat\/wp-content\/uploads\/2023\/02\/Terratremol-Turquia-i-Siria-ACE-768x514-1.jpg","articleSection":["Noticias"],"inLanguage":"es"},{"@type":"WebPage","@id":"https:\/\/aceweb.cat\/es\/noticias\/solidaridad-con-la-poblacion-afectada-de-turquia-y-siria-por-los-ultimos-terremotos\/","url":"https:\/\/aceweb.cat\/es\/noticias\/solidaridad-con-la-poblacion-afectada-de-turquia-y-siria-por-los-ultimos-terremotos\/","name":"Solidaridad con la poblaci\u00f3n afectada de Turqu\u00eda y Siria por los \u00faltimos terremotos | ACE","isPartOf":{"@id":"https:\/\/aceweb.cat\/#website"},"primaryImageOfPage":{"@id":"https:\/\/aceweb.cat\/es\/noticias\/solidaridad-con-la-poblacion-afectada-de-turquia-y-siria-por-los-ultimos-terremotos\/#primaryimage"},"image":{"@id":"https:\/\/aceweb.cat\/es\/noticias\/solidaridad-con-la-poblacion-afectada-de-turquia-y-siria-por-los-ultimos-terremotos\/#primaryimage"},"thumbnailUrl":"https:\/\/aceweb.cat\/wp-content\/uploads\/2023\/02\/Terratremol-Turquia-i-Siria-ACE-768x514-1.jpg","datePublished":"2023-02-15T10:00:46+00:00","dateModified":"2023-03-22T16:10:42+00:00","breadcrumb":{"@id":"https:\/\/aceweb.cat\/es\/noticias\/solidaridad-con-la-poblacion-afectada-de-turquia-y-siria-por-los-ultimos-terremotos\/#breadcrumb"},"inLanguage":"es","potentialAction":[{"@type":"ReadAction","target":["https:\/\/aceweb.cat\/es\/noticias\/solidaridad-con-la-poblacion-afectada-de-turquia-y-siria-por-los-ultimos-terremotos\/"]}]},{"@type":"ImageObject","inLanguage":"es","@id":"https:\/\/aceweb.cat\/es\/noticias\/solidaridad-con-la-poblacion-afectada-de-turquia-y-siria-por-los-ultimos-terremotos\/#primaryimage","url":"https:\/\/aceweb.cat\/wp-content\/uploads\/2023\/02\/Terratremol-Turquia-i-Siria-ACE-768x514-1.jpg","contentUrl":"https:\/\/aceweb.cat\/wp-content\/uploads\/2023\/02\/Terratremol-Turquia-i-Siria-ACE-768x514-1.jpg","width":768,"height":514,"caption":"Free public domain CC0 photo."},{"@type":"BreadcrumbList","@id":"https:\/\/aceweb.cat\/es\/noticias\/solidaridad-con-la-poblacion-afectada-de-turquia-y-siria-por-los-ultimos-terremotos\/#breadcrumb","itemListElement":[{"@type":"ListItem","position":1,"name":"Inici","item":"https:\/\/aceweb.cat\/"},{"@type":"ListItem","position":2,"name":"Noticias","item":"https:\/\/aceweb.cat\/es\/categoria\/noticias\/"},{"@type":"ListItem","position":3,"name":"Solidaridad con la poblaci\u00f3n afectada de Turqu\u00eda y Siria por los \u00faltimos terremotos"}]},{"@type":"WebSite","@id":"https:\/\/aceweb.cat\/#website","url":"https:\/\/aceweb.cat\/","name":"ACE","description":"Associaci\u00f3 de Consultors d&#039;Estructures | ACE","publisher":{"@id":"https:\/\/aceweb.cat\/#organization"},"alternateName":"ACE","potentialAction":[{"@type":"SearchAction","target":{"@type":"EntryPoint","urlTemplate":"https:\/\/aceweb.cat\/?s={search_term_string}"},"query-input":{"@type":"PropertyValueSpecification","valueRequired":true,"valueName":"search_term_string"}}],"inLanguage":"es"},{"@type":"Organization","@id":"https:\/\/aceweb.cat\/#organization","name":"ACE","alternateName":"ACE","url":"https:\/\/aceweb.cat\/","logo":{"@type":"ImageObject","inLanguage":"es","@id":"https:\/\/aceweb.cat\/#\/schema\/logo\/image\/","url":"https:\/\/aceweb.cat\/wp-content\/uploads\/2022\/10\/logo.svg","contentUrl":"https:\/\/aceweb.cat\/wp-content\/uploads\/2022\/10\/logo.svg","width":1,"height":1,"caption":"ACE"},"image":{"@id":"https:\/\/aceweb.cat\/#\/schema\/logo\/image\/"}},{"@type":"Person","@id":"https:\/\/aceweb.cat\/#\/schema\/person\/eff128d7a478831719f89cf8a1a6280c","name":"Manel","image":{"@type":"ImageObject","inLanguage":"es","@id":"https:\/\/aceweb.cat\/#\/schema\/person\/image\/","url":"https:\/\/secure.gravatar.com\/avatar\/08f10a599e1c2233dfc54578e9936eb5325ce0a03faf2072be5f50c306c7e522?s=96&d=mm&r=g","contentUrl":"https:\/\/secure.gravatar.com\/avatar\/08f10a599e1c2233dfc54578e9936eb5325ce0a03faf2072be5f50c306c7e522?s=96&d=mm&r=g","caption":"Manel"},"sameAs":["https:\/\/aceweb.cat"],"url":"https:\/\/aceweb.cat\/es\/author\/a1e6ded0e0\/"}]}},"_links":{"self":[{"href":"https:\/\/aceweb.cat\/es\/wp-json\/wp\/v2\/posts\/38631","targetHints":{"allow":["GET"]}}],"collection":[{"href":"https:\/\/aceweb.cat\/es\/wp-json\/wp\/v2\/posts"}],"about":[{"href":"https:\/\/aceweb.cat\/es\/wp-json\/wp\/v2\/types\/post"}],"author":[{"embeddable":true,"href":"https:\/\/aceweb.cat\/es\/wp-json\/wp\/v2\/users\/1"}],"replies":[{"embeddable":true,"href":"https:\/\/aceweb.cat\/es\/wp-json\/wp\/v2\/comments?post=38631"}],"version-history":[{"count":3,"href":"https:\/\/aceweb.cat\/es\/wp-json\/wp\/v2\/posts\/38631\/revisions"}],"predecessor-version":[{"id":41039,"href":"https:\/\/aceweb.cat\/es\/wp-json\/wp\/v2\/posts\/38631\/revisions\/41039"}],"wp:featuredmedia":[{"embeddable":true,"href":"https:\/\/aceweb.cat\/es\/wp-json\/wp\/v2\/media\/37455"}],"wp:attachment":[{"href":"https:\/\/aceweb.cat\/es\/wp-json\/wp\/v2\/media?parent=38631"}],"wp:term":[{"taxonomy":"category","embeddable":true,"href":"https:\/\/aceweb.cat\/es\/wp-json\/wp\/v2\/categories?post=38631"},{"taxonomy":"post_tag","embeddable":true,"href":"https:\/\/aceweb.cat\/es\/wp-json\/wp\/v2\/tags?post=38631"}],"curies":[{"name":"wp","href":"https:\/\/api.w.org\/{rel}","templated":true}]}}