{"id":39336,"date":"2023-09-15T19:46:04","date_gmt":"2023-09-15T19:46:04","guid":{"rendered":"https:\/\/www.aceweb.advertis.es\/sin-categorizar\/danos-ocultos-en-estructuras-de-madera\/"},"modified":"2023-03-16T14:28:09","modified_gmt":"2023-03-16T14:28:09","slug":"danos-ocultos-en-estructuras-de-madera","status":"publish","type":"post","link":"https:\/\/aceweb.cat\/es\/espacio-innovacion\/danos-ocultos-en-estructuras-de-madera\/","title":{"rendered":"Da\u00f1os ocultos en estructuras de madera"},"content":{"rendered":"\n<p>Paco Dom\u00ednguez<\/p>\n\n\n\n<p>Una diagnosis de patolog\u00edas de estructuras de madera nos permite conocer de primera mano el verdadero estado de conservaci\u00f3n, m\u00e1s all\u00e1 de lo que se pueda apreciar visualmente.<\/p>\n\n\n\n<p>Como ejemplo, en la figura 1 se aprecia una viga de madera con agujeros de salida de carcoma de peque\u00f1o espesor, una plaga cil\u00f3faga que en este caso no ha producido da\u00f1os significativos en la madera. Incluso se ha comprobado como la madera es resistente frente al punzonamiento.<\/p>\n\n\n\n<figure class=\"wp-block-image size-full is-resized\"><img loading=\"lazy\" decoding=\"async\" src=\"https:\/\/aceweb.cat\/wp-content\/uploads\/2022\/10\/ACE-01-Sanite.jpg\" alt=\"\" class=\"wp-image-6576\" width=\"495\" height=\"346\" srcset=\"https:\/\/aceweb.cat\/wp-content\/uploads\/2022\/10\/ACE-01-Sanite.jpg 990w, https:\/\/aceweb.cat\/wp-content\/uploads\/2022\/10\/ACE-01-Sanite-300x210.jpg 300w, https:\/\/aceweb.cat\/wp-content\/uploads\/2022\/10\/ACE-01-Sanite-600x419.jpg 600w, https:\/\/aceweb.cat\/wp-content\/uploads\/2022\/10\/ACE-01-Sanite-768x537.jpg 768w\" sizes=\"auto, (max-width: 495px) 100vw, 495px\" \/><figcaption class=\"wp-element-caption\">Figura 1<\/figcaption><\/figure>\n\n\n\n<p>Pero, gracias a aparatos END espec\u00edficos y en la experiencia de los t\u00e9cnicos, se puede comprobar c\u00f3mo existen da\u00f1os que quedan ocultos detr\u00e1s de una buena apariencia. En este caso en concreto (figuras 2 y 3), con la aplicaci\u00f3n del resist\u00f3grafo y otro aparato de inspecci\u00f3n visual, se pudieron detectar da\u00f1os severos causados por termitas subterr\u00e1neas.<\/p>\n\n\n\n<figure class=\"wp-block-image size-full is-resized\"><img loading=\"lazy\" decoding=\"async\" src=\"https:\/\/aceweb.cat\/wp-content\/uploads\/2022\/10\/ACE-02-Sanite.jpg\" alt=\"\" class=\"wp-image-6578\" width=\"496\" height=\"344\" srcset=\"https:\/\/aceweb.cat\/wp-content\/uploads\/2022\/10\/ACE-02-Sanite.jpg 992w, https:\/\/aceweb.cat\/wp-content\/uploads\/2022\/10\/ACE-02-Sanite-300x208.jpg 300w, https:\/\/aceweb.cat\/wp-content\/uploads\/2022\/10\/ACE-02-Sanite-600x416.jpg 600w, https:\/\/aceweb.cat\/wp-content\/uploads\/2022\/10\/ACE-02-Sanite-768x533.jpg 768w\" sizes=\"auto, (max-width: 496px) 100vw, 496px\" \/><figcaption class=\"wp-element-caption\">Figura 2<\/figcaption><\/figure>\n\n\n\n<figure class=\"wp-block-image size-full is-resized\"><img loading=\"lazy\" decoding=\"async\" src=\"https:\/\/aceweb.cat\/wp-content\/uploads\/2022\/10\/ACE-03-Sanite.jpg\" alt=\"\" class=\"wp-image-6580\" width=\"496\" height=\"286\" srcset=\"https:\/\/aceweb.cat\/wp-content\/uploads\/2022\/10\/ACE-03-Sanite.jpg 991w, https:\/\/aceweb.cat\/wp-content\/uploads\/2022\/10\/ACE-03-Sanite-300x173.jpg 300w, https:\/\/aceweb.cat\/wp-content\/uploads\/2022\/10\/ACE-03-Sanite-600x346.jpg 600w, https:\/\/aceweb.cat\/wp-content\/uploads\/2022\/10\/ACE-03-Sanite-768x443.jpg 768w\" sizes=\"auto, (max-width: 496px) 100vw, 496px\" \/><figcaption class=\"wp-element-caption\">Figura 3<\/figcaption><\/figure>\n\n\n\n<h3 class=\"wp-block-heading\"><strong>EL RESISTOGRAMA<\/strong><\/h3>\n\n\n\n<p>El resistograma es la representaci\u00f3n gr\u00e1fica a trav\u00e9s de coordenadas que relacionan la intensidad utilizada para la penetraci\u00f3n de la aguja con la profundidad de perforaci\u00f3n. Las gr\u00e1ficas representadas muestran la resistencia que ofrece la madera al avance de la aguja y la resistencia de la madera a la rotaci\u00f3n de la aguja.<\/p>\n\n\n\n<figure class=\"wp-block-image size-full is-resized\"><img loading=\"lazy\" decoding=\"async\" src=\"https:\/\/aceweb.cat\/wp-content\/uploads\/2022\/10\/ACE-04-Sanite.jpg\" alt=\"\" class=\"wp-image-6582\" width=\"502\" height=\"360\" srcset=\"https:\/\/aceweb.cat\/wp-content\/uploads\/2022\/10\/ACE-04-Sanite.jpg 1004w, https:\/\/aceweb.cat\/wp-content\/uploads\/2022\/10\/ACE-04-Sanite-300x215.jpg 300w, https:\/\/aceweb.cat\/wp-content\/uploads\/2022\/10\/ACE-04-Sanite-600x430.jpg 600w, https:\/\/aceweb.cat\/wp-content\/uploads\/2022\/10\/ACE-04-Sanite-768x551.jpg 768w\" sizes=\"auto, (max-width: 502px) 100vw, 502px\" \/><\/figure>\n","protected":false},"excerpt":{"rendered":"<p>Paco Dom\u00ednguez Una diagnosis de patolog\u00edas de estructuras de madera nos permite conocer de primera mano el verdadero estado de conservaci\u00f3n, m\u00e1s all\u00e1 de lo que se pueda apreciar visualmente. Como ejemplo, en la figura 1 se aprecia una viga de madera con agujeros de salida de carcoma de peque\u00f1o espesor, una plaga cil\u00f3faga que &hellip;<\/p>\n<p class=\"read-more\"> <a class=\"\" href=\"https:\/\/aceweb.cat\/es\/espacio-innovacion\/danos-ocultos-en-estructuras-de-madera\/\"> <span class=\"screen-reader-text\">Da\u00f1os ocultos en estructuras de madera<\/span> Leer m\u00e1s &raquo;<\/a><\/p>\n","protected":false},"author":1,"featured_media":6569,"comment_status":"open","ping_status":"closed","sticky":false,"template":"","format":"standard","meta":{"_acf_changed":false,"site-sidebar-layout":"default","site-content-layout":"default","ast-global-header-display":"","ast-main-header-display":"","ast-hfb-above-header-display":"","ast-hfb-below-header-display":"","ast-hfb-mobile-header-display":"","site-post-title":"","ast-breadcrumbs-content":"","ast-featured-img":"","footer-sml-layout":"","theme-transparent-header-meta":"","adv-header-id-meta":"","stick-header-meta":"","header-above-stick-meta":"","header-main-stick-meta":"","header-below-stick-meta":"","footnotes":""},"categories":[1433,1435],"tags":[],"class_list":["post-39336","post","type-post","status-publish","format-standard","has-post-thumbnail","hentry","category-espacio-innovacion","category-estructuras-de-madera"],"acf":[],"yoast_head":"<!-- This site is optimized with the Yoast SEO plugin v27.1.1 - https:\/\/yoast.com\/product\/yoast-seo-wordpress\/ -->\n<title>Da\u00f1os ocultos en estructuras de madera | ACE<\/title>\n<meta name=\"robots\" content=\"index, follow, max-snippet:-1, max-image-preview:large, max-video-preview:-1\" \/>\n<link rel=\"canonical\" href=\"https:\/\/aceweb.cat\/es\/espacio-innovacion\/danos-ocultos-en-estructuras-de-madera\/\" \/>\n<meta property=\"og:locale\" content=\"es_ES\" \/>\n<meta property=\"og:type\" content=\"article\" \/>\n<meta property=\"og:title\" content=\"Da\u00f1os ocultos en estructuras de madera | ACE\" \/>\n<meta property=\"og:description\" content=\"Paco Dom\u00ednguez Una diagnosis de patolog\u00edas de estructuras de madera nos permite conocer de primera mano el verdadero estado de conservaci\u00f3n, m\u00e1s all\u00e1 de lo que se pueda apreciar visualmente. Como ejemplo, en la figura 1 se aprecia una viga de madera con agujeros de salida de carcoma de peque\u00f1o espesor, una plaga cil\u00f3faga que &hellip; Da\u00f1os ocultos en estructuras de madera Leer m\u00e1s &raquo;\" \/>\n<meta property=\"og:url\" content=\"https:\/\/aceweb.cat\/es\/espacio-innovacion\/danos-ocultos-en-estructuras-de-madera\/\" \/>\n<meta property=\"og:site_name\" content=\"aceweb.cat\" \/>\n<meta property=\"article:published_time\" content=\"2023-09-15T19:46:04+00:00\" \/>\n<meta property=\"og:image\" content=\"https:\/\/aceweb.cat\/wp-content\/uploads\/2022\/09\/IMG_0755-1.png\" \/>\n\t<meta property=\"og:image:width\" content=\"640\" \/>\n\t<meta property=\"og:image:height\" content=\"480\" \/>\n\t<meta property=\"og:image:type\" content=\"image\/png\" \/>\n<meta name=\"author\" content=\"Manel\" \/>\n<meta name=\"twitter:card\" content=\"summary_large_image\" \/>\n<meta name=\"twitter:label1\" content=\"Escrito por\" \/>\n\t<meta name=\"twitter:data1\" content=\"Manel\" \/>\n\t<meta name=\"twitter:label2\" content=\"Tiempo de lectura\" \/>\n\t<meta name=\"twitter:data2\" content=\"2 minutos\" \/>\n<script type=\"application\/ld+json\" class=\"yoast-schema-graph\">{\"@context\":\"https:\/\/schema.org\",\"@graph\":[{\"@type\":\"Article\",\"@id\":\"https:\/\/aceweb.cat\/es\/espacio-innovacion\/danos-ocultos-en-estructuras-de-madera\/#article\",\"isPartOf\":{\"@id\":\"https:\/\/aceweb.cat\/es\/espacio-innovacion\/danos-ocultos-en-estructuras-de-madera\/\"},\"author\":{\"name\":\"Manel\",\"@id\":\"https:\/\/aceweb.cat\/#\/schema\/person\/eff128d7a478831719f89cf8a1a6280c\"},\"headline\":\"Da\u00f1os ocultos en estructuras de madera\",\"datePublished\":\"2023-09-15T19:46:04+00:00\",\"mainEntityOfPage\":{\"@id\":\"https:\/\/aceweb.cat\/es\/espacio-innovacion\/danos-ocultos-en-estructuras-de-madera\/\"},\"wordCount\":220,\"commentCount\":0,\"publisher\":{\"@id\":\"https:\/\/aceweb.cat\/#organization\"},\"image\":{\"@id\":\"https:\/\/aceweb.cat\/es\/espacio-innovacion\/danos-ocultos-en-estructuras-de-madera\/#primaryimage\"},\"thumbnailUrl\":\"https:\/\/aceweb.cat\/wp-content\/uploads\/2022\/09\/IMG_0755-1.png\",\"articleSection\":[\"Espacio innovaci\u00f3n\",\"Novedades sobre estructuras de madera\"],\"inLanguage\":\"es\",\"potentialAction\":[{\"@type\":\"CommentAction\",\"name\":\"Comment\",\"target\":[\"https:\/\/aceweb.cat\/es\/espacio-innovacion\/danos-ocultos-en-estructuras-de-madera\/#respond\"]}]},{\"@type\":\"WebPage\",\"@id\":\"https:\/\/aceweb.cat\/es\/espacio-innovacion\/danos-ocultos-en-estructuras-de-madera\/\",\"url\":\"https:\/\/aceweb.cat\/es\/espacio-innovacion\/danos-ocultos-en-estructuras-de-madera\/\",\"name\":\"Da\u00f1os ocultos en estructuras de madera | ACE\",\"isPartOf\":{\"@id\":\"https:\/\/aceweb.cat\/#website\"},\"primaryImageOfPage\":{\"@id\":\"https:\/\/aceweb.cat\/es\/espacio-innovacion\/danos-ocultos-en-estructuras-de-madera\/#primaryimage\"},\"image\":{\"@id\":\"https:\/\/aceweb.cat\/es\/espacio-innovacion\/danos-ocultos-en-estructuras-de-madera\/#primaryimage\"},\"thumbnailUrl\":\"https:\/\/aceweb.cat\/wp-content\/uploads\/2022\/09\/IMG_0755-1.png\",\"datePublished\":\"2023-09-15T19:46:04+00:00\",\"breadcrumb\":{\"@id\":\"https:\/\/aceweb.cat\/es\/espacio-innovacion\/danos-ocultos-en-estructuras-de-madera\/#breadcrumb\"},\"inLanguage\":\"es\",\"potentialAction\":[{\"@type\":\"ReadAction\",\"target\":[\"https:\/\/aceweb.cat\/es\/espacio-innovacion\/danos-ocultos-en-estructuras-de-madera\/\"]}]},{\"@type\":\"ImageObject\",\"inLanguage\":\"es\",\"@id\":\"https:\/\/aceweb.cat\/es\/espacio-innovacion\/danos-ocultos-en-estructuras-de-madera\/#primaryimage\",\"url\":\"https:\/\/aceweb.cat\/wp-content\/uploads\/2022\/09\/IMG_0755-1.png\",\"contentUrl\":\"https:\/\/aceweb.cat\/wp-content\/uploads\/2022\/09\/IMG_0755-1.png\",\"width\":640,\"height\":480,\"caption\":\"Sanite\"},{\"@type\":\"BreadcrumbList\",\"@id\":\"https:\/\/aceweb.cat\/es\/espacio-innovacion\/danos-ocultos-en-estructuras-de-madera\/#breadcrumb\",\"itemListElement\":[{\"@type\":\"ListItem\",\"position\":1,\"name\":\"Inici\",\"item\":\"https:\/\/aceweb.cat\/\"},{\"@type\":\"ListItem\",\"position\":2,\"name\":\"Espai innovaci\u00f3\",\"item\":\"https:\/\/aceweb.cat\/categoria\/espai-innovacio\/\"},{\"@type\":\"ListItem\",\"position\":3,\"name\":\"Estructures de fusta\",\"item\":\"https:\/\/aceweb.cat\/categoria\/espai-innovacio\/estructures-de-fusta\/\"},{\"@type\":\"ListItem\",\"position\":4,\"name\":\"Da\u00f1os ocultos en estructuras de madera\"}]},{\"@type\":\"WebSite\",\"@id\":\"https:\/\/aceweb.cat\/#website\",\"url\":\"https:\/\/aceweb.cat\/\",\"name\":\"ACE\",\"description\":\"Associaci\u00f3 de Consultors d&#039;Estructures | ACE\",\"publisher\":{\"@id\":\"https:\/\/aceweb.cat\/#organization\"},\"alternateName\":\"ACE\",\"potentialAction\":[{\"@type\":\"SearchAction\",\"target\":{\"@type\":\"EntryPoint\",\"urlTemplate\":\"https:\/\/aceweb.cat\/?s={search_term_string}\"},\"query-input\":{\"@type\":\"PropertyValueSpecification\",\"valueRequired\":true,\"valueName\":\"search_term_string\"}}],\"inLanguage\":\"es\"},{\"@type\":\"Organization\",\"@id\":\"https:\/\/aceweb.cat\/#organization\",\"name\":\"ACE\",\"alternateName\":\"ACE\",\"url\":\"https:\/\/aceweb.cat\/\",\"logo\":{\"@type\":\"ImageObject\",\"inLanguage\":\"es\",\"@id\":\"https:\/\/aceweb.cat\/#\/schema\/logo\/image\/\",\"url\":\"https:\/\/aceweb.cat\/wp-content\/uploads\/2022\/10\/logo.svg\",\"contentUrl\":\"https:\/\/aceweb.cat\/wp-content\/uploads\/2022\/10\/logo.svg\",\"width\":1,\"height\":1,\"caption\":\"ACE\"},\"image\":{\"@id\":\"https:\/\/aceweb.cat\/#\/schema\/logo\/image\/\"}},{\"@type\":\"Person\",\"@id\":\"https:\/\/aceweb.cat\/#\/schema\/person\/eff128d7a478831719f89cf8a1a6280c\",\"name\":\"Manel\",\"image\":{\"@type\":\"ImageObject\",\"inLanguage\":\"es\",\"@id\":\"https:\/\/aceweb.cat\/#\/schema\/person\/image\/\",\"url\":\"https:\/\/secure.gravatar.com\/avatar\/08f10a599e1c2233dfc54578e9936eb5325ce0a03faf2072be5f50c306c7e522?s=96&d=mm&r=g\",\"contentUrl\":\"https:\/\/secure.gravatar.com\/avatar\/08f10a599e1c2233dfc54578e9936eb5325ce0a03faf2072be5f50c306c7e522?s=96&d=mm&r=g\",\"caption\":\"Manel\"},\"sameAs\":[\"https:\/\/aceweb.cat\"],\"url\":\"https:\/\/aceweb.cat\/es\/author\/a1e6ded0e0\/\"}]}<\/script>\n<!-- \/ Yoast SEO plugin. -->","yoast_head_json":{"title":"Da\u00f1os ocultos en estructuras de madera | ACE","robots":{"index":"index","follow":"follow","max-snippet":"max-snippet:-1","max-image-preview":"max-image-preview:large","max-video-preview":"max-video-preview:-1"},"canonical":"https:\/\/aceweb.cat\/es\/espacio-innovacion\/danos-ocultos-en-estructuras-de-madera\/","og_locale":"es_ES","og_type":"article","og_title":"Da\u00f1os ocultos en estructuras de madera | ACE","og_description":"Paco Dom\u00ednguez Una diagnosis de patolog\u00edas de estructuras de madera nos permite conocer de primera mano el verdadero estado de conservaci\u00f3n, m\u00e1s all\u00e1 de lo que se pueda apreciar visualmente. Como ejemplo, en la figura 1 se aprecia una viga de madera con agujeros de salida de carcoma de peque\u00f1o espesor, una plaga cil\u00f3faga que &hellip; Da\u00f1os ocultos en estructuras de madera Leer m\u00e1s &raquo;","og_url":"https:\/\/aceweb.cat\/es\/espacio-innovacion\/danos-ocultos-en-estructuras-de-madera\/","og_site_name":"aceweb.cat","article_published_time":"2023-09-15T19:46:04+00:00","og_image":[{"width":640,"height":480,"url":"https:\/\/aceweb.cat\/wp-content\/uploads\/2022\/09\/IMG_0755-1.png","type":"image\/png"}],"author":"Manel","twitter_card":"summary_large_image","twitter_misc":{"Escrito por":"Manel","Tiempo de lectura":"2 minutos"},"schema":{"@context":"https:\/\/schema.org","@graph":[{"@type":"Article","@id":"https:\/\/aceweb.cat\/es\/espacio-innovacion\/danos-ocultos-en-estructuras-de-madera\/#article","isPartOf":{"@id":"https:\/\/aceweb.cat\/es\/espacio-innovacion\/danos-ocultos-en-estructuras-de-madera\/"},"author":{"name":"Manel","@id":"https:\/\/aceweb.cat\/#\/schema\/person\/eff128d7a478831719f89cf8a1a6280c"},"headline":"Da\u00f1os ocultos en estructuras de madera","datePublished":"2023-09-15T19:46:04+00:00","mainEntityOfPage":{"@id":"https:\/\/aceweb.cat\/es\/espacio-innovacion\/danos-ocultos-en-estructuras-de-madera\/"},"wordCount":220,"commentCount":0,"publisher":{"@id":"https:\/\/aceweb.cat\/#organization"},"image":{"@id":"https:\/\/aceweb.cat\/es\/espacio-innovacion\/danos-ocultos-en-estructuras-de-madera\/#primaryimage"},"thumbnailUrl":"https:\/\/aceweb.cat\/wp-content\/uploads\/2022\/09\/IMG_0755-1.png","articleSection":["Espacio innovaci\u00f3n","Novedades sobre estructuras de madera"],"inLanguage":"es","potentialAction":[{"@type":"CommentAction","name":"Comment","target":["https:\/\/aceweb.cat\/es\/espacio-innovacion\/danos-ocultos-en-estructuras-de-madera\/#respond"]}]},{"@type":"WebPage","@id":"https:\/\/aceweb.cat\/es\/espacio-innovacion\/danos-ocultos-en-estructuras-de-madera\/","url":"https:\/\/aceweb.cat\/es\/espacio-innovacion\/danos-ocultos-en-estructuras-de-madera\/","name":"Da\u00f1os ocultos en estructuras de madera | ACE","isPartOf":{"@id":"https:\/\/aceweb.cat\/#website"},"primaryImageOfPage":{"@id":"https:\/\/aceweb.cat\/es\/espacio-innovacion\/danos-ocultos-en-estructuras-de-madera\/#primaryimage"},"image":{"@id":"https:\/\/aceweb.cat\/es\/espacio-innovacion\/danos-ocultos-en-estructuras-de-madera\/#primaryimage"},"thumbnailUrl":"https:\/\/aceweb.cat\/wp-content\/uploads\/2022\/09\/IMG_0755-1.png","datePublished":"2023-09-15T19:46:04+00:00","breadcrumb":{"@id":"https:\/\/aceweb.cat\/es\/espacio-innovacion\/danos-ocultos-en-estructuras-de-madera\/#breadcrumb"},"inLanguage":"es","potentialAction":[{"@type":"ReadAction","target":["https:\/\/aceweb.cat\/es\/espacio-innovacion\/danos-ocultos-en-estructuras-de-madera\/"]}]},{"@type":"ImageObject","inLanguage":"es","@id":"https:\/\/aceweb.cat\/es\/espacio-innovacion\/danos-ocultos-en-estructuras-de-madera\/#primaryimage","url":"https:\/\/aceweb.cat\/wp-content\/uploads\/2022\/09\/IMG_0755-1.png","contentUrl":"https:\/\/aceweb.cat\/wp-content\/uploads\/2022\/09\/IMG_0755-1.png","width":640,"height":480,"caption":"Sanite"},{"@type":"BreadcrumbList","@id":"https:\/\/aceweb.cat\/es\/espacio-innovacion\/danos-ocultos-en-estructuras-de-madera\/#breadcrumb","itemListElement":[{"@type":"ListItem","position":1,"name":"Inici","item":"https:\/\/aceweb.cat\/"},{"@type":"ListItem","position":2,"name":"Espai innovaci\u00f3","item":"https:\/\/aceweb.cat\/categoria\/espai-innovacio\/"},{"@type":"ListItem","position":3,"name":"Estructures de fusta","item":"https:\/\/aceweb.cat\/categoria\/espai-innovacio\/estructures-de-fusta\/"},{"@type":"ListItem","position":4,"name":"Da\u00f1os ocultos en estructuras de madera"}]},{"@type":"WebSite","@id":"https:\/\/aceweb.cat\/#website","url":"https:\/\/aceweb.cat\/","name":"ACE","description":"Associaci\u00f3 de Consultors d&#039;Estructures | ACE","publisher":{"@id":"https:\/\/aceweb.cat\/#organization"},"alternateName":"ACE","potentialAction":[{"@type":"SearchAction","target":{"@type":"EntryPoint","urlTemplate":"https:\/\/aceweb.cat\/?s={search_term_string}"},"query-input":{"@type":"PropertyValueSpecification","valueRequired":true,"valueName":"search_term_string"}}],"inLanguage":"es"},{"@type":"Organization","@id":"https:\/\/aceweb.cat\/#organization","name":"ACE","alternateName":"ACE","url":"https:\/\/aceweb.cat\/","logo":{"@type":"ImageObject","inLanguage":"es","@id":"https:\/\/aceweb.cat\/#\/schema\/logo\/image\/","url":"https:\/\/aceweb.cat\/wp-content\/uploads\/2022\/10\/logo.svg","contentUrl":"https:\/\/aceweb.cat\/wp-content\/uploads\/2022\/10\/logo.svg","width":1,"height":1,"caption":"ACE"},"image":{"@id":"https:\/\/aceweb.cat\/#\/schema\/logo\/image\/"}},{"@type":"Person","@id":"https:\/\/aceweb.cat\/#\/schema\/person\/eff128d7a478831719f89cf8a1a6280c","name":"Manel","image":{"@type":"ImageObject","inLanguage":"es","@id":"https:\/\/aceweb.cat\/#\/schema\/person\/image\/","url":"https:\/\/secure.gravatar.com\/avatar\/08f10a599e1c2233dfc54578e9936eb5325ce0a03faf2072be5f50c306c7e522?s=96&d=mm&r=g","contentUrl":"https:\/\/secure.gravatar.com\/avatar\/08f10a599e1c2233dfc54578e9936eb5325ce0a03faf2072be5f50c306c7e522?s=96&d=mm&r=g","caption":"Manel"},"sameAs":["https:\/\/aceweb.cat"],"url":"https:\/\/aceweb.cat\/es\/author\/a1e6ded0e0\/"}]}},"_links":{"self":[{"href":"https:\/\/aceweb.cat\/es\/wp-json\/wp\/v2\/posts\/39336","targetHints":{"allow":["GET"]}}],"collection":[{"href":"https:\/\/aceweb.cat\/es\/wp-json\/wp\/v2\/posts"}],"about":[{"href":"https:\/\/aceweb.cat\/es\/wp-json\/wp\/v2\/types\/post"}],"author":[{"embeddable":true,"href":"https:\/\/aceweb.cat\/es\/wp-json\/wp\/v2\/users\/1"}],"replies":[{"embeddable":true,"href":"https:\/\/aceweb.cat\/es\/wp-json\/wp\/v2\/comments?post=39336"}],"version-history":[{"count":3,"href":"https:\/\/aceweb.cat\/es\/wp-json\/wp\/v2\/posts\/39336\/revisions"}],"predecessor-version":[{"id":40350,"href":"https:\/\/aceweb.cat\/es\/wp-json\/wp\/v2\/posts\/39336\/revisions\/40350"}],"wp:featuredmedia":[{"embeddable":true,"href":"https:\/\/aceweb.cat\/es\/wp-json\/wp\/v2\/media\/6569"}],"wp:attachment":[{"href":"https:\/\/aceweb.cat\/es\/wp-json\/wp\/v2\/media?parent=39336"}],"wp:term":[{"taxonomy":"category","embeddable":true,"href":"https:\/\/aceweb.cat\/es\/wp-json\/wp\/v2\/categories?post=39336"},{"taxonomy":"post_tag","embeddable":true,"href":"https:\/\/aceweb.cat\/es\/wp-json\/wp\/v2\/tags?post=39336"}],"curies":[{"name":"wp","href":"https:\/\/api.w.org\/{rel}","templated":true}]}}