{"id":40316,"date":"2022-09-13T10:00:00","date_gmt":"2022-09-13T10:00:00","guid":{"rendered":"https:\/\/www.aceweb.advertis.es\/sin-categorizar\/sistema-herms-refuerzo-de-cabeza-de-madera\/"},"modified":"2025-01-04T11:23:58","modified_gmt":"2025-01-04T11:23:58","slug":"sistema-herms-refuerzo-de-cabeza-de-madera","status":"publish","type":"post","link":"https:\/\/aceweb.cat\/es\/espacio-innovacion\/sistema-herms-refuerzo-de-cabeza-de-madera\/","title":{"rendered":"Sistema HERMS refuerzo de cabeza de madera"},"content":{"rendered":"\n<p>El refuerzo de cabeza de madera HERMS se utiliza para apoyar la viga y sujetar los revoltones de las cabezas de madera deterioradas.<\/p>\n\n\n\n<h3 class=\"wp-block-heading\">APLICACIONES<\/h3>\n\n\n\n<p>Solo es v\u00e1lido cuando la degradaci\u00f3n es inferior a 30 cm y el resto de la vigueta est\u00e1 en buen estado.<\/p>\n\n\n\n<figure class=\"wp-block-image aligncenter size-full is-resized\"><img loading=\"lazy\" decoding=\"async\" src=\"https:\/\/aceweb.cat\/wp-content\/uploads\/2023\/09\/fig01-herms.jpg\" alt=\"\" class=\"wp-image-40312\" width=\"280\" height=\"261\" srcset=\"https:\/\/aceweb.cat\/wp-content\/uploads\/2023\/09\/fig01-herms.jpg 560w, https:\/\/aceweb.cat\/wp-content\/uploads\/2023\/09\/fig01-herms-300x279.jpg 300w\" sizes=\"auto, (max-width: 280px) 100vw, 280px\" \/><\/figure>\n\n\n\n<h3 class=\"wp-block-heading\">DESCRIPCI\u00d3N GENERAL<\/h3>\n\n\n\n<p>Este refuerzo consiste en la colocaci\u00f3n en la cabeza de la viga deteriorada de un elemento de soporte formado a su vez por dos placas independientes, que permiten de este modo ajustarse a la anchura de la viga.<\/p>\n\n\n\n<p>Cada placa est\u00e1 formada por un perfil en forma de zeta soldado a una pletina de sujeci\u00f3n a la pared mediante cuatro anclajes qu\u00edmicos.<\/p>\n\n\n\n<p>El espacio que queda entre el ala del perfil zeta y el revolt\u00f3n se retaca con mortero de reparaci\u00f3n. No es indispensable rellenar el espacio interior entre la viga de madera y los perfiles, aunque el perfil zeta tiene una ligera inclinaci\u00f3n y puede retener, en caso de as\u00ed desearlo, mortero en este espacio.<\/p>\n\n\n\n<p>Para casos en que adem\u00e1s de degradaci\u00f3n de las cabezas de las vigas tambi\u00e9n existan problemas de flecha, dando por supuesto que el resto de la viga no est\u00e1 deteriorada, se puede combinar el refuerzo con el sistema KIT TENSOR HERMS.<\/p>\n\n\n\n<figure class=\"wp-block-image aligncenter size-full is-resized\"><img loading=\"lazy\" decoding=\"async\" src=\"https:\/\/aceweb.cat\/wp-content\/uploads\/2023\/09\/fig02-herms.jpg\" alt=\"\" class=\"wp-image-40310\" width=\"250\" height=\"111\" srcset=\"https:\/\/aceweb.cat\/wp-content\/uploads\/2023\/09\/fig02-herms.jpg 500w, https:\/\/aceweb.cat\/wp-content\/uploads\/2023\/09\/fig02-herms-300x133.jpg 300w\" sizes=\"auto, (max-width: 250px) 100vw, 250px\" \/><\/figure>\n\n\n\n<h3 class=\"wp-block-heading\">PROPIEDADES DE LA MATERIA PRIMA<\/h3>\n\n\n\n<p>Pletinas:<strong>&nbsp;S275JR<\/strong>&nbsp;\/ EN 10025-2:2006\r\nChapa doblada: <strong>S235JR+AR<\/strong>&nbsp;\/ EN 10025-2:2006<\/p>\n\n\n\n<h3 class=\"wp-block-heading\">CARACTER\u00cdSTICAS GEOM\u00c9TRICAS<\/h3>\n\n\n\n<figure class=\"wp-block-image aligncenter size-full is-resized\"><img loading=\"lazy\" decoding=\"async\" src=\"https:\/\/aceweb.cat\/wp-content\/uploads\/2023\/09\/fig03-herms.jpg\" alt=\"\" class=\"wp-image-40308\" width=\"291\" height=\"463\" srcset=\"https:\/\/aceweb.cat\/wp-content\/uploads\/2023\/09\/fig03-herms.jpg 581w, https:\/\/aceweb.cat\/wp-content\/uploads\/2023\/09\/fig03-herms-188x300.jpg 188w, https:\/\/aceweb.cat\/wp-content\/uploads\/2023\/09\/fig03-herms-300x478.jpg 300w\" sizes=\"auto, (max-width: 291px) 100vw, 291px\" \/><\/figure>\n\n\n\n<h3 class=\"wp-block-heading\">CARACTER\u00cdSTICAS T\u00c9CNICAS<\/h3>\n\n\n\n<p>Se deben facilitar los siguientes datos para que HERMS pueda determinar si el refuerzo es v\u00e1lido:<\/p>\n\n\n\n<ul class=\"wp-block-list\">\n<li>Luz de la vigueta.<\/li>\n\n\n\n<li>Ancho 3 canto.<\/li>\n\n\n\n<li>Intereje.<\/li>\n\n\n\n<li>Cargas.<\/li>\n\n\n\n<li>Calidad de la madera.<\/li>\n\n\n\n<li>Longitud del tramo afectado.<\/li>\n<\/ul>\n\n\n\n<h3 class=\"wp-block-heading\">VENTAJAS<\/h3>\n\n\n\n<ul class=\"wp-block-list\">\n<li>No se pierde altura libre bajo la viga.<\/li>\n\n\n\n<li>El sistema se ajusta perfectamente a la anchura de la cabeza.<\/li>\n\n\n\n<li>Sin necesidad de soldadura.<\/li>\n\n\n\n<li>R\u00e1pido y econ\u00f3mico.<\/li>\n\n\n\n<li>M\u00ednimo incremento de peso a la estructura existente.<\/li>\n<\/ul>\n","protected":false},"excerpt":{"rendered":"<p>El refuerzo de cabeza de madera HERMS se utiliza para apoyar la viga y sujetar los revoltones de las cabezas de madera deterioradas. APLICACIONES Solo es v\u00e1lido cuando la degradaci\u00f3n es inferior a 30 cm y el resto de la vigueta est\u00e1 en buen estado. DESCRIPCI\u00d3N GENERAL Este refuerzo consiste en la colocaci\u00f3n en la &hellip;<\/p>\n<p class=\"read-more\"> <a class=\"\" href=\"https:\/\/aceweb.cat\/es\/espacio-innovacion\/sistema-herms-refuerzo-de-cabeza-de-madera\/\"> <span class=\"screen-reader-text\">Sistema HERMS refuerzo de cabeza de madera<\/span> Leer m\u00e1s &raquo;<\/a><\/p>\n","protected":false},"author":1,"featured_media":40313,"comment_status":"closed","ping_status":"closed","sticky":false,"template":"","format":"standard","meta":{"_acf_changed":false,"site-sidebar-layout":"default","site-content-layout":"default","ast-global-header-display":"","ast-main-header-display":"","ast-hfb-above-header-display":"","ast-hfb-below-header-display":"","ast-hfb-mobile-header-display":"","site-post-title":"","ast-breadcrumbs-content":"","ast-featured-img":"","footer-sml-layout":"","theme-transparent-header-meta":"","adv-header-id-meta":"","stick-header-meta":"","header-above-stick-meta":"","header-main-stick-meta":"","header-below-stick-meta":"","footnotes":""},"categories":[1433,1435,1440],"tags":[],"class_list":["post-40316","post","type-post","status-publish","format-standard","has-post-thumbnail","hentry","category-espacio-innovacion","category-estructuras-de-madera","category-rehabilitacion"],"acf":[],"yoast_head":"<!-- This site is optimized with the Yoast SEO plugin v27.1.1 - https:\/\/yoast.com\/product\/yoast-seo-wordpress\/ -->\n<title>Sistema HERMS refuerzo de cabeza de madera | ACE<\/title>\n<meta name=\"description\" content=\"El refuerzo de cabeza de madera HERMS se utiliza para apoyar la viga y sujetar los revoltones de las cabezas de madera deterioradas.\" \/>\n<meta name=\"robots\" content=\"index, follow, max-snippet:-1, max-image-preview:large, max-video-preview:-1\" \/>\n<link rel=\"canonical\" href=\"https:\/\/aceweb.cat\/?p=40304\" \/>\n<meta property=\"og:locale\" content=\"es_ES\" \/>\n<meta property=\"og:type\" content=\"article\" \/>\n<meta property=\"og:title\" content=\"Sistema HERMS refuerzo de cabeza de madera | ACE\" \/>\n<meta property=\"og:description\" content=\"El refuerzo de cabeza de madera HERMS se utiliza para apoyar la viga y sujetar los revoltones de las cabezas de madera deterioradas.\" \/>\n<meta property=\"og:url\" content=\"https:\/\/aceweb.cat\/?p=40304\" \/>\n<meta property=\"og:site_name\" content=\"aceweb.cat\" \/>\n<meta property=\"article:published_time\" content=\"2022-09-13T10:00:00+00:00\" \/>\n<meta property=\"article:modified_time\" content=\"2025-01-04T11:23:58+00:00\" \/>\n<meta property=\"og:image\" content=\"https:\/\/aceweb.cat\/wp-content\/uploads\/2023\/09\/fig01-herms.jpg\" \/>\n\t<meta property=\"og:image:width\" content=\"560\" \/>\n\t<meta property=\"og:image:height\" content=\"521\" \/>\n\t<meta property=\"og:image:type\" content=\"image\/jpeg\" \/>\n<meta name=\"author\" content=\"Manel\" \/>\n<meta name=\"twitter:card\" content=\"summary_large_image\" \/>\n<meta name=\"twitter:label1\" content=\"Escrito por\" \/>\n\t<meta name=\"twitter:data1\" content=\"Manel\" \/>\n\t<meta name=\"twitter:label2\" content=\"Tiempo de lectura\" \/>\n\t<meta name=\"twitter:data2\" content=\"3 minutos\" \/>\n<script type=\"application\/ld+json\" class=\"yoast-schema-graph\">{\"@context\":\"https:\/\/schema.org\",\"@graph\":[{\"@type\":\"Article\",\"@id\":\"https:\/\/aceweb.cat\/?p=40304#article\",\"isPartOf\":{\"@id\":\"https:\/\/aceweb.cat\/?p=40304\"},\"author\":{\"name\":\"Manel\",\"@id\":\"https:\/\/aceweb.cat\/#\/schema\/person\/eff128d7a478831719f89cf8a1a6280c\"},\"headline\":\"Sistema HERMS refuerzo de cabeza de madera\",\"datePublished\":\"2022-09-13T10:00:00+00:00\",\"dateModified\":\"2025-01-04T11:23:58+00:00\",\"mainEntityOfPage\":{\"@id\":\"https:\/\/aceweb.cat\/?p=40304\"},\"wordCount\":321,\"publisher\":{\"@id\":\"https:\/\/aceweb.cat\/#organization\"},\"image\":{\"@id\":\"https:\/\/aceweb.cat\/?p=40304#primaryimage\"},\"thumbnailUrl\":\"https:\/\/aceweb.cat\/wp-content\/uploads\/2023\/09\/fig01-herms.jpg\",\"articleSection\":[\"Espacio innovaci\u00f3n\",\"Novedades sobre estructuras de madera\",\"Rehabilitaci\u00f3n\"],\"inLanguage\":\"es\"},{\"@type\":\"WebPage\",\"@id\":\"https:\/\/aceweb.cat\/?p=40304\",\"url\":\"https:\/\/aceweb.cat\/?p=40304\",\"name\":\"Sistema HERMS refuerzo de cabeza de madera | ACE\",\"isPartOf\":{\"@id\":\"https:\/\/aceweb.cat\/#website\"},\"primaryImageOfPage\":{\"@id\":\"https:\/\/aceweb.cat\/?p=40304#primaryimage\"},\"image\":{\"@id\":\"https:\/\/aceweb.cat\/?p=40304#primaryimage\"},\"thumbnailUrl\":\"https:\/\/aceweb.cat\/wp-content\/uploads\/2023\/09\/fig01-herms.jpg\",\"datePublished\":\"2022-09-13T10:00:00+00:00\",\"dateModified\":\"2025-01-04T11:23:58+00:00\",\"description\":\"El refuerzo de cabeza de madera HERMS se utiliza para apoyar la viga y sujetar los revoltones de las cabezas de madera deterioradas.\",\"breadcrumb\":{\"@id\":\"https:\/\/aceweb.cat\/?p=40304#breadcrumb\"},\"inLanguage\":\"es\",\"potentialAction\":[{\"@type\":\"ReadAction\",\"target\":[\"https:\/\/aceweb.cat\/?p=40304\"]}]},{\"@type\":\"ImageObject\",\"inLanguage\":\"es\",\"@id\":\"https:\/\/aceweb.cat\/?p=40304#primaryimage\",\"url\":\"https:\/\/aceweb.cat\/wp-content\/uploads\/2023\/09\/fig01-herms.jpg\",\"contentUrl\":\"https:\/\/aceweb.cat\/wp-content\/uploads\/2023\/09\/fig01-herms.jpg\",\"width\":560,\"height\":521},{\"@type\":\"BreadcrumbList\",\"@id\":\"https:\/\/aceweb.cat\/?p=40304#breadcrumb\",\"itemListElement\":[{\"@type\":\"ListItem\",\"position\":1,\"name\":\"Inici\",\"item\":\"https:\/\/aceweb.cat\/\"},{\"@type\":\"ListItem\",\"position\":2,\"name\":\"Espai innovaci\u00f3\",\"item\":\"https:\/\/aceweb.cat\/categoria\/espai-innovacio\/\"},{\"@type\":\"ListItem\",\"position\":3,\"name\":\"Rehabilitaci\u00f3\",\"item\":\"https:\/\/aceweb.cat\/categoria\/espai-innovacio\/rehabilitacio\/\"},{\"@type\":\"ListItem\",\"position\":4,\"name\":\"Sistema HERMS refuerzo de cabeza de madera\"}]},{\"@type\":\"WebSite\",\"@id\":\"https:\/\/aceweb.cat\/#website\",\"url\":\"https:\/\/aceweb.cat\/\",\"name\":\"ACE\",\"description\":\"Associaci\u00f3 de Consultors d&#039;Estructures | ACE\",\"publisher\":{\"@id\":\"https:\/\/aceweb.cat\/#organization\"},\"alternateName\":\"ACE\",\"potentialAction\":[{\"@type\":\"SearchAction\",\"target\":{\"@type\":\"EntryPoint\",\"urlTemplate\":\"https:\/\/aceweb.cat\/?s={search_term_string}\"},\"query-input\":{\"@type\":\"PropertyValueSpecification\",\"valueRequired\":true,\"valueName\":\"search_term_string\"}}],\"inLanguage\":\"es\"},{\"@type\":\"Organization\",\"@id\":\"https:\/\/aceweb.cat\/#organization\",\"name\":\"ACE\",\"alternateName\":\"ACE\",\"url\":\"https:\/\/aceweb.cat\/\",\"logo\":{\"@type\":\"ImageObject\",\"inLanguage\":\"es\",\"@id\":\"https:\/\/aceweb.cat\/#\/schema\/logo\/image\/\",\"url\":\"https:\/\/aceweb.cat\/wp-content\/uploads\/2022\/10\/logo.svg\",\"contentUrl\":\"https:\/\/aceweb.cat\/wp-content\/uploads\/2022\/10\/logo.svg\",\"width\":1,\"height\":1,\"caption\":\"ACE\"},\"image\":{\"@id\":\"https:\/\/aceweb.cat\/#\/schema\/logo\/image\/\"}},{\"@type\":\"Person\",\"@id\":\"https:\/\/aceweb.cat\/#\/schema\/person\/eff128d7a478831719f89cf8a1a6280c\",\"name\":\"Manel\",\"image\":{\"@type\":\"ImageObject\",\"inLanguage\":\"es\",\"@id\":\"https:\/\/aceweb.cat\/#\/schema\/person\/image\/\",\"url\":\"https:\/\/secure.gravatar.com\/avatar\/08f10a599e1c2233dfc54578e9936eb5325ce0a03faf2072be5f50c306c7e522?s=96&d=mm&r=g\",\"contentUrl\":\"https:\/\/secure.gravatar.com\/avatar\/08f10a599e1c2233dfc54578e9936eb5325ce0a03faf2072be5f50c306c7e522?s=96&d=mm&r=g\",\"caption\":\"Manel\"},\"sameAs\":[\"https:\/\/aceweb.cat\"],\"url\":\"https:\/\/aceweb.cat\/es\/author\/a1e6ded0e0\/\"}]}<\/script>\n<!-- \/ Yoast SEO plugin. -->","yoast_head_json":{"title":"Sistema HERMS refuerzo de cabeza de madera | ACE","description":"El refuerzo de cabeza de madera HERMS se utiliza para apoyar la viga y sujetar los revoltones de las cabezas de madera deterioradas.","robots":{"index":"index","follow":"follow","max-snippet":"max-snippet:-1","max-image-preview":"max-image-preview:large","max-video-preview":"max-video-preview:-1"},"canonical":"https:\/\/aceweb.cat\/?p=40304","og_locale":"es_ES","og_type":"article","og_title":"Sistema HERMS refuerzo de cabeza de madera | ACE","og_description":"El refuerzo de cabeza de madera HERMS se utiliza para apoyar la viga y sujetar los revoltones de las cabezas de madera deterioradas.","og_url":"https:\/\/aceweb.cat\/?p=40304","og_site_name":"aceweb.cat","article_published_time":"2022-09-13T10:00:00+00:00","article_modified_time":"2025-01-04T11:23:58+00:00","og_image":[{"width":560,"height":521,"url":"https:\/\/aceweb.cat\/wp-content\/uploads\/2023\/09\/fig01-herms.jpg","type":"image\/jpeg"}],"author":"Manel","twitter_card":"summary_large_image","twitter_misc":{"Escrito por":"Manel","Tiempo de lectura":"3 minutos"},"schema":{"@context":"https:\/\/schema.org","@graph":[{"@type":"Article","@id":"https:\/\/aceweb.cat\/?p=40304#article","isPartOf":{"@id":"https:\/\/aceweb.cat\/?p=40304"},"author":{"name":"Manel","@id":"https:\/\/aceweb.cat\/#\/schema\/person\/eff128d7a478831719f89cf8a1a6280c"},"headline":"Sistema HERMS refuerzo de cabeza de madera","datePublished":"2022-09-13T10:00:00+00:00","dateModified":"2025-01-04T11:23:58+00:00","mainEntityOfPage":{"@id":"https:\/\/aceweb.cat\/?p=40304"},"wordCount":321,"publisher":{"@id":"https:\/\/aceweb.cat\/#organization"},"image":{"@id":"https:\/\/aceweb.cat\/?p=40304#primaryimage"},"thumbnailUrl":"https:\/\/aceweb.cat\/wp-content\/uploads\/2023\/09\/fig01-herms.jpg","articleSection":["Espacio innovaci\u00f3n","Novedades sobre estructuras de madera","Rehabilitaci\u00f3n"],"inLanguage":"es"},{"@type":"WebPage","@id":"https:\/\/aceweb.cat\/?p=40304","url":"https:\/\/aceweb.cat\/?p=40304","name":"Sistema HERMS refuerzo de cabeza de madera | ACE","isPartOf":{"@id":"https:\/\/aceweb.cat\/#website"},"primaryImageOfPage":{"@id":"https:\/\/aceweb.cat\/?p=40304#primaryimage"},"image":{"@id":"https:\/\/aceweb.cat\/?p=40304#primaryimage"},"thumbnailUrl":"https:\/\/aceweb.cat\/wp-content\/uploads\/2023\/09\/fig01-herms.jpg","datePublished":"2022-09-13T10:00:00+00:00","dateModified":"2025-01-04T11:23:58+00:00","description":"El refuerzo de cabeza de madera HERMS se utiliza para apoyar la viga y sujetar los revoltones de las cabezas de madera deterioradas.","breadcrumb":{"@id":"https:\/\/aceweb.cat\/?p=40304#breadcrumb"},"inLanguage":"es","potentialAction":[{"@type":"ReadAction","target":["https:\/\/aceweb.cat\/?p=40304"]}]},{"@type":"ImageObject","inLanguage":"es","@id":"https:\/\/aceweb.cat\/?p=40304#primaryimage","url":"https:\/\/aceweb.cat\/wp-content\/uploads\/2023\/09\/fig01-herms.jpg","contentUrl":"https:\/\/aceweb.cat\/wp-content\/uploads\/2023\/09\/fig01-herms.jpg","width":560,"height":521},{"@type":"BreadcrumbList","@id":"https:\/\/aceweb.cat\/?p=40304#breadcrumb","itemListElement":[{"@type":"ListItem","position":1,"name":"Inici","item":"https:\/\/aceweb.cat\/"},{"@type":"ListItem","position":2,"name":"Espai innovaci\u00f3","item":"https:\/\/aceweb.cat\/categoria\/espai-innovacio\/"},{"@type":"ListItem","position":3,"name":"Rehabilitaci\u00f3","item":"https:\/\/aceweb.cat\/categoria\/espai-innovacio\/rehabilitacio\/"},{"@type":"ListItem","position":4,"name":"Sistema HERMS refuerzo de cabeza de madera"}]},{"@type":"WebSite","@id":"https:\/\/aceweb.cat\/#website","url":"https:\/\/aceweb.cat\/","name":"ACE","description":"Associaci\u00f3 de Consultors d&#039;Estructures | ACE","publisher":{"@id":"https:\/\/aceweb.cat\/#organization"},"alternateName":"ACE","potentialAction":[{"@type":"SearchAction","target":{"@type":"EntryPoint","urlTemplate":"https:\/\/aceweb.cat\/?s={search_term_string}"},"query-input":{"@type":"PropertyValueSpecification","valueRequired":true,"valueName":"search_term_string"}}],"inLanguage":"es"},{"@type":"Organization","@id":"https:\/\/aceweb.cat\/#organization","name":"ACE","alternateName":"ACE","url":"https:\/\/aceweb.cat\/","logo":{"@type":"ImageObject","inLanguage":"es","@id":"https:\/\/aceweb.cat\/#\/schema\/logo\/image\/","url":"https:\/\/aceweb.cat\/wp-content\/uploads\/2022\/10\/logo.svg","contentUrl":"https:\/\/aceweb.cat\/wp-content\/uploads\/2022\/10\/logo.svg","width":1,"height":1,"caption":"ACE"},"image":{"@id":"https:\/\/aceweb.cat\/#\/schema\/logo\/image\/"}},{"@type":"Person","@id":"https:\/\/aceweb.cat\/#\/schema\/person\/eff128d7a478831719f89cf8a1a6280c","name":"Manel","image":{"@type":"ImageObject","inLanguage":"es","@id":"https:\/\/aceweb.cat\/#\/schema\/person\/image\/","url":"https:\/\/secure.gravatar.com\/avatar\/08f10a599e1c2233dfc54578e9936eb5325ce0a03faf2072be5f50c306c7e522?s=96&d=mm&r=g","contentUrl":"https:\/\/secure.gravatar.com\/avatar\/08f10a599e1c2233dfc54578e9936eb5325ce0a03faf2072be5f50c306c7e522?s=96&d=mm&r=g","caption":"Manel"},"sameAs":["https:\/\/aceweb.cat"],"url":"https:\/\/aceweb.cat\/es\/author\/a1e6ded0e0\/"}]}},"_links":{"self":[{"href":"https:\/\/aceweb.cat\/es\/wp-json\/wp\/v2\/posts\/40316","targetHints":{"allow":["GET"]}}],"collection":[{"href":"https:\/\/aceweb.cat\/es\/wp-json\/wp\/v2\/posts"}],"about":[{"href":"https:\/\/aceweb.cat\/es\/wp-json\/wp\/v2\/types\/post"}],"author":[{"embeddable":true,"href":"https:\/\/aceweb.cat\/es\/wp-json\/wp\/v2\/users\/1"}],"replies":[{"embeddable":true,"href":"https:\/\/aceweb.cat\/es\/wp-json\/wp\/v2\/comments?post=40316"}],"version-history":[{"count":2,"href":"https:\/\/aceweb.cat\/es\/wp-json\/wp\/v2\/posts\/40316\/revisions"}],"predecessor-version":[{"id":40318,"href":"https:\/\/aceweb.cat\/es\/wp-json\/wp\/v2\/posts\/40316\/revisions\/40318"}],"wp:featuredmedia":[{"embeddable":true,"href":"https:\/\/aceweb.cat\/es\/wp-json\/wp\/v2\/media\/40313"}],"wp:attachment":[{"href":"https:\/\/aceweb.cat\/es\/wp-json\/wp\/v2\/media?parent=40316"}],"wp:term":[{"taxonomy":"category","embeddable":true,"href":"https:\/\/aceweb.cat\/es\/wp-json\/wp\/v2\/categories?post=40316"},{"taxonomy":"post_tag","embeddable":true,"href":"https:\/\/aceweb.cat\/es\/wp-json\/wp\/v2\/tags?post=40316"}],"curies":[{"name":"wp","href":"https:\/\/api.w.org\/{rel}","templated":true}]}}