{"id":40373,"date":"2021-10-07T11:31:56","date_gmt":"2021-10-07T11:31:56","guid":{"rendered":"https:\/\/www.aceweb.advertis.es\/pruebas-de-carga-en-estructura-del-lucernario-de-la-cubierta-del-paranimf\/"},"modified":"2023-03-20T07:12:00","modified_gmt":"2023-03-20T07:12:00","slug":"pruebas-de-carga-en-estructura-del-lucernario-de-la-cubierta-del-paranimf","status":"publish","type":"post","link":"https:\/\/aceweb.cat\/es\/articulos-destacados\/pruebas-de-carga-en-estructura-del-lucernario-de-la-cubierta-del-paranimf\/","title":{"rendered":"Pruebas de carga en estructura del lucernario de la cubierta del Paranimf"},"content":{"rendered":"\n<div class=\"article\">\n<h6><strong>JORGE BLASCO MIGUEL<\/strong><br>Arquitecto por la ETSAB, consultor de estructuras desde 1992. Diplomado en Arquitectura Legal y Forense por la UPF. Diplomado en Investigaci\u00f3n Avanzada de Incendios por la Fundaci\u00f3n Fuego.<br>Fundador de Estudi m103, SLP. Profesor asociado de la ETSAB de la UPC, Profesor y coordinador de cursos y m\u00e1sters en otras universidades y colegios profesionales.<\/h6>\n<h6><strong>ORIOL PALOU JULI\u00c1N<\/strong><br>Arquitecto por la ETSAB, consultor de estructuras desde 1998. Diplomado en Arquitectura Legal y Forense por la UPF.<br>Miembro de <a href=\"\/es\/junta-directiva\/\">ACE<\/a>. Especializado en estructuras hist\u00f3ricas y an\u00e1lisis emp\u00edrico de estructuras.<\/h6>\n<hr>\n<\/div>\n\n\n\n<figure class=\"wp-block-image alignnone wp-image-32625 size-full\"><img decoding=\"async\" src=\"https:\/\/aceweb.cat\/wp-content\/uploads\/2021\/10\/ACE-Fig01-1.jpg\" alt=\"ACE. Paranimf del recinto de la Escola Industrial de Barcelona\" class=\"wp-image-32625\"\/><figcaption class=\"wp-element-caption\">Figura 1.<\/figcaption><\/figure>\n\n\n\n<h3 class=\"wp-block-heading\"><span style=\"color: #c3002f;\"><strong>EL CONTEXTO<\/strong><\/span><\/h3>\n\n\n\n<p>El objetivo de este art\u00edculo es ilustrar, a partir de un caso realizado, la utilidad y las posibilidades, as\u00ed como las dificultades y limitaciones, del uso de pruebas de carga en validaci\u00f3n de elementos estructurales existentes. Un m\u00e9todo poco usual, en parte debido al desconocimiento de estos aspectos.<\/p>\n\n\n\n<p>En el marco de las actuaciones de adecuaci\u00f3n del espacio del Paranimf del recinto de la <a href=\"https:\/\/ca.wikipedia.org\/wiki\/Escola_Industrial\" target=\"_blank\" rel=\"noopener noreferrer\">Escola Industrial de Barcelona<\/a>, se plantearon cuestiones relacionadas con la capacidad de la estructura existente que cubre el espacio circular para nuevas cargas de instalaciones que se suspender\u00e1n de la misma.<\/p>\n\n\n\n<figure class=\"wp-block-image alignnone size-full wp-image-32629\"><img decoding=\"async\" src=\"https:\/\/aceweb.cat\/wp-content\/uploads\/2021\/10\/ACE-Fig02-1.jpg\" alt=\"ACE. Planta primera. Proyecto de Dilm\u00e9 Fabr\u00e9 Torras i Associats.\" class=\"wp-image-32629\"\/><figcaption class=\"wp-element-caption\">Figura 2. Planta primera. Proyecto de Dilm\u00e9 Fabr\u00e9 Torras i Associats.<\/figcaption><\/figure>\n\n\n\n<p>En la primavera de 2019, la empresa constructora solicit\u00f3 a Sustenta el dise\u00f1o y seguimiento de pruebas de carga para evaluar la aptitud de servicio de la estructura de cubierta met\u00e1lica, as\u00ed como de las pletinas de apoyo de sistema de suspensi\u00f3n de <em>truss<\/em>.<\/p>\n\n\n\n<p>Dichas obras fueron promovidas por la Diputaci\u00f3 de Barcelona. El autor del proyecto es el despacho de arquitectura Dilm\u00e9 Fabr\u00e9 Torras i Associats. La consultor\u00eda de estructura corri\u00f3 a cargo de Jorge Blasco, del Estudi m103, miembro de ACE. El contratista es la UTE Paranimf Escola Industrial formada por COMSA S.A.U. y COMSA Industrial S.L. COMSA.<\/p>\n\n\n\n<figure class=\"wp-block-image alignnone size-full wp-image-32632\"><img decoding=\"async\" src=\"https:\/\/aceweb.cat\/wp-content\/uploads\/2021\/10\/ACE-Fig03.jpg\" alt=\"ACE. Ubicaci\u00f3n en secci\u00f3n de elementos a probar.\" class=\"wp-image-32632\"\/><figcaption class=\"wp-element-caption\">Figura 3. Ubicaci\u00f3n en secci\u00f3n de elementos a probar.<\/figcaption><\/figure>\n\n\n\n<h3 class=\"wp-block-heading\"><span style=\"color: #c3002f;\"><strong>EL PARANIMF<\/strong><\/span><\/h3>\n\n\n\n<p>El edificio era en origen una parte de la industria textil de los hermanos Batll\u00f3, levantada en terrenos comprados en 1867, en el barrio de Les Corts, de Barcelona. Parece ser que fue Rafael Guastavino quien redact\u00f3 los planos de las primeras edificaciones. De la antigua f\u00e1brica, construida entre 1868 y 1869, se conserva muy poca cosa; solo la alt\u00edsima y singular chimenea y la envolvente de la antigua f\u00e1brica de pisos, destacando el \u00abedificio del reloj\u00bb, lugar donde estaban los telares y se desarrollaba toda la producci\u00f3n.<\/p>\n\n\n\n<figure class=\"wp-block-image alignnone size-full wp-image-32636\"><img decoding=\"async\" src=\"https:\/\/aceweb.cat\/wp-content\/uploads\/2021\/10\/ACE-Fig04.jpg\" alt=\"ACE. Maqueta de la tercera propuesta integral para el recinto, hecha por Joan Rubi\u00f3 en 1928 -1929.\" class=\"wp-image-32636\"\/><figcaption class=\"wp-element-caption\">Figura 4. Maqueta de la tercera propuesta integral para el recinto, hecha por Joan Rubi\u00f3 en 1928.<\/figcaption><\/figure>\n\n\n\n<p>En 1906, la f\u00e1brica fue vendida y pas\u00f3 a ser transformada en Universidad Industrial, que ya en 1910 funcionaba. Entre 1927 y 1931, seg\u00fan proyecto de Joan Rubi\u00f3 i Bellver, se introdujeron las reformas definitivas, sobre todo en el cuerpo central de acceso, quedando tal y como hoy la podemos contemplar. En 1932 el proyecto qued\u00f3 paralizado y al poco tiempo lleg\u00f3 la Guerra Civil, quedando este espacio para uso militar.<\/p>\n\n\n\n<p>En el a\u00f1o 2001, por parte del despacho de Buxad\u00e9 &amp; Margarit, se realiz\u00f3 el proyecto de intervenci\u00f3n de las cubiertas del llantern\u00f3, reparando y rehabilitando los elementos de madera y met\u00e1licos, colocando un refuerzo al zuncho que une los pilares de la sala central.<\/p>\n\n\n\n<figure class=\"wp-block-image alignnone size-full wp-image-32639\"><img decoding=\"async\" src=\"https:\/\/aceweb.cat\/wp-content\/uploads\/2021\/10\/ACE-Fig05-1.jpg\" alt=\"ACE. Aspecto exterior del llantern\u00f3 del Paranimf en la actualidad, previo a las obras.\" class=\"wp-image-32639\"\/><figcaption class=\"wp-element-caption\">Figura 5. Aspecto exterior del llantern\u00f3 del Paranimf en la actualidad, previo a las obras.<\/figcaption><\/figure>\n\n\n\n<p>Desde 2003, por parte del despacho Estudi m103, SLP (Jorge Blasco) se han ido realizando proyectos de adecuaci\u00f3n y refuerzo estructural en el edificio, para dar soluci\u00f3n a los distintos proyectos arquitect\u00f3nicos que se planteaban y que se quedaban en la fase de estructuras, hasta que en 2015, el proyecto planteado por Dilm\u00e9 Fabr\u00e9 Torras i Associats es el que ha llegado a culminar la obra tanto tiempo inacabada. Es en este marco en el que se plantean las pruebas de carga expuestas en este art\u00edculo.<\/p>\n\n\n\n<figure class=\"wp-block-image alignnone size-full wp-image-32644\"><img decoding=\"async\" src=\"https:\/\/aceweb.cat\/wp-content\/uploads\/2021\/10\/ACE-Fig06-1.jpg\" alt=\"ACE. Detalle de la cubierta del proyecto de rehabilitaci\u00f3n de cubierta de Buxad\u00e9 &amp; Margarit, 2001.\" class=\"wp-image-32644\"\/><figcaption class=\"wp-element-caption\">Figura 6. Detalle de la cubierta del proyecto de rehabilitaci\u00f3n de cubierta de Buxad\u00e9 &amp; Margarit, 2001.<\/figcaption><\/figure>\n\n\n\n<p>La estructura analizada es la que corresponde a la cubierta tipo linterna del Paranimf. Se trata de una planta poligonal (un dodecaedro), formada por una serie de vigas de acero laminado sobre paredes de carga y machones de obra de f\u00e1brica, en un \u00e1mbito que se circunscribe en un c\u00edrculo de 20,7 metros de di\u00e1metro en su base, y otro nivel superior de menor di\u00e1metro.<\/p>\n\n\n\n<figure class=\"wp-block-image alignnone size-full wp-image-32647\"><img decoding=\"async\" src=\"https:\/\/aceweb.cat\/wp-content\/uploads\/2021\/10\/ACE-Fig07-1.jpg\" alt=\"ACE. Paranimf del recinto de la Escola Industrial de Barcelona\" class=\"wp-image-32647\"\/><figcaption class=\"wp-element-caption\">Figura 7.<\/figcaption><\/figure>\n\n\n\n<p>Las cerchas que forman los puntos de apoyo del <em>truss<\/em>, cuya carga se quiere comprobar, son pares de tri\u00e1ngulos formando perfiles en doble U dispuestas de forma radial, apoyadas en una corona de perfiles horizontales en doble U, montantes con perfiles en T y diagonales de arrostramiento, los cuales se apoyan en los soportes del per\u00edmetro (fig. 8).<\/p>\n\n\n\n<figure class=\"wp-block-image alignnone size-large wp-image-32650\"><img decoding=\"async\" src=\"https:\/\/aceweb.cat\/wp-content\/uploads\/2021\/10\/ACE-Fig08-788x1024.jpg\" alt=\"ACE. Im\u00e1genes del proyecto original de abril de 2015 del truss y sus soportes.\" class=\"wp-image-32650\"\/><figcaption class=\"wp-element-caption\">Figura 8. Im\u00e1genes del proyecto original de abril de 2015 del <em>truss<\/em> y sus soportes.<\/figcaption><\/figure>\n\n\n\n<h3 class=\"wp-block-heading\"><span style=\"color: #c3002f;\"><strong>PLANTEAMIENTO DE PRUEBAS DE CARGA<\/strong><\/span><\/h3>\n\n\n\n<p>Tal como se ha mencionado, durante las obras se plantea la conveniencia de comprobar emp\u00edricamente la capacidad de la estructura del llantern\u00f3 central para las cargas previstas de las instalaciones suspendidas. No se trataba de una prueba est\u00e1ndar: se trabajaba en interior, con una altura de 21 m y la obra en marcha, de manera que no resultaba inmediata la soluci\u00f3n para aplicar las cargas y tomar las medidas de las defor maciones. En este punto, resulta interesante hacer una rese\u00f1a de lo que representan e implican las pruebas de carga.<\/p>\n\n\n\n<p>Una prueba de carga de un elemento estructural es un experimento que tiene como objetivo determinar el comportamiento de una estructura real o un modelo f\u00edsico. Realizadas con el conocimiento adecuado y los medios necesarios, pueden aportar informaci\u00f3n que ayu da a tomar las decisiones adecuadas, especialmente cuando, en ausencia de informaci\u00f3n, en ocasiones la alternativa es reforzar \u00aba ciegas\u00bb o incluso derribar estructuras sin saber si los elementos existentes son aptos o no.<\/p>\n\n\n\n<p>Las pruebas de carga son de gran utilidad en los siguientes casos gen\u00e9ricos:<\/p>\n\n\n\n<ul class=\"wp-block-list\">\n<li>Evaluaci\u00f3n de estructuras existentes cuyas caracter\u00edsticas resistentes se desconocen.<\/li>\n\n\n\n<li>Evaluaci\u00f3n de estructuras da\u00f1adas.<\/li>\n\n\n\n<li>Cambios de uso, especialmente cuando incluyen aumento de sobrecargas.<\/li>\n\n\n\n<li>An\u00e1lisis de elementos estructurales aislados (pruebas en laboratorios).<\/li>\n<\/ul>\n\n\n\n<p>La comprobaci\u00f3n emp\u00edrica es un recurso que el ser humano ha utilizado desde que la inteligencia le acompa\u00f1a, para verificar que una intuici\u00f3n funciona realmente. As\u00ed mismo, no hay que olvidar que las pruebas de carga presentan algunas limitaciones.<\/p>\n\n\n\n<ul class=\"wp-block-list\">\n<li>Colapso parcial o total de la estructura ensayada. Cierto es que, si se toman las medidas de seguridad adecuadas, es preferible un colapso de una<br>estructura en fase de pruebas que en fase de uso, con el l\u00f3gico riesgo para los usuarios. En la mayor\u00eda de casos, para las cargas que se necesitan comprobar, las estructuras quedan lejos de llegar al colapso.<\/li>\n\n\n\n<li>Presencia de elementos no estructurales en contacto con estos, especialmente tabiques que tradicionalmente se sol\u00edan retacar a los forjados, y que pueden actuar como apoyos o distorsionar la rigidez real del elemento a comprobar.<\/li>\n\n\n\n<li>Presencia de usuarios en alguna parte del edificio, normalmente en los residenciales. Esto debe tenerse en consideraci\u00f3n, particularmente en cuanto a medidas de seguridad y posibles molestias.<\/li>\n\n\n\n<li>Los costes materiales y t\u00e9cnicos que implican las pruebas de carga son una limitaci\u00f3n a su aplicaci\u00f3n enmu chos casos, si bien la informaci\u00f3n que brindan suelecompensar la inversi\u00f3n que implican.<\/li>\n<\/ul>\n\n\n\n<p>En el caso del Paranimf, donde el objetivo era validar la capacidad de la estructura de la cubierta para solicitaciones adicionales, se consider\u00f3 la mejor opci\u00f3n utilizar un sistema emp\u00edrico con pruebas de carga est\u00e1ticas en fase el\u00e1stica, respaldando los an\u00e1lisis realizados con ordenador.<\/p>\n\n\n\n<p>Entre otras normativas como el C\u00f3digo T\u00e9cnico, la instrucci\u00f3n para hormig\u00f3n EHE-08, y publicaciones de referencia, las pruebas de carga realizadas se basaron en la norma UNE 7-457-86: Realizaci\u00f3n de ensayos est\u00e1ticos de puesta en carga en estructuras de piso en edificaci\u00f3n.<\/p>\n\n\n\n<h3 class=\"wp-block-heading\"><span style=\"color: #c3002f;\"><strong>LAS CARGAS CONSIDERADAS<\/strong><\/span><\/h3>\n\n\n\n<p>Para simular las situaciones de carga previstas, se plantearon dos tipos de pruebas: para carga vertical a nivel global de la cubierta, y para carga lateral para ensayar el efecto puntual en los elementos de anclaje de la estructura de instalaciones suspendida.<\/p>\n\n\n\n<p>La carga de la prueba vertical se define a partir de las hip\u00f3tesis del proyecto, y se cuantifica de la siguiente manera:<\/p>\n\n\n\n<ul class=\"wp-block-list\">\n<li>Carga total de proyecto: Q = 6 puntos x 0,8 T\/punto<\/li>\n\n\n\n<li>Coeficiente de equivalencia de cargas est\u00e1ticas: Cs = 1,6<\/li>\n\n\n\n<li>Coeficiente de reducci\u00f3n seg\u00fan UNE 7-457-86: Cp = 0,85<\/li>\n\n\n\n<li>As\u00ed, la carga total resultante se establece como: P = 4,8 x 1,6 x 0,85 = 6,53 T<\/li>\n<\/ul>\n\n\n\n<p>Se plantean tambi\u00e9n dos ciclos de carga para comprobaci\u00f3n de las pletinas de reacci\u00f3n de los cables del polipasto en una de las paredes laterales, con una carga m\u00e1xima de proyecto mayorada a 600 kg para las pruebas (fig. 9).<\/p>\n\n\n\n<figure class=\"wp-block-image alignnone size-full wp-image-32654\"><img decoding=\"async\" src=\"https:\/\/aceweb.cat\/wp-content\/uploads\/2021\/10\/ACE-Fig09.jpg\" alt=\"ACE. Planta y secci\u00f3n del esquema general de las pruebas de carga vertical (1 y 2).\" class=\"wp-image-32654\"\/><figcaption class=\"wp-element-caption\">Figura 9. Planta y secci\u00f3n del esquema general de las pruebas de carga vertical (1 y 2).<\/figcaption><\/figure>\n\n\n\n<h3 class=\"wp-block-heading\"><span style=\"color: #c3002f;\"><strong>LOS TRABAJOS REALIZADOS<\/strong><\/span><\/h3>\n\n\n\n<p>Una vez establecidos los objetivos de carga, hay que decidir c\u00f3mo simular las cargas, lo cual suele ser uno de los problemas m\u00e1s arduos a resolver en la materializaci\u00f3n de las pruebas. La situaci\u00f3n de partida era la siguiente: se deb\u00edan estudiar unos elementos situados a 21 m sobre el pavimento, con un andamiaje en el interior para la obra que, dada su gran capacidad de vibraci\u00f3n, no serv\u00eda para sujetar ning\u00fan elemento de medici\u00f3n pues sus lecturas no resultar\u00edan fiables.<\/p>\n\n\n\n<figure class=\"wp-block-image alignnone size-full wp-image-32657\"><img decoding=\"async\" src=\"https:\/\/aceweb.cat\/wp-content\/uploads\/2021\/10\/ACE-Fig10.jpg\" alt=\"ACE. Paranimf del recinto de la Escola Industrial de Barcelona\" class=\"wp-image-32657\"\/><figcaption class=\"wp-element-caption\">Figura 10.<\/figcaption><\/figure>\n\n\n\n<p>La prueba de carga se plante\u00f3 con disposici\u00f3n de la carga repartida de manera uniforme en seis puntos alternos de la estructura de cubierta, materializando las cargas con dep\u00f3sitos de 1.000 L de agua suspendidos mediante cables unidos a la estructura a ensayar a trav\u00e9s del andamio, pero sin contacto con este.<\/p>\n\n\n\n<figure class=\"wp-block-image alignnone wp-image-32660\"><img decoding=\"async\" src=\"https:\/\/aceweb.cat\/wp-content\/uploads\/2021\/10\/ACE-Fig11.jpg\" alt=\"ACE. Elemento de carga\" class=\"wp-image-32660\"\/><figcaption class=\"wp-element-caption\">Figura 11.<\/figcaption><\/figure>\n\n\n\n<p>Dado el uso previsto del <em>truss<\/em> suspendido, se plantean las pruebas con cargas sim\u00e9tricas, con la excepci\u00f3n de la prueba de tracci\u00f3n de la pletina de apoyo en la pared, de valor menor que el de las pruebas de carga vertical, la cual se aplica en un \u00fanico punto.<\/p>\n\n\n\n<p>Con la imprescindible ayuda del personal de la UTE Paranimf Escola Industrial formada por COMSA S.A.U. y COMSA Industrial S.L. COMSA, se realiz\u00f3 el montaje de elementos de carga y de lectura de deformaciones, en la que no faltaron problemas e imprevistos que se pudieron resolver gracias al ingenio y buena predisposici\u00f3n de todos los implicados.<\/p>\n\n\n\n<figure class=\"wp-block-image alignnone size-full wp-image-32666\"><img decoding=\"async\" src=\"https:\/\/aceweb.cat\/wp-content\/uploads\/2021\/10\/ACE-Fig12.jpg\" alt=\"ACE. Comprobaci\u00f3n del peso de los dep\u00f3sitos vac\u00edos.\" class=\"wp-image-32666\"\/><figcaption class=\"wp-element-caption\">Figura 12. Comprobaci\u00f3n del peso de los dep\u00f3sitos vac\u00edos.<\/figcaption><\/figure>\n\n\n\n<p>Partiendo del hecho de que, para cualquier an\u00e1lisis t\u00e9cnico, es mejor disponer de la mayor informaci\u00f3n de calidad posible, pero considerando la econom\u00eda de esfuerzos, se eligieron una serie de puntos en los que tomar mediciones, especialmente en un caso como este, en el que resultaba complicada la disposici\u00f3n y lectura de los sensores.<\/p>\n\n\n\n<figure class=\"wp-block-image alignnone size-full wp-image-32669\"><img decoding=\"async\" src=\"https:\/\/aceweb.cat\/wp-content\/uploads\/2021\/10\/ACE-Fig13.jpg\" alt=\"ACE. Montaje de dep\u00f3sitos suspendidos.\" class=\"wp-image-32669\"\/><figcaption class=\"wp-element-caption\">Figura 13. Montaje de dep\u00f3sitos suspendidos.<\/figcaption><\/figure>\n\n\n\n<p>El registro de las deformaciones se realiz\u00f3 mediante la disposici\u00f3n de relojes comparadores, cuya disposici\u00f3n tampoco resultaba evidente ni sencilla puesto que, por su gran precisi\u00f3n de medida (una cent\u00e9sima parte de mil\u00edmetro), estos elementos deben permanecer en puntos fijos a lo largo de toda la prueba. Se situaron en dos posiciones: en el suelo de la planta que era la futura platea del Paranimf, para medir la deformaci\u00f3n vertical de la cubierta, y en las paredes de obra de la zona de linterna a la altura de la estructura probada.<\/p>\n\n\n\n<p>A modo de resumen, se tomaron los siguientes datos:<\/p>\n\n\n\n<ul class=\"wp-block-list\">\n<li>Medidas de flechas preexistentes.<\/li>\n\n\n\n<li>Medida de las condiciones ambientales (temperatura y humedad).<\/li>\n\n\n\n<li>Deformaci\u00f3n de pletinas mediante suspensi\u00f3n de polipastos con dos relojes comparadores.<\/li>\n\n\n\n<li>Desplazamiento vertical con dos relojes comparadores de viga de cubierta en zona de suspensi\u00f3n de la carga, con barras r\u00edgidas inclinadas desde punto de apoyo hasta la plataforma de andamio.<\/li>\n\n\n\n<li>Desplazamiento horizontal con dos relojes comparadores de viga de cubierta en plano de fachada.<\/li>\n\n\n\n<li>Medida de desplazamientos lineales verticales en los nudos de las vigas principales.<\/li>\n\n\n\n<li>Medida de desplazamientos lineales horizontales en los nudos de apoyo en las paredes de ladrillo de vigas principales.<\/li>\n\n\n\n<li>Medida de desplazamientos lineales verticales en las pletinas de soporte con polipastos en los nudos de las vigas principales.<\/li>\n\n\n\n<li>Medida de ancho de fisuras existentes, mediante plantilla transparente graduada y lente de aumento graduada.<\/li>\n<\/ul>\n\n\n\n<p>Se realiz\u00f3 una inspecci\u00f3n preliminar de la estructura, como base para disponer elementos de carga, de medici\u00f3n, testigos, as\u00ed como de las lesiones a tener en cuenta. Tambi\u00e9n el seguimiento de posibles da\u00f1os y resultados durante los ciclos de carga-descarga.<\/p>\n\n\n\n<figure class=\"wp-block-image alignnone size-full wp-image-32685\"><img decoding=\"async\" src=\"https:\/\/aceweb.cat\/wp-content\/uploads\/2021\/10\/ACE-Fig14.jpg\" alt=\"ACE. Relojes comparadores para mediciones de deformaciones en las pruebas.\" class=\"wp-image-32685\"\/><figcaption class=\"wp-element-caption\">Figura 14. Relojes comparadores para mediciones de deformaciones en las pruebas.<\/figcaption><\/figure>\n\n\n\n<figure class=\"wp-block-image alignnone size-full wp-image-32682\"><img decoding=\"async\" src=\"https:\/\/aceweb.cat\/wp-content\/uploads\/2021\/10\/ACE-Fig15.jpg\" alt=\"ACE. Comprobaci\u00f3n de fisuras preexistentes interiores, en pletinas de apoyo de truss.\" class=\"wp-image-32682\"\/><figcaption class=\"wp-element-caption\">Figura 15. Comprobaci\u00f3n de fisuras preexistentes interiores, en pletinas de apoyo de <em>truss<\/em>.<\/figcaption><\/figure>\n\n\n\n<figure class=\"wp-block-image alignnone size-full wp-image-32679\"><img decoding=\"async\" src=\"https:\/\/aceweb.cat\/wp-content\/uploads\/2021\/10\/ACE-Fig16.jpg\" alt=\"ACE. Testigos en fisuras preexistentes exteriores.\" class=\"wp-image-32679\"\/><figcaption class=\"wp-element-caption\">Figura 16. Testigos en fisuras preexistentes exteriores.<\/figcaption><\/figure>\n\n\n\n<figure class=\"wp-block-image alignnone size-full wp-image-32676\"><img decoding=\"async\" src=\"https:\/\/aceweb.cat\/wp-content\/uploads\/2021\/10\/ACE-Fig17.jpg\" alt=\"ACE. Medici\u00f3n de temperatura y humedad en cada fase de las pruebas de carga.\" class=\"wp-image-32676\"\/><figcaption class=\"wp-element-caption\">Figura 17. Medici\u00f3n de temperatura y humedad en cada fase de las pruebas de carga.<\/figcaption><\/figure>\n\n\n\n<figure class=\"wp-block-image alignnone size-full wp-image-32673\"><img decoding=\"async\" src=\"https:\/\/aceweb.cat\/wp-content\/uploads\/2021\/10\/ACE-Fig18.jpg\" alt=\"ACE. Prueba 1 de carga vertical, deformaciones en dos puntos (desacoplado el efecto t\u00e9rmico).\" class=\"wp-image-32673\"\/><figcaption class=\"wp-element-caption\">Figura 18. Prueba 1 de carga vertical, deformaciones en dos puntos (desacoplado el efecto t\u00e9rmico).<\/figcaption><\/figure>\n\n\n\n<p>Para cada ciclo, que incluye carga, estabilizaci\u00f3n, descarga y recuperaci\u00f3n, una vez alcanzado el 100 % de la carga, esta se mantiene durante varias horas. Posteriormente, se procede a descargar los escalones en orden inverso. Los valores instant\u00e1neos de recuperaci\u00f3n se prolongan durante un tiempo posterior a la descarga.<\/p>\n\n\n\n<p>Este proceso se repite las veces que se considera necesario, dos en este caso, para cada tipo de prueba y elemento.<\/p>\n\n\n\n<h3 class=\"wp-block-heading\"><span style=\"color: #c3002f;\"><strong>RESULTADOS NETOS DE DEFORMACIONES<\/strong><\/span><\/h3>\n\n\n\n<p>Por la duraci\u00f3n de las pruebas, en las deformaciones de la estructura es necesario tener en cuenta la incidencia del efecto t\u00e9rmico, de manera que se toman como conclusi\u00f3n los desplazamientos con el desacoplamiento de los mismos, a partir de mediciones de las temperaturas durante las pruebas de carga y, paralelamente, en ciclos d\u00eda-noche sin las cargas de la prueba.<\/p>\n\n\n\n<p>A partir de los resultados de las pruebas, se establecieron las siguientes conclusiones en relaci\u00f3n a la aptitud de servicio de elementos estudiados.<\/p>\n\n\n\n<ul class=\"wp-block-list\">\n<li>Las deformaciones en pruebas est\u00e1ticas tanto de carga vertical como de carga lateral entran dentro del rango admisible, con valores tanto de deformaci\u00f3n vertical como lateral menores que los previstos, seg\u00fan los modelos contemplados y, en todos los casos, con recuperaciones de las deformaciones con un comportamiento aproximadamente el\u00e1stico y valores de carga remanente despreciables en las pruebas. As\u00ed, en base a las pruebas realizadas, se concluye que la estructura es apta para el uso previsto en el proyecto.\n<\/li>\n<\/ul>\n\n\n\n<figure class=\"wp-block-image alignnone size-full wp-image-32692\"><img decoding=\"async\" src=\"https:\/\/aceweb.cat\/wp-content\/uploads\/2021\/10\/ACE-Fig19.jpg\" alt=\"ACE. Prueba 3 de carga lateral, deformaciones en dos puntos.\" class=\"wp-image-32692\"\/><figcaption class=\"wp-element-caption\">Figura 19. Prueba 3 de carga lateral, deformaciones en dos puntos.<\/figcaption><\/figure>\n\n\n\n<li>Las placas de apoyo para la suspensi\u00f3n de la carga de instalaciones prevista han mostrado deformaci\u00f3n nula en las pruebas.<\/li>\n\n\n\n<li>Dado el relativamente reducido rango de desplazamientos medido, ha sido necesario realizar un desacople de las deformaciones originadas por el cambio t\u00e9rmico respecto las originadas por la carga.<\/li>\n\n\n\n<li>Los testigos, grietas preexistentes, as\u00ed como los elementos de uni\u00f3n inspeccionados no han mostrado ning\u00fan s\u00edntoma de lesi\u00f3n durante las pruebas de carga.<\/li>\n\n\n\n<figure class=\"wp-block-image alignnone size-full wp-image-32689\"><img decoding=\"async\" src=\"https:\/\/aceweb.cat\/wp-content\/uploads\/2021\/10\/ACE-Tabla01.jpg\" alt=\"ACE. Cuadro resumen comparativo de la prueba 1 de carga vertical.\" class=\"wp-image-32689\"\/><figcaption class=\"wp-element-caption\">Tabla 1. Cuadro resumen comparativo de la prueba 1 de carga vertical.<\/figcaption><\/figure>\n\n\n\n<h3 class=\"wp-block-heading\"><span style=\"color: #c3002f;\"><strong>COMPARATIVA ENTRE MODELOS Y MEDICIONES REALES<\/strong><\/span><\/h3>\n\n\n\n<p>Se realiz\u00f3 la comparaci\u00f3n de los resultados del modelo num\u00e9rico con los de las pruebas, tomando como valores te\u00f3ricos de referencia de deformaciones los extra\u00eddos del modelo realizado por Jorge Blasco en representaci\u00f3n de Estudi m103, SLP. Se hizo con el programa Cype Metal 3D, de c\u00e1lculo matricial de estructuras tridimensionales con elementos barra para secciones de acero, y elementos placa para modelizaci\u00f3n de pa\u00f1os de f\u00e1brica.&nbsp;Se trata de un modelo que incluye la estructura del nuevo <em>truss<\/em>, las cerchas existentes de los cuales se suspende la carga del <em>truss<\/em>, la linterna superior, y todos los soportes de esta estructura met\u00e1lica.<\/p>\n\n\n\n<figure class=\"wp-block-image alignnone size-full wp-image-32698\"><img decoding=\"async\" src=\"https:\/\/aceweb.cat\/wp-content\/uploads\/2021\/10\/ACE-Fig20.jpg\" alt=\"ACE. Modelo de nuevo truss suspendido y elementos principales de soporte realizado por Estudi m103.\" class=\"wp-image-32698\"\/><figcaption class=\"wp-element-caption\">Figura 20. Modelo de nuevo <em>truss<\/em> suspendido y elementos principales de soporte realizado por Estudi m103.<\/figcaption><\/figure>\n\n\n\n<p>Las cargas son las mismas que las aplicadas en las pruebas. Con todo ello se realiza en an\u00e1lisis, y los resultados te\u00f3ricos de deformaciones del modelo se ponderan con un coeficiente de mayoraci\u00f3n para establecer el l\u00edmite de deformaciones admisibles en las pruebas.<\/p>\n\n\n\n<figure class=\"wp-block-image alignnone size-full wp-image-32695\"><img decoding=\"async\" src=\"https:\/\/aceweb.cat\/wp-content\/uploads\/2021\/10\/ACE-Fig21.jpg\" alt=\"ACE. Modelo general de la estructura de la parte superior del Paranimf realizado por Estudi m103.\" class=\"wp-image-32695\"\/><figcaption class=\"wp-element-caption\">Figura 21. Modelo general de la estructura de la parte superior del Paranimf realizado por Estudi m103.<\/figcaption><\/figure>\n\n\n\n<p>De la comparaci\u00f3n de los modelos con las pruebas se constata que:<\/p>\n\n\n\n<ul class=\"wp-block-list\">\n<li>Las deformaciones verticales registradas durante las pruebas son menores que los valores obtenidos en los modelos.<\/li>\n\n\n\n<li>Las deformaciones horizontales en las pruebas son mayores que los valores obtenidos en los modelos, siendo en todos los casos valores muy reducidos: el valor m\u00e1ximo en las pruebas es de 0,11 mm de desplazamiento lateral. Estos valores se consideran despreciables por su rango de deformaciones. As\u00ed mismo, se interpreta que en el modelo el pandeo de los pares de las cerchas que transmiten la carga de los nudos superiores a las paredes perimetrales es menor, dado que en la realidad sufre peque\u00f1as deformaciones impuestas que aumentan su pandeo y, por tanto, la deformaci\u00f3n en sus extremos en los que se han tomado las medidas en las pruebas.<\/li>\n\n\n\n<li>Las deformaciones horizontales remanentes en los modelos son nulas dado que son modelos en primer orden, mientras que en las pruebas se registran valores muy bajos, del orden de 0,02 mm, los cuales se pueden considerar despreciables.<\/li>\n\n\n\n<li>No se pudo contrastar el modelo con las pruebas de carga lateral, dado que la forma de aplicaci\u00f3n de esta carga en las pruebas se realiz\u00f3 en un \u00fanico punto, mientras que en los modelos de carga se realiz\u00f3 siempre en la totalidad de los puntos y, por tanto, las deformaciones no resultan comparables.<\/li>\n<\/ul>\n\n\n\n<h3 class=\"wp-block-heading\"><span style=\"color: #c3002f;\"><strong>CONCLUSIONES<\/strong><\/span><\/h3>\n\n\n\n<p>Como reflexi\u00f3n final cabe una pregunta: \u00bfresult\u00f3 una buena decisi\u00f3n hacer las pruebas de carga para validaci\u00f3n de elementos existentes, considerando su coste y limitaciones? \u00bfNo era suficiente con las comprobaciones num\u00e9ricas?<\/p>\n\n\n\n<p>Los sistemas de c\u00e1lculo autom\u00e1tico, con creciente velocidad de procesado de datos, suponen una herramienta potent\u00edsima para analizar los datos de los que disponemos para modelizar estructuras sin necesidad de construirlas, o sin necesidad de materializar las cargas en el caso de pruebas.<\/p>\n\n\n\n<p>As\u00ed mismo, existen ciertas limitaciones en el uso de modelos: en general, los sistemas de c\u00e1lculo, tanto manuales como por elementos finitos, presuponen comportamientos lineales (rango el\u00e1stico, peque\u00f1as deformaciones). En una obra nueva, estos comportamientos se pueden controlar de forma aproximada con el dise\u00f1o de la rigidez de los elementos que componen la estructura, quedando dentro de las hip\u00f3tesis de c\u00e1lculo. No obstante, en el caso de estructuras existentes hay escaso control sobre dichas hip\u00f3tesis. Se desconocen las condiciones de contorno, rigideces, grado de monolitismo, participaci\u00f3n de elementos no estructurales como pavimentos, tabiques o mobiliario, los morteros que unen las piedras no son lineales, los materiales suelen tener gran heterogeneidad, las vigas de madera antiguas presentan grandes deformaciones, las acciones que producen cambios t\u00e9rmicos, vibraciones como tr\u00e1fico rodado, t\u00faneles, maquinaria, son complejos de modelizar. Este tipo de factores complica la generaci\u00f3n de modelos suficientemente fiables. Adem\u00e1s, existe un gran problema inherente a cualquier m\u00e9todo de calculo computacional: con el fin de optimizar los c\u00e1lculos, siempre se asumen una serie de simplificaciones que, por un lado, no solo limitan la aplicabilidad del m\u00e9todo (linealidad, discretizaci\u00f3n&#8230;) sino que, m\u00e1s importante a\u00fan: limitan la capacidad de comprensi\u00f3n del usuario del <em>software<\/em>.<\/p>\n\n\n\n<p>Resulta muy interesante combinar las pruebas emp\u00edricas con el an\u00e1lisis num\u00e9rico. Los m\u00e9todos anal\u00edticos permiten optimizar la forma en que llevamos a cabo el planteamiento emp\u00edrico, y al mismo tiempo sirven para saber d\u00f3nde poner los sensores y as\u00ed optimizar la monitorizaci\u00f3n. Los sistemas de an\u00e1lisis num\u00e9rico permiten hacer an\u00e1lisis iterativos sobre los modelos ensayados, pudiendo evaluar, a costes reducidos, partes de la estructura en las cuales, por limitaciones presupuestarias o de medios auxiliares o de tiempo, no se han probado emp\u00edricamente.<\/p>\n\n\n\n<p>La tecnolog\u00eda actual permite hacer ambas cosas de forma autom\u00e1tica en tiempo real, en lo que se llama \u00abgemelo digital\u00bb: un sistema de monitorizaci\u00f3n de la estructura que transmite los datos a un sistema que los procesa para introducirlos en un programa de c\u00e1lculo, en el cual se verifica o corrige el modelo en funci\u00f3n de los datos de las lecturas reales.<\/p>\n\n\n\n<p>En el caso del Paranimf, el resultado del trabajo realizado con las pruebas, permiti\u00f3 validar un uso que, si bien de manera te\u00f3rica ya se hab\u00eda comprobado, result\u00f3 reforzado y ayud\u00f3 a aumentar la seguridad y, al mismo tiempo, la tranquilidad de los diversos agentes.<\/p>\n\n\n\n<figure class=\"wp-block-image alignnone size-full wp-image-32702\"><img decoding=\"async\" src=\"https:\/\/aceweb.cat\/wp-content\/uploads\/2021\/10\/ACE-Fig22.jpg\" alt=\"ACE. \u00a9 Diputaci\u00f3 de Barcelona. Subdirecci\u00f3 d\u2019Imatge Corporativa i Promoci\u00f3 Institucional. Andr\u00e9s Flajszer, 2020.\" class=\"wp-image-32702\"\/><figcaption class=\"wp-element-caption\">Figura 22. \u00a9 Diputaci\u00f3 de Barcelona. Subdirecci\u00f3 d\u2019Imatge Corporativa i Promoci\u00f3 Institucional. Andr\u00e9s Flajszer, 2020.<\/figcaption><\/figure>\n\n\n\n<h3 class=\"wp-block-heading\"><span style=\"color: #c3002f;\"><strong>REFERENCIAS BIBLIOGR\u00c1FICAS<\/strong><\/span><\/h3>\n\n\n\n<ul class=\"wp-block-list\">\n<li>UNE 7-457-86: Realizaci\u00f3n de ensayos est\u00e1ticos de puesta en carga en estructuras de piso en edificaci\u00f3n.<\/li>\n\n\n\n<li>CTE-SE-Seguridad estructural: SE1 Resistencia y estabilidad y SE2: Aptitud al servicio.<\/li>\n\n\n\n<li>Recomendaciones para la realizaci\u00f3n de pruebas de carga de recepci\u00f3n en puentes de carretera.<\/li>\n\n\n\n<li>Instrucci\u00f3n de acciones a considerar en puentes de ferrocarril (IAPF) (cap\u00edtulo 4).<\/li>\n\n\n\n<li>Recomendaciones para la realizaci\u00f3n de pruebas de carga de recepci\u00f3n en puentes de carreteras. Direcci\u00f3n General de Carreteras, 1999.<\/li>\n\n\n\n<li>M-9 Pruebas de carga en estructuras, ACHE, 2003.<\/li>\n<\/ul>\n","protected":false},"excerpt":{"rendered":"<p>JORGE BLASCO MIGUELArquitecto por la ETSAB, consultor de estructuras desde 1992. Diplomado en Arquitectura Legal y Forense por la UPF. Diplomado en Investigaci\u00f3n Avanzada de Incendios por la Fundaci\u00f3n Fuego.Fundador de Estudi m103, SLP. Profesor asociado de la ETSAB de la UPC, Profesor y coordinador de cursos y m\u00e1sters en otras universidades y colegios profesionales. &hellip;<\/p>\n<p class=\"read-more\"> <a class=\"\" href=\"https:\/\/aceweb.cat\/es\/articulos-destacados\/pruebas-de-carga-en-estructura-del-lucernario-de-la-cubierta-del-paranimf\/\"> <span class=\"screen-reader-text\">Pruebas de carga en estructura del lucernario de la cubierta del Paranimf<\/span> Leer m\u00e1s &raquo;<\/a><\/p>\n","protected":false},"author":1,"featured_media":40527,"comment_status":"closed","ping_status":"closed","sticky":false,"template":"","format":"standard","meta":{"_acf_changed":false,"site-sidebar-layout":"default","site-content-layout":"default","ast-global-header-display":"","ast-main-header-display":"","ast-hfb-above-header-display":"","ast-hfb-below-header-display":"","ast-hfb-mobile-header-display":"","site-post-title":"","ast-breadcrumbs-content":"","ast-featured-img":"","footer-sml-layout":"","theme-transparent-header-meta":"","adv-header-id-meta":"","stick-header-meta":"","header-above-stick-meta":"","header-main-stick-meta":"","header-below-stick-meta":"","footnotes":""},"categories":[1431],"tags":[],"class_list":["post-40373","post","type-post","status-publish","format-standard","has-post-thumbnail","hentry","category-articulos-destacados"],"acf":[],"yoast_head":"<!-- This site is optimized with the Yoast SEO plugin v27.1.1 - https:\/\/yoast.com\/product\/yoast-seo-wordpress\/ -->\n<title>Pruebas de carga en estructura del lucernario de la cubierta del Paranimf | ACE<\/title>\n<meta name=\"robots\" content=\"index, follow, max-snippet:-1, max-image-preview:large, max-video-preview:-1\" \/>\n<link rel=\"canonical\" href=\"https:\/\/aceweb.cat\/es\/articulos-destacados\/pruebas-de-carga-en-estructura-del-lucernario-de-la-cubierta-del-paranimf\/\" \/>\n<meta property=\"og:locale\" content=\"es_ES\" \/>\n<meta property=\"og:type\" content=\"article\" \/>\n<meta property=\"og:title\" content=\"Pruebas de carga en estructura del lucernario de la cubierta del Paranimf | ACE\" \/>\n<meta property=\"og:description\" content=\"JORGE BLASCO MIGUELArquitecto por la ETSAB, consultor de estructuras desde 1992. Diplomado en Arquitectura Legal y Forense por la UPF. Diplomado en Investigaci\u00f3n Avanzada de Incendios por la Fundaci\u00f3n Fuego.Fundador de Estudi m103, SLP. Profesor asociado de la ETSAB de la UPC, Profesor y coordinador de cursos y m\u00e1sters en otras universidades y colegios profesionales. &hellip; Pruebas de carga en estructura del lucernario de la cubierta del Paranimf Leer m\u00e1s &raquo;\" \/>\n<meta property=\"og:url\" content=\"https:\/\/aceweb.cat\/es\/articulos-destacados\/pruebas-de-carga-en-estructura-del-lucernario-de-la-cubierta-del-paranimf\/\" \/>\n<meta property=\"og:site_name\" content=\"aceweb.cat\" \/>\n<meta property=\"article:published_time\" content=\"2021-10-07T11:31:56+00:00\" \/>\n<meta property=\"article:modified_time\" content=\"2023-03-20T07:12:00+00:00\" \/>\n<meta property=\"og:image\" content=\"https:\/\/aceweb.cat\/wp-content\/uploads\/2021\/10\/ACE-Fig05-1-1.jpg\" \/>\n\t<meta property=\"og:image:width\" content=\"600\" \/>\n\t<meta property=\"og:image:height\" content=\"405\" \/>\n\t<meta property=\"og:image:type\" content=\"image\/jpeg\" \/>\n<meta name=\"author\" content=\"Manel\" \/>\n<meta name=\"twitter:card\" content=\"summary_large_image\" \/>\n<meta name=\"twitter:label1\" content=\"Escrito por\" \/>\n\t<meta name=\"twitter:data1\" content=\"Manel\" \/>\n\t<meta name=\"twitter:label2\" content=\"Tiempo de lectura\" \/>\n\t<meta name=\"twitter:data2\" content=\"24 minutos\" \/>\n<script type=\"application\/ld+json\" class=\"yoast-schema-graph\">{\"@context\":\"https:\/\/schema.org\",\"@graph\":[{\"@type\":\"Article\",\"@id\":\"https:\/\/aceweb.cat\/es\/articulos-destacados\/pruebas-de-carga-en-estructura-del-lucernario-de-la-cubierta-del-paranimf\/#article\",\"isPartOf\":{\"@id\":\"https:\/\/aceweb.cat\/es\/articulos-destacados\/pruebas-de-carga-en-estructura-del-lucernario-de-la-cubierta-del-paranimf\/\"},\"author\":{\"name\":\"Manel\",\"@id\":\"https:\/\/aceweb.cat\/#\/schema\/person\/eff128d7a478831719f89cf8a1a6280c\"},\"headline\":\"Pruebas de carga en estructura del lucernario de la cubierta del Paranimf\",\"datePublished\":\"2021-10-07T11:31:56+00:00\",\"dateModified\":\"2023-03-20T07:12:00+00:00\",\"mainEntityOfPage\":{\"@id\":\"https:\/\/aceweb.cat\/es\/articulos-destacados\/pruebas-de-carga-en-estructura-del-lucernario-de-la-cubierta-del-paranimf\/\"},\"wordCount\":3575,\"publisher\":{\"@id\":\"https:\/\/aceweb.cat\/#organization\"},\"image\":{\"@id\":\"https:\/\/aceweb.cat\/es\/articulos-destacados\/pruebas-de-carga-en-estructura-del-lucernario-de-la-cubierta-del-paranimf\/#primaryimage\"},\"thumbnailUrl\":\"https:\/\/aceweb.cat\/wp-content\/uploads\/2021\/10\/ACE-Fig05-1-1.jpg\",\"articleSection\":[\"Art\u00edculos destacados\"],\"inLanguage\":\"es\"},{\"@type\":\"WebPage\",\"@id\":\"https:\/\/aceweb.cat\/es\/articulos-destacados\/pruebas-de-carga-en-estructura-del-lucernario-de-la-cubierta-del-paranimf\/\",\"url\":\"https:\/\/aceweb.cat\/es\/articulos-destacados\/pruebas-de-carga-en-estructura-del-lucernario-de-la-cubierta-del-paranimf\/\",\"name\":\"Pruebas de carga en estructura del lucernario de la cubierta del Paranimf | ACE\",\"isPartOf\":{\"@id\":\"https:\/\/aceweb.cat\/#website\"},\"primaryImageOfPage\":{\"@id\":\"https:\/\/aceweb.cat\/es\/articulos-destacados\/pruebas-de-carga-en-estructura-del-lucernario-de-la-cubierta-del-paranimf\/#primaryimage\"},\"image\":{\"@id\":\"https:\/\/aceweb.cat\/es\/articulos-destacados\/pruebas-de-carga-en-estructura-del-lucernario-de-la-cubierta-del-paranimf\/#primaryimage\"},\"thumbnailUrl\":\"https:\/\/aceweb.cat\/wp-content\/uploads\/2021\/10\/ACE-Fig05-1-1.jpg\",\"datePublished\":\"2021-10-07T11:31:56+00:00\",\"dateModified\":\"2023-03-20T07:12:00+00:00\",\"breadcrumb\":{\"@id\":\"https:\/\/aceweb.cat\/es\/articulos-destacados\/pruebas-de-carga-en-estructura-del-lucernario-de-la-cubierta-del-paranimf\/#breadcrumb\"},\"inLanguage\":\"es\",\"potentialAction\":[{\"@type\":\"ReadAction\",\"target\":[\"https:\/\/aceweb.cat\/es\/articulos-destacados\/pruebas-de-carga-en-estructura-del-lucernario-de-la-cubierta-del-paranimf\/\"]}]},{\"@type\":\"ImageObject\",\"inLanguage\":\"es\",\"@id\":\"https:\/\/aceweb.cat\/es\/articulos-destacados\/pruebas-de-carga-en-estructura-del-lucernario-de-la-cubierta-del-paranimf\/#primaryimage\",\"url\":\"https:\/\/aceweb.cat\/wp-content\/uploads\/2021\/10\/ACE-Fig05-1-1.jpg\",\"contentUrl\":\"https:\/\/aceweb.cat\/wp-content\/uploads\/2021\/10\/ACE-Fig05-1-1.jpg\",\"width\":600,\"height\":405},{\"@type\":\"BreadcrumbList\",\"@id\":\"https:\/\/aceweb.cat\/es\/articulos-destacados\/pruebas-de-carga-en-estructura-del-lucernario-de-la-cubierta-del-paranimf\/#breadcrumb\",\"itemListElement\":[{\"@type\":\"ListItem\",\"position\":1,\"name\":\"Inici\",\"item\":\"https:\/\/aceweb.cat\/\"},{\"@type\":\"ListItem\",\"position\":2,\"name\":\"Art\u00edculos destacados\",\"item\":\"https:\/\/aceweb.cat\/es\/categoria\/articulos-destacados\/\"},{\"@type\":\"ListItem\",\"position\":3,\"name\":\"Pruebas de carga en estructura del lucernario de la cubierta del Paranimf\"}]},{\"@type\":\"WebSite\",\"@id\":\"https:\/\/aceweb.cat\/#website\",\"url\":\"https:\/\/aceweb.cat\/\",\"name\":\"ACE\",\"description\":\"Associaci\u00f3 de Consultors d&#039;Estructures | ACE\",\"publisher\":{\"@id\":\"https:\/\/aceweb.cat\/#organization\"},\"alternateName\":\"ACE\",\"potentialAction\":[{\"@type\":\"SearchAction\",\"target\":{\"@type\":\"EntryPoint\",\"urlTemplate\":\"https:\/\/aceweb.cat\/?s={search_term_string}\"},\"query-input\":{\"@type\":\"PropertyValueSpecification\",\"valueRequired\":true,\"valueName\":\"search_term_string\"}}],\"inLanguage\":\"es\"},{\"@type\":\"Organization\",\"@id\":\"https:\/\/aceweb.cat\/#organization\",\"name\":\"ACE\",\"alternateName\":\"ACE\",\"url\":\"https:\/\/aceweb.cat\/\",\"logo\":{\"@type\":\"ImageObject\",\"inLanguage\":\"es\",\"@id\":\"https:\/\/aceweb.cat\/#\/schema\/logo\/image\/\",\"url\":\"https:\/\/aceweb.cat\/wp-content\/uploads\/2022\/10\/logo.svg\",\"contentUrl\":\"https:\/\/aceweb.cat\/wp-content\/uploads\/2022\/10\/logo.svg\",\"width\":1,\"height\":1,\"caption\":\"ACE\"},\"image\":{\"@id\":\"https:\/\/aceweb.cat\/#\/schema\/logo\/image\/\"}},{\"@type\":\"Person\",\"@id\":\"https:\/\/aceweb.cat\/#\/schema\/person\/eff128d7a478831719f89cf8a1a6280c\",\"name\":\"Manel\",\"image\":{\"@type\":\"ImageObject\",\"inLanguage\":\"es\",\"@id\":\"https:\/\/aceweb.cat\/#\/schema\/person\/image\/\",\"url\":\"https:\/\/secure.gravatar.com\/avatar\/08f10a599e1c2233dfc54578e9936eb5325ce0a03faf2072be5f50c306c7e522?s=96&d=mm&r=g\",\"contentUrl\":\"https:\/\/secure.gravatar.com\/avatar\/08f10a599e1c2233dfc54578e9936eb5325ce0a03faf2072be5f50c306c7e522?s=96&d=mm&r=g\",\"caption\":\"Manel\"},\"sameAs\":[\"https:\/\/aceweb.cat\"],\"url\":\"https:\/\/aceweb.cat\/es\/author\/a1e6ded0e0\/\"}]}<\/script>\n<!-- \/ Yoast SEO plugin. -->","yoast_head_json":{"title":"Pruebas de carga en estructura del lucernario de la cubierta del Paranimf | ACE","robots":{"index":"index","follow":"follow","max-snippet":"max-snippet:-1","max-image-preview":"max-image-preview:large","max-video-preview":"max-video-preview:-1"},"canonical":"https:\/\/aceweb.cat\/es\/articulos-destacados\/pruebas-de-carga-en-estructura-del-lucernario-de-la-cubierta-del-paranimf\/","og_locale":"es_ES","og_type":"article","og_title":"Pruebas de carga en estructura del lucernario de la cubierta del Paranimf | ACE","og_description":"JORGE BLASCO MIGUELArquitecto por la ETSAB, consultor de estructuras desde 1992. Diplomado en Arquitectura Legal y Forense por la UPF. Diplomado en Investigaci\u00f3n Avanzada de Incendios por la Fundaci\u00f3n Fuego.Fundador de Estudi m103, SLP. Profesor asociado de la ETSAB de la UPC, Profesor y coordinador de cursos y m\u00e1sters en otras universidades y colegios profesionales. &hellip; Pruebas de carga en estructura del lucernario de la cubierta del Paranimf Leer m\u00e1s &raquo;","og_url":"https:\/\/aceweb.cat\/es\/articulos-destacados\/pruebas-de-carga-en-estructura-del-lucernario-de-la-cubierta-del-paranimf\/","og_site_name":"aceweb.cat","article_published_time":"2021-10-07T11:31:56+00:00","article_modified_time":"2023-03-20T07:12:00+00:00","og_image":[{"width":600,"height":405,"url":"https:\/\/aceweb.cat\/wp-content\/uploads\/2021\/10\/ACE-Fig05-1-1.jpg","type":"image\/jpeg"}],"author":"Manel","twitter_card":"summary_large_image","twitter_misc":{"Escrito por":"Manel","Tiempo de lectura":"24 minutos"},"schema":{"@context":"https:\/\/schema.org","@graph":[{"@type":"Article","@id":"https:\/\/aceweb.cat\/es\/articulos-destacados\/pruebas-de-carga-en-estructura-del-lucernario-de-la-cubierta-del-paranimf\/#article","isPartOf":{"@id":"https:\/\/aceweb.cat\/es\/articulos-destacados\/pruebas-de-carga-en-estructura-del-lucernario-de-la-cubierta-del-paranimf\/"},"author":{"name":"Manel","@id":"https:\/\/aceweb.cat\/#\/schema\/person\/eff128d7a478831719f89cf8a1a6280c"},"headline":"Pruebas de carga en estructura del lucernario de la cubierta del Paranimf","datePublished":"2021-10-07T11:31:56+00:00","dateModified":"2023-03-20T07:12:00+00:00","mainEntityOfPage":{"@id":"https:\/\/aceweb.cat\/es\/articulos-destacados\/pruebas-de-carga-en-estructura-del-lucernario-de-la-cubierta-del-paranimf\/"},"wordCount":3575,"publisher":{"@id":"https:\/\/aceweb.cat\/#organization"},"image":{"@id":"https:\/\/aceweb.cat\/es\/articulos-destacados\/pruebas-de-carga-en-estructura-del-lucernario-de-la-cubierta-del-paranimf\/#primaryimage"},"thumbnailUrl":"https:\/\/aceweb.cat\/wp-content\/uploads\/2021\/10\/ACE-Fig05-1-1.jpg","articleSection":["Art\u00edculos destacados"],"inLanguage":"es"},{"@type":"WebPage","@id":"https:\/\/aceweb.cat\/es\/articulos-destacados\/pruebas-de-carga-en-estructura-del-lucernario-de-la-cubierta-del-paranimf\/","url":"https:\/\/aceweb.cat\/es\/articulos-destacados\/pruebas-de-carga-en-estructura-del-lucernario-de-la-cubierta-del-paranimf\/","name":"Pruebas de carga en estructura del lucernario de la cubierta del Paranimf | ACE","isPartOf":{"@id":"https:\/\/aceweb.cat\/#website"},"primaryImageOfPage":{"@id":"https:\/\/aceweb.cat\/es\/articulos-destacados\/pruebas-de-carga-en-estructura-del-lucernario-de-la-cubierta-del-paranimf\/#primaryimage"},"image":{"@id":"https:\/\/aceweb.cat\/es\/articulos-destacados\/pruebas-de-carga-en-estructura-del-lucernario-de-la-cubierta-del-paranimf\/#primaryimage"},"thumbnailUrl":"https:\/\/aceweb.cat\/wp-content\/uploads\/2021\/10\/ACE-Fig05-1-1.jpg","datePublished":"2021-10-07T11:31:56+00:00","dateModified":"2023-03-20T07:12:00+00:00","breadcrumb":{"@id":"https:\/\/aceweb.cat\/es\/articulos-destacados\/pruebas-de-carga-en-estructura-del-lucernario-de-la-cubierta-del-paranimf\/#breadcrumb"},"inLanguage":"es","potentialAction":[{"@type":"ReadAction","target":["https:\/\/aceweb.cat\/es\/articulos-destacados\/pruebas-de-carga-en-estructura-del-lucernario-de-la-cubierta-del-paranimf\/"]}]},{"@type":"ImageObject","inLanguage":"es","@id":"https:\/\/aceweb.cat\/es\/articulos-destacados\/pruebas-de-carga-en-estructura-del-lucernario-de-la-cubierta-del-paranimf\/#primaryimage","url":"https:\/\/aceweb.cat\/wp-content\/uploads\/2021\/10\/ACE-Fig05-1-1.jpg","contentUrl":"https:\/\/aceweb.cat\/wp-content\/uploads\/2021\/10\/ACE-Fig05-1-1.jpg","width":600,"height":405},{"@type":"BreadcrumbList","@id":"https:\/\/aceweb.cat\/es\/articulos-destacados\/pruebas-de-carga-en-estructura-del-lucernario-de-la-cubierta-del-paranimf\/#breadcrumb","itemListElement":[{"@type":"ListItem","position":1,"name":"Inici","item":"https:\/\/aceweb.cat\/"},{"@type":"ListItem","position":2,"name":"Art\u00edculos destacados","item":"https:\/\/aceweb.cat\/es\/categoria\/articulos-destacados\/"},{"@type":"ListItem","position":3,"name":"Pruebas de carga en estructura del lucernario de la cubierta del Paranimf"}]},{"@type":"WebSite","@id":"https:\/\/aceweb.cat\/#website","url":"https:\/\/aceweb.cat\/","name":"ACE","description":"Associaci\u00f3 de Consultors d&#039;Estructures | ACE","publisher":{"@id":"https:\/\/aceweb.cat\/#organization"},"alternateName":"ACE","potentialAction":[{"@type":"SearchAction","target":{"@type":"EntryPoint","urlTemplate":"https:\/\/aceweb.cat\/?s={search_term_string}"},"query-input":{"@type":"PropertyValueSpecification","valueRequired":true,"valueName":"search_term_string"}}],"inLanguage":"es"},{"@type":"Organization","@id":"https:\/\/aceweb.cat\/#organization","name":"ACE","alternateName":"ACE","url":"https:\/\/aceweb.cat\/","logo":{"@type":"ImageObject","inLanguage":"es","@id":"https:\/\/aceweb.cat\/#\/schema\/logo\/image\/","url":"https:\/\/aceweb.cat\/wp-content\/uploads\/2022\/10\/logo.svg","contentUrl":"https:\/\/aceweb.cat\/wp-content\/uploads\/2022\/10\/logo.svg","width":1,"height":1,"caption":"ACE"},"image":{"@id":"https:\/\/aceweb.cat\/#\/schema\/logo\/image\/"}},{"@type":"Person","@id":"https:\/\/aceweb.cat\/#\/schema\/person\/eff128d7a478831719f89cf8a1a6280c","name":"Manel","image":{"@type":"ImageObject","inLanguage":"es","@id":"https:\/\/aceweb.cat\/#\/schema\/person\/image\/","url":"https:\/\/secure.gravatar.com\/avatar\/08f10a599e1c2233dfc54578e9936eb5325ce0a03faf2072be5f50c306c7e522?s=96&d=mm&r=g","contentUrl":"https:\/\/secure.gravatar.com\/avatar\/08f10a599e1c2233dfc54578e9936eb5325ce0a03faf2072be5f50c306c7e522?s=96&d=mm&r=g","caption":"Manel"},"sameAs":["https:\/\/aceweb.cat"],"url":"https:\/\/aceweb.cat\/es\/author\/a1e6ded0e0\/"}]}},"_links":{"self":[{"href":"https:\/\/aceweb.cat\/es\/wp-json\/wp\/v2\/posts\/40373","targetHints":{"allow":["GET"]}}],"collection":[{"href":"https:\/\/aceweb.cat\/es\/wp-json\/wp\/v2\/posts"}],"about":[{"href":"https:\/\/aceweb.cat\/es\/wp-json\/wp\/v2\/types\/post"}],"author":[{"embeddable":true,"href":"https:\/\/aceweb.cat\/es\/wp-json\/wp\/v2\/users\/1"}],"replies":[{"embeddable":true,"href":"https:\/\/aceweb.cat\/es\/wp-json\/wp\/v2\/comments?post=40373"}],"version-history":[{"count":3,"href":"https:\/\/aceweb.cat\/es\/wp-json\/wp\/v2\/posts\/40373\/revisions"}],"predecessor-version":[{"id":40530,"href":"https:\/\/aceweb.cat\/es\/wp-json\/wp\/v2\/posts\/40373\/revisions\/40530"}],"wp:featuredmedia":[{"embeddable":true,"href":"https:\/\/aceweb.cat\/es\/wp-json\/wp\/v2\/media\/40527"}],"wp:attachment":[{"href":"https:\/\/aceweb.cat\/es\/wp-json\/wp\/v2\/media?parent=40373"}],"wp:term":[{"taxonomy":"category","embeddable":true,"href":"https:\/\/aceweb.cat\/es\/wp-json\/wp\/v2\/categories?post=40373"},{"taxonomy":"post_tag","embeddable":true,"href":"https:\/\/aceweb.cat\/es\/wp-json\/wp\/v2\/tags?post=40373"}],"curies":[{"name":"wp","href":"https:\/\/api.w.org\/{rel}","templated":true}]}}