{"id":40375,"date":"2022-01-07T12:18:00","date_gmt":"2022-01-07T12:18:00","guid":{"rendered":"https:\/\/www.aceweb.advertis.es\/restauracion-y-refuerzo-estructural-del-campanario-de-la-iglesia-de-vistabella-obra-de-josep-maria-jujol\/"},"modified":"2023-03-17T13:59:38","modified_gmt":"2023-03-17T13:59:38","slug":"restauracion-y-refuerzo-estructural-del-campanario-de-la-iglesia-de-vistabella-obra-de-josep-maria-jujol","status":"publish","type":"post","link":"https:\/\/aceweb.cat\/es\/articulos-destacados\/restauracion-y-refuerzo-estructural-del-campanario-de-la-iglesia-de-vistabella-obra-de-josep-maria-jujol\/","title":{"rendered":"Restauraci\u00f3n y refuerzo estructural del campanario de la iglesia de Vistabella, obra de Josep Maria Jujol"},"content":{"rendered":"\n<h6 class=\"wp-block-heading\"><strong>ROGER SE\u00d1\u00cdS L\u00d3PEZ<\/strong><br>Doctor en Arquitectura por la UPC; Profesor del Departamento de Tecnolog\u00eda en la Arquitectura de la UPC, \u00c1mbito de Estructuras; Profesor de Postgrado y M\u00e1ster sobre estructuras en La Salle (URL) y la UPC School.<br>Miembro asociado del grupo de investigaci\u00f3n LiTA (UPC &#8211; BarcelonaTech).<br>Autor de distintas publicaciones cient\u00edficas y ponencias en congresos en el \u00c1mbito de las Estructuras.<\/h6>\n\n\n\n<hr class=\"wp-block-separator has-alpha-channel-opacity\"\/>\n\n\n\n<h4 class=\"wp-block-heading\"><strong>El uso de t\u00e9cnicas de postesado para la estabilizaci\u00f3n del campanario de f\u00e1brica de ladrillo<\/strong><\/h4>\n\n\n\n<h3 class=\"wp-block-heading\"><span style=\"color: #c3002f;\"><strong>1. INTRODUCCI\u00d3N<\/strong><\/span><\/h3>\n\n\n\n<p>La iglesia del Sagrat Cor de Jes\u00fas de Vistabella (La Secuita, Tarragona), la cual data de 1923 (encargo de 1917), es obra del arquitecto Josep Maria Jujol (1879-1949) como se documenta en el Plan Director del a\u00f1o 2008<sup>1<\/sup>. Fue encargada y construida por los vecinos del mismo pueblo con el fin de que el n\u00facleo de Vistabella tuviera iglesia parroquial propia. La iglesia se organiza en planta alrededor de un cuadrado de trece metros de lado y se caracteriza por<strong> dos arcos parab\u00f3licos de ladrillo<\/strong> colocado a sardinel que son la base estructural de la iglesia, los cuales se cruzan con un \u00e1ngulo de 60\/120\u00ba en planta (fig. 1)<sup>1-3<\/sup>.<\/p>\n\n\n\n<figure class=\"wp-block-image alignnone size-full wp-image-34223\"><img decoding=\"async\" src=\"https:\/\/aceweb.cat\/wp-content\/uploads\/2022\/01\/ACE-Fig01-Iglesia-Vistabella.jpg\" alt=\"ACE. Figura 1. Iglesia Vistabella.\" class=\"wp-image-34223\"\/><figcaption class=\"wp-element-caption\">Figura 1. Disposici\u00f3n en planta de los arcos parab\u00f3licos en relaci\u00f3n a la nave central<sup>1<\/sup>.<\/figcaption><\/figure>\n\n\n\n<p>De hecho, la misma prolongaci\u00f3n de los arcos parab\u00f3licos se convierten en los elementos resistentes del <strong>sistema estructural del campanario: cuatro costillas de secci\u00f3n en \u00abT\u00bb de f\u00e1brica de ladrillo macizo<\/strong>, el cual en su coronamiento alcanza una altura de 28 m (fig. 2).&nbsp;Un campanario en el que se han realizado <strong>distintas actuaciones previas (1993; 2001) para su estabilizaci\u00f3n, incluido el sistema de tirantes de hierro (refuerzo pasivo) colocado por el propio Jujol en 1935<\/strong>, a ra\u00edz de la ca\u00edda de la aguja del campanario en 1934 debido a un viento huracanado<sup>1-4<\/sup>.<\/p>\n\n\n\n<p>Como se infiere de la figura 2, la construcci\u00f3n se caracteriza por la sencillez de los materiales utilizados: piedra, cer\u00e1mica, mortero de cal, hierro y prefabricados de hormig\u00f3n en algunas ventanas<sup>3<\/sup>.<\/p>\n\n\n\n<figure class=\"wp-block-image alignnone size-full wp-image-34226\"><img decoding=\"async\" src=\"https:\/\/aceweb.cat\/wp-content\/uploads\/2022\/01\/ACE-Fig02-Iglesia-Vistabella.jpg\" alt=\"ACE. Figura 2. Iglesia Vistabella.\" class=\"wp-image-34226\"\/><figcaption class=\"wp-element-caption\">Figura 2. Vista y alzado del campanario de Vistabella.<\/figcaption><\/figure>\n\n\n\n<p>Atendiendo a los antecedentes (intervenciones previas), las caracter\u00edsticas geom\u00e9tricas del campanario y los materiales que lo componen, <strong>este presentaba problem\u00e1ticas de forma generalizada<\/strong>, destacando:<\/p>\n\n\n\n<ul class=\"wp-block-list\">\n<li><strong>La corrosi\u00f3n de los tirantes met\u00e1licos<\/strong> colocados, en las intervenciones anteriores indicadas, para el refuerzo del campanario frente a la acci\u00f3n del viento.<\/li>\n\n\n\n<li><strong>Los tirantes existentes (sistema pasivo)<\/strong> solo entraban en carga cuando la f\u00e1brica de ladrillo estaba solicitada a <strong>esfuerzos de tracci\u00f3n considerables<\/strong>, hecho nada deseable\/conveniente. En consecuencia, <strong>los tirantes eran poco efectivos frente a la acci\u00f3n e\u00f3lica<\/strong>.<\/li>\n<\/ul>\n\n\n\n<p>Destacar que los <strong>tirantes existentes estaban revestidos con mortero y aplacado cer\u00e1mico<\/strong> fruto de las intervenciones previas (1935; 1993; 2001), como elemento de protecci\u00f3n, que no han sido resolutivas, ya que a lo largo de los a\u00f1os se ha constatado <strong>una degradaci\u00f3n continuada del campanario (patolog\u00edas cr\u00f3nicas)<\/strong>, algunas veces por el uso inadecuado del acero y otros materiales en la construcci\u00f3n (desde el punto de vista de la durabilidad), buscando soluciones m\u00e1s ingeniosas que efectivas.<\/p>\n\n\n\n<p>Estas problem\u00e1ticas se convirtieron en<strong> patolog\u00edas que afectaban gravemente el comportamiento resistente del campanario<\/strong> (fig. 3) y, en consecuencia, a su estabilidad local y\/o global, como se describe:<\/p>\n\n\n\n<ul class=\"wp-block-list\">\n<li><strong>Deterioro de la secci\u00f3n resistente<\/strong> del sistema estructural del campanario, por el desprendimiento de material de la propia f\u00e1brica de las costillas.<\/li>\n\n\n\n<li><strong>Aparici\u00f3n de grietas verticales<\/strong> entre los machones que conforman la secci\u00f3n en \u00abT\u00bb de las costillas del campanario.<\/li>\n\n\n\n<li><strong>Aparici\u00f3n de grietas horizontales con separaci\u00f3n frontal de labios<\/strong> (discontinuidades normalmente indeseadas), generando la aparici\u00f3n de nuevas articulaciones que se convierten en una <strong>creciente inestabilidad<\/strong> del sistema estructural.<\/li>\n<\/ul>\n\n\n\n<figure class=\"wp-block-image alignnone size-full wp-image-34229\"><img decoding=\"async\" src=\"https:\/\/aceweb.cat\/wp-content\/uploads\/2022\/01\/ACE-Fig03-Iglesia-Vistabella.jpg\" alt=\"ACE. Figura 3. Iglesia Vistabella.\" class=\"wp-image-34229\"\/><figcaption class=\"wp-element-caption\">Figura 3. Grietas detectadas en las costillas seg\u00fan las inspecciones iniciales y en obra.<\/figcaption><\/figure>\n\n\n\n<p>Cabe destacar que la mayor\u00eda de las patolog\u00edas existentes estaban ocultas y por ello se encontraron en fase de obra, obligando a la resoluci\u00f3n de imprevistos con un presupuesto ajustado como expone la Directora de Ejecuci\u00f3n de la Obra<sup>3<\/sup>: la arquitecta t\u00e9cnica e ingeniera de la edificaci\u00f3n Susana Pav\u00f3n. Las actuaciones m\u00e1s relevantes realizadas en el campanario se exponen a continuaci\u00f3n.<\/p>\n\n\n\n<h3 class=\"wp-block-heading\"><span style=\"color: #c3002f;\"><strong>2. RESTAURACI\u00d3N Y REFUERZO ESTRUCTURAL DEL CAMPANARIO<\/strong><\/span><\/h3>\n\n\n\n<p>De acuerdo a puntos indicados previamente, para <strong>la estabilizaci\u00f3n del campanario de Vistabella<\/strong> se realizaron, principalmente, <strong>dos intervenciones estructurales<\/strong> (fig. 4):<\/p>\n\n\n\n<ul class=\"wp-block-list\">\n<li><a href=\"\/es\/espacio-empresa-asociacion-consultores-estructuras\/novedades-estructuras-hormigon-proyectos-estructurales\/\"><strong>Restauraci\u00f3n estructural<\/strong><\/a> del campanario mediante el <strong>\u00abcosido\u00bb de las costillas<\/strong> que conforman el sistema resistente de este, a trav\u00e9s de la colocaci\u00f3n de barras roscadas de acero inoxidable.<\/li>\n\n\n\n<li><strong>Refuerzo estructural<\/strong> del campanario para <strong>garantizar su estabilidad<\/strong> mediante el uso de <strong>t\u00e9cnicas de postesado (sistema activo de tirantes)<\/strong>, en este caso con un <strong>postesado bidireccional<\/strong>, el cual substituye el sistema de tirantes existente (sistema pasivo).<\/li>\n<\/ul>\n\n\n\n<figure class=\"wp-block-image alignnone size-large wp-image-34232\"><img decoding=\"async\" src=\"https:\/\/aceweb.cat\/wp-content\/uploads\/2022\/01\/ACE-Fig04-Iglesia-Vistabella-808x1024.jpg\" alt=\"ACE. Figura 4. Iglesia Vistabella.\" class=\"wp-image-34232\"\/><figcaption class=\"wp-element-caption\">Figura 4. Actuaci\u00f3n en las costillas para la restauraci\u00f3n y refuerzo del sistema estructural del campanario.<\/figcaption><\/figure>\n\n\n\n<p>En el caso de la segunda intervenci\u00f3n, se considera que ha estado <strong>la opci\u00f3n m\u00e1s eficiente<\/strong>, frente a la acci\u00f3n e\u00f3lica, <strong>como pretensado de tracer\u00eda<\/strong>, en acepci\u00f3n al Dr. arquitecto <strong>Robert Brufau<\/strong> en este sentido:<\/p>\n\n\n\n<p>\u00ab<em><strong>Pretensar los elementos que tendr\u00e1n zonas traccionadas cuando soplen vientos fuertes es la medida m\u00e1s eficaz para mantener la estabilidad<\/strong>. Con esta intervenci\u00f3n se pretenden incorporar esfuerzos axiales de compresi\u00f3n a las barras afectadas, de manera que se generen tensiones normales que puedan neutralizar las tensiones de tracci\u00f3n inaceptables, aunque ello comporte que en algunas zonas de cada secci\u00f3n puedan incrementarse las tensiones normales compresivas. No olvidemos que los materiales p\u00e9treos y los morteros que los rejuntan suelen tener una buena resistencia a compresi\u00f3n. El pretensado axial aporta un buen rendimiento estructural, y est\u00e1 plenamente aceptado por las teor\u00edas cl\u00e1sicas de la resistencia de materiales, siendo reconocido como una de las herramientas m\u00e1s eficientes de refuerzo de elementos con zonas traccionadas<\/em>\u00bb<sup>5<\/sup>. (Traducci\u00f3n propia.)<\/p>\n\n\n\n<p>Destacar que, previamente a la ejecuci\u00f3n de las intervenciones realizadas (apartados 2.1 y 2.2), se llevaron a cabo una serie de actuaciones iniciales, destacando<strong> la retirada de los tirantes existentes y la reintegraci\u00f3n del material en las zonas afectadas por el deterioro<\/strong>, especialmente, en aquellos puntos donde se hab\u00eda producido el desprendimiento de la f\u00e1brica de ladrillo por la corrosi\u00f3n de las barras met\u00e1licas.<\/p>\n\n\n\n<h3 class=\"wp-block-heading\"><span style=\"color: #c3002f;\"><strong>2.1. Restauraci\u00f3n estructural del campanario con el \u00abcosido\u00bb de las costillas<\/strong><\/span><\/h3>\n\n\n\n<p>Para la <strong>restauraci\u00f3n estructural de las costillas se realiz\u00f3 el \u00abcosido\u00bb de estas<\/strong> entre los machones exteriores y los machones interiores, que conforman la secci\u00f3n \u00aben T\u00bb, mediante barras roscadas de acero inoxidable AISI 316 de \u00f810 mm y 650 mm de longitud (fig. 5). El n\u00famero de barras del \u00abcosido\u00bb se aument\u00f3 en los tramos inferiores a los puntos donde se colocaron las placas de anclaje (fig. 4) que transmiten las fuerzas de tesado a la f\u00e1brica de ladrillo.<\/p>\n\n\n\n<figure class=\"wp-block-image alignnone wp-image-34235\"><img decoding=\"async\" src=\"https:\/\/aceweb.cat\/wp-content\/uploads\/2022\/01\/ACE-Fig05-Iglesia-Vistabella.jpg\" alt=\"ACE. Figura 5. Iglesia Vistabella.\" class=\"wp-image-34235\"\/><figcaption class=\"wp-element-caption\">Figura 5. Ejecuci\u00f3n del \u00abcosido\u00bb de las costillas con barras roscadas para su restauraci\u00f3n.<\/figcaption><\/figure>\n\n\n\n<h3 class=\"wp-block-heading\"><span style=\"color: #c3002f;\"><strong>2.2. Refuerzo estructural del campanario con el sistema de postesado bidireccional<\/strong><\/span><\/h3>\n\n\n\n<p>En cuanto a la segunda intervenci\u00f3n, esta consisti\u00f3 en la <strong>ejecuci\u00f3n del sistema de refuerzo estructural<\/strong> para resolver de forma definitiva las diferentes patolog\u00edas que afectaban a la resistencia y\/o estabilidad, ya sea parcial o global del campanario. <strong>Se ha ejecutado un sistema activo de ocho tirantes (barras macizas) verticales postesados, de tres tramos cada uno, de \u00f816 mm de acero inoxidable AISI 316<\/strong> (atendiendo a la durabilidad), que se han colocado dos a dos (uno por lado) en las costillas del campanario (fig. 4), desde su base hasta la cruz (fig. 2), <strong>sustituyendo, as\u00ed, los tirantes existentes que no eran efectivos<\/strong>. Esta intervenci\u00f3n se asimila, en parte, a la propuesta por Brufau a una chimenea industrial en el pueblo de Roda de Ter (proyecto no ejecutado). Un planteamiento que el propio Brufau expone diciendo:<\/p>\n\n\n\n<p>\u00ab<em>La intervenci\u00f3n consistir\u00eda en hacer un cierto postesado vertical de toda la f\u00e1brica, introduciendo compresiones axiales a trav\u00e9s de un tensor [&#8230;]. Con esta operaci\u00f3n se quer\u00eda reducir al m\u00e1ximo el riesgo de que se presentaran indeseables tensiones de tracci\u00f3n en la obra de f\u00e1brica 6<\/em>\u00bb. ( Traducci\u00f3n propia.)<\/p>\n\n\n\n<p>Asimismo, se realiz\u00f3 <strong>un postesado horizontal en dos niveles para confinar la estructura<\/strong> del campanario frente al posible <strong>pandeo de las costillas (elementos esbeltos)<\/strong> teniendo en cuenta el incremento de carga aplicada por el efecto del postesado vertical, <strong>resultando en el conjunto un sistema de postesado bidireccional<\/strong> (fig. 6).<\/p>\n\n\n\n<p>Mencionar que en relaci\u00f3n a la puesta en obra del postesado bidireccional, <strong>primero se llev\u00f3 a cabo el tesado horizontal<\/strong> y, posteriormente, se realiz\u00f3 <strong>el postesado vertical mediante un proceso de tesado gradual y secuencial<\/strong>, para un total de tres fases y dos secuencias de tesado por cada fase. El proceso de<strong> tesado gradual responde a que este se realiz\u00f3 en diferentes fases, aplicando las fuerzas de tesado en tres niveles distintos (placas de anclaje) de las costillas (mayor estabilidad), para no concentrar, as\u00ed, toda la carga de tesado en la parte superior del campanario (mayor inestabilidad)<\/strong>, seg\u00fan la figura 6.<\/p>\n\n\n\n<figure class=\"wp-block-image alignnone wp-image-34238\"><img decoding=\"async\" src=\"https:\/\/aceweb.cat\/wp-content\/uploads\/2022\/01\/ACE-Fig06-Iglesia-Vistabella.jpg\" alt=\"ACE. Figura 6. Iglesia Vistabella.\" class=\"wp-image-34238\"\/><figcaption class=\"wp-element-caption\">Figura 6. Esquemas de la actuaci\u00f3n realizada en las costillas del campanario. Izquierda: postesado bidireccional; derecha: fecto del postesado horizontal T<sub>H<\/sub> (confinamiento) en el comportamiento resistente de las costillas frente al pandeo.<\/figcaption><\/figure>\n\n\n\n<p><strong>El proceso de tesado gradual implic\u00f3 que despu\u00e9s de cada fase se deb\u00eda fijar, mediante soldadura, los tirantes a la placa de anclaje del nivel correspondiente<\/strong>, ya que los tirantes, inicialmente, solo estaban unidos en la parte superior (base cruz) y se tes\u00f3 siempre desde la parte inferior (base campanario) con llave dinamom\u00e9trica.<\/p>\n\n\n\n<p>En cuanto al <strong>concepto de secuencial<\/strong>, tambi\u00e9n hace referencia a la puesta en obra del proceso de tesado. <strong>El tesado de cada fase no se ejecut\u00f3 de una sola vez<\/strong>, sino que se hicieron dos secuencias de tesado por fase, alternando sim\u00e9tricamente el tesado de las dos costillas del mismo plano, disminuyendo, as\u00ed, <strong>el desequilibrio de estas generado por el proceso de tesado<\/strong>. Por lo tanto, la puesta en carga de las costillas fue progresiva evitando generar excentricidades no deseadas (esfuerzos adicionales durante la ejecuci\u00f3n). Diferentes detalles de la ejecuci\u00f3n del sistema de tirantes se muestran en la figura 7.<\/p>\n\n\n\n<figure class=\"wp-block-image alignnone size-full wp-image-34242\"><img decoding=\"async\" src=\"https:\/\/aceweb.cat\/wp-content\/uploads\/2022\/01\/ACE-Fig07-Iglesia-Vistabella.jpg\" alt=\"ACE. Figura 7. Iglesia Vistabella.\" class=\"wp-image-34242\"\/><figcaption class=\"wp-element-caption\">Figura 7. Diferentes puntos de la ejecuci\u00f3n del postesado bidireccional. Izquierda: colocaci\u00f3n de los tirantes verticales; derecha: colocaci\u00f3n de los tirantes horizontales.<\/figcaption><\/figure>\n\n\n\n<p><strong>Todo ello se plante\u00f3 debido a que el proceso de tesado ten\u00eda que dar respuesta a dos requisitos diferentes: por un lado, la necesidad de a\u00f1adir carga al sistema estructural del campanario y, por otro \u2014debido a la esbeltez de las costillas de mamposter\u00eda\u2014 no exceder la compresi\u00f3n admisible del material<\/strong><sup>7<\/sup>.<\/p>\n\n\n\n<p>En este contexto, <strong>se estudi\u00f3 el tensado m\u00e1s adecuado<\/strong> (tabla 1), seg\u00fan la temperatura ambiente del d\u00eda en que se llev\u00f3 a cabo (7 de octubre de 2016; temperatura media durante el tesado: 21 \u00b0C), as\u00ed como en base a los valores de temperatura m\u00e1xima (verano) y m\u00ednima (invierno) <strong>considerando el salto t\u00e9rmico que pudiera afectar al tesado<\/strong>, debido al alargamiento y el acortamiento de los tirantes. Los valores analizados se muestran en la tabla 2, destacando que la diferencia entre los valores del tesado te\u00f3rico y el tesado real reside en tener en cuenta, tambi\u00e9n en el segundo, el alargamiento o acortamiento de los elementos de f\u00e1brica debido a los incrementos de temperatura (verano\/invierno seg\u00fan el caso).<\/p>\n\n\n\n<figure class=\"wp-block-image alignnone wp-image-34245\"><img decoding=\"async\" src=\"https:\/\/aceweb.cat\/wp-content\/uploads\/2022\/01\/ACE-Tab01-Iglesia-Vistabella.jpg\" alt=\"ACE. Tabla 1. Iglesia Vistabella.\" class=\"wp-image-34245\"\/><figcaption class=\"wp-element-caption\">Tabla 1. Definici\u00f3n de las fuerzas de tesado y verificaci\u00f3n del postesado objetivo <sup>4, 8<\/sup>.<\/figcaption><\/figure>\n\n\n\n<figure class=\"wp-block-image alignnone size-full wp-image-34248\"><img decoding=\"async\" src=\"https:\/\/aceweb.cat\/wp-content\/uploads\/2022\/01\/ACE-Tab02-Iglesia-Vistabella.jpg\" alt=\"ACE. Tabla 2. Iglesia Vistabella.\" class=\"wp-image-34248\"\/><figcaption class=\"wp-element-caption\">Tabla 2. Estudio y verificaci\u00f3n del tesado en temperatura ambiente m\u00e1xima (verano) y m\u00ednima (invierno) <sup>4, 8<\/sup>.<\/figcaption><\/figure>\n\n\n\n<p>Asimismo, <strong>para garantizar la correcta puesta en obra del tesado, se instrument\u00f3 todo el proceso, a fin de controlar las fuerzas aplicadas a los tirantes en los diferentes niveles en todo momento<\/strong>. La estrategia seguida contempl\u00f3 la instrumentaci\u00f3n de los ocho tirantes, en tres niveles, con lo que se pudo hacer un seguimiento individualizado de las tres fases de tesado previstas, para un total de 24 galgas extensom\u00e9tricas<sup>7<\/sup>. En la tabla 3, se muestran <strong>los valores del protocolo de control definido para el seguimiento en obra del tesado gradual\/secuencial<\/strong> para cada una de las fases, as\u00ed como las correspondientes deformaciones unitarias, \u03b5 (\u03bcm\/m), de acuerdo a la expresi\u00f3n [1], de cada tramo para su verificaci\u00f3n en obra (instrumentaci\u00f3n).<\/p>\n\n\n\n<figure class=\"wp-block-image aligncenter\"><img decoding=\"async\" src=\"https:\/\/aceweb.cat\/wp-content\/uploads\/2022\/01\/ACE-11-iglesia-vistabella.jpg\" alt=\"\" class=\"wp-image-34216\"\/><\/figure>\n\n\n\n<p>Como se observa en la tabla 3, <strong>en el protocolo de control de tesado del sistema de tirantes se consider\u00f3 el incremento de las fuerzas en los tramos superiores debido al tesado de los tramos inferiores (tesado gradual)<\/strong>. Este fen\u00f3meno se produjo por las deformaciones de las placas de anclaje durante la puesta en obra, el cual se estudi\u00f3 mediante la modelizaci\u00f3n del proceso por fases (fig. 8), dada su relevancia en el comportamiento global del sistema estructural.<\/p>\n\n\n\n<figure class=\"wp-block-image alignnone size-full wp-image-34252\"><img decoding=\"async\" src=\"https:\/\/aceweb.cat\/wp-content\/uploads\/2022\/01\/ACE-Tab03-Iglesia-Vistabella.jpg\" alt=\"ACE. Tabla 3. Iglesia Vistabella.\" class=\"wp-image-34252\"\/><figcaption class=\"wp-element-caption\">Tabla 3. Valores del tesado gradual\/secuencial y los par\u00e1metros de control (protocolo) para su verificaci\u00f3n en obra <sup>4, 8<\/sup>.<\/figcaption><\/figure>\n\n\n\n<p>En este sentido, mencionar que actualmente est\u00e1 prevista<strong> la instrumentaci\u00f3n del sistema de tirantes y del campanario para evaluar su comportamiento resistente<\/strong> (est\u00e1tico y din\u00e1mico) frente al viento y el soleamiento de los tirantes. De este modo se pretende estudiar la influencia de estos agentes climatol\u00f3gicos sobre el comportamiento estructural del campanario y el sistema de refuerzo. Esto permitir\u00e1 <strong>determinar cualitativa y cuantitativamente el comportamiento local y global del campanario, con el fin de evaluar si es necesario retesar el sistema para una mayor eficiencia del&nbsp; refuerzo<\/strong>.<\/p>\n\n\n\n<figure class=\"wp-block-image alignnone size-full wp-image-34255\"><img decoding=\"async\" src=\"https:\/\/aceweb.cat\/wp-content\/uploads\/2022\/01\/ACE-Fig08-Iglesia-Vistabella.jpg\" alt=\"ACE. Figura 8. Iglesia Vistabella.\" class=\"wp-image-34255\"\/><figcaption class=\"wp-element-caption\">Figura 8. Estudio del tesado gradual de acuerdo a la puesta en obra en tres fases <sup>8<\/sup>.<\/figcaption><\/figure>\n\n\n\n<p>Como efecto del sistema de postesado bidireccional ejecutado, <strong>se neutralizan las tracciones que solicitaban inicialmente las costillas del campanario frente a la acci\u00f3n del viento<\/strong> (fig. 9). Se observa que las tracciones en la base del campanario que hab\u00eda en el estado inicial se equilibran en el estado final mediante las intervenciones expuestas.<\/p>\n\n\n\n<figure class=\"wp-block-image alignnone size-full wp-image-34258\"><img decoding=\"async\" src=\"https:\/\/aceweb.cat\/wp-content\/uploads\/2022\/01\/ACE-Fig09-Iglesia-Vistabella.jpg\" alt=\"ACE. Figura 9. Iglesia Vistabella.\" class=\"wp-image-34258\"\/><figcaption class=\"wp-element-caption\">Figura 9. Comportamiento estructural del campanario en el estado inicial (sistema pasivo) y el estado final (sistema activo) frente a la acci\u00f3n del viento <sup>2, 4, 8<\/sup>.<\/figcaption><\/figure>\n\n\n\n<p>A modo de visualizaci\u00f3n, en la figura 10 se muestra el campanario antes (estado inicial) y despu\u00e9s (estado final) de las intervenciones realizadas.<\/p>\n\n\n\n<figure class=\"wp-block-image alignnone size-full wp-image-34261\"><img decoding=\"async\" src=\"https:\/\/aceweb.cat\/wp-content\/uploads\/2022\/01\/ACE-Fig10-Iglesia-Vistabella.jpg\" alt=\"ACE. Figura 10. Iglesia Vistabella.\" class=\"wp-image-34261\"\/><figcaption class=\"wp-element-caption\">Figura 10. Vistas del campanario. Respectivamente, estado inicial (con los aplacados de mortero) y estado final (una vez finalizadas las intervenciones de refuerzo estructural).<\/figcaption><\/figure>\n\n\n\n<h3 class=\"wp-block-heading\"><span style=\"color: #c3002f;\"><strong>3. CONCLUSIONES<\/strong><\/span><\/h3>\n\n\n\n<p>Para concluir, se expresan las reflexiones surgidas del trabajo desarrollado<sup>10<\/sup>, y presentado, para la restauraci\u00f3n y el refuerzo estructural de esta obra del Patrimonio Cultural Catal\u00e1n con patolog\u00edas cr\u00f3nicas:<\/p>\n\n\n\n<ul class=\"wp-block-list\">\n<li>Se determina que <strong>el comportamiento resistente del campanario<\/strong>, previo a la actuaci\u00f3n realizada, <strong>era inadecuado<\/strong> y por ello ha sido necesario su restauraci\u00f3n y refuerzo estructural para mejorar dicho comportamiento.<\/li>\n\n\n\n<li>Se realiza la restauraci\u00f3n y el refuerzo estructural del campanario <strong>interviniendo con la m\u00e1xima pureza, recuperando la esencia y la \u00absimplicidad\u00bb de la actuaci\u00f3n llevada a cabo por el propio Jujol en 1935 (refuerzo con tirantes)<\/strong>, sin la utilizaci\u00f3n de elementos superficiales y\/o superfluos que tapan o \u00abensucian\u00bb la obra. Mediante un profundo conocimiento del binomio, conocido como \u00ab<strong>est\u00e9tica estructural<\/strong>\u00bb<sup>9<\/sup>, que conforman el comportamiento estructural y el concepto arquitect\u00f3nico.<\/li>\n\n\n\n<li>Se presenta la soluci\u00f3n adoptada mediante <strong>un sistema postesado vertical gradual<\/strong> (ejecutado secuencialmente), el cual ha sido posible gracias a las t\u00e9cnicas, la tecnolog\u00eda y los materiales de la actualidad, <strong>sin alterar las cargas bajo el campanario (equilibrio est\u00e1tico)<\/strong>, lo cual es un aspecto fundamental.<\/li>\n\n\n\n<li>Se concluye que las intervenciones realizadas en el campanario de Vistabella han sido altamente satisfactorias, a tenor de los resultados obtenidos, mediante <strong>el uso de t\u00e9cnicas de postesado para garantizar su estabilidad, siendo necesario actuar con rigor y un elevado conocimiento de la problem\u00e1tica a tratar<\/strong>.<\/li>\n<\/ul>\n\n\n\n<h3 class=\"wp-block-heading\"><span style=\"color: #c3002f;\"><strong>AGRADECIMIENTOS<\/strong><\/span><\/h3>\n\n\n\n<p>En primer lugar agradecer a todos los t\u00e9cnicos del grupo interdisciplinar que han colaborado conjuntamente en la redacci\u00f3n del proyecto10 y durante la ejecuci\u00f3n de la obra, por su disposici\u00f3n a trabajar en equipo, en todo momento, abordando la tem\u00e1tica desde la vertiente cient\u00edfico-t\u00e9cnica que requer\u00eda la intervenci\u00f3n realizada, con el m\u00e1ximo rigor, esfuerzo y motivaci\u00f3n. En este sentido, destacar al arquitecto Santi Prats (director de obra) y la arquitecto t\u00e9cnico Susana Pav\u00f3n (director de ejecuci\u00f3n de obra experto en restauraci\u00f3n de patrimonio arquitect\u00f3nico), que han contado con mi colaboraci\u00f3n como consultor de estructuras arquitect\u00f3nicas durante todo el proceso, dando lugar a distintas reflexiones sobre conceptos arquitect\u00f3nicos y estructurales avanzados, surgidas de las largas, y tendidas, conversaciones mantenidas.<\/p>\n\n\n\n<h3 class=\"wp-block-heading\"><span style=\"color: #c3002f;\"><strong>REFERENCIAS<\/strong><\/span><\/h3>\n\n\n\n<ol class=\"wp-block-list\">\n<li>Llin\u00e0s, J.; Miralles, R. (2008). Pla Director per obres de reparaci\u00f3 i restauraci\u00f3 de l\u2019esgl\u00e9sia del Sagrat Cor de Vistabella. Direcci\u00f3 General del Patrimoni Cultural, Barcelona.<\/li>\n\n\n\n<li>Se\u00f1\u00eds, R. (2016). An\u00e0lisi del comportament estructural i avaluaci\u00f3 del dany del campanar de l\u2019esgl\u00e9sia de Vistabella (La Secuita) per al seu refor\u00e7. En: Congr\u00e9s d\u2019Arquitectura 2016. Col\u00b7legi d\u2019Arquitectes de Catalunya (COAC). Barcelona; 2016: pp. 1- 7.<\/li>\n\n\n\n<li>Moreno, A. (2017). A cor obert. Restauraci\u00f3 de l\u2019esgl\u00e9sia del Sagrat Cor de Jes\u00fas de Vistabella. L\u2019informatiu del CAATEEB, 351 (gener-mar\u00e7 2017): pp. 94 -100. Entrevista a Susana Pav\u00f3n.<\/li>\n\n\n\n<li>Se\u00f1\u00eds, R.; Pav\u00f3n, S. (2017). Structural analysis and damage assessment of the Vistabella Church\u2019s Tower to establish the masonry\u2019s active reinforcement for its structural restoration. En: Proceedings of the 4th International Conference on Mechanical Models in Structural Engineering, CMMoST 2017: del 29 de noviembre al 1 de diciembre de 2017. Madrid; 2017: pp. 1-10.<\/li>\n\n\n\n<li>Brufau, R. (2012). L\u2019\u00fas de t\u00e8cniques de posttesat per garantir l\u2019estabilitat dels rosetons g\u00f2tics, Vol. 5, primer text, p. 21.<\/li>\n\n\n\n<li>Brufau, R. (2007 ). Construint fum. Quaderns d\u2019arquitectura i urbanisme, 253: pp. 74 -77.<\/li>\n\n\n\n<li>Llorens, M., Se\u00f1\u00eds, R., Moreno, B., Pav\u00f3n, S. (2017). Monitoring of an external prestressing used as a strengthening technique in a historical masonry steeple. En: Proceedings of the MS3 \u2013 Identification, Control and Structural Health Monitoring of Civil Structures within the 8th ECCOMAS Thematic Conference on Smart Structures and Materials, SMART 2017: del 5 al 8 de junio de 2017. Madrid; 2017: pp. 1-10.<\/li>\n\n\n\n<li>Se\u00f1\u00eds, R. (2016). Definici\u00f3 i execuci\u00f3 del posttesat vertical gradual per al refor\u00e7 i la restauraci\u00f3 estructural del campanar de Vistabella. Informe T\u00e9cnico. Barcelona; 2016: pp. 1-29.<\/li>\n\n\n\n<li>Se\u00f1\u00eds, R. (2014). Optimizaci\u00f3n de mallas estructurales de acero envolventes de edificios en altura. An\u00e1lisis de las direcciones principales identificadas por sus l\u00edneas isost\u00e1ticas, p. 269. Tesis doctoral. Barcelona: Universitat Polit\u00e8cnica de Catalunya. Id: <a href=\"https:\/\/www.tdx.cat\/handle\/10803\/146178#page=1\" target=\"_blank\" rel=\"noopener noreferrer\">https:\/\/www.tdx.cat\/handle\/10803\/146178<\/a><\/li>\n\n\n\n<li>Prats, S., et al. (2015). Projecte de restauraci\u00f3 de l\u2019esgl\u00e9sia del Sagrat Cor de Vistabella. Barcelona.<\/li>\n<\/ol>\n","protected":false},"excerpt":{"rendered":"<p>ROGER SE\u00d1\u00cdS L\u00d3PEZDoctor en Arquitectura por la UPC; Profesor del Departamento de Tecnolog\u00eda en la Arquitectura de la UPC, \u00c1mbito de Estructuras; Profesor de Postgrado y M\u00e1ster sobre estructuras en La Salle (URL) y la UPC School.Miembro asociado del grupo de investigaci\u00f3n LiTA (UPC &#8211; BarcelonaTech).Autor de distintas publicaciones cient\u00edficas y ponencias en congresos en &hellip;<\/p>\n<p class=\"read-more\"> <a class=\"\" href=\"https:\/\/aceweb.cat\/es\/articulos-destacados\/restauracion-y-refuerzo-estructural-del-campanario-de-la-iglesia-de-vistabella-obra-de-josep-maria-jujol\/\"> <span class=\"screen-reader-text\">Restauraci\u00f3n y refuerzo estructural del campanario de la iglesia de Vistabella, obra de Josep Maria Jujol<\/span> Leer m\u00e1s &raquo;<\/a><\/p>\n","protected":false},"author":1,"featured_media":40515,"comment_status":"closed","ping_status":"closed","sticky":false,"template":"","format":"standard","meta":{"_acf_changed":false,"site-sidebar-layout":"default","site-content-layout":"default","ast-global-header-display":"","ast-main-header-display":"","ast-hfb-above-header-display":"","ast-hfb-below-header-display":"","ast-hfb-mobile-header-display":"","site-post-title":"","ast-breadcrumbs-content":"","ast-featured-img":"","footer-sml-layout":"","theme-transparent-header-meta":"","adv-header-id-meta":"","stick-header-meta":"","header-above-stick-meta":"","header-main-stick-meta":"","header-below-stick-meta":"","footnotes":""},"categories":[1431],"tags":[],"class_list":["post-40375","post","type-post","status-publish","format-standard","has-post-thumbnail","hentry","category-articulos-destacados"],"acf":[],"yoast_head":"<!-- This site is optimized with the Yoast SEO plugin v27.1.1 - https:\/\/yoast.com\/product\/yoast-seo-wordpress\/ -->\n<title>Restauraci\u00f3n y refuerzo estructural del campanario de la iglesia de Vistabella, obra de Josep Maria Jujol | ACE<\/title>\n<meta name=\"robots\" content=\"index, follow, max-snippet:-1, max-image-preview:large, max-video-preview:-1\" \/>\n<link rel=\"canonical\" href=\"https:\/\/aceweb.cat\/es\/articulos-destacados\/restauracion-y-refuerzo-estructural-del-campanario-de-la-iglesia-de-vistabella-obra-de-josep-maria-jujol\/\" \/>\n<meta property=\"og:locale\" content=\"es_ES\" \/>\n<meta property=\"og:type\" content=\"article\" \/>\n<meta property=\"og:title\" content=\"Restauraci\u00f3n y refuerzo estructural del campanario de la iglesia de Vistabella, obra de Josep Maria Jujol | ACE\" \/>\n<meta property=\"og:description\" content=\"ROGER SE\u00d1\u00cdS L\u00d3PEZDoctor en Arquitectura por la UPC; Profesor del Departamento de Tecnolog\u00eda en la Arquitectura de la UPC, \u00c1mbito de Estructuras; Profesor de Postgrado y M\u00e1ster sobre estructuras en La Salle (URL) y la UPC School.Miembro asociado del grupo de investigaci\u00f3n LiTA (UPC &#8211; BarcelonaTech).Autor de distintas publicaciones cient\u00edficas y ponencias en congresos en &hellip; Restauraci\u00f3n y refuerzo estructural del campanario de la iglesia de Vistabella, obra de Josep Maria Jujol Leer m\u00e1s &raquo;\" \/>\n<meta property=\"og:url\" content=\"https:\/\/aceweb.cat\/es\/articulos-destacados\/restauracion-y-refuerzo-estructural-del-campanario-de-la-iglesia-de-vistabella-obra-de-josep-maria-jujol\/\" \/>\n<meta property=\"og:site_name\" content=\"aceweb.cat\" \/>\n<meta property=\"article:published_time\" content=\"2022-01-07T12:18:00+00:00\" \/>\n<meta property=\"article:modified_time\" content=\"2023-03-17T13:59:38+00:00\" \/>\n<meta property=\"og:image\" content=\"https:\/\/aceweb.cat\/wp-content\/uploads\/2022\/01\/ACE-Fig07-Iglesia-Vistabella-1.jpg\" \/>\n\t<meta property=\"og:image:width\" content=\"681\" \/>\n\t<meta property=\"og:image:height\" content=\"460\" \/>\n\t<meta property=\"og:image:type\" content=\"image\/jpeg\" \/>\n<meta name=\"author\" content=\"Manel\" \/>\n<meta name=\"twitter:card\" content=\"summary_large_image\" \/>\n<meta name=\"twitter:label1\" content=\"Escrito por\" \/>\n\t<meta name=\"twitter:data1\" content=\"Manel\" \/>\n\t<meta name=\"twitter:label2\" content=\"Tiempo de lectura\" \/>\n\t<meta name=\"twitter:data2\" content=\"20 minutos\" \/>\n<script type=\"application\/ld+json\" class=\"yoast-schema-graph\">{\"@context\":\"https:\/\/schema.org\",\"@graph\":[{\"@type\":\"Article\",\"@id\":\"https:\/\/aceweb.cat\/es\/articulos-destacados\/restauracion-y-refuerzo-estructural-del-campanario-de-la-iglesia-de-vistabella-obra-de-josep-maria-jujol\/#article\",\"isPartOf\":{\"@id\":\"https:\/\/aceweb.cat\/es\/articulos-destacados\/restauracion-y-refuerzo-estructural-del-campanario-de-la-iglesia-de-vistabella-obra-de-josep-maria-jujol\/\"},\"author\":{\"name\":\"Manel\",\"@id\":\"https:\/\/aceweb.cat\/#\/schema\/person\/eff128d7a478831719f89cf8a1a6280c\"},\"headline\":\"Restauraci\u00f3n y refuerzo estructural del campanario de la iglesia de Vistabella, obra de Josep Maria Jujol\",\"datePublished\":\"2022-01-07T12:18:00+00:00\",\"dateModified\":\"2023-03-17T13:59:38+00:00\",\"mainEntityOfPage\":{\"@id\":\"https:\/\/aceweb.cat\/es\/articulos-destacados\/restauracion-y-refuerzo-estructural-del-campanario-de-la-iglesia-de-vistabella-obra-de-josep-maria-jujol\/\"},\"wordCount\":3128,\"publisher\":{\"@id\":\"https:\/\/aceweb.cat\/#organization\"},\"image\":{\"@id\":\"https:\/\/aceweb.cat\/es\/articulos-destacados\/restauracion-y-refuerzo-estructural-del-campanario-de-la-iglesia-de-vistabella-obra-de-josep-maria-jujol\/#primaryimage\"},\"thumbnailUrl\":\"https:\/\/aceweb.cat\/wp-content\/uploads\/2022\/01\/ACE-Fig07-Iglesia-Vistabella-1.jpg\",\"articleSection\":[\"Art\u00edculos destacados\"],\"inLanguage\":\"es\"},{\"@type\":\"WebPage\",\"@id\":\"https:\/\/aceweb.cat\/es\/articulos-destacados\/restauracion-y-refuerzo-estructural-del-campanario-de-la-iglesia-de-vistabella-obra-de-josep-maria-jujol\/\",\"url\":\"https:\/\/aceweb.cat\/es\/articulos-destacados\/restauracion-y-refuerzo-estructural-del-campanario-de-la-iglesia-de-vistabella-obra-de-josep-maria-jujol\/\",\"name\":\"Restauraci\u00f3n y refuerzo estructural del campanario de la iglesia de Vistabella, obra de Josep Maria Jujol | ACE\",\"isPartOf\":{\"@id\":\"https:\/\/aceweb.cat\/#website\"},\"primaryImageOfPage\":{\"@id\":\"https:\/\/aceweb.cat\/es\/articulos-destacados\/restauracion-y-refuerzo-estructural-del-campanario-de-la-iglesia-de-vistabella-obra-de-josep-maria-jujol\/#primaryimage\"},\"image\":{\"@id\":\"https:\/\/aceweb.cat\/es\/articulos-destacados\/restauracion-y-refuerzo-estructural-del-campanario-de-la-iglesia-de-vistabella-obra-de-josep-maria-jujol\/#primaryimage\"},\"thumbnailUrl\":\"https:\/\/aceweb.cat\/wp-content\/uploads\/2022\/01\/ACE-Fig07-Iglesia-Vistabella-1.jpg\",\"datePublished\":\"2022-01-07T12:18:00+00:00\",\"dateModified\":\"2023-03-17T13:59:38+00:00\",\"breadcrumb\":{\"@id\":\"https:\/\/aceweb.cat\/es\/articulos-destacados\/restauracion-y-refuerzo-estructural-del-campanario-de-la-iglesia-de-vistabella-obra-de-josep-maria-jujol\/#breadcrumb\"},\"inLanguage\":\"es\",\"potentialAction\":[{\"@type\":\"ReadAction\",\"target\":[\"https:\/\/aceweb.cat\/es\/articulos-destacados\/restauracion-y-refuerzo-estructural-del-campanario-de-la-iglesia-de-vistabella-obra-de-josep-maria-jujol\/\"]}]},{\"@type\":\"ImageObject\",\"inLanguage\":\"es\",\"@id\":\"https:\/\/aceweb.cat\/es\/articulos-destacados\/restauracion-y-refuerzo-estructural-del-campanario-de-la-iglesia-de-vistabella-obra-de-josep-maria-jujol\/#primaryimage\",\"url\":\"https:\/\/aceweb.cat\/wp-content\/uploads\/2022\/01\/ACE-Fig07-Iglesia-Vistabella-1.jpg\",\"contentUrl\":\"https:\/\/aceweb.cat\/wp-content\/uploads\/2022\/01\/ACE-Fig07-Iglesia-Vistabella-1.jpg\",\"width\":681,\"height\":460},{\"@type\":\"BreadcrumbList\",\"@id\":\"https:\/\/aceweb.cat\/es\/articulos-destacados\/restauracion-y-refuerzo-estructural-del-campanario-de-la-iglesia-de-vistabella-obra-de-josep-maria-jujol\/#breadcrumb\",\"itemListElement\":[{\"@type\":\"ListItem\",\"position\":1,\"name\":\"Inici\",\"item\":\"https:\/\/aceweb.cat\/\"},{\"@type\":\"ListItem\",\"position\":2,\"name\":\"Art\u00edculos destacados\",\"item\":\"https:\/\/aceweb.cat\/es\/categoria\/articulos-destacados\/\"},{\"@type\":\"ListItem\",\"position\":3,\"name\":\"Restauraci\u00f3n y refuerzo estructural del campanario de la iglesia de Vistabella, obra de Josep Maria Jujol\"}]},{\"@type\":\"WebSite\",\"@id\":\"https:\/\/aceweb.cat\/#website\",\"url\":\"https:\/\/aceweb.cat\/\",\"name\":\"ACE\",\"description\":\"Associaci\u00f3 de Consultors d&#039;Estructures | ACE\",\"publisher\":{\"@id\":\"https:\/\/aceweb.cat\/#organization\"},\"alternateName\":\"ACE\",\"potentialAction\":[{\"@type\":\"SearchAction\",\"target\":{\"@type\":\"EntryPoint\",\"urlTemplate\":\"https:\/\/aceweb.cat\/?s={search_term_string}\"},\"query-input\":{\"@type\":\"PropertyValueSpecification\",\"valueRequired\":true,\"valueName\":\"search_term_string\"}}],\"inLanguage\":\"es\"},{\"@type\":\"Organization\",\"@id\":\"https:\/\/aceweb.cat\/#organization\",\"name\":\"ACE\",\"alternateName\":\"ACE\",\"url\":\"https:\/\/aceweb.cat\/\",\"logo\":{\"@type\":\"ImageObject\",\"inLanguage\":\"es\",\"@id\":\"https:\/\/aceweb.cat\/#\/schema\/logo\/image\/\",\"url\":\"https:\/\/aceweb.cat\/wp-content\/uploads\/2022\/10\/logo.svg\",\"contentUrl\":\"https:\/\/aceweb.cat\/wp-content\/uploads\/2022\/10\/logo.svg\",\"width\":1,\"height\":1,\"caption\":\"ACE\"},\"image\":{\"@id\":\"https:\/\/aceweb.cat\/#\/schema\/logo\/image\/\"}},{\"@type\":\"Person\",\"@id\":\"https:\/\/aceweb.cat\/#\/schema\/person\/eff128d7a478831719f89cf8a1a6280c\",\"name\":\"Manel\",\"image\":{\"@type\":\"ImageObject\",\"inLanguage\":\"es\",\"@id\":\"https:\/\/aceweb.cat\/#\/schema\/person\/image\/\",\"url\":\"https:\/\/secure.gravatar.com\/avatar\/08f10a599e1c2233dfc54578e9936eb5325ce0a03faf2072be5f50c306c7e522?s=96&d=mm&r=g\",\"contentUrl\":\"https:\/\/secure.gravatar.com\/avatar\/08f10a599e1c2233dfc54578e9936eb5325ce0a03faf2072be5f50c306c7e522?s=96&d=mm&r=g\",\"caption\":\"Manel\"},\"sameAs\":[\"https:\/\/aceweb.cat\"],\"url\":\"https:\/\/aceweb.cat\/es\/author\/a1e6ded0e0\/\"}]}<\/script>\n<!-- \/ Yoast SEO plugin. -->","yoast_head_json":{"title":"Restauraci\u00f3n y refuerzo estructural del campanario de la iglesia de Vistabella, obra de Josep Maria Jujol | ACE","robots":{"index":"index","follow":"follow","max-snippet":"max-snippet:-1","max-image-preview":"max-image-preview:large","max-video-preview":"max-video-preview:-1"},"canonical":"https:\/\/aceweb.cat\/es\/articulos-destacados\/restauracion-y-refuerzo-estructural-del-campanario-de-la-iglesia-de-vistabella-obra-de-josep-maria-jujol\/","og_locale":"es_ES","og_type":"article","og_title":"Restauraci\u00f3n y refuerzo estructural del campanario de la iglesia de Vistabella, obra de Josep Maria Jujol | ACE","og_description":"ROGER SE\u00d1\u00cdS L\u00d3PEZDoctor en Arquitectura por la UPC; Profesor del Departamento de Tecnolog\u00eda en la Arquitectura de la UPC, \u00c1mbito de Estructuras; Profesor de Postgrado y M\u00e1ster sobre estructuras en La Salle (URL) y la UPC School.Miembro asociado del grupo de investigaci\u00f3n LiTA (UPC &#8211; BarcelonaTech).Autor de distintas publicaciones cient\u00edficas y ponencias en congresos en &hellip; Restauraci\u00f3n y refuerzo estructural del campanario de la iglesia de Vistabella, obra de Josep Maria Jujol Leer m\u00e1s &raquo;","og_url":"https:\/\/aceweb.cat\/es\/articulos-destacados\/restauracion-y-refuerzo-estructural-del-campanario-de-la-iglesia-de-vistabella-obra-de-josep-maria-jujol\/","og_site_name":"aceweb.cat","article_published_time":"2022-01-07T12:18:00+00:00","article_modified_time":"2023-03-17T13:59:38+00:00","og_image":[{"width":681,"height":460,"url":"https:\/\/aceweb.cat\/wp-content\/uploads\/2022\/01\/ACE-Fig07-Iglesia-Vistabella-1.jpg","type":"image\/jpeg"}],"author":"Manel","twitter_card":"summary_large_image","twitter_misc":{"Escrito por":"Manel","Tiempo de lectura":"20 minutos"},"schema":{"@context":"https:\/\/schema.org","@graph":[{"@type":"Article","@id":"https:\/\/aceweb.cat\/es\/articulos-destacados\/restauracion-y-refuerzo-estructural-del-campanario-de-la-iglesia-de-vistabella-obra-de-josep-maria-jujol\/#article","isPartOf":{"@id":"https:\/\/aceweb.cat\/es\/articulos-destacados\/restauracion-y-refuerzo-estructural-del-campanario-de-la-iglesia-de-vistabella-obra-de-josep-maria-jujol\/"},"author":{"name":"Manel","@id":"https:\/\/aceweb.cat\/#\/schema\/person\/eff128d7a478831719f89cf8a1a6280c"},"headline":"Restauraci\u00f3n y refuerzo estructural del campanario de la iglesia de Vistabella, obra de Josep Maria Jujol","datePublished":"2022-01-07T12:18:00+00:00","dateModified":"2023-03-17T13:59:38+00:00","mainEntityOfPage":{"@id":"https:\/\/aceweb.cat\/es\/articulos-destacados\/restauracion-y-refuerzo-estructural-del-campanario-de-la-iglesia-de-vistabella-obra-de-josep-maria-jujol\/"},"wordCount":3128,"publisher":{"@id":"https:\/\/aceweb.cat\/#organization"},"image":{"@id":"https:\/\/aceweb.cat\/es\/articulos-destacados\/restauracion-y-refuerzo-estructural-del-campanario-de-la-iglesia-de-vistabella-obra-de-josep-maria-jujol\/#primaryimage"},"thumbnailUrl":"https:\/\/aceweb.cat\/wp-content\/uploads\/2022\/01\/ACE-Fig07-Iglesia-Vistabella-1.jpg","articleSection":["Art\u00edculos destacados"],"inLanguage":"es"},{"@type":"WebPage","@id":"https:\/\/aceweb.cat\/es\/articulos-destacados\/restauracion-y-refuerzo-estructural-del-campanario-de-la-iglesia-de-vistabella-obra-de-josep-maria-jujol\/","url":"https:\/\/aceweb.cat\/es\/articulos-destacados\/restauracion-y-refuerzo-estructural-del-campanario-de-la-iglesia-de-vistabella-obra-de-josep-maria-jujol\/","name":"Restauraci\u00f3n y refuerzo estructural del campanario de la iglesia de Vistabella, obra de Josep Maria Jujol | ACE","isPartOf":{"@id":"https:\/\/aceweb.cat\/#website"},"primaryImageOfPage":{"@id":"https:\/\/aceweb.cat\/es\/articulos-destacados\/restauracion-y-refuerzo-estructural-del-campanario-de-la-iglesia-de-vistabella-obra-de-josep-maria-jujol\/#primaryimage"},"image":{"@id":"https:\/\/aceweb.cat\/es\/articulos-destacados\/restauracion-y-refuerzo-estructural-del-campanario-de-la-iglesia-de-vistabella-obra-de-josep-maria-jujol\/#primaryimage"},"thumbnailUrl":"https:\/\/aceweb.cat\/wp-content\/uploads\/2022\/01\/ACE-Fig07-Iglesia-Vistabella-1.jpg","datePublished":"2022-01-07T12:18:00+00:00","dateModified":"2023-03-17T13:59:38+00:00","breadcrumb":{"@id":"https:\/\/aceweb.cat\/es\/articulos-destacados\/restauracion-y-refuerzo-estructural-del-campanario-de-la-iglesia-de-vistabella-obra-de-josep-maria-jujol\/#breadcrumb"},"inLanguage":"es","potentialAction":[{"@type":"ReadAction","target":["https:\/\/aceweb.cat\/es\/articulos-destacados\/restauracion-y-refuerzo-estructural-del-campanario-de-la-iglesia-de-vistabella-obra-de-josep-maria-jujol\/"]}]},{"@type":"ImageObject","inLanguage":"es","@id":"https:\/\/aceweb.cat\/es\/articulos-destacados\/restauracion-y-refuerzo-estructural-del-campanario-de-la-iglesia-de-vistabella-obra-de-josep-maria-jujol\/#primaryimage","url":"https:\/\/aceweb.cat\/wp-content\/uploads\/2022\/01\/ACE-Fig07-Iglesia-Vistabella-1.jpg","contentUrl":"https:\/\/aceweb.cat\/wp-content\/uploads\/2022\/01\/ACE-Fig07-Iglesia-Vistabella-1.jpg","width":681,"height":460},{"@type":"BreadcrumbList","@id":"https:\/\/aceweb.cat\/es\/articulos-destacados\/restauracion-y-refuerzo-estructural-del-campanario-de-la-iglesia-de-vistabella-obra-de-josep-maria-jujol\/#breadcrumb","itemListElement":[{"@type":"ListItem","position":1,"name":"Inici","item":"https:\/\/aceweb.cat\/"},{"@type":"ListItem","position":2,"name":"Art\u00edculos destacados","item":"https:\/\/aceweb.cat\/es\/categoria\/articulos-destacados\/"},{"@type":"ListItem","position":3,"name":"Restauraci\u00f3n y refuerzo estructural del campanario de la iglesia de Vistabella, obra de Josep Maria Jujol"}]},{"@type":"WebSite","@id":"https:\/\/aceweb.cat\/#website","url":"https:\/\/aceweb.cat\/","name":"ACE","description":"Associaci\u00f3 de Consultors d&#039;Estructures | ACE","publisher":{"@id":"https:\/\/aceweb.cat\/#organization"},"alternateName":"ACE","potentialAction":[{"@type":"SearchAction","target":{"@type":"EntryPoint","urlTemplate":"https:\/\/aceweb.cat\/?s={search_term_string}"},"query-input":{"@type":"PropertyValueSpecification","valueRequired":true,"valueName":"search_term_string"}}],"inLanguage":"es"},{"@type":"Organization","@id":"https:\/\/aceweb.cat\/#organization","name":"ACE","alternateName":"ACE","url":"https:\/\/aceweb.cat\/","logo":{"@type":"ImageObject","inLanguage":"es","@id":"https:\/\/aceweb.cat\/#\/schema\/logo\/image\/","url":"https:\/\/aceweb.cat\/wp-content\/uploads\/2022\/10\/logo.svg","contentUrl":"https:\/\/aceweb.cat\/wp-content\/uploads\/2022\/10\/logo.svg","width":1,"height":1,"caption":"ACE"},"image":{"@id":"https:\/\/aceweb.cat\/#\/schema\/logo\/image\/"}},{"@type":"Person","@id":"https:\/\/aceweb.cat\/#\/schema\/person\/eff128d7a478831719f89cf8a1a6280c","name":"Manel","image":{"@type":"ImageObject","inLanguage":"es","@id":"https:\/\/aceweb.cat\/#\/schema\/person\/image\/","url":"https:\/\/secure.gravatar.com\/avatar\/08f10a599e1c2233dfc54578e9936eb5325ce0a03faf2072be5f50c306c7e522?s=96&d=mm&r=g","contentUrl":"https:\/\/secure.gravatar.com\/avatar\/08f10a599e1c2233dfc54578e9936eb5325ce0a03faf2072be5f50c306c7e522?s=96&d=mm&r=g","caption":"Manel"},"sameAs":["https:\/\/aceweb.cat"],"url":"https:\/\/aceweb.cat\/es\/author\/a1e6ded0e0\/"}]}},"_links":{"self":[{"href":"https:\/\/aceweb.cat\/es\/wp-json\/wp\/v2\/posts\/40375","targetHints":{"allow":["GET"]}}],"collection":[{"href":"https:\/\/aceweb.cat\/es\/wp-json\/wp\/v2\/posts"}],"about":[{"href":"https:\/\/aceweb.cat\/es\/wp-json\/wp\/v2\/types\/post"}],"author":[{"embeddable":true,"href":"https:\/\/aceweb.cat\/es\/wp-json\/wp\/v2\/users\/1"}],"replies":[{"embeddable":true,"href":"https:\/\/aceweb.cat\/es\/wp-json\/wp\/v2\/comments?post=40375"}],"version-history":[{"count":3,"href":"https:\/\/aceweb.cat\/es\/wp-json\/wp\/v2\/posts\/40375\/revisions"}],"predecessor-version":[{"id":40518,"href":"https:\/\/aceweb.cat\/es\/wp-json\/wp\/v2\/posts\/40375\/revisions\/40518"}],"wp:featuredmedia":[{"embeddable":true,"href":"https:\/\/aceweb.cat\/es\/wp-json\/wp\/v2\/media\/40515"}],"wp:attachment":[{"href":"https:\/\/aceweb.cat\/es\/wp-json\/wp\/v2\/media?parent=40375"}],"wp:term":[{"taxonomy":"category","embeddable":true,"href":"https:\/\/aceweb.cat\/es\/wp-json\/wp\/v2\/categories?post=40375"},{"taxonomy":"post_tag","embeddable":true,"href":"https:\/\/aceweb.cat\/es\/wp-json\/wp\/v2\/tags?post=40375"}],"curies":[{"name":"wp","href":"https:\/\/api.w.org\/{rel}","templated":true}]}}