{"id":40377,"date":"2022-02-23T11:54:39","date_gmt":"2022-02-23T11:54:39","guid":{"rendered":"https:\/\/www.aceweb.advertis.es\/analisis-historico-del-comportamiento-estructural-de-una-viga-sometida-a-flexion\/"},"modified":"2023-03-17T10:17:26","modified_gmt":"2023-03-17T10:17:26","slug":"analisis-historico-del-comportamiento-estructural-de-una-viga-sometida-a-flexion","status":"publish","type":"post","link":"https:\/\/aceweb.cat\/es\/articulos-destacados\/analisis-historico-del-comportamiento-estructural-de-una-viga-sometida-a-flexion\/","title":{"rendered":"An\u00e1lisis hist\u00f3rico del comportamiento estructural de una viga sometida a flexi\u00f3n"},"content":{"rendered":"\n<h5 class=\"wp-block-heading\">ROBERT BRUFAU NIUB\u00d3<\/h5>\n\n\n\n<p>Doctor Arquitecto; Presidente de la Fundaci\u00f3 Privada Institut d\u2019Estudis Estructurals (IEE); ha sido Presidente de la Associaci\u00f3 de Consultors d\u2019Estructures (ACE) de 1987 a 1995; Profesor Titular del Departamento de Tecnolog\u00eda en la Arquitectura de la UPC, \u00c1mbito de Estructuras; Profesor de postgrado sobre estructuras.<br>Socio Fundador de BOMA, SL; Socio Fundador de BBG estructures recerca i rehabilitacio SLP.<br>Galardonado con el Premio Internacional de Arquitectura Mies van de Rohe, con el Premio Nacional de Patrimonio Cultural. A lo largo de su carrera ha recibido 31 Premios FAD y ha sido finalista por m\u00e1s de 120 obras, siendo galardonado el 1996 con un galard\u00f3n especial con un Premio Especial por su contribuci\u00f3n al desarrollo de la arquitectura catalana durante los \u00faltimos 25 a\u00f1os.<br>Autor de diferentes obras t\u00e9cnicas y art\u00edculos t\u00e9cnicos.<\/p>\n\n\n\n<p>La resoluci\u00f3n del fen\u00f3meno del comportamiento resistente de cualquier secci\u00f3n de una viga sometida a flexi\u00f3n ha sido, a lo largo de la Historia de la Ciencia oficial, una de las mayores preocupaciones de los f\u00edsicos, ge\u00f3metras y matem\u00e1ticos de todas las \u00e9pocas. La evoluci\u00f3n de las teor\u00edas sobre el comportamiento tensional de las secciones y, muy especialmente, sobre la posici\u00f3n de la \u00abl\u00ednea neutra\u00bb ha dado pie a numerosos estudios a lo largo de estos \u00faltimos a\u00f1os. El texto que sigue pretende recoger, de una manera bastante simplificada, los sucesivos pasos que se fueron dando al respecto.&nbsp;El tratamiento secuencial que se sigue en estas p\u00e1ginas pr\u00f3ximas le permitir\u00e1 al lector advertir los numerosos \u00aberrores\u00bb conceptuales que desde Galileo Galilei se cometieron \u2014entre los siglos xvii y xix\u2014 hasta llegar al momento en que Navier y Barr\u00e9 de Saint-Venant asentaron de manera definitiva la teor\u00eda actual al respecto.<\/p>\n\n\n\n<p>A manera de introducci\u00f3n, se reproduce, por su inter\u00e9s, parte del texto que el a\u00f1o 1996, el ingeniero de Caminos, Canales y Puertos, Jos\u00e9 Calavera Ruiz, public\u00f3 respecto a estos comportamientos, bajo el t\u00edtulo \u00abBreve Historia de la Fibra Neutra\u00bb, publicado en la revista O.P. n.o 38, de Intemac:<\/p>\n\n\n\n<p>Siempre me ha llamado la atenci\u00f3n la larga cadena de curiosidades, titubeos, errores y aciertos que acompa\u00f1an el descubrimiento del concepto y de la posici\u00f3n de la fibra neutra. Sorprendentemente es tambi\u00e9n larga la serie de cient\u00edficos eminentes que estudiaron, con desigual fortuna, este tema.<\/p>\n\n\n\n<p>Muchas veces se piensa que, hist\u00f3ricamente hablando, la F\u00edsica y sus derivaciones t\u00e9cnicas, como es el caso de la Resistencia de Materiales, han progresado cuando han estado disponibles las herramientas matem\u00e1ticas necesarias. Es un grave error. Son las necesidades, te\u00f3ricas y pr\u00e1cticas, que la F\u00edsica va presentando, las que provocan el nacimiento de las teor\u00edas matem\u00e1ticas necesarias para resolverlas.<\/p>\n\n\n\n<p>Nuestro caso, el del concepto de la fibra neutra, ha sido una excepci\u00f3n. Como veremos, el primer paso lo dio Galileo el a\u00f1o 1638. Hasta esta fecha no hay constancia de que alguien hubiese estado interesado en el problema.<\/p>\n\n\n\n<p>Lo anterior le puede sorprender a quien analice las realizaciones estructurales alcanzadas hasta este momento, especialmente si, como ocurre con frecuencia, el an\u00e1lisis es superficial. Es innegable que los maestros constructores de las Catedrales G\u00f3ticas, por poner un ejemplo, llegaron a tener un importante dominio del tema. Pero no conviene exagerar, y por encima de todo, no conviene olvidar que lo que aprendieron lo adquirieron por procedimientos muy lentos y frecuentemente cruentos. Viollet-le-Duc lo expresa magistralmente cuando se refiere a ellos: \u00abBuscando, encontraban. Iban siempre adelante, sin nunca decir Hemos llegado\u00bb (Viollet-le-Duc; \u00abDictionnaire raisonn\u00e9 de l\u2019architecture fran\u00e7aise du xie au xvie si\u00e8cle\u00bb).<\/p>\n\n\n\n<p>Lo que, en cambio, no es aceptable es el argumento, que se escucha a veces, que tales maestros conoc\u00edan a fondo el concepto del centramiento de las fuerzas, por el simple hecho de que las catedrales que hoy todav\u00eda podemos contemplar, las tienen centradas, especialmente en los arbotantes y en los contrafuertes. Lo \u00fanico que, con rigor, se puede deducir de este hecho, es que las construcciones que tienen tal centramiento de fuerzas han llegado hasta nosotros, mientras que las que no (que eran muchas), se hundieron.<\/p>\n\n\n\n<p>Esta es una manifestaci\u00f3n m\u00e1s del falso concepto de la intuici\u00f3n estructural, ya que en lugar de concebir esta intuici\u00f3n como lo que es \u2014un razonamiento a alt\u00edsima velocidad, fruto de los estudios, experiencias y reflexiones previas\u2014 pretende presentarla como una alternativa al estudio. La ingenier\u00eda estructural no son solo f\u00f3rmulas, pero no hay ingenier\u00eda estructural sin f\u00f3rmulas.<\/p>\n\n\n\n<p>NOTA: para la redacci\u00f3n de estas p\u00e1ginas que siguen se ha consultado principalmente, adem\u00e1s del propio texto mencionado del Profesor J. Calavera, la Tesis Doctoral del arquitecto Juan L. S\u00e1nchez- Pro: \u00abAlternativa hist\u00f3rica al proceso deductivo del conocimiento del c\u00e1lculo de la Resistencia de Materiales \u00bb (ETSAB, 1974), y las fuentes que la guiaron, que<br>fueron, entre otras, \u00abHist\u00f3rique abreg\u00e9\u00bb (Barr\u00e9 de Saint Venant), \u00abA history of the theory of elasticity\u00bb (I. Toodhunter, K. Person) y \u00abHistory of strenght of materials\u00bb (S. Timoshenko).<\/p>\n\n\n\n<h3 class=\"wp-block-heading\">1. GALILEO GALILEI (1564 -1642)<\/h3>\n\n\n\n<figure class=\"wp-block-image alignnone size-full wp-image-34852\"><img loading=\"lazy\" decoding=\"async\" width=\"473\" height=\"522\" src=\"https:\/\/aceweb.cat\/wp-content\/uploads\/2022\/02\/ACE-Fig01-Analisis-historica-1.jpg\" alt=\"\" class=\"wp-image-40395\" srcset=\"https:\/\/aceweb.cat\/wp-content\/uploads\/2022\/02\/ACE-Fig01-Analisis-historica-1.jpg 473w, https:\/\/aceweb.cat\/wp-content\/uploads\/2022\/02\/ACE-Fig01-Analisis-historica-1-272x300.jpg 272w, https:\/\/aceweb.cat\/wp-content\/uploads\/2022\/02\/ACE-Fig01-Analisis-historica-1-300x331.jpg 300w\" sizes=\"auto, (max-width: 473px) 100vw, 473px\" \/><figcaption class=\"wp-element-caption\">Figura 1.<\/figcaption><\/figure>\n\n\n\n<p>Por sus ideas cient\u00edficas opuestas a la ciencia escol\u00e1stica, Galileo fue juzgado y condenado por herej\u00eda, siendo confinado en Arcetry el a\u00f1o 1633, donde comenz\u00f3 a escribir un tratado sobre la Resistencia de los Materiales, bajo el t\u00edtulo \u00abDiscorsi e dimostrazioni matematiche intorno a due nove scienze, atendendo alla mecanica e a i movimenti locali\u00bb, que tuvo que publicar el a\u00f1o 1638 en Leyden (Holanda) por la prohibici\u00f3n que, despu\u00e9s de su condena, hab\u00eda a la publicaci\u00f3n de sus tratados en los pa\u00edses cat\u00f3licos.<\/p>\n\n\n\n<p>En este texto introdujo el concepto de la resistencia a flexi\u00f3n de una viga, con el fin de poder relacionar las dimensiones de esta con la carga que podr\u00eda resistir, y lo hizo bas\u00e1ndose en la \u00abley de la palanca\u00bb de Arqu\u00edmedes.<\/p>\n\n\n\n<p>A partir de los dos c\u00e9lebres dibujos originales, que figuraban en las p\u00e1ginas 114 y 118, estableci\u00f3 las relaciones entre geometr\u00eda y carga de rotura de la viga. Haciendo una cierta adaptaci\u00f3n del texto original al lenguaje estructural moderno, lo enunciaba as\u00ed:<\/p>\n\n\n\n<p>\u00ab&#8230; Sea un prisma (viga) horizontal ABCD, empotrado en un muro para la cara AB, y con una carga E suspendida en el extremo CD. Es manifiesto que, si se ha de romper, lo har\u00e1 por el punto B, donde se producir\u00e1 el fulcro (p\u00edvot) de la palanca de brazo BC, mientras que el otro brazo de la palanca es el propio grueso del s\u00f3lido (AB). En este segundo brazo se producir\u00e1 la \u201cresistencia\u201d, que ser\u00e1 la que se opondr\u00e1 a que se separe la parte de s\u00f3lido que est\u00e1 fuera del muro respecto a la que est\u00e1 dentro. Por lo dicho, el momento de la fuerza aplicada en C ha de ser igual al momento que produzca la resistencia que hay en AB, considerando como brazo relativo de esta palanca, no obstante, la mitad del grueso AB.\u00bb<\/p>\n\n\n\n<figure class=\"wp-block-image alignnone size-full wp-image-34856\"><img loading=\"lazy\" decoding=\"async\" width=\"500\" height=\"545\" src=\"https:\/\/aceweb.cat\/wp-content\/uploads\/2023\/03\/ACE-Fig02-Analisis-historica.jpg\" alt=\"\" class=\"wp-image-40408\" srcset=\"https:\/\/aceweb.cat\/wp-content\/uploads\/2023\/03\/ACE-Fig02-Analisis-historica.jpg 500w, https:\/\/aceweb.cat\/wp-content\/uploads\/2023\/03\/ACE-Fig02-Analisis-historica-275x300.jpg 275w, https:\/\/aceweb.cat\/wp-content\/uploads\/2023\/03\/ACE-Fig02-Analisis-historica-300x327.jpg 300w\" sizes=\"auto, (max-width: 500px) 100vw, 500px\" \/><figcaption class=\"wp-element-caption\">Figura 2.<\/figcaption><\/figure>\n\n\n\n<p>Galileo supuso, pues, que la rotura se producir\u00eda respecto a la fibra inferior de la secci\u00f3n (B), y que lo que la causar\u00eda ser\u00eda una tensi\u00f3n uniforme (st ) actuando sobre toda la secci\u00f3n.<\/p>\n\n\n\n<p>Para una secci\u00f3n rectangular (b 3 h), el momento resistente que ser\u00eda capaz de aportar la secci\u00f3n (Mres) valdr\u00eda, siguiendo el razonamiento de Galileo:<\/p>\n\n\n\n<figure class=\"wp-block-image alignnone size-full wp-image-34859\"><img loading=\"lazy\" decoding=\"async\" width=\"500\" height=\"353\" src=\"https:\/\/aceweb.cat\/wp-content\/uploads\/2023\/03\/ACE-Fig03-Analisis-historica.jpg\" alt=\"\" class=\"wp-image-40410\" srcset=\"https:\/\/aceweb.cat\/wp-content\/uploads\/2023\/03\/ACE-Fig03-Analisis-historica.jpg 500w, https:\/\/aceweb.cat\/wp-content\/uploads\/2023\/03\/ACE-Fig03-Analisis-historica-300x212.jpg 300w\" sizes=\"auto, (max-width: 500px) 100vw, 500px\" \/><figcaption class=\"wp-element-caption\">Figura 3.<\/figcaption><\/figure>\n\n\n\n<figure class=\"wp-block-image\"><img decoding=\"async\" src=\"https:\/\/aceweb.cat\/wp-content\/uploads\/2022\/02\/ACE-Formula01.jpg\" alt=\"\" class=\"wp-image-34865\"\/><\/figure>\n\n\n\n<p>cuando actualmente no hay ninguna duda del que se obtendr\u00eda en r\u00e9gimen estrictamente el\u00e1stico, que ser\u00eda:<\/p>\n\n\n\n<figure class=\"wp-block-image\"><img decoding=\"async\" src=\"https:\/\/aceweb.cat\/wp-content\/uploads\/2022\/02\/ACE-Formula02.jpg\" alt=\"\" class=\"wp-image-34862\"\/><\/figure>\n\n\n\n<p>As\u00ed, pues, las hip\u00f3tesis de Galileo condujeron a un valor del momento resistente tres veces mayor que el que se obtendr\u00eda en un an\u00e1lisis el\u00e1stico riguroso.<\/p>\n\n\n\n<p>Esta hip\u00f3tesis err\u00f3nea de Galileo fue empleada a lo largo de todo el siglo xviii por un buen n\u00famero de ingenieros, arquitectos y constructores. Era una teor\u00eda peligrosa, ya que supon\u00eda que la barra ten\u00eda una resistencia mucho mayor que la que hoy d\u00eda se considerar\u00eda en r\u00e9gimen el\u00e1stico. Afortunadamente, sin embargo, los comportamientos pl\u00e1sticos han existido siempre, y, en este caso, habr\u00edan actuado de manera favorable, y bien se puede decir que muy probablemente ayudaron a evitar m\u00e1s de una cat\u00e1strofe.<\/p>\n\n\n\n<p>En la figura 4 se representan algunos esquemas m\u00e1s comprensibles para ayudar a entender estos comportamientos, el primero seg\u00fan las hip\u00f3tesis de Galileo, el siguiente seg\u00fan un an\u00e1lisis el\u00e1stico, y el tercero seg\u00fan un an\u00e1lisis con la secci\u00f3n totalmente plastificada, de donde se desprende que el momento que puede resistir la secci\u00f3n (Mres) de Galileo solo era el doble que el deducido en comportamiento pl\u00e1stico.<\/p>\n\n\n\n<figure class=\"wp-block-image alignnone wp-image-34869 size-full\"><img decoding=\"async\" src=\"https:\/\/aceweb.cat\/wp-content\/uploads\/2022\/02\/ACE-Fig04-Analisis-historica.jpg\" alt=\"ACE. Figura 04. An\u00e1lisis hist\u00f3rica\" class=\"wp-image-34869\"\/><figcaption class=\"wp-element-caption\">Figura 4.<\/figcaption><\/figure>\n\n\n\n<p>Tras su incorrecto planteamiento inicial y derivada de este, enunci\u00f3 una nueva propiedad que conduc\u00eda a una peligrosa recomendaci\u00f3n pr\u00e1ctica, cuando en un discurso posterior, afirm\u00f3 que \u00ab&#8230; una misma viga de diferente ancho que grueso, resistir\u00e1 m\u00e1s a ser fracturada si se coloca vertical que plana&#8230; y lo har\u00e1 en la proporci\u00f3n del ancho al grueso&#8230; ya que, en el primer caso la distancia de la resistencia, que es la mitad de la dimensi\u00f3n CA, ser\u00e1 mayor que la distancia en el segundo caso, que solo ser\u00e1 la mitad de BC&#8230;\u00bb y a\u00f1adi\u00f3, m\u00e1s tarde, \u00ab&#8230;conviene que la fuerza del peso T sea mayor que la fuerza del peso X, en la misma proporci\u00f3n que la mitad del canto de CA es mayor que la mitad del canto de BC&#8230;\u00bb.<\/p>\n\n\n\n<p>Esta afirmaci\u00f3n, que era inicialmente correcta en lo que concierne a la proporci\u00f3n directa entre los m\u00f3dulos resistentes de cada una de las secciones y su canto, se convert\u00eda en una recomendaci\u00f3n muy peligrosa cuando, como conclusi\u00f3n, manten\u00eda la misma proporci\u00f3n entre el canto de las vigas y la carga que cada una de ellas pod\u00eda soportar.<\/p>\n\n\n\n<figure class=\"wp-block-image alignnone wp-image-34872\"><img decoding=\"async\" src=\"https:\/\/aceweb.cat\/wp-content\/uploads\/2022\/02\/ACE-Fig05-Analisis-historica.jpg\" alt=\"ACE. Figura 05. An\u00e1lisis hist\u00f3rica\" class=\"wp-image-34872\"\/><figcaption class=\"wp-element-caption\">Figura 5.<\/figcaption><\/figure>\n\n\n\n<p>Galileo no advirti\u00f3 que la relaci\u00f3n entre los momentos de inercia de las dos secciones no era linealmente proporcional a la relaci\u00f3n entre sus cantos, sino que estaba elevada al cuadrado. Al ser la relaci\u00f3n entre las flechas inversamente proporcional a los respectivos momentos de inercia, la conclusi\u00f3n de Galileo causar\u00eda deformaciones inaceptables para quienes dispusieran la secci\u00f3n apaisada. Analizando, como ejemplo, dos vigas (V<sub>1<\/sub> y V<sub>2<\/sub>), con secciones de 10 x 30 cm y 30 x 10 cm respectivamente, resultar\u00edan las siguientes proporciones:<\/p>\n\n\n\n<ul class=\"wp-block-list\">\n<li>Proporci\u00f3n entre los m\u00f3dulos resistentes:<\/li>\n<\/ul>\n\n\n\n<figure class=\"wp-block-image\"><img decoding=\"async\" src=\"https:\/\/aceweb.cat\/wp-content\/uploads\/2022\/02\/ACE-Formula03.jpg\" alt=\"\" class=\"wp-image-34875\"\/><\/figure>\n\n\n\n<ul class=\"wp-block-list\">\n<li>Proporci\u00f3n entre los momentos de inercia:<\/li>\n<\/ul>\n\n\n\n<figure class=\"wp-block-image\"><img decoding=\"async\" src=\"https:\/\/aceweb.cat\/wp-content\/uploads\/2022\/02\/ACE-Formula04.jpg\" alt=\"\" class=\"wp-image-34880\"\/><\/figure>\n\n\n\n<h3 class=\"wp-block-heading\"><span style=\"color: #c3002f;\"><strong>2. ROBERT HOOKE (1635-1703)<\/strong><\/span><\/h3>\n\n\n\n<figure class=\"wp-block-image alignnone size-full wp-image-34885\"><img decoding=\"async\" src=\"https:\/\/aceweb.cat\/wp-content\/uploads\/2022\/02\/ACE-Fig06-Analisis-historica.jpg\" alt=\"ACE. Figura 06. An\u00e1lisis hist\u00f3rica\" class=\"wp-image-34885\"\/><figcaption class=\"wp-element-caption\">Figura 6.<\/figcaption><\/figure>\n\n\n\n<p>A\u00fan considerando que no se ocup\u00f3 directamente de las vigas ni, por tanto, de la l\u00ednea neutra, Hooke proporcion\u00f3 un avance importante con su publicaci\u00f3n \u00abDe potentia restitutiva or of springs explaining the power of springings bodies\u00bb, en las \u00abPhilosophical transactions\u00bb de la Royal Society. En este trabajo, Hooke estableci\u00f3 el principio \u00abUt tensio, sic vis\u00bb (\u00abTal es el alargamiento, as\u00ed es la fuerza\u00bb). Las teor\u00edas de Hooke allanaron el camino a muchos de los que vinieron despu\u00e9s.<\/p>\n\n\n\n<p>Galileo trabaj\u00f3 sus teor\u00edas a lo largo del per\u00edodo 1633-1638, y lo hizo considerando como \u00fanico modelo f\u00edsico el s\u00f3lido r\u00edgido, y, probablemente, sus resultados no fueron suficientemente satisfactorios al no tener en consideraci\u00f3n la deformabilidad de los cuerpos.<\/p>\n\n\n\n<p>Tuvieron que pasar unos cuantos a\u00f1os hasta que <a href=\"https:\/\/es.wikipedia.org\/wiki\/Robert_Hooke\" target=\"_blank\" rel=\"noopener noreferrer\">Robert Hooke<\/a>, a lo largo del per\u00edodo 1660-1678 elaborase su teor\u00eda el\u00e1stica de los resortes en el texto \u00abPotentia Restitutiva or spring\u00bb (1678). En esta publicaci\u00f3n es donde Hooke enunci\u00f3 su c\u00e9lebre principio \u00abUt tensio, sic vis\u00bb. Evidentemente, cuando Hooke hablaba de \u00absprings\u00bb se estaba refiriendo tanto a muelles espirales como a cualquier cuerpo o barra el\u00e1sticos, y en su c\u00e9lebre dibujo as\u00ed lo dej\u00f3 claro al representarlo de ambas maneras.<\/p>\n\n\n\n<p>Realiz\u00f3 gr\u00e1ficamente tres experimentos, uno con un helicoide plano vertical, del que colg\u00f3 un plato de carga, el segundo con un muelle espiral y el tercero con una simple barra met\u00e1lica vertical. Al cargarlos de este modo registr\u00f3 los alargamientos sufridos y dedujo que siempre exist\u00eda proporcionalidad total entre los alargamientos medidos y los pesos que se hab\u00edan colocado en cada caso (fig. 7).<\/p>\n\n\n\n<p>En lo concerniente a la flexi\u00f3n, Hooke extrapol\u00f3 los resultados anteriores a una viga en voladizo, diciendo: \u00abIgual se puede concluir si el ensayo se realiza con una pieza de madera seca que flechar\u00e1 si un extremo permanece en posici\u00f3n horizontal y del otro se suspenden pesas, que lo hacen descender al flectar&#8230; y recuperar\u00e1 su posici\u00f3n primitiva al descargarse\u00bb.<\/p>\n\n\n\n<figure class=\"wp-block-image alignnone wp-image-34889\"><img decoding=\"async\" src=\"https:\/\/aceweb.cat\/wp-content\/uploads\/2022\/02\/ACE-Fig07-Analisis-historica.jpg\" alt=\"ACE. Figura 07. An\u00e1lisis hist\u00f3rica\" class=\"wp-image-34889\"\/><figcaption class=\"wp-element-caption\">Figura 7.<\/figcaption><\/figure>\n\n\n\n<p>Hooke no emple\u00f3 en ning\u00fan momento el concepto de \u00abtensi\u00f3n\u00bb, y mucho menos el concepto de \u00abresistencia\u00bb de Galileo, ya que se limit\u00f3 a poner en relaci\u00f3n los alargamientos con las cargas que los ocasionaban, sin embargo s\u00ed que hizo una acertada aproximaci\u00f3n al comportamiento a flexi\u00f3n, distinguiendo entre fibras traccionadas y fibras comprimidas, tal como queda patente en el dibujo que se acompa\u00f1a, que, con una traducci\u00f3n adaptada, viene a decir:<\/p>\n\n\n\n<figure class=\"wp-block-image alignnone wp-image-34895\"><img decoding=\"async\" src=\"https:\/\/aceweb.cat\/wp-content\/uploads\/2022\/02\/ACE-Fig08-Analisis-historica.jpg\" alt=\"ACE. Figura 08. An\u00e1lisis hist\u00f3rica\" class=\"wp-image-34895\"\/><figcaption class=\"wp-element-caption\">Figura 8.<\/figcaption><\/figure>\n\n\n\n<p>\u00abHabiendo explicado el m\u00e1s simple de los comportamientos a tracci\u00f3n de los cuerpos s\u00f3lidos, ser\u00e1 f\u00e1cil explicar el comportamiento el\u00e1stico de un cuerpo a flexi\u00f3n, suponiendo que dos de sus fibras GH y KI, al ser solicitadas por una fuerza externa, flechan, convirti\u00e9ndose en LM y NO. La fibra LM se estirar\u00e1 mientras que la fibra NO se acortar\u00e1, y lo har\u00e1n en proporci\u00f3n a la flexi\u00f3n, y, en consecuencia, las mismas proporciones y leyes se deber\u00e1n cumplir para volver a su estado primitivo\u00bb.<\/p>\n\n\n\n<h3 class=\"wp-block-heading\"><span style=\"color: #c3002f;\"><strong>3. EDME MARIOTTE (1620-1684)<\/strong><\/span><\/h3>\n\n\n\n<figure class=\"wp-block-image alignnone size-full wp-image-34901\"><img decoding=\"async\" src=\"https:\/\/aceweb.cat\/wp-content\/uploads\/2022\/02\/ACE-Fig09-Analisis-historica.jpg\" alt=\"ACE. Figura 09. An\u00e1lisis hist\u00f3rica\" class=\"wp-image-34901\"\/><figcaption class=\"wp-element-caption\">Figura 9.<\/figcaption><\/figure>\n\n\n\n<p>El monje Mariotte tuvo el privilegio de ser el primer cient\u00edfico capaz de juntar los conocimientos separados de Galileo y de Hooke. Utiliz\u00f3 el modelo cl\u00e1sico de la viga en voladizo del primero como motivo de experimentaci\u00f3n, pero su visi\u00f3n contemplaba ya una cierta intuici\u00f3n del comportamiento el\u00e1stico de los materiales, a la manera del segundo.<\/p>\n\n\n\n<p>Centrando estas l\u00edneas en lo concerniente al an\u00e1lisis a flexi\u00f3n de las vigas, debe decirse que Mariotte se bas\u00f3, al igual que Galileo, en el principio de la palanca de Arqu\u00edmedes. En una primera etapa supuso la rotura de la secci\u00f3n AD girando respecto al fulcro, situado en el punto D, el m\u00e1s bajo de la secci\u00f3n, pero acept\u00f3 de inmediato que no todos los puntos trabajar\u00edan con la misma tensi\u00f3n, sino con una distribuci\u00f3n triangular. Lo expres\u00f3 mediante la siguiente teor\u00eda:<\/p>\n\n\n\n<p>\u00ab&#8230;Si la fibra A por romperse ha de ser estirada 16 peque\u00f1as partes, es evidente que las fibras G, I y H no necesitar\u00e1n toda su resistencia para impedir la rotura de la fibra A, sino que ellas resistir\u00e1n en proporci\u00f3n a su distancia al punto D&#8230;\u00bb<\/p>\n\n\n\n<p>Con este razonamiento, adem\u00e1s de aceptarse una distribuci\u00f3n triangular de las tensiones, se aceptar\u00eda tambi\u00e9n una distribuci\u00f3n triangular de los alargamientos.<\/p>\n\n\n\n<p>Mariotte interpret\u00f3 que todas las fibras longitudinales de la secci\u00f3n se estiraban, y que si se cumpl\u00eda hasta la rotura la proporcionalidad entre los alargamientos y las cargas, la distribuci\u00f3n de las resistencias (tensiones) ser\u00eda triangular y dar\u00eda una resultante que valdr\u00eda justamente la mitad de la resistencia absoluta que obtuvo Galileo.<\/p>\n\n\n\n<figure class=\"wp-block-image alignnone size-full wp-image-34904\"><img decoding=\"async\" src=\"https:\/\/aceweb.cat\/wp-content\/uploads\/2022\/02\/ACE-Fig10-Analisis-historica.jpg\" alt=\"ACE. Figura 10. An\u00e1lisis hist\u00f3rica\" class=\"wp-image-34904\"\/><figcaption class=\"wp-element-caption\">Figura 10.<\/figcaption><\/figure>\n\n\n\n<p>El momento resistente de la secci\u00f3n ser\u00eda, seg\u00fan Mariotte:<\/p>\n\n\n\n<figure class=\"wp-block-image\"><img decoding=\"async\" src=\"https:\/\/aceweb.cat\/wp-content\/uploads\/2022\/02\/ACE-Formula05.jpg\" alt=\"\" class=\"wp-image-34907\"\/><\/figure>\n\n\n\n<p>que todav\u00eda dar\u00eda un valor doble que el que se deducir\u00eda de un comportamiento el\u00e1stico puro, a\u00fan considerando que hizo una reducci\u00f3n de un 50 % respecto al valor que obtuvo Galileo.<\/p>\n\n\n\n<figure class=\"wp-block-image alignnone size-full wp-image-34910\"><img decoding=\"async\" src=\"https:\/\/aceweb.cat\/wp-content\/uploads\/2022\/02\/ACE-Fig11-Analisis-historica.jpg\" alt=\"ACE. Figura 11. An\u00e1lisis hist\u00f3rica\" class=\"wp-image-34910\"\/><figcaption class=\"wp-element-caption\">Figura 11.<\/figcaption><\/figure>\n\n\n\n<p>Pero Mariotte realiz\u00f3, hacia el final de su vida, unos ensayos reales para comprobar sus conclusiones te\u00f3ricas anteriores. Los resultados no le satisficieron, y Mariotte se vi\u00f3 obligado a rectificar sus planteamientos tensionales. Despu\u00e9s de observar el comportamiento de determinados materiales sometidos a flexi\u00f3n, dedujo la aparici\u00f3n, en una misma secci\u00f3n, de deformaciones de tracci\u00f3n y de compresi\u00f3n. Lo dej\u00f3 escrito en las siguientes l\u00edneas:<\/p>\n\n\n\n<p>\u00ab&#8230;la experiencia nos ense\u00f1a que un peque\u00f1o bast\u00f3n que deformamos para romperlo, contray\u00e9ndose por el lado c\u00f3ncavo de su curvatura, ha de estirarse necesariamente por su lado convexo, deduci\u00e9ndose, de este hecho, que es necesario que haya un esfuerzo para comprimir la zona c\u00f3ncava&#8230;\u00bb.<\/p>\n\n\n\n<p>Concluy\u00f3 este razonamiento con el esquema de la figura 12, diciendo:<\/p>\n\n\n\n<p>\u00ab&#8230;Si ABCD es una barra cuadrada empotrada en un muro, se puede entender que desde D&nbsp; hasta I, que es la mitad del grueso DA, los puntos sufren compresiones, a\u00fan considerando que en mayor medida los pr\u00f3ximos a D que los pr\u00f3ximos a I, y que desde I hasta A se estiran, con el mismo criterio&#8230;\u00bb<\/p>\n\n\n\n<figure class=\"wp-block-image alignnone size-full wp-image-34915\"><img decoding=\"async\" src=\"https:\/\/aceweb.cat\/wp-content\/uploads\/2022\/02\/ACE-Fig12-Analisis-historica.jpg\" alt=\"ACE. Figura 12. An\u00e1lisis hist\u00f3rica\" class=\"wp-image-34915\"\/><figcaption class=\"wp-element-caption\">Figura 12.<\/figcaption><\/figure>\n\n\n\n<p>Probablemente su muerte hizo que quedase inacabada su teor\u00eda, que el a\u00f1o 1686 fue publicada p\u00f3stumamentepor su disc\u00edpulo Philippe de la Hire, dentro del libro \u00abTrait\u00e9 des mouvements des eaux\u00bb. En cualquier caso, los avances introducidos por Mariotte fueron de una gran importancia.<\/p>\n\n\n\n<h3 class=\"wp-block-heading\"><span style=\"color: #c3002f;\"><strong>4. JACQUES BERNOUILLI (1654-1705)<\/strong><\/span><\/h3>\n\n\n\n<figure class=\"wp-block-image alignnone size-full wp-image-34918\"><img decoding=\"async\" src=\"https:\/\/aceweb.cat\/wp-content\/uploads\/2022\/02\/ACE-Fig13-Analisis-historica.jpg\" alt=\"ACE. Figura 13. An\u00e1lisis hist\u00f3rica\" class=\"wp-image-34918\"\/><figcaption class=\"wp-element-caption\">Figura 13.<\/figcaption><\/figure>\n\n\n\n<p>Bernouilli fue, el a\u00f1o 1694, el primero que estableci\u00f3 la ecuaci\u00f3n de la el\u00e1stica (o deformada) de una viga flectada. Para hacerlo se bas\u00f3 en los cuatro \u00ablemas\u00bb que se resumen as\u00ed:<\/p>\n\n\n\n<p><strong>Lema 1.<\/strong> \u00abLas fibras de un mismo material y con el mismo grueso, traccionadas o comprimidas por la misma fuerza, se alargar\u00e1n o se acortar\u00e1n proporcionalmente a sus longitudes\u00bb.<\/p>\n\n\n\n<p><strong>Lema 2.<\/strong> \u00abLas fibras de material homog\u00e9neo y de la misma longitud, pero de distinto grueso, se alargar\u00e1n o se acortar\u00e1n con la misma intensidad si las fuerzas que las solicitan son proporcionales a sus espesores\u00bb.<\/p>\n\n\n\n<p><strong>Lema 3.<\/strong> \u00abLas fibras de material homog\u00e9neo, con la misma longitud y el mismo grueso, pero solicitadas por cargas distintas, no se alargar\u00e1n o se acortar\u00e1n proporcionalmente a estas cargas; as\u00ed, el alargamiento o el acortamiento producidos para la carga mayor es al alargamiento o el acortamiento producidos para la carga menor, en menor proporci\u00f3n que lo son aquella carga y esta\u00bb. Este lema permite intuir un cierto planteamiento \u00abpl\u00e1stico\u00bb del comportamiento del material, novedad que el propio Bernouilli volvi\u00f3 a tratar a lo largo de los a\u00f1os siguientes.<\/p>\n\n\n\n<figure class=\"wp-block-image alignnone size-full wp-image-34922\"><img decoding=\"async\" src=\"https:\/\/aceweb.cat\/wp-content\/uploads\/2022\/02\/ACE-Fig14-Analisis-historica.jpg\" alt=\"ACE. Figura 14. An\u00e1lisis hist\u00f3rica\" class=\"wp-image-34922\"\/><figcaption class=\"wp-element-caption\">Figura 14.<\/figcaption><\/figure>\n\n\n\n<p>Lema 4. \u00abLa misma fuerza que hace flectar una barra ABCD de AB hasta GF, traccionando una parte de sus fibras en la cantidad correspondiente al tri\u00e1ngulo BSF, y comprimiendo la otra parte en el tri\u00e1ngulo ASG, ser\u00e1 capaz, teniendo el fulcro en A, de traccionar el conjunto de todas las fibras la magnitud del tri\u00e1ngulo ABF\u00bb.<\/p>\n\n\n\n<p>Aunque en este cuarto Lema intuy\u00f3 la presencia de una parte inicialmente comprimida de la barra \u2014la correspondiente al tramo AS\u2014, posteriormente volvi\u00f3, de manera incorrecta, a situar la posici\u00f3n final del fulcro en el punto A, aceptando que toda la secci\u00f3n estar\u00eda traccionada. Este error lo corrigi\u00f3 a lo largo de exposiciones futuras, como la definitiva del a\u00f1o 1705, en la que ya acept\u00f3 que toda la secci\u00f3n de la viga flectada estar\u00eda colaborando en la resistencia, pero con la mitad de las fibras traccionadas y la otra mitad comprimidas. Esto le permiti\u00f3 resolver la ecuaci\u00f3n de la el\u00e1stica en la forma actualmente aceptada.<\/p>\n\n\n\n<figure class=\"wp-block-image alignnone size-full wp-image-34925\"><img decoding=\"async\" src=\"https:\/\/aceweb.cat\/wp-content\/uploads\/2022\/02\/ACE-Fig15-Analisis-historica.jpg\" alt=\"ACE. Figura 15. An\u00e1lisis hist\u00f3rica\" class=\"wp-image-34925\"\/><figcaption class=\"wp-element-caption\">Figura 15.<\/figcaption><\/figure>\n\n\n\n<h3 class=\"wp-block-heading\"><span style=\"color: #c3002f;\"><strong>5. GOTTFRIED WILHEMOS LEIBNITZ (1646-1716)<\/strong><\/span><\/h3>\n\n\n\n<figure class=\"wp-block-image alignnone size-full wp-image-34929\"><img decoding=\"async\" src=\"https:\/\/aceweb.cat\/wp-content\/uploads\/2022\/02\/ACE-Fig16-Analisis-historica.jpg\" alt=\"ACE. Figura 16. An\u00e1lisis hist\u00f3rica\" class=\"wp-image-34929\"\/><figcaption class=\"wp-element-caption\">Figura 16.<\/figcaption><\/figure>\n\n\n\n<p>No deja de ser curioso que una personalidad tan notable dentro del mundo cient\u00edfico de aquellos momentos, como era Leibnitz, manifestase su interpretaci\u00f3n de las teor\u00edas de Galileo y de Mariotte, y que lo hiciese err\u00f3neamente.&nbsp;A su publicaci\u00f3n \u00abDemostratione novae de resistentia Solidorum\u00bb (1684) cita los trabajos de Mariotte, pero continua considerando que el fulcro de la palanca sigue estando en el punto inferior de la secci\u00f3n (A).<\/p>\n\n\n\n<p>La figura 17 no deja ninguna duda sobre su visi\u00f3n del problema, que se podr\u00eda resumir en estos tres puntos:<\/p>\n\n\n\n<ul class=\"wp-block-list\">\n<li>a) Antes de ocurrir la rotura de una viga en voladizo, se producir\u00e1 su flexi\u00f3n.<\/li>\n\n\n\n<li>b) Se cumple la ley de proporcionalidad el\u00e1stica entre alargamientos y resistencias.<\/li>\n\n\n\n<li>c) La situaci\u00f3n del fulcro de la palanca ficticia se produce en la base de la secci\u00f3n, tal y como lo plantearon Galileo y Mariotte en su primera hip\u00f3tesis.<\/li>\n<\/ul>\n\n\n\n<figure class=\"wp-block-image alignnone wp-image-34932\"><img decoding=\"async\" src=\"https:\/\/aceweb.cat\/wp-content\/uploads\/2022\/02\/ACE-Fig17-Analisis-historica.jpg\" alt=\"ACE. Figura 17. An\u00e1lisis hist\u00f3rica\" class=\"wp-image-34932\"\/><figcaption class=\"wp-element-caption\">Figura 17.<\/figcaption><\/figure>\n\n\n\n<p>Este conjunto de consideraciones sobre la posici\u00f3n de la l\u00ednea neutra es conocido como la \u00abhip\u00f3tesis de Mariotte-Leibnitz\u00bb, que, sorprendentemente, todav\u00eda se consideraba v\u00e1lida en tratados suficientemente prestigiosos como el de Pierre S. Girard (\u00abTrait\u00e9 analytique de la resistence des solides\u00bb, 1798), el de Peter Barlow (\u00abAn essay on the strenght and stress of timber\u00bb, 1817) y el de A. Duleau (\u00abEssai the\u00f3rique et experimental sur la r\u00e9sistance du fer forg\u00e9\u00bb, 1820).<\/p>\n\n\n\n<h3 class=\"wp-block-heading\"><span style=\"color: #c3002f;\"><strong>6. ANTOINE PARENT (1666-1716)<\/strong><\/span><\/h3>\n\n\n\n<figure class=\"wp-block-image alignnone size-full wp-image-34935\"><img decoding=\"async\" src=\"https:\/\/aceweb.cat\/wp-content\/uploads\/2022\/02\/ACE-Fig18-Analisis-historica.jpg\" alt=\"ACE. Figura 18. An\u00e1lisis hist\u00f3rica\" class=\"wp-image-34935\"\/><figcaption class=\"wp-element-caption\">Figura 18.<\/figcaption><\/figure>\n\n\n\n<p>Entre 1704 y 1713, Parent se interes\u00f3 en el tema de la resistencia de los s\u00f3lidos, publicando algunos textos sobre la flexi\u00f3n de las vigas, llegando a encontrar en los \u00faltimos a\u00f1os (1713) soluciones muy correctas respecto al comportamiento tensional de las secciones para el caso de la flexi\u00f3n pura. \u00c9l fue el primero que estableci\u00f3, dentro del texto \u00abRecherches de math\u00e9matiques et de physique\u00bb la forma correcta de trabajar de la secci\u00f3n, diciendo que \u00ab&#8230;en una viga flectada, el sumatorio de las resistencias de las fibras comprimidas hab\u00eda de ser exactamente igual al sumatorio de las resistencias de las fibras traccionadas&#8230;\u00bb, facilitando con este criterio la base anal\u00edtica para deducir en cada caso la posici\u00f3n de la l\u00ednea neutra.<\/p>\n\n\n\n<p>Comparando la distribuci\u00f3n triangular de Mariotte (y de Leibnitz) \u2014con fulcro en el punto inferior\u2014 que figura en el primer esquema, con la que propone Parent \u2014con fulcro en el punto central\u2014 que figura en el segundo, le resulta a Parent que la secci\u00f3n puede aportar un momento resistente con valor mitad que lo que le resulta a Mariotte. El valor que se obtendr\u00eda con la distribuci\u00f3n de Parent coincide con el momento resistente que se deducir\u00eda de un comportamiento el\u00e1stico perfecto.<\/p>\n\n\n\n<figure class=\"wp-block-image alignnone size-full wp-image-34938\"><img decoding=\"async\" src=\"https:\/\/aceweb.cat\/wp-content\/uploads\/2022\/02\/ACE-Fig19-Analisis-historica.jpg\" alt=\"ACE. Figura 19. An\u00e1lisis hist\u00f3rica\" class=\"wp-image-34938\"\/><figcaption class=\"wp-element-caption\">Figura 19.<\/figcaption><\/figure>\n\n\n\n<p>Desgraciadamente, quiz\u00e1 por tratarse de un hombre impopular, formado acad\u00e9micamente en el mundo de las leyes y que se manifest\u00f3 siempre muy cr\u00edtico con los investigadores de su tiempo, o quiz\u00e1 por no estar dentro de los circuitos cient\u00edficos \u00aba la moda\u00bb, lo cierto es que las propuestas de Parent no tuvieron ninguna repercusi\u00f3n, y el mundo cient\u00edfico de la \u00e9poca las ignor\u00f3, hasta que, sesenta a\u00f1os m\u00e1s tarde, Coulomb y Navier las reinventaron, ya a finales del siglo XVIII.<\/p>\n\n\n\n<h3 class=\"wp-block-heading\"><span style=\"color: #c3002f;\"><strong>7. CHARLES AUGUSTIN COULOMB (1736-1806)<\/strong><\/span><\/h3>\n\n\n\n<figure class=\"wp-block-image alignnone size-full wp-image-34941\"><img decoding=\"async\" src=\"https:\/\/aceweb.cat\/wp-content\/uploads\/2022\/02\/ACE-Fig20-Analisis-historica.jpg\" alt=\"ACE. Figura 20. An\u00e1lisis hist\u00f3rica\" class=\"wp-image-34941\"\/><figcaption class=\"wp-element-caption\">Figura 20.<\/figcaption><\/figure>\n\n\n\n<p>Coulomb fue el autor de un texto fundamental para llegar a la madurez de la ciencia de la Resistencia de los Materiales, al presentar en la Academia de Ciencias francesa la memoria \u00abEssai sur une application des regles de maximis et minimis a quelques problemes d\u2019estatique relatifs a l\u2019architecture\u00bb (1777). Fue tambi\u00e9n uno de los primeros te\u00f3ricos que realiz\u00f3 ensayos empleando modelos reales de rotura para conocer la capacidad resistente de las barras.<\/p>\n\n\n\n<p>En este tratado, Coulomb introdujo un concepto nuevo: la \u00abfuerza de cohesi\u00f3n\u00bb, entendida como el cociente entre la \u00abresistencia absoluta de la secci\u00f3n\u00bb (o fuerza total que pod\u00eda resistir esta&nbsp; secci\u00f3n) dividida por su superficie. Si la resistencia absoluta equivale al valor de la fuerza resultante que actuar\u00eda sobre la secci\u00f3n en el momento de romperla, la fuerza de cohesi\u00f3n identificar\u00eda el valor de la \u00abtensi\u00f3n normal de rotura\u00bb (s) del material de la secci\u00f3n.<\/p>\n\n\n\n<p>Para analizar vigas sometidas a flexi\u00f3n como consecuencia de la aplicaci\u00f3n de cargas verticales externas, Coulomb recurri\u00f3 a la aplicaci\u00f3n de las ecuaciones generales de equilibrio de la est\u00e1tica, deduciendo as\u00ed que, en cada secci\u00f3n vertical, deber\u00edan haber tambi\u00e9n \u00abfuerzas de cohesi\u00f3n verticales\u00bb, el sumatorio de las cuales deber\u00eda ser equivalente a la carga vertical aplicada.<\/p>\n\n\n\n<p>As\u00ed apareci\u00f3, por primera vez, el concepto del esfuerzo cortante y la \u00abtensi\u00f3n vertical\u00bb (t) ligada a este esfuerzo, y en direcci\u00f3n tangente en la secci\u00f3n.<\/p>\n\n\n\n<p>Coulomb hizo todav\u00eda otro paso adelante al sugerir que las tensiones verticales y las horizontales deber\u00edan analizarse conjuntamente, apareciendo, de manera impl\u00edcita, las \u00abtensiones&nbsp; combinadas\u00bb, que podr\u00edan ser causantes de roturas en planos no coincidentes con el plano vertical o con el horizontal. Valga, como ejemplo, la conclusi\u00f3n a la que lleg\u00f3 respecto a la rotura a 45\u00b0 que sufrir\u00eda un prisma vertical sometido \u00fanicamente a la acci\u00f3n de cargas compresivas axiles.<\/p>\n\n\n\n<figure class=\"wp-block-image alignnone wp-image-34944\"><img decoding=\"async\" src=\"https:\/\/aceweb.cat\/wp-content\/uploads\/2022\/02\/ACE-Fig21-Analisis-historica.jpg\" alt=\"ACE. Figura 21. An\u00e1lisis hist\u00f3rica\" class=\"wp-image-34944\"\/><figcaption class=\"wp-element-caption\">Figura 21.<\/figcaption><\/figure>\n\n\n\n<p>En lo que concierne a la posici\u00f3n de la l\u00ednea neutra, Coulomb lleg\u00f3 a las mismas conclusiones a las que, 60 a\u00f1os antes, hab\u00eda llegado Antoine Parent. Parece ser que Coulomb desconoc\u00eda los escritos de Parent, pero los criterios para posicionar la fibra neutra y para interpretar la distribuci\u00f3n de las tensiones normales en la secci\u00f3n fueron totalmente coincidentes.<\/p>\n\n\n\n<p>Muchos a\u00f1os antes, Jacques Bernouilli (ver su Lema 3.o) reconoc\u00eda como posible un reparto tensional no el\u00e1stico, Coulomb abri\u00f3 tambi\u00e9n sus teor\u00edas a la posibilidad de que se pudiesen producir asimismo distribuciones no lineales de las tensiones perpendiculares en la secci\u00f3n, pero lo limit\u00f3 a los materiales que no siguiesen las leyes del comportamiento el\u00e1stico.<\/p>\n\n\n\n<figure class=\"wp-block-image alignnone size-full wp-image-34947\"><img decoding=\"async\" src=\"https:\/\/aceweb.cat\/wp-content\/uploads\/2022\/02\/ACE-Fig22-Analisis-historica.jpg\" alt=\"ACE. Figura 22. An\u00e1lisis hist\u00f3rica\" class=\"wp-image-34947\"\/><figcaption class=\"wp-element-caption\">Figura 22.<\/figcaption><\/figure>\n\n\n\n<p>Se podr\u00eda decir, sin riesgo de equivocaci\u00f3n, que Coulomb fue el padre del actual an\u00e1lisis tensional, siendo de una gran importancia su influencia en las generaciones de ingenieros del siglo xix, a\u00fan considerando que sus teor\u00edas tuvieron una difusi\u00f3n muy lenta entre los sabios de la \u00e9poca. Su obra cient\u00edfica no se limit\u00f3 al an\u00e1lisis tensional, sino que abarc\u00f3 tambi\u00e9n numerosos trabajos sobre muchos otros aspectos de la construcci\u00f3n arquitect\u00f3nica o ingenieril. Encontramos, por ejemplo, su nombre asociado al c\u00e1lculo de los empujes del terreno y de los muros de contenci\u00f3n as\u00ed como al estudio del trazado de los arcos y de las b\u00f3vedas.<\/p>\n\n\n\n<h3 class=\"wp-block-heading\"><span style=\"color: #c3002f;\"><strong>8. LOUIS-MARIE HENRY NAVIER (1785-1836)<\/strong><\/span><\/h3>\n\n\n\n<figure class=\"wp-block-image alignnone size-full wp-image-34953\"><img decoding=\"async\" src=\"https:\/\/aceweb.cat\/wp-content\/uploads\/2022\/02\/ACE-Fig23-Analisis-historica.jpg\" alt=\"ACE. Figura 23. An\u00e1lisis hist\u00f3rica\" class=\"wp-image-34953\"\/><figcaption class=\"wp-element-caption\">Figura 23.<\/figcaption><\/figure>\n\n\n\n<p>Ya en el a\u00f1o 1819 consideraba que deber\u00eda darse la igualdad de los momentos producidos por las tensiones de tracci\u00f3n y las de compresi\u00f3n, como condici\u00f3n principal para fijar la posici\u00f3n de la l\u00ednea neutra, lo que solo era v\u00e1lido, no obstante, para el caso de secciones sim\u00e9tricas sometidas a flexi\u00f3n simple.<\/p>\n\n\n\n<p>En un nuevo paso adelante lleg\u00f3 a la conclusi\u00f3n de que, para una posici\u00f3n dada de la l\u00ednea neutra, la ecuaci\u00f3n de equilibrio de los momentos de las fuerzas externas y de las resistencias le permitir\u00eda dar la expresi\u00f3n exacta de la resistencia a flexi\u00f3n de una secci\u00f3n, aproxim\u00e1ndose, as\u00ed, a los planteamientos de Coulomb, siendo, a partir de este momento, cuando Navier, el a\u00f1o 1826, lleg\u00f3 a la soluci\u00f3n exacta del problema, que explic\u00f3 en el texto \u00abResum\u00e9 des lessons donn\u00e9es a l\u2019Ecole des ponts et chaus\u00e9es sur l\u2019application de la M\u00e9canique a l\u2019\u00e9tablisement des constructions et des machines\u00bb.<\/p>\n\n\n\n<p>Defini\u00f3 la flexi\u00f3n como un esfuerzo que act\u00faa en sentido perpendicular a la longitud del s\u00f3lido, que se deforma curv\u00e1ndose, comprimiendo y acortando sus fibras c\u00f3ncavas y traccionando y alargando las convexas, mientras que otras fibras, situadas en el interior, permanecen invariables.<\/p>\n\n\n\n<figure class=\"wp-block-image alignnone size-full wp-image-34950\"><img decoding=\"async\" src=\"https:\/\/aceweb.cat\/wp-content\/uploads\/2022\/02\/ACE-Fig24-Analisis-historica.jpg\" alt=\"ACE. Figura 24. An\u00e1lisis hist\u00f3rica\" class=\"wp-image-34950\"\/><figcaption class=\"wp-element-caption\">Figura 24.<\/figcaption><\/figure>\n\n\n\n<p>Al analizar la figura 24 fij\u00f3 las siguientes condiciones b\u00e1sicas de equilibrio est\u00e1tico:<\/p>\n\n\n\n<ul class=\"wp-block-list\">\n<li>a) Las fuerzas verticales han de estar en equilibrio: \u00abLos alargamientos y los acortamientos de las fibras longitudinales han de producir, en la secci\u00f3n, la aparici\u00f3n de fuerzas verticales, la suma de las cuales ha de igualar el peso aplicado P\u00bb.<\/li>\n\n\n\n<li>b) Las fuerzas horizontales han de estar en equilibrio: \u00abEl sumatorio de las fuerzas horizontales, producidas por los acortamientos y por los alargamientos, ha de ser nula\u00bb.<\/li>\n\n\n\n<li>c) Los momentos han de estar en equilibrio: \u00abLa suma de los momentos respecto al eje aa9, de las fuerzas verticales y horizontales que act\u00faan en la secci\u00f3n y del peso aplicado P, ha de ser nula\u00bb.<\/li>\n<\/ul>\n\n\n\n<p>Fue la resoluci\u00f3n de estas tres ecuaciones de equilibrio lo que le permiti\u00f3 a Navier establecer la ecuaci\u00f3n de la l\u00ednea neutra, que, en el caso de flexi\u00f3n pura y simple, deber\u00eda pasar invariablemente por el centro de gravedad (c.d.g.) de la secci\u00f3n. El lector encontrar\u00e1 en este y en el siguiente tema de este art\u00edculo la aplicaci\u00f3n actual de esta teor\u00eda, con expresiones m\u00e1s modernas y de operatividad m\u00e1s f\u00e1cil.<\/p>\n\n\n\n<p>Como conclusi\u00f3n de sus avances, Navier enunci\u00f3 su c\u00e9lebre hip\u00f3tesis: \u00abLos alargamientos o acortamientos (y, en consecuencia, las tensiones normales) de cada fibra de una secci\u00f3n ser\u00e1n&nbsp; directamente proporcionales a las distancias que habr\u00e1 desde el punto correspondiente de la fibra en cuesti\u00f3n hasta la l\u00ednea neutra de la secci\u00f3n que se analiza\u00bb.<\/p>\n\n\n\n<h3 class=\"wp-block-heading\"><span style=\"color: #c3002f;\"><strong>9. THOMAS TREDGOLD (1788-1829)<\/strong><\/span><\/h3>\n\n\n\n<figure class=\"wp-block-image alignnone wp-image-34960 size-full\"><img decoding=\"async\" src=\"https:\/\/aceweb.cat\/wp-content\/uploads\/2022\/02\/ACE-Fig25-Analisis-historica.jpg\" alt=\"ACE. Figura 25. An\u00e1lisis hist\u00f3rica\" class=\"wp-image-34960\"\/><figcaption class=\"wp-element-caption\">Figura 25.<\/figcaption><\/figure>\n\n\n\n<p>Tredgold no se caracteriz\u00f3 por hacer ning\u00fan avance significativo en este tema, pero en su texto \u00abThe elementary principles of charpentry\u00bb (1820) aparece, por primera vez, la actual denominaci\u00f3n de la \u00abl\u00ednea neutra\u00bb, para definir la recta que separa la zona traccionada de la zona comprimida en cada secci\u00f3n. Lo hizo bautiz\u00e1ndola en ingl\u00e9s como \u00abneutral axis\u00bb.<\/p>\n\n\n\n<h3 class=\"wp-block-heading\"><span style=\"color: #c3002f;\"><strong>10. LEONARDO DA VINCI (1452-1519)<\/strong><\/span><\/h3>\n\n\n\n<figure class=\"wp-block-image alignnone wp-image-34957 size-full\"><img decoding=\"async\" src=\"https:\/\/aceweb.cat\/wp-content\/uploads\/2022\/02\/ACE-Fig26-Analisis-historica.jpg\" alt=\"ACE. Figura 26. An\u00e1lisis hist\u00f3rica\" class=\"wp-image-34957\"\/><figcaption class=\"wp-element-caption\">Figura 26.<\/figcaption><\/figure>\n\n\n\n<p>Es bueno acabar este apasionante tema por lo que deber\u00eda haber sido su comienzo. En la mayor\u00eda de tratados sobre Resistencia de Materiales se suele considerar a Galileo Galilei (1564 &#8211; 1642), a Edme Mariotte (1620-1684) y a Jacques Bernouilli (1654 &#8211; 1705) como los pioneros de la teor\u00eda moderna sobre el comportamiento de los cuerpos sometidos a flexi\u00f3n.<\/p>\n\n\n\n<p>Resulta, no obstante, sorprendente que Leonardo da Vinci hubiese expuesto, m\u00e1s de cien a\u00f1os antes, el fen\u00f3meno de la flexi\u00f3n de una barra cargada, y que lo hiciese con una precisi\u00f3n tan sorprendente, avanzando perfectamente la posici\u00f3n de la l\u00ednea neutra, la distribuci\u00f3n de las deformaciones de las fibras de la secci\u00f3n, e incluso, el propio Principio de Poisson sobre la deformaci\u00f3n transversal&#8230; y todo esto en un solo dibujo! (fig. 27).<\/p>\n\n\n\n<figure class=\"wp-block-image alignnone size-full wp-image-34963\"><img decoding=\"async\" src=\"https:\/\/aceweb.cat\/wp-content\/uploads\/2022\/02\/ACE-Fig27-Analisis-historica.jpg\" alt=\"ACE. Figura 27. An\u00e1lisis hist\u00f3rica\" class=\"wp-image-34963\"\/><figcaption class=\"wp-element-caption\">Figura 27.<\/figcaption><\/figure>\n\n\n\n<p>\u00bfPor qu\u00e9, pues, el desaprovechamiento posterior de las experiencias de Leonardo por parte de los f\u00edsicos, matem\u00e1ticos, arquitectos y constructores, hasta el punto de que tuviese que ser&nbsp; redescubierta muchos a\u00f1os m\u00e1s tarde, despu\u00e9s de haberla madurado cient\u00edficos tales como Galileo, Hooke, Mariotte, Leibnitz, Coulomb y tantos otros?<\/p>\n\n\n\n<p>La explicaci\u00f3n podr\u00eda buscarse en diversas causas:<\/p>\n\n\n\n<p>a) Los manuscritos de Leonardo sufrieron una gran dispersi\u00f3n, perdi\u00e9ndose varios trabajos y quedando muchos otros olvidados en archivos de bibliotecas o castillos, sin pr\u00e1cticamente salir a la luz durante siglos.<\/p>\n\n\n\n<p>b) Los historiadores de los siglos xvi y xvii, mayoritariamente fil\u00f3sofos y profesores de ciencias o de literatura, no prestaron mayor atenci\u00f3n a los trabajos te\u00f3ricos sobre mec\u00e1nica, hasta el punto que un ciudadano remarcable como Joseph Louis de la Grange (1736 -1813) escribiese el a\u00f1o 1788: \u00ab&#8230;el intervalo que separa a Arqu\u00edmedes de Galileo desaparece en la Historia de la Mec\u00e1nica&#8230;\u00bb.<\/p>\n\n\n\n<p>c) Con respecto a sus contempor\u00e1neos, la excesiva fe de Leonardo en la experimentaci\u00f3n lo llev\u00f3 a enfrentarse abiertamente a autores de renombre de su \u00e9poca, haci\u00e9ndolo sin el bagaje matem\u00e1tico de estos, tal como reconoc\u00eda al decir: \u00ab&#8230;muchos pensar\u00e1n, con raz\u00f3n, poder censurarme argumentando que mis demostraciones van en contra de la autoridad de algunos hombres de gran prestigio, pero estos tienen un juicio equivocado sobre ellas y no aceptan el hecho de que mis razonamientos hayan nacido de la simple experiencia, la cual es la aut\u00e9ntica maestra&#8230;\u00bb.<\/p>\n\n\n\n<p>d) Finalmente, su propia manera de trabajar no favorec\u00eda, precisamente, la propagaci\u00f3n de sus trabajos, ya que si bien planteaba los enunciados de sus Teoremas, raramente los acompa\u00f1aba de c\u00e1lculos justificativos o de referencia a experiencias concretas, habiendo formulado, e, incluso, numerado, un \u00edndice de un tratado que agrupase todos los c\u00e1lculos de sus Teoremas, trabajo que se ha perdido, y que \u2014probablemente, si atendemos a la opini\u00f3n de algunos historiadores\u2014 nunca fue escrito. Su inconstancia en este aspecto de su trabajo queda puesto de manifiesto por el historiador C. Truesdell, en sus \u00abEnsayos de historia de la Mec\u00e1nica\u00bb, donde afirmaba que:<\/p>\n\n\n\n<p>\u00ab&#8230; Raramente Leonardo escribi\u00f3 m\u00e1s de un solo p\u00e1rrafo sobre cualquier materia&#8230;\u00bb<\/p>\n\n\n\n<p>a\u00f1adiendo, a continuaci\u00f3n:<\/p>\n\n\n\n<p>\u00ab&#8230; La curiosidad de Leonardo no conoc\u00eda l\u00edmites. Observaba y dibujaba como nadie, pero la virtud del orden no le fue dada, y, por tanto, era incapaz de crear una teor\u00eda. Como bot\u00f3n de muestra basta con sus cuadernos de apuntes, a los que nunca lleg\u00f3 a dar una forma definitiva&#8230;\u00bb.<\/p>\n\n\n\n<p>y, en un tono mucho m\u00e1s cr\u00edtico:<\/p>\n\n\n\n<p>\u00ab&#8230; La ciencia humana nunca ha sido un mont\u00f3n de observaciones y conjeturas, ni \u00fanicamente siendo veros\u00edmiles las observaciones y buenas las conjeturas. Por esta raz\u00f3n se podr\u00edan rechazar nueve d\u00e9cimas partes, o m\u00e1s, de todo lo que escribi\u00f3 Leonardo, por no haber contribuido en absoluto al desarrollo de la ciencia. Lo que un hombre aporta a la posteridad no es la suma algebraica de sus esfuerzos, sino lo mejor de entre ellos. Por tanto, deber\u00edamos buscar entre un mont\u00f3n de escoria para encontrar los tesoros que en \u00e9l pueden esconderse&#8230;\u00bb.<\/p>\n\n\n\n<p>para concluir:<\/p>\n\n\n\n<p>\u00ab&#8230; Al pasar de las leyes num\u00e9ricas a la representaci\u00f3n gr\u00e1fica es cuando Leonardo da Vinci adquiere su verdadera dimensi\u00f3n&#8230;\u00bb.<\/p>\n\n\n\n<figure class=\"wp-block-image alignnone size-full wp-image-34966\"><img decoding=\"async\" src=\"https:\/\/aceweb.cat\/wp-content\/uploads\/2022\/02\/ACE-Fig28-Analisis-historica.jpg\" alt=\"ACE. Figura 28. An\u00e1lisis hist\u00f3rica\" class=\"wp-image-34966\"\/><figcaption class=\"wp-element-caption\">Figura 28.<\/figcaption><\/figure>\n\n\n\n<p>Es apasionante, por su valor hist\u00f3rico y por la singularidad de su contenido, la lectura de la p\u00e1gina de dibujos en la que Leonardo da Vinci intent\u00f3 explicar el comportamiento a flexi\u00f3n de las vigas. Se recomienda al lector que se entretenga unos minutos intentando interpretar lo que quer\u00eda transmitir su autor.<\/p>\n","protected":false},"excerpt":{"rendered":"<p>ROBERT BRUFAU NIUB\u00d3 Doctor Arquitecto; Presidente de la Fundaci\u00f3 Privada Institut d\u2019Estudis Estructurals (IEE); ha sido Presidente de la Associaci\u00f3 de Consultors d\u2019Estructures (ACE) de 1987 a 1995; Profesor Titular del Departamento de Tecnolog\u00eda en la Arquitectura de la UPC, \u00c1mbito de Estructuras; Profesor de postgrado sobre estructuras.Socio Fundador de BOMA, SL; Socio Fundador de &hellip;<\/p>\n<p class=\"read-more\"> <a class=\"\" href=\"https:\/\/aceweb.cat\/es\/articulos-destacados\/analisis-historico-del-comportamiento-estructural-de-una-viga-sometida-a-flexion\/\"> <span class=\"screen-reader-text\">An\u00e1lisis hist\u00f3rico del comportamiento estructural de una viga sometida a flexi\u00f3n<\/span> Leer m\u00e1s &raquo;<\/a><\/p>\n","protected":false},"author":1,"featured_media":40400,"comment_status":"open","ping_status":"closed","sticky":false,"template":"","format":"standard","meta":{"_acf_changed":false,"site-sidebar-layout":"default","site-content-layout":"default","ast-global-header-display":"","ast-main-header-display":"","ast-hfb-above-header-display":"","ast-hfb-below-header-display":"","ast-hfb-mobile-header-display":"","site-post-title":"","ast-breadcrumbs-content":"","ast-featured-img":"","footer-sml-layout":"","theme-transparent-header-meta":"","adv-header-id-meta":"","stick-header-meta":"","header-above-stick-meta":"","header-main-stick-meta":"","header-below-stick-meta":"","footnotes":""},"categories":[1431],"tags":[],"class_list":["post-40377","post","type-post","status-publish","format-standard","has-post-thumbnail","hentry","category-articulos-destacados"],"acf":[],"yoast_head":"<!-- This site is optimized with the Yoast SEO plugin v27.1.1 - https:\/\/yoast.com\/product\/yoast-seo-wordpress\/ -->\n<title>An\u00e1lisis hist\u00f3rico del comportamiento estructural de una viga sometida a flexi\u00f3n | ACE<\/title>\n<meta name=\"robots\" content=\"index, follow, max-snippet:-1, max-image-preview:large, max-video-preview:-1\" \/>\n<link rel=\"canonical\" href=\"https:\/\/aceweb.cat\/es\/articulos-destacados\/analisis-historico-del-comportamiento-estructural-de-una-viga-sometida-a-flexion\/\" \/>\n<meta property=\"og:locale\" content=\"es_ES\" \/>\n<meta property=\"og:type\" content=\"article\" \/>\n<meta property=\"og:title\" content=\"An\u00e1lisis hist\u00f3rico del comportamiento estructural de una viga sometida a flexi\u00f3n | ACE\" \/>\n<meta property=\"og:description\" content=\"ROBERT BRUFAU NIUB\u00d3 Doctor Arquitecto; Presidente de la Fundaci\u00f3 Privada Institut d\u2019Estudis Estructurals (IEE); ha sido Presidente de la Associaci\u00f3 de Consultors d\u2019Estructures (ACE) de 1987 a 1995; Profesor Titular del Departamento de Tecnolog\u00eda en la Arquitectura de la UPC, \u00c1mbito de Estructuras; Profesor de postgrado sobre estructuras.Socio Fundador de BOMA, SL; Socio Fundador de &hellip; An\u00e1lisis hist\u00f3rico del comportamiento estructural de una viga sometida a flexi\u00f3n Leer m\u00e1s &raquo;\" \/>\n<meta property=\"og:url\" content=\"https:\/\/aceweb.cat\/es\/articulos-destacados\/analisis-historico-del-comportamiento-estructural-de-una-viga-sometida-a-flexion\/\" \/>\n<meta property=\"og:site_name\" content=\"aceweb.cat\" \/>\n<meta property=\"article:published_time\" content=\"2022-02-23T11:54:39+00:00\" \/>\n<meta property=\"article:modified_time\" content=\"2023-03-17T10:17:26+00:00\" \/>\n<meta property=\"og:image\" content=\"https:\/\/aceweb.cat\/wp-content\/uploads\/2022\/02\/ACE-Fig00-Analisis-historica.jpg\" \/>\n\t<meta property=\"og:image:width\" content=\"600\" \/>\n\t<meta property=\"og:image:height\" content=\"406\" \/>\n\t<meta property=\"og:image:type\" content=\"image\/jpeg\" \/>\n<meta name=\"author\" content=\"Manel\" \/>\n<meta name=\"twitter:card\" content=\"summary_large_image\" \/>\n<meta name=\"twitter:label1\" content=\"Escrito por\" \/>\n\t<meta name=\"twitter:data1\" content=\"Manel\" \/>\n\t<meta name=\"twitter:label2\" content=\"Tiempo de lectura\" \/>\n\t<meta name=\"twitter:data2\" content=\"36 minutos\" \/>\n<script type=\"application\/ld+json\" class=\"yoast-schema-graph\">{\"@context\":\"https:\/\/schema.org\",\"@graph\":[{\"@type\":\"Article\",\"@id\":\"https:\/\/aceweb.cat\/es\/articulos-destacados\/analisis-historico-del-comportamiento-estructural-de-una-viga-sometida-a-flexion\/#article\",\"isPartOf\":{\"@id\":\"https:\/\/aceweb.cat\/es\/articulos-destacados\/analisis-historico-del-comportamiento-estructural-de-una-viga-sometida-a-flexion\/\"},\"author\":{\"name\":\"Manel\",\"@id\":\"https:\/\/aceweb.cat\/#\/schema\/person\/eff128d7a478831719f89cf8a1a6280c\"},\"headline\":\"An\u00e1lisis hist\u00f3rico del comportamiento estructural de una viga sometida a flexi\u00f3n\",\"datePublished\":\"2022-02-23T11:54:39+00:00\",\"dateModified\":\"2023-03-17T10:17:26+00:00\",\"mainEntityOfPage\":{\"@id\":\"https:\/\/aceweb.cat\/es\/articulos-destacados\/analisis-historico-del-comportamiento-estructural-de-una-viga-sometida-a-flexion\/\"},\"wordCount\":5761,\"commentCount\":0,\"publisher\":{\"@id\":\"https:\/\/aceweb.cat\/#organization\"},\"image\":{\"@id\":\"https:\/\/aceweb.cat\/es\/articulos-destacados\/analisis-historico-del-comportamiento-estructural-de-una-viga-sometida-a-flexion\/#primaryimage\"},\"thumbnailUrl\":\"https:\/\/aceweb.cat\/wp-content\/uploads\/2022\/02\/ACE-Fig00-Analisis-historica.jpg\",\"articleSection\":[\"Art\u00edculos destacados\"],\"inLanguage\":\"es\",\"potentialAction\":[{\"@type\":\"CommentAction\",\"name\":\"Comment\",\"target\":[\"https:\/\/aceweb.cat\/es\/articulos-destacados\/analisis-historico-del-comportamiento-estructural-de-una-viga-sometida-a-flexion\/#respond\"]}]},{\"@type\":\"WebPage\",\"@id\":\"https:\/\/aceweb.cat\/es\/articulos-destacados\/analisis-historico-del-comportamiento-estructural-de-una-viga-sometida-a-flexion\/\",\"url\":\"https:\/\/aceweb.cat\/es\/articulos-destacados\/analisis-historico-del-comportamiento-estructural-de-una-viga-sometida-a-flexion\/\",\"name\":\"An\u00e1lisis hist\u00f3rico del comportamiento estructural de una viga sometida a flexi\u00f3n | ACE\",\"isPartOf\":{\"@id\":\"https:\/\/aceweb.cat\/#website\"},\"primaryImageOfPage\":{\"@id\":\"https:\/\/aceweb.cat\/es\/articulos-destacados\/analisis-historico-del-comportamiento-estructural-de-una-viga-sometida-a-flexion\/#primaryimage\"},\"image\":{\"@id\":\"https:\/\/aceweb.cat\/es\/articulos-destacados\/analisis-historico-del-comportamiento-estructural-de-una-viga-sometida-a-flexion\/#primaryimage\"},\"thumbnailUrl\":\"https:\/\/aceweb.cat\/wp-content\/uploads\/2022\/02\/ACE-Fig00-Analisis-historica.jpg\",\"datePublished\":\"2022-02-23T11:54:39+00:00\",\"dateModified\":\"2023-03-17T10:17:26+00:00\",\"breadcrumb\":{\"@id\":\"https:\/\/aceweb.cat\/es\/articulos-destacados\/analisis-historico-del-comportamiento-estructural-de-una-viga-sometida-a-flexion\/#breadcrumb\"},\"inLanguage\":\"es\",\"potentialAction\":[{\"@type\":\"ReadAction\",\"target\":[\"https:\/\/aceweb.cat\/es\/articulos-destacados\/analisis-historico-del-comportamiento-estructural-de-una-viga-sometida-a-flexion\/\"]}]},{\"@type\":\"ImageObject\",\"inLanguage\":\"es\",\"@id\":\"https:\/\/aceweb.cat\/es\/articulos-destacados\/analisis-historico-del-comportamiento-estructural-de-una-viga-sometida-a-flexion\/#primaryimage\",\"url\":\"https:\/\/aceweb.cat\/wp-content\/uploads\/2022\/02\/ACE-Fig00-Analisis-historica.jpg\",\"contentUrl\":\"https:\/\/aceweb.cat\/wp-content\/uploads\/2022\/02\/ACE-Fig00-Analisis-historica.jpg\",\"width\":600,\"height\":406},{\"@type\":\"BreadcrumbList\",\"@id\":\"https:\/\/aceweb.cat\/es\/articulos-destacados\/analisis-historico-del-comportamiento-estructural-de-una-viga-sometida-a-flexion\/#breadcrumb\",\"itemListElement\":[{\"@type\":\"ListItem\",\"position\":1,\"name\":\"Inici\",\"item\":\"https:\/\/aceweb.cat\/\"},{\"@type\":\"ListItem\",\"position\":2,\"name\":\"Art\u00edculos destacados\",\"item\":\"https:\/\/aceweb.cat\/es\/categoria\/articulos-destacados\/\"},{\"@type\":\"ListItem\",\"position\":3,\"name\":\"An\u00e1lisis hist\u00f3rico del comportamiento estructural de una viga sometida a flexi\u00f3n\"}]},{\"@type\":\"WebSite\",\"@id\":\"https:\/\/aceweb.cat\/#website\",\"url\":\"https:\/\/aceweb.cat\/\",\"name\":\"ACE\",\"description\":\"Associaci\u00f3 de Consultors d&#039;Estructures | ACE\",\"publisher\":{\"@id\":\"https:\/\/aceweb.cat\/#organization\"},\"alternateName\":\"ACE\",\"potentialAction\":[{\"@type\":\"SearchAction\",\"target\":{\"@type\":\"EntryPoint\",\"urlTemplate\":\"https:\/\/aceweb.cat\/?s={search_term_string}\"},\"query-input\":{\"@type\":\"PropertyValueSpecification\",\"valueRequired\":true,\"valueName\":\"search_term_string\"}}],\"inLanguage\":\"es\"},{\"@type\":\"Organization\",\"@id\":\"https:\/\/aceweb.cat\/#organization\",\"name\":\"ACE\",\"alternateName\":\"ACE\",\"url\":\"https:\/\/aceweb.cat\/\",\"logo\":{\"@type\":\"ImageObject\",\"inLanguage\":\"es\",\"@id\":\"https:\/\/aceweb.cat\/#\/schema\/logo\/image\/\",\"url\":\"https:\/\/aceweb.cat\/wp-content\/uploads\/2022\/10\/logo.svg\",\"contentUrl\":\"https:\/\/aceweb.cat\/wp-content\/uploads\/2022\/10\/logo.svg\",\"width\":1,\"height\":1,\"caption\":\"ACE\"},\"image\":{\"@id\":\"https:\/\/aceweb.cat\/#\/schema\/logo\/image\/\"}},{\"@type\":\"Person\",\"@id\":\"https:\/\/aceweb.cat\/#\/schema\/person\/eff128d7a478831719f89cf8a1a6280c\",\"name\":\"Manel\",\"image\":{\"@type\":\"ImageObject\",\"inLanguage\":\"es\",\"@id\":\"https:\/\/aceweb.cat\/#\/schema\/person\/image\/\",\"url\":\"https:\/\/secure.gravatar.com\/avatar\/08f10a599e1c2233dfc54578e9936eb5325ce0a03faf2072be5f50c306c7e522?s=96&d=mm&r=g\",\"contentUrl\":\"https:\/\/secure.gravatar.com\/avatar\/08f10a599e1c2233dfc54578e9936eb5325ce0a03faf2072be5f50c306c7e522?s=96&d=mm&r=g\",\"caption\":\"Manel\"},\"sameAs\":[\"https:\/\/aceweb.cat\"],\"url\":\"https:\/\/aceweb.cat\/es\/author\/a1e6ded0e0\/\"}]}<\/script>\n<!-- \/ Yoast SEO plugin. -->","yoast_head_json":{"title":"An\u00e1lisis hist\u00f3rico del comportamiento estructural de una viga sometida a flexi\u00f3n | ACE","robots":{"index":"index","follow":"follow","max-snippet":"max-snippet:-1","max-image-preview":"max-image-preview:large","max-video-preview":"max-video-preview:-1"},"canonical":"https:\/\/aceweb.cat\/es\/articulos-destacados\/analisis-historico-del-comportamiento-estructural-de-una-viga-sometida-a-flexion\/","og_locale":"es_ES","og_type":"article","og_title":"An\u00e1lisis hist\u00f3rico del comportamiento estructural de una viga sometida a flexi\u00f3n | ACE","og_description":"ROBERT BRUFAU NIUB\u00d3 Doctor Arquitecto; Presidente de la Fundaci\u00f3 Privada Institut d\u2019Estudis Estructurals (IEE); ha sido Presidente de la Associaci\u00f3 de Consultors d\u2019Estructures (ACE) de 1987 a 1995; Profesor Titular del Departamento de Tecnolog\u00eda en la Arquitectura de la UPC, \u00c1mbito de Estructuras; Profesor de postgrado sobre estructuras.Socio Fundador de BOMA, SL; Socio Fundador de &hellip; An\u00e1lisis hist\u00f3rico del comportamiento estructural de una viga sometida a flexi\u00f3n Leer m\u00e1s &raquo;","og_url":"https:\/\/aceweb.cat\/es\/articulos-destacados\/analisis-historico-del-comportamiento-estructural-de-una-viga-sometida-a-flexion\/","og_site_name":"aceweb.cat","article_published_time":"2022-02-23T11:54:39+00:00","article_modified_time":"2023-03-17T10:17:26+00:00","og_image":[{"width":600,"height":406,"url":"https:\/\/aceweb.cat\/wp-content\/uploads\/2022\/02\/ACE-Fig00-Analisis-historica.jpg","type":"image\/jpeg"}],"author":"Manel","twitter_card":"summary_large_image","twitter_misc":{"Escrito por":"Manel","Tiempo de lectura":"36 minutos"},"schema":{"@context":"https:\/\/schema.org","@graph":[{"@type":"Article","@id":"https:\/\/aceweb.cat\/es\/articulos-destacados\/analisis-historico-del-comportamiento-estructural-de-una-viga-sometida-a-flexion\/#article","isPartOf":{"@id":"https:\/\/aceweb.cat\/es\/articulos-destacados\/analisis-historico-del-comportamiento-estructural-de-una-viga-sometida-a-flexion\/"},"author":{"name":"Manel","@id":"https:\/\/aceweb.cat\/#\/schema\/person\/eff128d7a478831719f89cf8a1a6280c"},"headline":"An\u00e1lisis hist\u00f3rico del comportamiento estructural de una viga sometida a flexi\u00f3n","datePublished":"2022-02-23T11:54:39+00:00","dateModified":"2023-03-17T10:17:26+00:00","mainEntityOfPage":{"@id":"https:\/\/aceweb.cat\/es\/articulos-destacados\/analisis-historico-del-comportamiento-estructural-de-una-viga-sometida-a-flexion\/"},"wordCount":5761,"commentCount":0,"publisher":{"@id":"https:\/\/aceweb.cat\/#organization"},"image":{"@id":"https:\/\/aceweb.cat\/es\/articulos-destacados\/analisis-historico-del-comportamiento-estructural-de-una-viga-sometida-a-flexion\/#primaryimage"},"thumbnailUrl":"https:\/\/aceweb.cat\/wp-content\/uploads\/2022\/02\/ACE-Fig00-Analisis-historica.jpg","articleSection":["Art\u00edculos destacados"],"inLanguage":"es","potentialAction":[{"@type":"CommentAction","name":"Comment","target":["https:\/\/aceweb.cat\/es\/articulos-destacados\/analisis-historico-del-comportamiento-estructural-de-una-viga-sometida-a-flexion\/#respond"]}]},{"@type":"WebPage","@id":"https:\/\/aceweb.cat\/es\/articulos-destacados\/analisis-historico-del-comportamiento-estructural-de-una-viga-sometida-a-flexion\/","url":"https:\/\/aceweb.cat\/es\/articulos-destacados\/analisis-historico-del-comportamiento-estructural-de-una-viga-sometida-a-flexion\/","name":"An\u00e1lisis hist\u00f3rico del comportamiento estructural de una viga sometida a flexi\u00f3n | ACE","isPartOf":{"@id":"https:\/\/aceweb.cat\/#website"},"primaryImageOfPage":{"@id":"https:\/\/aceweb.cat\/es\/articulos-destacados\/analisis-historico-del-comportamiento-estructural-de-una-viga-sometida-a-flexion\/#primaryimage"},"image":{"@id":"https:\/\/aceweb.cat\/es\/articulos-destacados\/analisis-historico-del-comportamiento-estructural-de-una-viga-sometida-a-flexion\/#primaryimage"},"thumbnailUrl":"https:\/\/aceweb.cat\/wp-content\/uploads\/2022\/02\/ACE-Fig00-Analisis-historica.jpg","datePublished":"2022-02-23T11:54:39+00:00","dateModified":"2023-03-17T10:17:26+00:00","breadcrumb":{"@id":"https:\/\/aceweb.cat\/es\/articulos-destacados\/analisis-historico-del-comportamiento-estructural-de-una-viga-sometida-a-flexion\/#breadcrumb"},"inLanguage":"es","potentialAction":[{"@type":"ReadAction","target":["https:\/\/aceweb.cat\/es\/articulos-destacados\/analisis-historico-del-comportamiento-estructural-de-una-viga-sometida-a-flexion\/"]}]},{"@type":"ImageObject","inLanguage":"es","@id":"https:\/\/aceweb.cat\/es\/articulos-destacados\/analisis-historico-del-comportamiento-estructural-de-una-viga-sometida-a-flexion\/#primaryimage","url":"https:\/\/aceweb.cat\/wp-content\/uploads\/2022\/02\/ACE-Fig00-Analisis-historica.jpg","contentUrl":"https:\/\/aceweb.cat\/wp-content\/uploads\/2022\/02\/ACE-Fig00-Analisis-historica.jpg","width":600,"height":406},{"@type":"BreadcrumbList","@id":"https:\/\/aceweb.cat\/es\/articulos-destacados\/analisis-historico-del-comportamiento-estructural-de-una-viga-sometida-a-flexion\/#breadcrumb","itemListElement":[{"@type":"ListItem","position":1,"name":"Inici","item":"https:\/\/aceweb.cat\/"},{"@type":"ListItem","position":2,"name":"Art\u00edculos destacados","item":"https:\/\/aceweb.cat\/es\/categoria\/articulos-destacados\/"},{"@type":"ListItem","position":3,"name":"An\u00e1lisis hist\u00f3rico del comportamiento estructural de una viga sometida a flexi\u00f3n"}]},{"@type":"WebSite","@id":"https:\/\/aceweb.cat\/#website","url":"https:\/\/aceweb.cat\/","name":"ACE","description":"Associaci\u00f3 de Consultors d&#039;Estructures | ACE","publisher":{"@id":"https:\/\/aceweb.cat\/#organization"},"alternateName":"ACE","potentialAction":[{"@type":"SearchAction","target":{"@type":"EntryPoint","urlTemplate":"https:\/\/aceweb.cat\/?s={search_term_string}"},"query-input":{"@type":"PropertyValueSpecification","valueRequired":true,"valueName":"search_term_string"}}],"inLanguage":"es"},{"@type":"Organization","@id":"https:\/\/aceweb.cat\/#organization","name":"ACE","alternateName":"ACE","url":"https:\/\/aceweb.cat\/","logo":{"@type":"ImageObject","inLanguage":"es","@id":"https:\/\/aceweb.cat\/#\/schema\/logo\/image\/","url":"https:\/\/aceweb.cat\/wp-content\/uploads\/2022\/10\/logo.svg","contentUrl":"https:\/\/aceweb.cat\/wp-content\/uploads\/2022\/10\/logo.svg","width":1,"height":1,"caption":"ACE"},"image":{"@id":"https:\/\/aceweb.cat\/#\/schema\/logo\/image\/"}},{"@type":"Person","@id":"https:\/\/aceweb.cat\/#\/schema\/person\/eff128d7a478831719f89cf8a1a6280c","name":"Manel","image":{"@type":"ImageObject","inLanguage":"es","@id":"https:\/\/aceweb.cat\/#\/schema\/person\/image\/","url":"https:\/\/secure.gravatar.com\/avatar\/08f10a599e1c2233dfc54578e9936eb5325ce0a03faf2072be5f50c306c7e522?s=96&d=mm&r=g","contentUrl":"https:\/\/secure.gravatar.com\/avatar\/08f10a599e1c2233dfc54578e9936eb5325ce0a03faf2072be5f50c306c7e522?s=96&d=mm&r=g","caption":"Manel"},"sameAs":["https:\/\/aceweb.cat"],"url":"https:\/\/aceweb.cat\/es\/author\/a1e6ded0e0\/"}]}},"_links":{"self":[{"href":"https:\/\/aceweb.cat\/es\/wp-json\/wp\/v2\/posts\/40377","targetHints":{"allow":["GET"]}}],"collection":[{"href":"https:\/\/aceweb.cat\/es\/wp-json\/wp\/v2\/posts"}],"about":[{"href":"https:\/\/aceweb.cat\/es\/wp-json\/wp\/v2\/types\/post"}],"author":[{"embeddable":true,"href":"https:\/\/aceweb.cat\/es\/wp-json\/wp\/v2\/users\/1"}],"replies":[{"embeddable":true,"href":"https:\/\/aceweb.cat\/es\/wp-json\/wp\/v2\/comments?post=40377"}],"version-history":[{"count":3,"href":"https:\/\/aceweb.cat\/es\/wp-json\/wp\/v2\/posts\/40377\/revisions"}],"predecessor-version":[{"id":40412,"href":"https:\/\/aceweb.cat\/es\/wp-json\/wp\/v2\/posts\/40377\/revisions\/40412"}],"wp:featuredmedia":[{"embeddable":true,"href":"https:\/\/aceweb.cat\/es\/wp-json\/wp\/v2\/media\/40400"}],"wp:attachment":[{"href":"https:\/\/aceweb.cat\/es\/wp-json\/wp\/v2\/media?parent=40377"}],"wp:term":[{"taxonomy":"category","embeddable":true,"href":"https:\/\/aceweb.cat\/es\/wp-json\/wp\/v2\/categories?post=40377"},{"taxonomy":"post_tag","embeddable":true,"href":"https:\/\/aceweb.cat\/es\/wp-json\/wp\/v2\/tags?post=40377"}],"curies":[{"name":"wp","href":"https:\/\/api.w.org\/{rel}","templated":true}]}}