{"id":40378,"date":"2022-03-14T08:18:54","date_gmt":"2022-03-14T08:18:54","guid":{"rendered":"https:\/\/www.aceweb.advertis.es\/escaleras-con-boveda-a-la-catalana\/"},"modified":"2023-03-17T13:44:45","modified_gmt":"2023-03-17T13:44:45","slug":"escaleras-con-boveda-a-la-catalana","status":"publish","type":"post","link":"https:\/\/aceweb.cat\/es\/articulos-destacados\/escaleras-con-boveda-a-la-catalana\/","title":{"rendered":"Escaleras con b\u00f3veda a la catalana"},"content":{"rendered":"\n<h6 class=\"wp-block-heading\"><a href=\"\/es\/socios-de-honor\/\"><strong>JOSEP BAQUER SISTACH<\/strong><\/a><br>Arquitecto T\u00e9cnico (1972); Vicepresidente de la Associaci\u00f3 de Consultors d\u2019Estructures (ACE); Responsable de la Comisi\u00f3n de Rehabilitaci\u00f3n de la ACE; profesor en el Institut d\u2019Estudis Estructurals (IEE).<br>Estudi\u00f3 Humanidades y Filosof\u00eda y es licenciado en Teolog\u00eda: profesor en la Universitat Ramon Llull (URL).<br>Autor de diversos art\u00edculos y publicaciones t\u00e9cnicas. Responsable del departamento de estructuras en L35 Arquitectos hace m\u00e1s de veinticinco a\u00f1os, dise\u00f1ando las estructuras (y dirigiendo la realizaci\u00f3n), de muchos centros comerciales y pol\u00edgonos de viviendas y edificios singulares.<br>Actualmente tiene despacho propio como Consultor de Estructuras.<\/h6>\n\n\n\n<hr class=\"wp-block-separator has-alpha-channel-opacity\"\/>\n\n\n\n<figure class=\"wp-block-image\"><img decoding=\"async\" src=\"https:\/\/aceweb.cat\/wp-content\/uploads\/2022\/03\/ACE-Fig01a-Boveda-catalana.jpg\" alt=\"ACE. Escaleras con b\u00f3veda catalana\" class=\"wp-image-35273\"\/><\/figure>\n\n\n\n<p>La resoluci\u00f3n del fen\u00f3meno del comportamiento resistente de cualquier secci\u00f3n de una viga sometida a flexi\u00f3n ha sido, a lo largo de la Historia de la Ciencia oficial, una de las mayores preocupaciones de los f\u00edsicos, ge\u00f3metras y matem\u00e1ticos de todas las \u00e9pocas. La evoluci\u00f3n de las teor\u00edas sobre el comportamiento tensional de las secciones y, muy especialmente, sobre la posici\u00f3n de la \u00abl\u00ednea neutra\u00bb ha dado pie a numerosos estudios a lo largo de estos \u00faltimos a\u00f1os. El texto que sigue pretende recoger, de una manera bastante simplificada, los sucesivos pasos que se fueron dando al respecto.&nbsp;El tratamiento secuencial que se sigue en estas p\u00e1ginas pr\u00f3ximas le permitir\u00e1 al lector advertir los numerosos \u00aberrores\u00bb conceptuales que desde Galileo Galilei se cometieron \u2014entre los siglos xvii y xix\u2014 hasta llegar al momento en que Navier y Barr\u00e9 de Saint-Venant asentaron de manera definitiva la teor\u00eda actual al respecto.<\/p>\n\n\n\n<h3 class=\"wp-block-heading\"><span style=\"color: #c3002f;\"><strong>1. C\u00d3MO TRABAJAN LAS B\u00d3VEDAS Y LOS ARCOS<\/strong><\/span><\/h3>\n\n\n\n<p>En m\u00e1s de una ocasi\u00f3n, visitando alg\u00fan edificio rom\u00e1nico, g\u00f3tico o incluso de arquitectura modernista como por ejemplo las magn\u00edficas bodegas del Priorato, hemos escuchado explicaciones referentes a las principales caracter\u00edsticas arquitect\u00f3nicas y estructurales de los elementos que los conforman, normalmente sin entrar demasiado en detalles. Se comenta que hay que observar que todos los elementos que se pueden ver son estructurales y que todos trabajan solo a compresi\u00f3n: los muros, los contrafuertes, los arbotantes, los arcos, las b\u00f3vedas, los nervios de los cruceros, etc. Se acostumbra a ponderar precisamente el ingenio de maestros de obra y arquitectos, que consist\u00eda en conseguir grandes dimensiones, grandes espacios y grandes luces de obra, a base de hacer trabajar todos los elementos solo a compresi\u00f3n. A veces se explican algunas nociones de grafost\u00e1tica para hacer m\u00e1s comprensible el proceso para llegar a conocer las solicitaciones e incluso como herramienta para dimensionar la forma concreta de algunos arcos u otros elementos.<\/p>\n\n\n\n<p>Habr\u00eda que matizar estas afirmaciones. Ciertamente que en este tipo de edificios todos los elementos son estructurales, pero lo que no es tan cierto es que trabajen \u00absolo a compresi\u00f3n\u00bb. La realidad es que todos trabajan a flexo-compresi\u00f3n. Es decir, considerando la linealidad estructural de un arco o de una b\u00f3veda, la secci\u00f3n a lo largo de toda la longitud del elemento que conforma la estructura del arco, est\u00e1 afectada por unos determinados momentos flectores (positivos o negativos), por unas solicitaciones normales (axiales) y evidentemente por unos esfuerzos cortantes.<\/p>\n\n\n\n<p>Pero lo que ocurre es que el esfuerzo normal (axial) genera unas tensiones de compresi\u00f3n muy importantes. Pero en lo que a solicitaciones se refiere, hay otros adem\u00e1s del esfuerzo de compresi\u00f3n. Para entendernos: si comparamos un arco (l\u00ednea curva convexa) con una viga (lineal recta), ver\u00edamos que la incidencia de la solicitaci\u00f3n normal (axial) en el caso del arco tiene una importancia enorme en la consecuci\u00f3n del equilibrio y estabilidad, mientras que en el caso de las vigas (armado pasivo), este tipo de solicitaci\u00f3n acostumbra a afectar muy poco la estabilidad del sistema. S\u00ed que podr\u00edamos establecer una similitud en este sentido (importancia de las tensiones normales), entre los arcos y las vigas pretensadas en que los esfuerzos de pretensado o postesado juegan un papel esencial.<\/p>\n\n\n\n<p>Ve\u00e1moslo de forma m\u00e1s gr\u00e1fica. En la figura 1, se muestra un arco rebajado, carpanel, de dos radios, con el correspondiente diagrama de momentos y la anotaci\u00f3n del valor de los momentos y axiales de c\u00e1lculo de los puntos m\u00e1s significativos. Le aplicamos una carga correspondiente a peso muerto, G = 1,5 T\/m. El arco, a efectos de c\u00e1lculo, se ha modelizado por segmentos rectos y nudos r\u00edgidos. Para simular los contrafuertes, los nudos que conforman los pilares, tienen impedido el desplazamiento en sentido horizontal.<\/p>\n\n\n\n<figure class=\"wp-block-image alignnone size-full wp-image-35278\"><img decoding=\"async\" src=\"https:\/\/aceweb.cat\/wp-content\/uploads\/2022\/03\/ACE-Fig01b-Boveda-catalana.jpg\" alt=\"ACE. Escaleras con b\u00f3veda catalana\" class=\"wp-image-35278\"\/><figcaption class=\"wp-element-caption\">Figura 1. Arco rebajado: carpanel. Solicitaciones de c\u00e1lculo.<\/figcaption><\/figure>\n\n\n\n<p>F\u00e1cilmente se ve la distribuci\u00f3n de momentos, positivos en la zona central del arco, y negativos en ambos lados (los \u00abri\u00f1ones\u00bb), pasando por un punto de momento M<sub>d<\/sub> = 0,00 mT.<\/p>\n\n\n\n<p>Se puede observar que el esfuerzo normal (axial) es importante a lo largo del desarrollo del arco y que tiene un valor significativamente elevado (8,90 T &lt; N<sub>d<\/sub> &lt; 11,50 T).<\/p>\n\n\n\n<p>Si consideramos las secciones como si solo estuvieran afectadas por las solicitaciones de los momentos flectores, ver\u00edamos que las fibras extremas de cada secci\u00f3n que consider\u00e1ramos, trabajar\u00edan seg\u00fan los casos a tracci\u00f3n o a compresi\u00f3n. En les zonas de momento negativo, la fibra superior a tracci\u00f3n y la inferior a compresi\u00f3n y en las zonas de momento positivo, al rev\u00e9s.<\/p>\n\n\n\n<p>Ahora bien, como dec\u00eda, hay que tener en cuenta la incidencia del esfuerzo axial que comprime m\u00e1s todav\u00eda las fibras comprimidas por la acci\u00f3n del momento flector, y hace menguar (o neutraliza seg\u00fan los casos) la tracci\u00f3n de las fibras traccionadas.<\/p>\n\n\n\n<p>Pero esta \u00abcompensaci\u00f3n\u00bb, en las fibras m\u00e1s traccionadas, no siempre neutraliza las tracciones completamente, cosa que hace que en determinadas secciones (las de momento flector m\u00e1s elevado) pueda haber fibras extremas que trabajen solo a tracci\u00f3n.<\/p>\n\n\n\n<p>Ve\u00e1moslo en la figura 2, correspondiendo a la secci\u00f3n m\u00e1s desfavorable de la zona lateral (los \u00abri\u00f1ones\u00bb) del arco rebajado.<\/p>\n\n\n\n<figure class=\"wp-block-image alignnone size-full wp-image-35281\"><img decoding=\"async\" src=\"https:\/\/aceweb.cat\/wp-content\/uploads\/2022\/03\/ACE-Fig02-Boveda-catalana.jpg\" alt=\"ACE. Escaleras con b\u00f3veda catalana\" class=\"wp-image-35281\"\/><figcaption class=\"wp-element-caption\">Figura 2.<\/figcaption><\/figure>\n\n\n\n<p>Sabemos que las solicitaciones de c\u00e1lculo son las siguientes: M<sub>d<\/sub> = -2,85 mt, Nsub&gt;d = -11,46 t. Hemos hecho un primero dimensionado de la secci\u00f3n (bh) de 45 x 45 cm<sup>2<\/sup> para ver c\u00f3mo se comportar\u00eda el arco en la zona m\u00e1s desfavorable.<\/p>\n\n\n\n<p>El modulo resistente el\u00e1stico ser\u00e1, por lo tanto:<\/p>\n\n\n\n<figure class=\"wp-block-image\"><img decoding=\"async\" src=\"https:\/\/aceweb.cat\/wp-content\/uploads\/2022\/03\/ACE-For01-Boveda-catalana-1.jpg\" alt=\"ACE. Escaleras con b\u00f3veda catalana\" class=\"wp-image-35287\"\/><\/figure>\n\n\n\n<div class=\"article\">\n<p>Y la tensi\u00f3n en la fibra extrema originada solo por el momento flector:<\/p>\n<figure><img loading=\"lazy\" decoding=\"async\" class=\"alignnone size-full wp-image-35294\" src=\"https:\/\/aceweb.cat\/wp-content\/uploads\/2022\/03\/ACE-For02-Boveda-catalana-1.jpg\" alt=\"ACE. Escaleras con b\u00f3veda catalana\" width=\"230\" height=\"41\"><\/figure><p><\/p>\n<p>Si ahora consideramos por separado la repercusi\u00f3n del esfuerzo axial, que se suma a las tensiones originadas por el momento flector, tendremos:<\/p>\n<figure><img loading=\"lazy\" decoding=\"async\" class=\"alignnone size-full wp-image-35297\" src=\"https:\/\/aceweb.cat\/wp-content\/uploads\/2022\/03\/ACE-For03-Boveda-catalana.jpg\" alt=\"ACE. Escaleras con b\u00f3veda catalana\" width=\"230\" height=\"40\"><\/figure><p><\/p>\n<p>Por lo tanto, finalmente, la fibra m\u00e1s comprimida trabajar\u00e1:<\/p>\n<figure><img loading=\"lazy\" decoding=\"async\" class=\"alignnone wp-image-35303\" src=\"https:\/\/aceweb.cat\/wp-content\/uploads\/2022\/03\/ACE-For04-Boveda-catalana-1.jpg\" alt=\"ACE. Escaleras con b\u00f3veda catalana\" width=\"275\" height=\"18\"><\/figure><p><\/p>\n<p>y la fibra menos comprimida trabajar\u00e1<\/p>\n<figure><img loading=\"lazy\" decoding=\"async\" class=\"alignnone size-full wp-image-35306\" src=\"https:\/\/aceweb.cat\/wp-content\/uploads\/2022\/03\/ACE-For05-Boveda-catalana.jpg\" alt=\"ACE. Escaleras con b\u00f3veda catalana\" width=\"300\" height=\"20\"><\/figure><p><\/p>\n<p>es decir, trabajar\u00e1 a tracci\u00f3n.<\/p>\n<p>Si el arco fuera de hormig\u00f3n armado, no habr\u00eda ning\u00fan problema con esta secci\u00f3n, porque podr\u00edamos absorber las tracciones de la cara superior (en los \u00abri\u00f1ones\u00bb) o de la cara inferior en la zona central del arco, con la armadura correspondiente. Pero, \u00bfqu\u00e9 pasar\u00eda si el arco fuera de f\u00e1brica de ladrillo macizo, por ejemplo?: que en la zona de los ri\u00f1ones, la parte inferior estar\u00eda comprimida con una tensi\u00f3n perfectamente asumible por la f\u00e1brica, pero, la parte superior estar\u00eda (quiz\u00e1s) excesivamente traccionada y por lo tanto (quiz\u00e1s) se agrietar\u00eda. Esto nos llevar\u00eda a estudiar la posibilidad de resolver el arco con una secci\u00f3n de m\u00f3dulo el\u00e1stico (W<sub>x<\/sub>) de valor superior que nos asegurara que todas las fibras estuvieran comprimidas, o bien traccionadas con una tensi\u00f3n asumible por la f\u00e1brica de ladrillo macizo.<\/p>\n<p>Aqu\u00ed surge la pregunta \u00abdel mill\u00f3n\u00bb: \u00bfa cu\u00e1nto puede trabajar a tracci\u00f3n la f\u00e1brica cer\u00e1mica?, porque resulta que, al comprobar las solicitaciones de la mayor\u00eda de arcos y b\u00f3vedas de los edificios que conocemos, nos encontramos, con gran sorpresa, que hay muchas secciones de obra de f\u00e1brica, con fibras extremas traccionadas, con tensiones de cierta importancia, y lo m\u00e1s curioso es que, en la mayor\u00eda de los casos, no hay ning\u00fan tipo de fisura ni de grieta, lo cual quiere decir que la f\u00e1brica cer\u00e1mica puede trabajar relativamente bien a tracci\u00f3n, bastante m\u00e1s all\u00e1 del kilo\/kilo y medio o dos kilos por cent\u00edmetro cuadrado que los t\u00e9cnicos acostumbran a tener en la cabeza. En el supuesto de que a continuaci\u00f3n desarrollaremos, el de las <a href=\"https:\/\/es.wikipedia.org\/wiki\/B%C3%B3veda_catalana\" target=\"_blank\" rel=\"noopener noreferrer\">b\u00f3vedas a la catalana<\/a> que tan satisfactoriamente se han comportado hasta ahora, esto es m\u00e1s que evidente.<\/p>\n<h3><span style=\"color: #c3002f;\"><strong>2. LAS B\u00d3VEDAS A LA CATALANA<\/strong><\/span><\/h3>\n<p>Propongo el estudio de una escalera \u00abtipo\u00bb que podr\u00edamos encontrar en cualquier edificio de viviendas de principios de siglo XX (fig. 3).<\/p>\n<\/div>\n\n\n\n<figure class=\"wp-block-image alignnone size-full wp-image-35310\"><img decoding=\"async\" src=\"https:\/\/aceweb.cat\/wp-content\/uploads\/2022\/03\/ACE-Fig03-Boveda-catalana.jpg\" alt=\"ACE. Escaleras con b\u00f3veda catalana\" class=\"wp-image-35310\"\/><figcaption class=\"wp-element-caption\">Figura 3.<\/figcaption><\/figure>\n\n\n\n<p>Estas b\u00f3vedas se resolv\u00edan normalmente con un desarrollo curvo, de dos radios en los tramos ascendentes\/descendentes, y de un radio en los rellanos de acceso a las viviendas. Evidentemente, hay muchas variables en cuanto a soluciones hechas en base de esta tecnolog\u00eda que heredamos de los romanos. Me refiero a la formaci\u00f3n de \u00abpechinas\u00bb y otros \u00abmovimientos\u00bb para evitar aristas, etc.<\/p>\n\n\n\n<p>Centr\u00e9monos en este tramo ascendente B-A (fig. 4). Tiene dos radios de curvatura, el superior, anexo al rellano, R1 = 1,55 m y el de la losa ascendente R2 = 9,41 m. Observamos el diagrama de momentos.&nbsp;Hay un sector con momentos negativos y otro con momentos positivos. El m\u00e1s desfavorable corresponde a un punto del tramo de radio R2, es decir, el de menos curvatura.<\/p>\n\n\n\n<figure class=\"wp-block-image alignnone size-full wp-image-35313\"><img decoding=\"async\" src=\"https:\/\/aceweb.cat\/wp-content\/uploads\/2022\/03\/ACE-Fig04-Boveda-catalana.jpg\" alt=\"ACE. Escaleras con b\u00f3veda catalana\" class=\"wp-image-35313\"\/><figcaption class=\"wp-element-caption\">Figura 4.<\/figcaption><\/figure>\n\n\n\n<p>La secci\u00f3n de la b\u00f3veda es la \u00abt\u00edpica\u00bb, a base de tres capas de ladrillo macizo de 20 mm de grueso. Aqu\u00ed en Catalu\u00f1a se conoce como \u00abvolta de ma\u00f3 de pla\u00bb, de tres gruesos (figs. 5 y 6).<\/p>\n\n\n\n<figure class=\"wp-block-image alignnone wp-image-35322 size-full\"><img decoding=\"async\" src=\"https:\/\/aceweb.cat\/wp-content\/uploads\/2022\/03\/ACE-Fig05-Boveda-catalana.jpg\" alt=\"ACE. Escaleras con b\u00f3veda catalana\" class=\"wp-image-35322\"\/><figcaption class=\"wp-element-caption\">Figura 5.<\/figcaption><\/figure>\n\n\n\n<figure class=\"wp-block-image alignnone size-full wp-image-35325\"><img decoding=\"async\" src=\"https:\/\/aceweb.cat\/wp-content\/uploads\/2022\/03\/ACE-Fig06-Boveda-catalana.jpg\" alt=\"ACE. Escaleras con b\u00f3veda catalana\" class=\"wp-image-35325\"\/><figcaption class=\"wp-element-caption\">Figura 6.<\/figcaption><\/figure>\n\n\n\n<p>Como se sabe, la t\u00e9cnica de los alba\u00f1iles evitaba la necesidad de emplear andamios. Tomaban la primera capa con pasta de yeso, disponiendo los ladrillos a rompe junta, siguiendo el replanteo de la curva que hab\u00edan replanteado en la pared, ayud\u00e1ndose de una muestra de yeso que les serv\u00eda para situar el primer ladrillo pegado a la pared. Las otras dos capas las acostumbraban a tomar con mortero de cal, encima de la capa inferior, y siempre a rompe junta en los dos sentidos para que todo ello quedara muy trabado. La secci\u00f3n acostumbraba a tener un grueso de 8 cm y la anchura, en funci\u00f3n de lo previsto en proyecto. En el supuesto que proponemos, de 90 cm.<\/p>\n\n\n\n<p>Observamos tambi\u00e9n el estado de cargas: las cargas muertas (G = 0,35 T\/m) son el 66 % de las cargas totales (Q = 0,18 T\/m). Esto quiere decir, que cuando el alba\u00f1il hac\u00eda la escalera y acababa los pelda\u00f1os, la b\u00f3veda ten\u00eda la carga permanente suficiente como para verificar que la obra hab\u00eda sido bien resuelta. Si no hubiera sido as\u00ed, la b\u00f3veda se habr\u00eda resquebrajado casi inmediatamente, agriet\u00e1ndose por la parte m\u00e1s d\u00e9bil y\/o m\u00e1s tensionada.<\/p>\n\n\n\n<p>Volvemos a hacer los \u00abn\u00fameros\u00bb que hemos hecho antes considerando el arco rebajado, para ver c\u00f3mo van las \u00abtensiones\u00bb en nuestra b\u00f3veda a la catalana.<\/p>\n\n\n\n<p>M\u00f3dulo resistente el\u00e1stico de la secci\u00f3n:<\/p>\n\n\n\n<figure class=\"wp-block-image\"><img decoding=\"async\" src=\"https:\/\/aceweb.cat\/wp-content\/uploads\/2022\/03\/ACE-For06-Boveda-catalana.jpg\" alt=\"ACE. Escaleras con b\u00f3veda catalana\" class=\"wp-image-35316\"\/><\/figure>\n\n\n\n<p>Momento flector m\u00e1ximo: M<sub>d<\/sub> = +0,13 mT<\/p>\n\n\n\n<p>Axial: N<sub>d<\/sub> = -3,36 T<\/p>\n\n\n\n<p>Tensiones (de c\u00e1lculo):<\/p>\n\n\n\n<figure class=\"wp-block-image\"><img decoding=\"async\" src=\"https:\/\/aceweb.cat\/wp-content\/uploads\/2022\/03\/ACE-For07-Boveda-catalana.jpg\" alt=\"ACE. Escaleras con b\u00f3veda catalana\" class=\"wp-image-35319\"\/><\/figure>\n\n\n\n<p>Operando, llegamos a la conclusi\u00f3n que la fibra m\u00e1s comprimida (en este caso, superior de la b\u00f3veda) est\u00e1 trabajando a una tensi\u00f3n en principio asumible por la f\u00e1brica: \u03c3<sub>d.sup<\/sub> = -18,21 K\/cm<sup>2<\/sup>, una compresi\u00f3n \u00abrazonable\u00bb. Pero la fibra inferior, est\u00e1 trabajando a una tracci\u00f3n de c\u00e1lculo notable: \u03c3<sub>d.inf<\/sub> = +8,88 K\/cm<sup>2<\/sup>. En esta situaci\u00f3n, a primer vistazo, tendr\u00edamos que decir que esta b\u00f3veda no aguanta, que con esta tensi\u00f3n a tracci\u00f3n seguro que la f\u00e1brica de ladrillo se agrietar\u00eda. Pues bien, si esto fuera as\u00ed, la mayor\u00eda de b\u00f3vedas de nuestras escaleras se habr\u00edan venido abajo ya a estas alturas. Ni existir\u00edan. Pero todos sabemos que esto no es as\u00ed. Incluso se han hecho pruebas de carga para ver hasta qu\u00e9 punto aguantaban, a base de muchas capas de sacos de arena, y las b\u00f3vedas se segu\u00edan aguantando.<\/p>\n\n\n\n<p>Fij\u00e9monos ahora en el tramo del rellano, D-A (fig. 7) de un solo radio de curvatura (R = 9,16 m). Haciendo los mismos \u00abn\u00fameros\u00bb que hemos hecho antes, ver\u00edamos que la secci\u00f3n m\u00e1s desfavorable es la zona central, con un momento positivo M<sub>d<\/sub> = +0,58 mT, y un esfuerzo normal de N<sub>d<\/sub> = -12,70 T. La secci\u00f3n es de 100 x 8 cm<sup>2<\/sup>, y el m\u00f3dulo resistente el\u00e1stico, W<sub>x<\/sub> = 1.067 cm<sup>3<\/sup>. La fibra m\u00e1s comprimida es la superior y tiene una tensi\u00f3n \u03c3<sub>d.sup<\/sub> = -70,28 K\/cm<sup>2<\/sup>, y una tensi\u00f3n de tracci\u00f3n en la fibra menos comprimida, la inferior \u03c3<sub>d.inf<\/sub> = +38,48 K\/cm<sup>2<\/sup>. Evidentemente, esta losa del rellano, con estas tensiones, se habr\u00eda agrietado por el medio marcando la fisura en toda la secci\u00f3n. Pero aun as\u00ed, posiblemente la losa seguir\u00eda aguant\u00e1ndose. Lo iremos viendo.<\/p>\n\n\n\n<p>Suponemos, pues, que nuestra b\u00f3veda efectivamente marca una grieta. Llegamos a la conclusi\u00f3n que lo que hab\u00eda sido un \u00absistema lineal\u00bb, ha formado en su punto de m\u00e1xima tensi\u00f3n una r\u00f3tula (pl\u00e1stica), que ha originado una nueva distribuci\u00f3n de solicitaciones (momentos axiales) en el sistema. Como si fueran dos \u00abvigas\u00bb que en los extremos, se apoyan a las paredes, y una en la otra en medio del rellano. Esta \u00abr\u00f3tula\u00bb y punto de apoyo, tendr\u00eda que absorber y asumir el \u00abnuevo\u00bb esfuerzo normal y el cortante, pero ya no absorber ning\u00fan momento flector, porque el momento en este punto ser\u00eda \u00abcero\u00bb como corresponde a un apoyo articulado. Se puede ver la nueva distribuci\u00f3n de momentos en la figura 7.<\/p>\n\n\n\n<figure class=\"wp-block-image alignnone size-full wp-image-35328\"><img decoding=\"async\" src=\"https:\/\/aceweb.cat\/wp-content\/uploads\/2022\/03\/ACE-Fig07-Boveda-catalana.jpg\" alt=\"ACE. Escaleras con b\u00f3veda catalana\" class=\"wp-image-35328\"\/><figcaption class=\"wp-element-caption\">Figura 7. Redistribuci\u00f3n de solicitaciones de b\u00f3veda en el tramo A-D.<\/figcaption><\/figure>\n\n\n\n<p>Concretamente, el esfuerzo axial en el punto en que se habr\u00eda formado la r\u00f3tula (grieta) ser\u00eda de N<sub>d<\/sub> = -19,08 T. Dado que la grieta se habr\u00eda formado en toda la secci\u00f3n, podr\u00edamos considerar que toda ella absorber\u00eda la solicitaci\u00f3n axial, y que por lo tanto la tensi\u00f3n (unitaria) ser\u00eda:<\/p>\n\n\n\n<figure class=\"wp-block-image\"><img decoding=\"async\" src=\"https:\/\/aceweb.cat\/wp-content\/uploads\/2022\/03\/ACE-For08-Boveda-catalana.jpg\" alt=\"ACE. Escaleras con b\u00f3veda catalana\" class=\"wp-image-35331\"\/><\/figure>\n\n\n\n<p>una tensi\u00f3n asumible por la f\u00e1brica a compresi\u00f3n, raz\u00f3n por la cual, esta b\u00f3veda con una grieta transversal \u00abtodav\u00eda\u00bb se aguantar\u00eda. Si no fuera as\u00ed, lo m\u00e1s probable es que, al cabo de poco tiempo de su construcci\u00f3n, se habr\u00eda venido abajo. En todo caso, si todav\u00eda nos la encontr\u00e1bamos \u00aben servicio\u00bb en alguna revisi\u00f3n t\u00e9cnica, habr\u00eda que seguir verificando las tensiones de las secciones m\u00e1s desfavorables en este nuevo estado estructural \u00abno lineal\u00bb.<\/p>\n\n\n\n<p>Supongamos que otra secci\u00f3n de la misma b\u00f3veda tambi\u00e9n se fracturara. Tendr\u00edamos en conjunto un elemento no lineal con dos r\u00f3tulas, siempre y cuando las tensiones fueran asumibles por la secci\u00f3n de f\u00e1brica. Todav\u00eda podr\u00eda ser estable si las tensiones no fueran excesivas. Si se produjera una nueva \u00abr\u00f3tula\u00bb entonces el sistema ser\u00eda un \u00abmecanismo\u00bb y resultar\u00eda totalmente inestable: se derrumbar\u00eda seguro (o se habr\u00eda derrumbado ya). Desarrollar ahora este punto nos llevar\u00eda mucho m\u00e1s all\u00e1 del art\u00edculo. Hay que tener presente pues este aspecto como criterio t\u00e9cnico, si alguna vez tenemos que hacer alg\u00fan estudio de elementos en arco o b\u00f3veda agrietados para evitar falsas alarmas. Hay que pensar que la mayor\u00eda de estas grietas se han producido mucho tiempo atr\u00e1s y que la escalera o la b\u00f3veda todav\u00eda se aguanta.<\/p>\n\n\n\n<p>En lo que se refiere a este rellano, el tramo D- A de la escalera, se habr\u00eda resuelto mejor en su d\u00eda, con \u00abvolta de pla de 4 gruixos\u00bb en lugar de tres, y por lo tanto un grueso total de secci\u00f3n de once cent\u00edmetros en vez de ocho. Entonces el m\u00f3dulo resistente el\u00e1stico de la secci\u00f3n se habr\u00eda incrementado casi el doble, W<sub>x<\/sub> = 2.017 cm<sup>3<\/sup>, y en consecuencia, las tensiones m\u00e1ximas habr\u00edan sido \u03c3<sub>d.sup<\/sub> = -40,32 K\/cm<sup>2<\/sup> y \u03c3<sub>d.inf<\/sub> = +17,20 K\/cm<sup>2<\/sup>. Muy probablemente, no habr\u00edamos visto ninguna grieta a pesar de que las tensiones fueran importantes. Si nosotros en su d\u00eda, hubi\u00e9ramos tenido que dimensionar este arco, habr\u00edamos estudiado mejor el radio de curvatura y el grueso de la secci\u00f3n antes de hacer la obra.<\/p>\n\n\n\n<p>Los resultados del conjunto de los tramos de la escalera se resumen en la tabla 1. Podemos constatar las diversas tensiones (de c\u00e1lculo), tanto a tracci\u00f3n (positivas) como compresi\u00f3n (negativas), y constatar que las tracciones en la columna de \u00abfibra menos comprimida\u00bb no se pueden despreciar. M\u00e1s adelante retomaremos el tema para ver c\u00f3mo nos situar\u00edamos en cuanto a la seguridad del sistema, tal y como se puede ver en las columnas de la tabla (\u03b3<sub>f<\/sub>) considerando por separado las fibras extremas de cada secci\u00f3n.<\/p>\n\n\n\n<figure class=\"wp-block-image alignnone size-full wp-image-35334\"><img decoding=\"async\" src=\"https:\/\/aceweb.cat\/wp-content\/uploads\/2022\/03\/ACE-Tab01-Boveda-catalana.jpg\" alt=\"ACE. Escaleras con b\u00f3veda catalana\" class=\"wp-image-35334\"\/><figcaption class=\"wp-element-caption\">Tabla 1. Escala tipo. B\u00f3veda a la catalana.<\/figcaption><\/figure>\n\n\n\n<h3 class=\"wp-block-heading\"><span style=\"color: #c3002f;\"><strong>3. C\u00d3MO TRABAJA LA F\u00c1BRICA CER\u00c1MICA A TRACCI\u00d3N<\/strong><\/span><\/h3>\n\n\n\n<p>Hemos visto pues, que un arco carpanel y unas b\u00f3vedas de escalera, tienen tramos solicitados por esfuerzos de tracci\u00f3n. Y aqu\u00ed nos tenemos que preguntar c\u00f3mo trabaja la f\u00e1brica cer\u00e1mica a tracci\u00f3n.<\/p>\n\n\n\n<p>Como dec\u00eda antes, esta es la pregunta del mill\u00f3n. El CTE-SE-F 4.6.4 contempla solo dos hip\u00f3tesis en cuanto a las tracciones originadas por la flexi\u00f3n que act\u00faa en las paredes de f\u00e1brica seg\u00fan el plano de rotura sea paralelo a los tendeles, o bien perpendicular (fig. 8). Es decir, cuando aparecen grietas horizontales o verticales causadas por una tracci\u00f3n debido a alg\u00fan momento flector, normalmente por pandeo debido a deformaciones estructurales o tambi\u00e9n por el viento. En la tabla 4.6, seg\u00fan los tipos de mortero y de piezas cer\u00e1micas o de hormig\u00f3n, el CTE propone unos valores caracter\u00edsticos concretos comprendidos entre f<sub>k<\/sub> = 0,05 N\/mm<sup>2<\/sup>, hasta f<sub>k<\/sub> = 0,4 N\/mm<sup>2<\/sup>, en funci\u00f3n de la calidad de los materiales.<\/p>\n\n\n\n<figure class=\"wp-block-image alignnone size-full wp-image-35337\"><img decoding=\"async\" src=\"https:\/\/aceweb.cat\/wp-content\/uploads\/2022\/03\/ACE-Fig08-Boveda-catalana.jpg\" alt=\"ACE. Escaleras con b\u00f3veda catalana\" class=\"wp-image-35337\"\/><figcaption class=\"wp-element-caption\">Figura 8. Obra de f\u00e1brica. Situaciones que contempla el CTE-SE-F.<\/figcaption><\/figure>\n\n\n\n<p>A finales del a\u00f1o 2006 se public\u00f3 un art\u00edculo que resum\u00eda y segu\u00eda trabajando en la l\u00ednea de la tesis doctoral (2004) del Dr. E. Reyes de la UPM. El art\u00edculo est\u00e1 firmado por el susodicho ingeniero y otros profesores de la UPM y de la U. de Castilla. Se titula \u00abEstudio experimental de la fisura de la f\u00e1brica de ladrillo bajo solicitaciones de tracci\u00f3n y cortante en modelos reducidos\u00bb. En la figura 9 se puede ver en esquema, el tipo de probetas a partir de las cuales se hizo la campa\u00f1a de ensayos. Todo se estudi\u00f3 a escala respecto a las dimensiones de la obra de f\u00e1brica real, lo cual los permiti\u00f3 trabajar en \u00f3ptimas condiciones de laboratorio y disponer de una buena \u00abpoblaci\u00f3n\u00bb para analizar, desde el punto de vista estad\u00edstico, el comportamiento de la f\u00e1brica.<\/p>\n\n\n\n<figure class=\"wp-block-image alignnone size-full wp-image-35341\"><img decoding=\"async\" src=\"https:\/\/aceweb.cat\/wp-content\/uploads\/2022\/03\/ACE-Fig09-Boveda-catalana.jpg\" alt=\"ACE. Escaleras con b\u00f3veda catalana\" class=\"wp-image-35341\"\/><figcaption class=\"wp-element-caption\">Figura 9. Obra de f\u00e1brica. Ensayo de corte y tracci\u00f3n.<\/figcaption><\/figure>\n\n\n\n<p>Lo que se pudo verificar es c\u00f3mo trabaja la obra de f\u00e1brica a tracci\u00f3n y a cortante (ahora este aspecto nos interesa menos) seg\u00fan varios grados de inclinaci\u00f3n de los tendeles de la f\u00e1brica: 0\u00ba, 30\u00ba, 45\u00ba, 60\u00ba y 90\u00ba, y tambi\u00e9n el m\u00f3dulo el\u00e1stico (tangencial) correspondiente en cada caso. Los resultados quiz\u00e1s eran de esperar pero en todo caso no dejan de ser sorprendentes. Resulta que la f\u00e1brica de cer\u00e1mica trabaja a tracci\u00f3n mucho mejor de lo que cabr\u00eda esperar y por supuesto de lo que \u00abse dec\u00eda\u00bb. La prueba es que nuestras b\u00f3vedas de escalera a la catalana se aguantan la mar de bien soportando unas tensiones de tracci\u00f3n m\u00e1s que notables en muchos casos. Recomiendo la lectura del susodicho art\u00edculo. Adjunto aqu\u00ed la tabla resumen del trabajo de investigaci\u00f3n (tabla 2).<\/p>\n\n\n\n<figure class=\"wp-block-image alignnone size-full wp-image-35344\"><img decoding=\"async\" src=\"https:\/\/aceweb.cat\/wp-content\/uploads\/2022\/03\/ACE-Tab02-Boveda-catalana.jpg\" alt=\"ACE. Escaleras con b\u00f3veda catalana\" class=\"wp-image-35344\"\/><figcaption class=\"wp-element-caption\">Tabla 2. Propiedades mec\u00e1nicas de la f\u00e1brica.<\/figcaption><\/figure>\n\n\n\n<p>Fij\u00e9monos que si la obra de f\u00e1brica se considera de tendel \u00abhorizontal\u00bb (estamos en el caso de la \u00abvolta de pla de tres gruixos\u00bb que conforma la mayor\u00eda de b\u00f3vedas a la catalana de las escaleras de nuestros edificios de viviendas de principios de siglo XX) la tensi\u00f3n de rotura a tracci\u00f3n es de \u03c3<sub>t<\/sub> = 5,8 N\/mm<sup>2<\/sup>. En cambio, si se trata de un elemento, sea una b\u00f3veda o arco pero a librillo o sardinel, estamos en el supuesto que se considera de tendel \u00abvertical\u00bb, entonces la tensi\u00f3n de rotura es solo de \u03c3<sub>t<\/sub> = 2,4 N\/mm<sup>2<\/sup>.<\/p>\n\n\n\n<p>Los autores del art\u00edculo, en las conclusiones, constatan \u00abla fuerte dependencia que tienen las propiedades mec\u00e1nicas de la f\u00e1brica en funci\u00f3n de la orientaci\u00f3n de los tendeles, que act\u00faan como plano de debilidad\u00bb y tambi\u00e9n que \u00ablos resultados experimentados de rotura de f\u00e1brica bajo solicitaciones de tracci\u00f3n y cortante, muestran una reducida dispersi\u00f3n experimental\u00bb. Tambi\u00e9n comentan que \u00abser\u00eda muy conveniente comparar los resultados de los ensayos de rotura&#8230; a escala&#8230; con ensayos a escala real, cosa que no es posible por carencia de literatura\u00bb.<\/p>\n\n\n\n<h3 class=\"wp-block-heading\"><span style=\"color: #c3002f;\"><strong>4. SEGURIDAD ESTRUCTURAL<\/strong><\/span><\/h3>\n\n\n\n<h3 class=\"wp-block-heading\"><span style=\"color: #c3002f;\"><strong>4.1. Criterio probabilista<\/strong><\/span><\/h3>\n\n\n\n<p>A la hora de evaluar la seguridad estructural en los estudios sobre edificios existentes, el problema que se nos plantea es que nos tenemos que mover en el \u00e1mbito probabilista y por lo tanto tenemos que aplicar coeficientes parciales (\u03b3<sub>M<\/sub>) sobre los valores caracter\u00edsticos de los materiales, pero estos coeficientes parciales no est\u00e1n definidos en la normativa (ni son f\u00e1ciles de definir). Efectivamente, el CTE contempla la fase de proyecto pero no la fase de rehabilitaci\u00f3n o de revisi\u00f3n t\u00e9cnica. Y \u00bfqu\u00e9 diferencia hay entre la fase de proyecto y la fase de edificio existente? Que los niveles de incertidumbre son muy diferentes. Cuando se proyecta un edificio la incertidumbre que se quiere asegurar con los coeficientes parciales hace referencia b\u00e1sicamente a la bondad y calidad de los materiales y a la bondad de la ejecuci\u00f3n y puesta en obra. En cambio, en un edificio existente, estas incertidumbres no existen, porque la obra o el elemento estructural est\u00e1 ah\u00ed y en principio \u00abse aguanta\u00bb aunque se observen patolog\u00edas. Y, en cuanto a la seguridad respecto a las acciones, si \u00abse aguanta\u00bb, al menos le tendr\u00edamos que atribuir el coeficiente \u03b3<sub>f<\/sub> = 1.<\/p>\n\n\n\n<h3 class=\"wp-block-heading\"><span style=\"color: #c3002f;\"><strong>4.2. Resistencia a compresi\u00f3n<\/strong><\/span><\/h3>\n\n\n\n<p>En lo referente a la obra de f\u00e1brica, el CTE-F, cuando concreta el valor caracter\u00edstico de resistencia a compresi\u00f3n contempla la acci\u00f3n de la fuerza en sentido perpendicular a los tendeles en funci\u00f3n del tipo de pieza (f<sub>b<\/sub>), del mortero (f<sub>m<\/sub>) y de las condiciones de ejecuci\u00f3n (A, B, C). El Anejo C concreta las bases de c\u00e1lculo que permiten llegar a los resultados de la Tabla 4.4. En su punto 4.6.2.3 dice \u00abcuando la solicitaci\u00f3n sea paralela a los tendeles (caso de las b\u00f3vedas a la catalana) la resistencia caracter\u00edstica a compresi\u00f3n, puede determinarse con el Anejo C, adoptando como resistencia normalizada a compresi\u00f3n f<sub>b<\/sub> de la pieza la correspondiente a dicha direcci\u00f3n\u00bb. Pero, dado que no dice que sea diferente a la de la direcci\u00f3n perpendicular, se supone que debe de ser la misma, a no ser que se disponga de ensayos de laboratorio al respecto que puedan justificar un valor determinado. Si aplicamos la f\u00f3rmula que propone f<sub>k<\/sub> = Kf<sub>b<\/sub><sup>0,65<\/sup> f<sub>m<\/sub><sup>0,25<\/sup>, y si consideramos que una obra de f\u00e1brica de ladrillo macizo, tomada con mortero de cal tiene los par\u00e1metros: f<sub>b<\/sub> = 10 N\/mm<sup>2<\/sup>, K = 0,60 y f<sub>m<\/sub> = 5 N\/mm<sup>2<\/sup>, entonces la resistencia caracter\u00edstica ser\u00e1: f<sub>k<\/sub> = 4,01 N\/mm<sup>2<\/sup>; o bien si&nbsp; consideramos que: f<sub>b<\/sub> = 15, K = 0,60 y f<sub>m<\/sub> = 7,5, la resistencia caracter\u00edstica a compresi\u00f3n ser\u00e1 f<sub>k<\/sub> = 5,77 N\/mm<sup>2<\/sup>. Adoptamos, a falta de m\u00e1s informaci\u00f3n, el \u00faltimo valor, con las reservas que se consideren oportunas.<\/p>\n\n\n\n<p>Supuestas las consideraciones formuladas hasta ahora, podr\u00edamos aceptar las resistencias caracter\u00edsticas que preconiza la norma, pero aplicando un coeficiente \u00abde obra existente\u00bb de valor&nbsp; inferior al que se prev\u00e9 para obras en \u00abproyecto\u00bb. Mi propuesta, tambi\u00e9n totalmente discutible, es adoptar \u03b3<sub>M<\/sub> = 1,5. Esto nos dar\u00eda una resistencia de c\u00e1lculo para obra de f\u00e1brica existente (macizo 1 mortero de cal):<\/p>\n\n\n\n<figure class=\"wp-block-image\"><img decoding=\"async\" src=\"https:\/\/aceweb.cat\/wp-content\/uploads\/2022\/03\/ACE-For09-Boveda-catalana-1.jpg\" alt=\"ACE. Escaleras con b\u00f3veda catalana\" class=\"wp-image-35350\"\/><\/figure>\n\n\n\n<h3 class=\"wp-block-heading\"><span style=\"color: #c3002f;\"><strong>4.3. Resistencia a tracci\u00f3n<\/strong><\/span><\/h3>\n\n\n\n<p>Volvamos a los arcos y las b\u00f3vedas. Considerando y aceptando como correctos los resultados de la investigaci\u00f3n hecha a la UPM y UC (resistencia de rotura a tracci\u00f3n de la f\u00e1brica seg\u00fan la direcci\u00f3n del tendel), si alguna vez nos interesara hacer alguna verificaci\u00f3n de alg\u00fan arco estructural de f\u00e1brica, o de alguna b\u00f3veda de escalera existentes por l\u00edmites \u00faltimos, tambi\u00e9n tendr\u00edamos que aplicar a estos resultados un coeficiente parcial \u03b3<sub>M<\/sub>. En cuanto a las solicitaciones de tracci\u00f3n, y teniendo en cuenta que se tratar\u00eda de una obra existente, y que los datos de que partimos, los de la investigaci\u00f3n, se obtuvieron trabajando con probetas hechas a escala y en condiciones de laboratorio, creo (es totalmente discutible) que ser\u00eda una buena ponderaci\u00f3n un coeficiente \u03b3<sub>M<\/sub> = 2,50. Esa ponderaci\u00f3n nos llevar\u00eda a considerar una resistencia de c\u00e1lculo a tracci\u00f3n para la f\u00e1brica de b\u00f3vedas a la catalana de:<\/p>\n\n\n\n<figure class=\"wp-block-image\"><img decoding=\"async\" src=\"https:\/\/aceweb.cat\/wp-content\/uploads\/2022\/03\/ACE-For10-Boveda-catalana.jpg\" alt=\"ACE. Escaleras con b\u00f3veda catalana\" class=\"wp-image-35353\"\/><\/figure>\n\n\n\n<h3 class=\"wp-block-heading\"><span style=\"color: #c3002f;\"><strong>4.4. Seguridad en la escalera de la figura 3<\/strong><\/span><\/h3>\n\n\n\n<p>Si miramos la tabla 1, veremos que todos los tramos tienen fibras traccionadas con tensiones que van desde 2,55 K\/cm<sup>2<\/sup> (C-B) hasta 16,17 K\/cm<sup>2<\/sup> (D-C) dejando a un lado el tramo A-D que acabamos de considerar m\u00e1s arriba. Estar\u00edamos trabajando, pues, con un coeficiente de seguridad sobre las acciones en el caso m\u00e1s desfavorable de:<\/p>\n\n\n\n<figure class=\"wp-block-image\"><img decoding=\"async\" src=\"https:\/\/aceweb.cat\/wp-content\/uploads\/2022\/03\/ACE-For11-Boveda-catalana.jpg\" alt=\"ACE. Escaleras con b\u00f3veda catalana\" class=\"wp-image-35356\"\/><\/figure>\n\n\n\n<p>Evidentemente \u00abnuestra\u00bb b\u00f3veda a la catalana no tendr\u00eda que manifestar ninguna se\u00f1al de rotura, ni fisura, ni ninguna patolog\u00eda estructural a pesar de que la secci\u00f3n m\u00e1s desfavorable estuviera sometida a esfuerzos de tracci\u00f3n importantes.<\/p>\n\n\n\n<p>Si hacemos la misma verificaci\u00f3n en el caso del arco rebajado (carpanel) (fig. 2), de que habl\u00e1bamos al empezar el art\u00edculo (recordamos que la tensi\u00f3n de c\u00e1lculo en la zona de los \u00abri\u00f1ones\u00bb era \u03c3<sub>d.sup<\/sub> = +13,11 K\/cm<sup>2<\/sup>) dado que era de f\u00e1brica a sardinel, tendr\u00edamos que considerar que la resistencia de c\u00e1lculo ser\u00eda solo de f<sub>d<\/sub> = 9,60 K\/cm<sup>2<\/sup>, y por lo tanto, el coeficiente de seguridad sobre las acciones ser\u00eda:<\/p>\n\n\n\n<figure class=\"wp-block-image\"><img decoding=\"async\" src=\"https:\/\/aceweb.cat\/wp-content\/uploads\/2022\/03\/ACE-For12-Boveda-catalana.jpg\" alt=\"ACE. Escaleras con b\u00f3veda catalana\" class=\"wp-image-35359\"\/><\/figure>\n\n\n\n<p>El coeficiente se podr\u00eda considerar insuficiente, pero la obra de f\u00e1brica probablemente no presentar\u00eda ninguna fisura (no habr\u00eda llegado al l\u00edmite de rotura). Quiz\u00e1s podr\u00edamos dar la secci\u00f3n existente por buena, siempre y cuando nos asegur\u00e1ramos muy bien del estado de cargas y quiz\u00e1s programando revisiones peri\u00f3dicas.&nbsp;Otra cosa ser\u00eda si estuvi\u00e9ramos en fase de proyecto: entonces tendr\u00edamos que incrementar el dimensionado de la secci\u00f3n para mejorar el coeficiente de seguridad. Si el arco hubiera sido hecho a base de \u00abfilades de pla\u00bb (a soga), como es el caso de las b\u00f3vedas a la catalana, con tendidos a 0\u00ba respecto al sentido de las solicitaciones de tracci\u00f3n, el coeficiente habr\u00eda sido m\u00e1s que suficiente, dado que la capacidad de trabajo de la f\u00e1brica es superior.<\/p>\n\n\n\n<figure class=\"wp-block-image\"><img decoding=\"async\" src=\"https:\/\/aceweb.cat\/wp-content\/uploads\/2022\/03\/ACE-For13-Boveda-catalana.jpg\" alt=\"ACE. Escaleras con b\u00f3veda catalana\" class=\"wp-image-35362\"\/><\/figure>\n\n\n\n<p>Parece pues, que ya tenemos respuesta para la pregunta del \u00abmill\u00f3n\u00bb que nos hac\u00edamos m\u00e1s arriba. Ahora sabemos, de una manera plausible, la raz\u00f3n del buen comportamiento de las b\u00f3vedas a la catalana, y tambi\u00e9n sabemos que no es lo mismo construir un arco de f\u00e1brica a sardinel, que un arco construido con varios gruesos de \u00abfilades de pla\u00bb (a soga), en cuanto a su capacidad resistente, si lo que consider\u00e1bamos es la tracci\u00f3n. La respuesta es clara: la f\u00e1brica de cer\u00e1mica seg\u00fan la orientaci\u00f3n de los tendeles respecto a las fuerzas de tracci\u00f3n, puede tener y de hecho tiene, una gran capacidad de resistencia. La manera de hacer las b\u00f3vedas a la catalana, con los tendeles siguiendo la direcci\u00f3n de las solicitaciones de tracci\u00f3n, hace que se optimice la posibilidad de tracci\u00f3n de la f\u00e1brica cer\u00e1mica.<\/p>\n\n\n\n<p>Adjunto un par de fotos que corresponden a unos edificios muy conocidos del arquitecto catal\u00e1n C\u00e8sar Martinell. Concretamente los grandes arcos de la Bodega Cooperativa de Gandesa (fig. 10), resuelto con f\u00e1brica \u00abde pla\u00bb de seis a diez capas de ladrillo de 4 cm de grueso, y la Bodega de Sant Cugat del Vall\u00e8s (fig. 11), resuelto a base de sardinel de secci\u00f3n m\u00ednima 30 x 45 cm, tambi\u00e9n con ladrillo de 4 cm redondeado. Dos maneras de hacer trabajar la f\u00e1brica cer\u00e1mica. La de Gandesa, m\u00e1s favorable en cuanto a resistir las tracciones.<\/p>\n\n\n\n<figure class=\"wp-block-image alignnone size-full wp-image-35365\"><img decoding=\"async\" src=\"https:\/\/aceweb.cat\/wp-content\/uploads\/2022\/03\/ACE-Fig10-Boveda-catalana.jpg\" alt=\"ACE. Escaleras con b\u00f3veda catalana\" class=\"wp-image-35365\"\/><figcaption class=\"wp-element-caption\">Figura 10.<\/figcaption><\/figure>\n\n\n\n<figure class=\"wp-block-image\"><img decoding=\"async\" src=\"https:\/\/aceweb.cat\/wp-content\/uploads\/2022\/03\/ACE-Fig11-Boveda-catalana.jpg\" alt=\"ACE. Escaleras con b\u00f3veda catalana\" class=\"wp-image-35368\"\/><\/figure>\n\n\n\n<h3 class=\"wp-block-heading\"><span style=\"color: #c3002f;\"><strong>5. PATOLOG\u00cdAS DE LAS B\u00d3VEDAS A LA CATALANA<\/strong><\/span><\/h3>\n\n\n\n<p>Pero entonces surge otra pregunta: \u00bfpor qu\u00e9 si la f\u00e1brica cer\u00e1mica \u00abde pla\u00bb de varios gruesos trabaja bastante bien a tracci\u00f3n, a veces aparecen grietas (sobre todo transversales) en la parte superior (se ven menos) o inferior en algunos tramos de b\u00f3vedas a la catalana en las escaleras? La respuesta m\u00e1s adecuada hay que buscarla en el comportamiento de las paredes que conforman la caja de las escaleras. Sea por la raz\u00f3n que sea, pueden haber cedido a causa del empuje de las b\u00f3vedas. Las b\u00f3vedas, por esta raz\u00f3n, se han abierto. Por eso muy a menudo, aparecen grietas en las paredes de las cajas de escalera y a menudo, junto a las esquinas. La situaci\u00f3n es m\u00e1s desfavorable cuanto m\u00e1s arriba del edificio nos situemos, dado que la componente de carga vertical (peso propio de la pared m\u00e1s las cargas provenientes de los forjados) va menguando a medida que vamos subiendo hacia cubierta.<\/p>\n\n\n\n<p>\u00bfC\u00f3mo afecta este desplazamiento a la b\u00f3veda de la escalera? Muy sencillo: el desplazamiento horizontal hace disminuir de repente el esfuerzo \u00abnormal\u00bb axial que compensaba las tracciones originadas por el momento flector, y en consecuencia, en las fibras extremas \u2014que ya estaban traccionadas, pero dentro de la \u00abzona de seguridad\u00bb\u2014 se incrementa significativamente la tracci\u00f3n, llegando a la tensi\u00f3n de rotura. La grieta que se origina rompe la linealidad del sistema y provoca la formaci\u00f3n de una r\u00f3tula con la consiguiente redistribuci\u00f3n de momentos hasta llegar al equilibrio del sistema otra vez, o bien a la formaci\u00f3n de una segunda r\u00f3tula, etc. como hemos explicado m\u00e1s arriba.<\/p>\n\n\n\n<p>En estos casos lo importante es localizar por donde se ha ensanchado la caja de escalera y fijar e impedir la expansi\u00f3n como sea para que el problema no se incremente hasta el colapso. Y en todo caso, modelar la estructura con las r\u00f3tulas correspondientes, conociendo la secci\u00f3n real de la b\u00f3veda, para verificar el estado tensional real y saber los niveles de seguridad de las b\u00f3vedas.&nbsp;As\u00ed pues, de nada servir\u00eda actuar sobre las b\u00f3vedas agrietadas si no se actuara sobre la causa m\u00e1s plausible: el ensanchamiento de la caja de escalera.<\/p>\n\n\n\n<p>Es posible que haya otras causas, como por ejemplo que la b\u00f3veda se haya hecho s\u00f3lo con un doblado simple, o bien que se hayan producido con el tiempo deformaciones pl\u00e1sticas que hayan incrementado el radio de curvatura sobre todo en la parte m\u00e1s \u00abplana\u00bb de la b\u00f3veda. Pero estas \u00abcausas\u00bb habr\u00edan manifestado patolog\u00edas ya a los cinco o seis a\u00f1os de la construcci\u00f3n del edificio.<\/p>\n\n\n\n<p>En alguna ocasi\u00f3n se han producido patolog\u00edas debido a la instalaci\u00f3n de ascensores en el n\u00facleo de algunas escaleras, porque se ha sujetado la estructura (met\u00e1lica) de forma chapucera en las b\u00f3vedas. Las vibraciones pueden haber producido \u00abfatiga\u00bb en los materiales, o se ha producido un nuevo estado de cargas no previsto (carga puntual), que finalmente ha originado alguna grieta en la b\u00f3veda que hab\u00eda estado \u00absana\u00bb anteriormente.<\/p>\n\n\n\n<h3 class=\"wp-block-heading\"><span style=\"color: #c3002f;\"><strong>6. REPARACI\u00d3N DE LAS B\u00d3VEDAS DE ESCALERA A LA CATALANA<\/strong><\/span><\/h3>\n\n\n\n<p>A partir de lo expuesto hasta ahora, hago la siguiente propuesta de protocolo de actuaci\u00f3n frente a posibles patolog\u00edas detectadas en las b\u00f3vedas a la catalana de las escaleras.<\/p>\n\n\n\n<ul class=\"wp-block-list\">\n<li>De entrada, hay que evitar alarmas innecesarias antes de haber hecho los \u00abn\u00fameros\u00bb pertinentes, y por eso hay que contar con la colaboraci\u00f3n de alg\u00fan consultor de estructuras con experiencia y conocimientos adecuados al caso.<\/li>\n\n\n\n<li>Hace falta modelar la b\u00f3veda de la escalera maltrecha, para poder disponer de las solicitaciones (momentos, axiales y cortantes). Una vez calculadas, considerando que cada grieta transversal equivale a una r\u00f3tula pl\u00e1stica, dentro del sistema lineal (que pierde su linealidad precisamente al formarse estas r\u00f3tulas).<br>&#8211; A partir de estos datos, a sabiendas de la secci\u00f3n resistente de la b\u00f3veda de la escalera (capas, gruesos), se puede proceder a calcular las tensiones de las secciones m\u00e1s desfavorables.<br>&#8211; Verificar que en un mismo tramo no se produzca un \u00abmecanismo\u00bb: m\u00e1s de dos \u00abr\u00f3tulas\u00bb pl\u00e1sticas. Si hay mecanismo, el elemento es inestable. Se tendr\u00eda que apear y\/o sustituir.<br>&#8211; Comprobar anal\u00edticamente el esfuerzo a compresi\u00f3n que est\u00e1 absorbiendo la secci\u00f3n superior\/inferior (de la f\u00e1brica de la b\u00f3veda) no fisurada (normalmente la mitad del grueso de la secci\u00f3n de las capas de ladrillos que forman la b\u00f3veda cuando la grieta aparece solo en una cara). tendr\u00eda que ser inferior a la resistencia caracter\u00edstica f<sub>k<\/sub> (seg\u00fan CtE-SE-F y Anejo C) teniendo en cuenta el sentido de trabajo del esfuerzo axial, paralelo a los tendeles. Se podr\u00eda considerar como plausible, una tensi\u00f3n caracter\u00edstica de compresi\u00f3n \u03c3<sub>k<\/sub> \u2264 5,77 N\/mm<sup>2<\/sup>.<\/li>\n\n\n\n<li>Coser todas las grietas de las paredes que marquen el desplazamiento de los paramentos de la caja de escalera.<\/li>\n\n\n\n<li>Hay que conseguir detener cualquier movimiento \u00abde expansi\u00f3n\u00bb del recinto de la escalera que soporta los esfuerzos axiales desde los puntos de apoyo de las b\u00f3vedas.<br>\u2212 La mayor\u00eda de grietas se producen por movimientos de desplazamiento en sentido horizontal de los elementos de contenci\u00f3n.<br>\u2212 Atenci\u00f3n especial a los tramos superiores de la caja de escalera, donde el esfuerzo axial (normal) en las paredes es inferior y por lo tanto la resultante de la descomposici\u00f3n de fuerzas ocasionada por el empuje horizontal de las b\u00f3vedas tiene una componente transversal relativa a la vertical m\u00e1s importante.<br>\u2212 Hay que verificar que el desplazamiento de las paredes que se han roto, no haya sido causado por la eliminaci\u00f3n de otras paredes o tabiques (obras de \u00abreforma\u00bb en las viviendas o dependencias anejas a la caja de escalera) que hab\u00edan hecho de contenci\u00f3n o contrafuerte en las susodichas paredes.<\/li>\n\n\n\n<li>El cosido de las grietas de las paredes se tiene que hacer a ambos lados de la grieta y a \u00abtresbolillo\u00bb para no concentrar esfuerzos en la misma l\u00ednea del paramento. La pata de anclaje, como m\u00ednimo a 35 cm de la grieta, y con una separaci\u00f3n entre 30 y 40 cm, asegurando un cosido correcto y eficaz de las grietas de \u00e1ngulo o esquina.<\/li>\n\n\n\n<li>Las grapas, para ir bien, tienen que ser de \u00d8 \u2264 10 mm, de acero corrugado galvanizado, teniendo en cuenta el radio de curvatura m\u00ednimo para doblar las patas (R \u2265 2.5 \u00d8).<\/li>\n\n\n\n<li>Las grapas se tienen que empotrar a la pared, de forma que haya un recubrimiento de unos 2 cm y que el enyesado no est\u00e9 en contacto con la grapa met\u00e1lica. La longitud de las patas tendr\u00edan que ser como m\u00ednimo de 8 cm.<\/li>\n\n\n\n<li>Las patas de las grapas se pueden tomar con lechada de cemento ligeramente expansivo del mismo tipo que el que se describe m\u00e1s abajo para hacer las inyecciones.<\/li>\n\n\n\n<li>Mejor no emplear resinas porque pueden ser excesivamente resistentes y se pueden adherir insuficientemente en la f\u00e1brica de ladrillo macizo. Hay que recordar que las resinas de inyecci\u00f3n no se adhieren al acero galvanizado, por lo tanto, las barras trabajan bien si hay corruguas, no si el acero es liso.<\/li>\n\n\n\n<li>Replantear las grietas que aparecen debajo de la losa, en la parte superior (pelda\u00f1eado o rellano) para poder situar las perforaciones que se tendr\u00e1 que hacer (fig. 12).\n<\/li>\n<\/ul>\n\n\n\n<figure class=\"wp-block-image alignnone size-full wp-image-35371\"><img decoding=\"async\" src=\"https:\/\/aceweb.cat\/wp-content\/uploads\/2022\/03\/ACE-Fig12-Boveda-catalana.jpg\" alt=\"ACE. Escaleras con b\u00f3veda catalana\" class=\"wp-image-35371\"\/><figcaption class=\"wp-element-caption\">Figura 12. Tratamiento de grieta. Mejora de la secci\u00f3n comprimida.<\/figcaption><\/figure>\n\n\n\n<li>Decapar el escayolado inferior de la b\u00f3veda en una zona suficientemente ancha a ambos lados de la grieta. Limpiar en\u00e9rgicamente para eliminar el yeso, el polvo, las part\u00edculas sueltas, de forma que la f\u00e1brica presente una superficie limpia y firme.<\/li>\n\n\n\n<li>Adherir con resina el tejido FRP (podr\u00eda ser de fibra de carbono u otras fibras adecuadas) directamente a la f\u00e1brica, a ambos lados de la grieta, en una anchura generosa. Tanto la resina como la tela FRP, tienen que ser suministradas por el mismo fabricante, que es el \u00fanico que puede garantizar la adecuaci\u00f3n del conjunto.<br>\u2212 Esta fibra solo tiene por finalidad, absorber posibles tracciones posteriores a la formaci\u00f3n de la grieta y por lo tanto de la \u00abr\u00f3tula\u00bb, si se produjera alg\u00fan desplazamiento ulterior. Al mismo tiempo, sirve de sellado inferior para la posterior inyecci\u00f3n que se har\u00e1 desde encima de los pelda\u00f1os.<br>\u2212 Esta actuaci\u00f3n no elimina la r\u00f3tula ni hace volver la b\u00f3veda al estado original, dado que esta \u00abtela\u00bb no postesa la parte inferior de la b\u00f3veda.<\/li>\n\n\n\n<li>Con broca adecuada (\u00d8 \u2265 22 mm), hacer una serie de perforaciones siguiendo el trazo de la grieta hasta llegar a perforar las capas superiores de ladrillo que conforman la b\u00f3veda. Aproximadamente, cada 25\/30 cm. Con aspirador, eliminar el polvo y part\u00edculas sueltas del agujero.<\/li>\n\n\n\n<li>Inyecci\u00f3n lenta, a presi\u00f3n m\u00ednima (jeringuilla manual) de lechada de cemento ligeramente expansivo, y de mucha capacidad de penetraci\u00f3n por fisuras, grietas, etc. (tipos como el que se utiliza para inyecciones en las vainas de los postesados adherentes: por ejemplo, CableGrout de Betec). Tiene por finalidad solo mejorar la capacidad de trabajo a compresi\u00f3n de la zona que conforma la \u00abr\u00f3tula\u00bb pl\u00e1stica, que es la parte de la secci\u00f3n agrietada.<\/li>\n\n\n\n<li>Proteger la tela FRP con una capa de escayolado suficientemente gruesa. Esto puede tener alguna incidencia, aunque poca, de cara a conseguir una protecci\u00f3n al fuego (RF) suficiente, dado que las resinas pierden sus cualidades a pocos grados de temperatura (50 \u00baC).<\/li>\n\n\n\n<figure class=\"wp-block-image alignnone size-full wp-image-35374\"><img decoding=\"async\" src=\"https:\/\/aceweb.cat\/wp-content\/uploads\/2022\/03\/ACE-Fig13-Boveda-catalana.jpg\" alt=\"ACE. Escaleras con b\u00f3veda catalana\" class=\"wp-image-35374\"\/><figcaption class=\"wp-element-caption\">Figura 13.<\/figcaption><\/figure>\n\n\n\n<figure class=\"wp-block-image alignnone size-full wp-image-35377\"><img decoding=\"async\" src=\"https:\/\/aceweb.cat\/wp-content\/uploads\/2022\/03\/ACE-Fig14-Boveda-catalana.jpg\" alt=\"ACE. Escaleras con b\u00f3veda catalana\" class=\"wp-image-35377\"\/><figcaption class=\"wp-element-caption\">Figura 14.<\/figcaption><\/figure>\n\n\n\n<figure class=\"wp-block-image alignnone size-full wp-image-35380\"><img decoding=\"async\" src=\"https:\/\/aceweb.cat\/wp-content\/uploads\/2022\/03\/ACE-Fig15-Boveda-catalana.jpg\" alt=\"ACE. Escaleras con b\u00f3veda catalana\" class=\"wp-image-35380\"\/><figcaption class=\"wp-element-caption\">Figura 15.<\/figcaption><\/figure>\n\n\n\n<h3 class=\"wp-block-heading\"><span style=\"color: #c3002f;\"><strong>7. CONCLUSI\u00d3N<\/strong><\/span><\/h3>\n\n\n\n<ul class=\"wp-block-list\">\n<li>Constatamos la excelencia funcional (y est\u00e9tica) de las b\u00f3vedas a la catalana para resolver las escaleras de los edificios, por su buen comportamiento estructural tanto en cuanto a los l\u00edmites de rotura como de servicio.<\/li>\n\n\n\n<li>El enemigo de las b\u00f3vedas a la catalana en las escaleras, lo tenemos que encontrar sobre todo en el desplazamiento en sentido horizontal de las paredes de apoyo de las cajas de las escaleras. Las b\u00f3vedas a la catalana son muy sensibles a los desplazamientos de sus puntos de apoyo en las paredes.<\/li>\n\n\n\n<li>Entendemos y sabemos que la f\u00e1brica cer\u00e1mica tiene una capacidad de trabajo a tracci\u00f3n muy superior a la que se supon\u00eda hasta ahora, seg\u00fan la orientaci\u00f3n de los tendeles respecto a la fuerza de tracci\u00f3n.<\/li>\n\n\n\n<li>En este sentido, en cuanto a la capacidad de trabajo a tracci\u00f3n de la f\u00e1brica cer\u00e1mica, el CTE no contempla m\u00e1s que unos casos determinados que hay que tener en cuenta de cara a evitar patolog\u00edas recurrentes en las paredes de distribuci\u00f3n y de cierre de los edificios, normalmente no estructurales.<\/li>\n\n\n\n<li>De cara a las ITE y en general a cualquier inspecci\u00f3n t\u00e9cnica, hay que evitar alarmas innecesarias al revisar b\u00f3vedas de escalera a la catalana, antes de haber hecho un estudio esmerado de las patolog\u00edas detectadas y haber \u00abhecho n\u00fameros\u00bb, lo cual requiere la colaboraci\u00f3n de un t\u00e9cnico en estructuras experimentado.<\/li>\n\n\n\n<li>Y finalmente, he propuesto, por si ayuda, un protocolo de actuaci\u00f3n de cara a resolver las patolog\u00edas en las b\u00f3vedas a la catalana, cuando se haya podido verificar la estabilidad del sistema desde un punto de vista anal\u00edtico.<\/li>\n<\/ul>\n\n\n\n<figure class=\"wp-block-image alignnone size-full wp-image-35383\"><img decoding=\"async\" src=\"https:\/\/aceweb.cat\/wp-content\/uploads\/2022\/03\/ACE-Fig16-Boveda-catalana.jpg\" alt=\"ACE. Escaleras con b\u00f3veda catalana\" class=\"wp-image-35383\"\/><figcaption class=\"wp-element-caption\">Figura 16.<\/figcaption><\/figure>\n","protected":false},"excerpt":{"rendered":"<p>JOSEP BAQUER SISTACHArquitecto T\u00e9cnico (1972); Vicepresidente de la Associaci\u00f3 de Consultors d\u2019Estructures (ACE); Responsable de la Comisi\u00f3n de Rehabilitaci\u00f3n de la ACE; profesor en el Institut d\u2019Estudis Estructurals (IEE).Estudi\u00f3 Humanidades y Filosof\u00eda y es licenciado en Teolog\u00eda: profesor en la Universitat Ramon Llull (URL).Autor de diversos art\u00edculos y publicaciones t\u00e9cnicas. Responsable del departamento de estructuras &hellip;<\/p>\n<p class=\"read-more\"> <a class=\"\" href=\"https:\/\/aceweb.cat\/es\/articulos-destacados\/escaleras-con-boveda-a-la-catalana\/\"> <span class=\"screen-reader-text\">Escaleras con b\u00f3veda a la catalana<\/span> Leer m\u00e1s &raquo;<\/a><\/p>\n","protected":false},"author":1,"featured_media":40505,"comment_status":"closed","ping_status":"closed","sticky":false,"template":"","format":"standard","meta":{"_acf_changed":false,"site-sidebar-layout":"default","site-content-layout":"default","ast-global-header-display":"","ast-main-header-display":"","ast-hfb-above-header-display":"","ast-hfb-below-header-display":"","ast-hfb-mobile-header-display":"","site-post-title":"","ast-breadcrumbs-content":"","ast-featured-img":"","footer-sml-layout":"","theme-transparent-header-meta":"","adv-header-id-meta":"","stick-header-meta":"","header-above-stick-meta":"","header-main-stick-meta":"","header-below-stick-meta":"","footnotes":""},"categories":[1431],"tags":[],"class_list":["post-40378","post","type-post","status-publish","format-standard","has-post-thumbnail","hentry","category-articulos-destacados"],"acf":[],"yoast_head":"<!-- This site is optimized with the Yoast SEO plugin v27.1.1 - https:\/\/yoast.com\/product\/yoast-seo-wordpress\/ -->\n<title>Escaleras con b\u00f3veda a la catalana | ACE<\/title>\n<meta name=\"robots\" content=\"index, follow, max-snippet:-1, max-image-preview:large, max-video-preview:-1\" \/>\n<link rel=\"canonical\" href=\"https:\/\/aceweb.cat\/es\/articulos-destacados\/escaleras-con-boveda-a-la-catalana\/\" \/>\n<meta property=\"og:locale\" content=\"es_ES\" \/>\n<meta property=\"og:type\" content=\"article\" \/>\n<meta property=\"og:title\" content=\"Escaleras con b\u00f3veda a la catalana | ACE\" \/>\n<meta property=\"og:description\" content=\"JOSEP BAQUER SISTACHArquitecto T\u00e9cnico (1972); Vicepresidente de la Associaci\u00f3 de Consultors d\u2019Estructures (ACE); Responsable de la Comisi\u00f3n de Rehabilitaci\u00f3n de la ACE; profesor en el Institut d\u2019Estudis Estructurals (IEE).Estudi\u00f3 Humanidades y Filosof\u00eda y es licenciado en Teolog\u00eda: profesor en la Universitat Ramon Llull (URL).Autor de diversos art\u00edculos y publicaciones t\u00e9cnicas. Responsable del departamento de estructuras &hellip; Escaleras con b\u00f3veda a la catalana Leer m\u00e1s &raquo;\" \/>\n<meta property=\"og:url\" content=\"https:\/\/aceweb.cat\/es\/articulos-destacados\/escaleras-con-boveda-a-la-catalana\/\" \/>\n<meta property=\"og:site_name\" content=\"aceweb.cat\" \/>\n<meta property=\"article:published_time\" content=\"2022-03-14T08:18:54+00:00\" \/>\n<meta property=\"article:modified_time\" content=\"2023-03-17T13:44:45+00:00\" \/>\n<meta property=\"og:image\" content=\"https:\/\/aceweb.cat\/wp-content\/uploads\/2022\/03\/ACE-Fig01a-Boveda-catalana-1.jpg\" \/>\n\t<meta property=\"og:image:width\" content=\"494\" \/>\n\t<meta property=\"og:image:height\" content=\"334\" \/>\n\t<meta property=\"og:image:type\" content=\"image\/jpeg\" \/>\n<meta name=\"author\" content=\"Manel\" \/>\n<meta name=\"twitter:card\" content=\"summary_large_image\" \/>\n<meta name=\"twitter:label1\" content=\"Escrito por\" \/>\n\t<meta name=\"twitter:data1\" content=\"Manel\" \/>\n\t<meta name=\"twitter:label2\" content=\"Tiempo de lectura\" \/>\n\t<meta name=\"twitter:data2\" content=\"41 minutos\" \/>\n<script type=\"application\/ld+json\" class=\"yoast-schema-graph\">{\"@context\":\"https:\/\/schema.org\",\"@graph\":[{\"@type\":\"Article\",\"@id\":\"https:\/\/aceweb.cat\/es\/articulos-destacados\/escaleras-con-boveda-a-la-catalana\/#article\",\"isPartOf\":{\"@id\":\"https:\/\/aceweb.cat\/es\/articulos-destacados\/escaleras-con-boveda-a-la-catalana\/\"},\"author\":{\"name\":\"Manel\",\"@id\":\"https:\/\/aceweb.cat\/#\/schema\/person\/eff128d7a478831719f89cf8a1a6280c\"},\"headline\":\"Escaleras con b\u00f3veda a la catalana\",\"datePublished\":\"2022-03-14T08:18:54+00:00\",\"dateModified\":\"2023-03-17T13:44:45+00:00\",\"mainEntityOfPage\":{\"@id\":\"https:\/\/aceweb.cat\/es\/articulos-destacados\/escaleras-con-boveda-a-la-catalana\/\"},\"wordCount\":6828,\"publisher\":{\"@id\":\"https:\/\/aceweb.cat\/#organization\"},\"image\":{\"@id\":\"https:\/\/aceweb.cat\/es\/articulos-destacados\/escaleras-con-boveda-a-la-catalana\/#primaryimage\"},\"thumbnailUrl\":\"https:\/\/aceweb.cat\/wp-content\/uploads\/2022\/03\/ACE-Fig01a-Boveda-catalana-1.jpg\",\"articleSection\":[\"Art\u00edculos destacados\"],\"inLanguage\":\"es\"},{\"@type\":\"WebPage\",\"@id\":\"https:\/\/aceweb.cat\/es\/articulos-destacados\/escaleras-con-boveda-a-la-catalana\/\",\"url\":\"https:\/\/aceweb.cat\/es\/articulos-destacados\/escaleras-con-boveda-a-la-catalana\/\",\"name\":\"Escaleras con b\u00f3veda a la catalana | ACE\",\"isPartOf\":{\"@id\":\"https:\/\/aceweb.cat\/#website\"},\"primaryImageOfPage\":{\"@id\":\"https:\/\/aceweb.cat\/es\/articulos-destacados\/escaleras-con-boveda-a-la-catalana\/#primaryimage\"},\"image\":{\"@id\":\"https:\/\/aceweb.cat\/es\/articulos-destacados\/escaleras-con-boveda-a-la-catalana\/#primaryimage\"},\"thumbnailUrl\":\"https:\/\/aceweb.cat\/wp-content\/uploads\/2022\/03\/ACE-Fig01a-Boveda-catalana-1.jpg\",\"datePublished\":\"2022-03-14T08:18:54+00:00\",\"dateModified\":\"2023-03-17T13:44:45+00:00\",\"breadcrumb\":{\"@id\":\"https:\/\/aceweb.cat\/es\/articulos-destacados\/escaleras-con-boveda-a-la-catalana\/#breadcrumb\"},\"inLanguage\":\"es\",\"potentialAction\":[{\"@type\":\"ReadAction\",\"target\":[\"https:\/\/aceweb.cat\/es\/articulos-destacados\/escaleras-con-boveda-a-la-catalana\/\"]}]},{\"@type\":\"ImageObject\",\"inLanguage\":\"es\",\"@id\":\"https:\/\/aceweb.cat\/es\/articulos-destacados\/escaleras-con-boveda-a-la-catalana\/#primaryimage\",\"url\":\"https:\/\/aceweb.cat\/wp-content\/uploads\/2022\/03\/ACE-Fig01a-Boveda-catalana-1.jpg\",\"contentUrl\":\"https:\/\/aceweb.cat\/wp-content\/uploads\/2022\/03\/ACE-Fig01a-Boveda-catalana-1.jpg\",\"width\":494,\"height\":334},{\"@type\":\"BreadcrumbList\",\"@id\":\"https:\/\/aceweb.cat\/es\/articulos-destacados\/escaleras-con-boveda-a-la-catalana\/#breadcrumb\",\"itemListElement\":[{\"@type\":\"ListItem\",\"position\":1,\"name\":\"Inici\",\"item\":\"https:\/\/aceweb.cat\/\"},{\"@type\":\"ListItem\",\"position\":2,\"name\":\"Art\u00edculos destacados\",\"item\":\"https:\/\/aceweb.cat\/es\/categoria\/articulos-destacados\/\"},{\"@type\":\"ListItem\",\"position\":3,\"name\":\"Escaleras con b\u00f3veda a la catalana\"}]},{\"@type\":\"WebSite\",\"@id\":\"https:\/\/aceweb.cat\/#website\",\"url\":\"https:\/\/aceweb.cat\/\",\"name\":\"ACE\",\"description\":\"Associaci\u00f3 de Consultors d&#039;Estructures | ACE\",\"publisher\":{\"@id\":\"https:\/\/aceweb.cat\/#organization\"},\"alternateName\":\"ACE\",\"potentialAction\":[{\"@type\":\"SearchAction\",\"target\":{\"@type\":\"EntryPoint\",\"urlTemplate\":\"https:\/\/aceweb.cat\/?s={search_term_string}\"},\"query-input\":{\"@type\":\"PropertyValueSpecification\",\"valueRequired\":true,\"valueName\":\"search_term_string\"}}],\"inLanguage\":\"es\"},{\"@type\":\"Organization\",\"@id\":\"https:\/\/aceweb.cat\/#organization\",\"name\":\"ACE\",\"alternateName\":\"ACE\",\"url\":\"https:\/\/aceweb.cat\/\",\"logo\":{\"@type\":\"ImageObject\",\"inLanguage\":\"es\",\"@id\":\"https:\/\/aceweb.cat\/#\/schema\/logo\/image\/\",\"url\":\"https:\/\/aceweb.cat\/wp-content\/uploads\/2022\/10\/logo.svg\",\"contentUrl\":\"https:\/\/aceweb.cat\/wp-content\/uploads\/2022\/10\/logo.svg\",\"width\":1,\"height\":1,\"caption\":\"ACE\"},\"image\":{\"@id\":\"https:\/\/aceweb.cat\/#\/schema\/logo\/image\/\"}},{\"@type\":\"Person\",\"@id\":\"https:\/\/aceweb.cat\/#\/schema\/person\/eff128d7a478831719f89cf8a1a6280c\",\"name\":\"Manel\",\"image\":{\"@type\":\"ImageObject\",\"inLanguage\":\"es\",\"@id\":\"https:\/\/aceweb.cat\/#\/schema\/person\/image\/\",\"url\":\"https:\/\/secure.gravatar.com\/avatar\/08f10a599e1c2233dfc54578e9936eb5325ce0a03faf2072be5f50c306c7e522?s=96&d=mm&r=g\",\"contentUrl\":\"https:\/\/secure.gravatar.com\/avatar\/08f10a599e1c2233dfc54578e9936eb5325ce0a03faf2072be5f50c306c7e522?s=96&d=mm&r=g\",\"caption\":\"Manel\"},\"sameAs\":[\"https:\/\/aceweb.cat\"],\"url\":\"https:\/\/aceweb.cat\/es\/author\/a1e6ded0e0\/\"}]}<\/script>\n<!-- \/ Yoast SEO plugin. -->","yoast_head_json":{"title":"Escaleras con b\u00f3veda a la catalana | ACE","robots":{"index":"index","follow":"follow","max-snippet":"max-snippet:-1","max-image-preview":"max-image-preview:large","max-video-preview":"max-video-preview:-1"},"canonical":"https:\/\/aceweb.cat\/es\/articulos-destacados\/escaleras-con-boveda-a-la-catalana\/","og_locale":"es_ES","og_type":"article","og_title":"Escaleras con b\u00f3veda a la catalana | ACE","og_description":"JOSEP BAQUER SISTACHArquitecto T\u00e9cnico (1972); Vicepresidente de la Associaci\u00f3 de Consultors d\u2019Estructures (ACE); Responsable de la Comisi\u00f3n de Rehabilitaci\u00f3n de la ACE; profesor en el Institut d\u2019Estudis Estructurals (IEE).Estudi\u00f3 Humanidades y Filosof\u00eda y es licenciado en Teolog\u00eda: profesor en la Universitat Ramon Llull (URL).Autor de diversos art\u00edculos y publicaciones t\u00e9cnicas. Responsable del departamento de estructuras &hellip; Escaleras con b\u00f3veda a la catalana Leer m\u00e1s &raquo;","og_url":"https:\/\/aceweb.cat\/es\/articulos-destacados\/escaleras-con-boveda-a-la-catalana\/","og_site_name":"aceweb.cat","article_published_time":"2022-03-14T08:18:54+00:00","article_modified_time":"2023-03-17T13:44:45+00:00","og_image":[{"width":494,"height":334,"url":"https:\/\/aceweb.cat\/wp-content\/uploads\/2022\/03\/ACE-Fig01a-Boveda-catalana-1.jpg","type":"image\/jpeg"}],"author":"Manel","twitter_card":"summary_large_image","twitter_misc":{"Escrito por":"Manel","Tiempo de lectura":"41 minutos"},"schema":{"@context":"https:\/\/schema.org","@graph":[{"@type":"Article","@id":"https:\/\/aceweb.cat\/es\/articulos-destacados\/escaleras-con-boveda-a-la-catalana\/#article","isPartOf":{"@id":"https:\/\/aceweb.cat\/es\/articulos-destacados\/escaleras-con-boveda-a-la-catalana\/"},"author":{"name":"Manel","@id":"https:\/\/aceweb.cat\/#\/schema\/person\/eff128d7a478831719f89cf8a1a6280c"},"headline":"Escaleras con b\u00f3veda a la catalana","datePublished":"2022-03-14T08:18:54+00:00","dateModified":"2023-03-17T13:44:45+00:00","mainEntityOfPage":{"@id":"https:\/\/aceweb.cat\/es\/articulos-destacados\/escaleras-con-boveda-a-la-catalana\/"},"wordCount":6828,"publisher":{"@id":"https:\/\/aceweb.cat\/#organization"},"image":{"@id":"https:\/\/aceweb.cat\/es\/articulos-destacados\/escaleras-con-boveda-a-la-catalana\/#primaryimage"},"thumbnailUrl":"https:\/\/aceweb.cat\/wp-content\/uploads\/2022\/03\/ACE-Fig01a-Boveda-catalana-1.jpg","articleSection":["Art\u00edculos destacados"],"inLanguage":"es"},{"@type":"WebPage","@id":"https:\/\/aceweb.cat\/es\/articulos-destacados\/escaleras-con-boveda-a-la-catalana\/","url":"https:\/\/aceweb.cat\/es\/articulos-destacados\/escaleras-con-boveda-a-la-catalana\/","name":"Escaleras con b\u00f3veda a la catalana | ACE","isPartOf":{"@id":"https:\/\/aceweb.cat\/#website"},"primaryImageOfPage":{"@id":"https:\/\/aceweb.cat\/es\/articulos-destacados\/escaleras-con-boveda-a-la-catalana\/#primaryimage"},"image":{"@id":"https:\/\/aceweb.cat\/es\/articulos-destacados\/escaleras-con-boveda-a-la-catalana\/#primaryimage"},"thumbnailUrl":"https:\/\/aceweb.cat\/wp-content\/uploads\/2022\/03\/ACE-Fig01a-Boveda-catalana-1.jpg","datePublished":"2022-03-14T08:18:54+00:00","dateModified":"2023-03-17T13:44:45+00:00","breadcrumb":{"@id":"https:\/\/aceweb.cat\/es\/articulos-destacados\/escaleras-con-boveda-a-la-catalana\/#breadcrumb"},"inLanguage":"es","potentialAction":[{"@type":"ReadAction","target":["https:\/\/aceweb.cat\/es\/articulos-destacados\/escaleras-con-boveda-a-la-catalana\/"]}]},{"@type":"ImageObject","inLanguage":"es","@id":"https:\/\/aceweb.cat\/es\/articulos-destacados\/escaleras-con-boveda-a-la-catalana\/#primaryimage","url":"https:\/\/aceweb.cat\/wp-content\/uploads\/2022\/03\/ACE-Fig01a-Boveda-catalana-1.jpg","contentUrl":"https:\/\/aceweb.cat\/wp-content\/uploads\/2022\/03\/ACE-Fig01a-Boveda-catalana-1.jpg","width":494,"height":334},{"@type":"BreadcrumbList","@id":"https:\/\/aceweb.cat\/es\/articulos-destacados\/escaleras-con-boveda-a-la-catalana\/#breadcrumb","itemListElement":[{"@type":"ListItem","position":1,"name":"Inici","item":"https:\/\/aceweb.cat\/"},{"@type":"ListItem","position":2,"name":"Art\u00edculos destacados","item":"https:\/\/aceweb.cat\/es\/categoria\/articulos-destacados\/"},{"@type":"ListItem","position":3,"name":"Escaleras con b\u00f3veda a la catalana"}]},{"@type":"WebSite","@id":"https:\/\/aceweb.cat\/#website","url":"https:\/\/aceweb.cat\/","name":"ACE","description":"Associaci\u00f3 de Consultors d&#039;Estructures | ACE","publisher":{"@id":"https:\/\/aceweb.cat\/#organization"},"alternateName":"ACE","potentialAction":[{"@type":"SearchAction","target":{"@type":"EntryPoint","urlTemplate":"https:\/\/aceweb.cat\/?s={search_term_string}"},"query-input":{"@type":"PropertyValueSpecification","valueRequired":true,"valueName":"search_term_string"}}],"inLanguage":"es"},{"@type":"Organization","@id":"https:\/\/aceweb.cat\/#organization","name":"ACE","alternateName":"ACE","url":"https:\/\/aceweb.cat\/","logo":{"@type":"ImageObject","inLanguage":"es","@id":"https:\/\/aceweb.cat\/#\/schema\/logo\/image\/","url":"https:\/\/aceweb.cat\/wp-content\/uploads\/2022\/10\/logo.svg","contentUrl":"https:\/\/aceweb.cat\/wp-content\/uploads\/2022\/10\/logo.svg","width":1,"height":1,"caption":"ACE"},"image":{"@id":"https:\/\/aceweb.cat\/#\/schema\/logo\/image\/"}},{"@type":"Person","@id":"https:\/\/aceweb.cat\/#\/schema\/person\/eff128d7a478831719f89cf8a1a6280c","name":"Manel","image":{"@type":"ImageObject","inLanguage":"es","@id":"https:\/\/aceweb.cat\/#\/schema\/person\/image\/","url":"https:\/\/secure.gravatar.com\/avatar\/08f10a599e1c2233dfc54578e9936eb5325ce0a03faf2072be5f50c306c7e522?s=96&d=mm&r=g","contentUrl":"https:\/\/secure.gravatar.com\/avatar\/08f10a599e1c2233dfc54578e9936eb5325ce0a03faf2072be5f50c306c7e522?s=96&d=mm&r=g","caption":"Manel"},"sameAs":["https:\/\/aceweb.cat"],"url":"https:\/\/aceweb.cat\/es\/author\/a1e6ded0e0\/"}]}},"_links":{"self":[{"href":"https:\/\/aceweb.cat\/es\/wp-json\/wp\/v2\/posts\/40378","targetHints":{"allow":["GET"]}}],"collection":[{"href":"https:\/\/aceweb.cat\/es\/wp-json\/wp\/v2\/posts"}],"about":[{"href":"https:\/\/aceweb.cat\/es\/wp-json\/wp\/v2\/types\/post"}],"author":[{"embeddable":true,"href":"https:\/\/aceweb.cat\/es\/wp-json\/wp\/v2\/users\/1"}],"replies":[{"embeddable":true,"href":"https:\/\/aceweb.cat\/es\/wp-json\/wp\/v2\/comments?post=40378"}],"version-history":[{"count":3,"href":"https:\/\/aceweb.cat\/es\/wp-json\/wp\/v2\/posts\/40378\/revisions"}],"predecessor-version":[{"id":40508,"href":"https:\/\/aceweb.cat\/es\/wp-json\/wp\/v2\/posts\/40378\/revisions\/40508"}],"wp:featuredmedia":[{"embeddable":true,"href":"https:\/\/aceweb.cat\/es\/wp-json\/wp\/v2\/media\/40505"}],"wp:attachment":[{"href":"https:\/\/aceweb.cat\/es\/wp-json\/wp\/v2\/media?parent=40378"}],"wp:term":[{"taxonomy":"category","embeddable":true,"href":"https:\/\/aceweb.cat\/es\/wp-json\/wp\/v2\/categories?post=40378"},{"taxonomy":"post_tag","embeddable":true,"href":"https:\/\/aceweb.cat\/es\/wp-json\/wp\/v2\/tags?post=40378"}],"curies":[{"name":"wp","href":"https:\/\/api.w.org\/{rel}","templated":true}]}}