{"id":41588,"date":"2023-03-27T10:00:38","date_gmt":"2023-03-27T10:00:38","guid":{"rendered":"https:\/\/aceweb.cat\/sin-categorizar\/curso-practico-codigo-estructural-2\/"},"modified":"2023-04-03T11:22:58","modified_gmt":"2023-04-03T11:22:58","slug":"curso-practico-codigo-estructural-2","status":"publish","type":"post","link":"https:\/\/aceweb.cat\/es\/agenda\/curso-practico-codigo-estructural-2\/","title":{"rendered":"Curso pr\u00e1ctico c\u00f3digo estructural"},"content":{"rendered":"\n<p>La Associaci\u00f3 de Consultors d\u2019Estructures (ACE) ha reunido a especialistas de primer nivel con el objetivo de ofrecer un curso pr\u00e1ctico.&#13;\n&#13;\n<\/p>\n\n<h3 class=\"wp-block-heading\">Presentaci\u00f3n del curso pr\u00e1ctico C\u00f3digo Estructural<\/h3>\n\n<p>El nuevo c\u00f3digo estructural, que entr\u00f3 en vigor el 10 de noviembre de 2021, contiene importantes novedades que afectan principalmente en las estructuras de hormig\u00f3n, la durabilidad y en el concepto general del control de calidad, as\u00ed como la introducci\u00f3n de nuevos par\u00e1metros referentes a sostenibilidad, rehabilitaci\u00f3n y derribo.<\/p>\n","protected":false},"excerpt":{"rendered":"<p>La Associaci\u00f3 de Consultors d\u2019Estructures (ACE) ha reunido a especialistas de primer nivel con el objetivo de ofrecer un curso pr\u00e1ctico.&#13; &#13; Presentaci\u00f3n del curso pr\u00e1ctico C\u00f3digo Estructural El nuevo c\u00f3digo estructural, que entr\u00f3 en vigor el 10 de noviembre de 2021, contiene importantes novedades que afectan principalmente en las estructuras de hormig\u00f3n, la durabilidad &hellip;<\/p>\n<p class=\"read-more\"> <a class=\"\" href=\"https:\/\/aceweb.cat\/es\/agenda\/curso-practico-codigo-estructural-2\/\"> <span class=\"screen-reader-text\">Curso pr\u00e1ctico c\u00f3digo estructural<\/span> Leer m\u00e1s &raquo;<\/a><\/p>\n","protected":false},"author":1,"featured_media":0,"comment_status":"closed","ping_status":"closed","sticky":false,"template":"","format":"standard","meta":{"_acf_changed":false,"site-sidebar-layout":"default","site-content-layout":"default","ast-global-header-display":"","ast-main-header-display":"","ast-hfb-above-header-display":"","ast-hfb-below-header-display":"","ast-hfb-mobile-header-display":"","site-post-title":"","ast-breadcrumbs-content":"","ast-featured-img":"","footer-sml-layout":"","theme-transparent-header-meta":"","adv-header-id-meta":"","stick-header-meta":"","header-above-stick-meta":"","header-main-stick-meta":"","header-below-stick-meta":"","footnotes":""},"categories":[373],"tags":[],"class_list":["post-41588","post","type-post","status-publish","format-standard","hentry","category-agenda"],"acf":[],"yoast_head":"<!-- This site is optimized with the Yoast SEO plugin v27.1.1 - https:\/\/yoast.com\/product\/yoast-seo-wordpress\/ -->\n<title>Curso pr\u00e1ctico c\u00f3digo estructural | ACE<\/title>\n<meta name=\"robots\" content=\"index, follow, max-snippet:-1, max-image-preview:large, max-video-preview:-1\" \/>\n<link rel=\"canonical\" href=\"https:\/\/aceweb.cat\/es\/agenda\/curso-practico-codigo-estructural-2\/\" \/>\n<meta property=\"og:locale\" content=\"es_ES\" \/>\n<meta property=\"og:type\" content=\"article\" \/>\n<meta property=\"og:title\" content=\"Curso pr\u00e1ctico c\u00f3digo estructural | ACE\" \/>\n<meta property=\"og:description\" content=\"La Associaci\u00f3 de Consultors d\u2019Estructures (ACE) ha reunido a especialistas de primer nivel con el objetivo de ofrecer un curso pr\u00e1ctico.&#013; &#013; Presentaci\u00f3n del curso pr\u00e1ctico C\u00f3digo Estructural El nuevo c\u00f3digo estructural, que entr\u00f3 en vigor el 10 de noviembre de 2021, contiene importantes novedades que afectan principalmente en las estructuras de hormig\u00f3n, la durabilidad &hellip; Curso pr\u00e1ctico c\u00f3digo estructural Leer m\u00e1s &raquo;\" \/>\n<meta property=\"og:url\" content=\"https:\/\/aceweb.cat\/es\/agenda\/curso-practico-codigo-estructural-2\/\" \/>\n<meta property=\"og:site_name\" content=\"aceweb.cat\" \/>\n<meta property=\"article:published_time\" content=\"2023-03-27T10:00:38+00:00\" \/>\n<meta property=\"article:modified_time\" content=\"2023-04-03T11:22:58+00:00\" \/>\n<meta name=\"author\" content=\"Manel\" \/>\n<meta name=\"twitter:card\" content=\"summary_large_image\" \/>\n<meta name=\"twitter:label1\" content=\"Escrito por\" \/>\n\t<meta name=\"twitter:data1\" content=\"Manel\" \/>\n<script type=\"application\/ld+json\" class=\"yoast-schema-graph\">{\"@context\":\"https:\/\/schema.org\",\"@graph\":[{\"@type\":\"Article\",\"@id\":\"https:\/\/aceweb.cat\/es\/agenda\/curso-practico-codigo-estructural-2\/#article\",\"isPartOf\":{\"@id\":\"https:\/\/aceweb.cat\/es\/agenda\/curso-practico-codigo-estructural-2\/\"},\"author\":{\"name\":\"Manel\",\"@id\":\"https:\/\/aceweb.cat\/#\/schema\/person\/eff128d7a478831719f89cf8a1a6280c\"},\"headline\":\"Curso pr\u00e1ctico c\u00f3digo estructural\",\"datePublished\":\"2023-03-27T10:00:38+00:00\",\"dateModified\":\"2023-04-03T11:22:58+00:00\",\"mainEntityOfPage\":{\"@id\":\"https:\/\/aceweb.cat\/es\/agenda\/curso-practico-codigo-estructural-2\/\"},\"wordCount\":90,\"publisher\":{\"@id\":\"https:\/\/aceweb.cat\/#organization\"},\"articleSection\":[\"Agenda\"],\"inLanguage\":\"es\"},{\"@type\":\"WebPage\",\"@id\":\"https:\/\/aceweb.cat\/es\/agenda\/curso-practico-codigo-estructural-2\/\",\"url\":\"https:\/\/aceweb.cat\/es\/agenda\/curso-practico-codigo-estructural-2\/\",\"name\":\"Curso pr\u00e1ctico c\u00f3digo estructural | ACE\",\"isPartOf\":{\"@id\":\"https:\/\/aceweb.cat\/#website\"},\"datePublished\":\"2023-03-27T10:00:38+00:00\",\"dateModified\":\"2023-04-03T11:22:58+00:00\",\"breadcrumb\":{\"@id\":\"https:\/\/aceweb.cat\/es\/agenda\/curso-practico-codigo-estructural-2\/#breadcrumb\"},\"inLanguage\":\"es\",\"potentialAction\":[{\"@type\":\"ReadAction\",\"target\":[\"https:\/\/aceweb.cat\/es\/agenda\/curso-practico-codigo-estructural-2\/\"]}]},{\"@type\":\"BreadcrumbList\",\"@id\":\"https:\/\/aceweb.cat\/es\/agenda\/curso-practico-codigo-estructural-2\/#breadcrumb\",\"itemListElement\":[{\"@type\":\"ListItem\",\"position\":1,\"name\":\"Inici\",\"item\":\"https:\/\/aceweb.cat\/\"},{\"@type\":\"ListItem\",\"position\":2,\"name\":\"Agenda\",\"item\":\"https:\/\/aceweb.cat\/es\/categoria\/agenda\/\"},{\"@type\":\"ListItem\",\"position\":3,\"name\":\"Curso pr\u00e1ctico c\u00f3digo estructural\"}]},{\"@type\":\"WebSite\",\"@id\":\"https:\/\/aceweb.cat\/#website\",\"url\":\"https:\/\/aceweb.cat\/\",\"name\":\"ACE\",\"description\":\"Associaci\u00f3 de Consultors d&#039;Estructures | ACE\",\"publisher\":{\"@id\":\"https:\/\/aceweb.cat\/#organization\"},\"alternateName\":\"ACE\",\"potentialAction\":[{\"@type\":\"SearchAction\",\"target\":{\"@type\":\"EntryPoint\",\"urlTemplate\":\"https:\/\/aceweb.cat\/?s={search_term_string}\"},\"query-input\":{\"@type\":\"PropertyValueSpecification\",\"valueRequired\":true,\"valueName\":\"search_term_string\"}}],\"inLanguage\":\"es\"},{\"@type\":\"Organization\",\"@id\":\"https:\/\/aceweb.cat\/#organization\",\"name\":\"ACE\",\"alternateName\":\"ACE\",\"url\":\"https:\/\/aceweb.cat\/\",\"logo\":{\"@type\":\"ImageObject\",\"inLanguage\":\"es\",\"@id\":\"https:\/\/aceweb.cat\/#\/schema\/logo\/image\/\",\"url\":\"https:\/\/aceweb.cat\/wp-content\/uploads\/2022\/10\/logo.svg\",\"contentUrl\":\"https:\/\/aceweb.cat\/wp-content\/uploads\/2022\/10\/logo.svg\",\"width\":1,\"height\":1,\"caption\":\"ACE\"},\"image\":{\"@id\":\"https:\/\/aceweb.cat\/#\/schema\/logo\/image\/\"}},{\"@type\":\"Person\",\"@id\":\"https:\/\/aceweb.cat\/#\/schema\/person\/eff128d7a478831719f89cf8a1a6280c\",\"name\":\"Manel\",\"image\":{\"@type\":\"ImageObject\",\"inLanguage\":\"es\",\"@id\":\"https:\/\/aceweb.cat\/#\/schema\/person\/image\/\",\"url\":\"https:\/\/secure.gravatar.com\/avatar\/08f10a599e1c2233dfc54578e9936eb5325ce0a03faf2072be5f50c306c7e522?s=96&d=mm&r=g\",\"contentUrl\":\"https:\/\/secure.gravatar.com\/avatar\/08f10a599e1c2233dfc54578e9936eb5325ce0a03faf2072be5f50c306c7e522?s=96&d=mm&r=g\",\"caption\":\"Manel\"},\"sameAs\":[\"https:\/\/aceweb.cat\"],\"url\":\"https:\/\/aceweb.cat\/es\/author\/a1e6ded0e0\/\"}]}<\/script>\n<!-- \/ Yoast SEO plugin. -->","yoast_head_json":{"title":"Curso pr\u00e1ctico c\u00f3digo estructural | ACE","robots":{"index":"index","follow":"follow","max-snippet":"max-snippet:-1","max-image-preview":"max-image-preview:large","max-video-preview":"max-video-preview:-1"},"canonical":"https:\/\/aceweb.cat\/es\/agenda\/curso-practico-codigo-estructural-2\/","og_locale":"es_ES","og_type":"article","og_title":"Curso pr\u00e1ctico c\u00f3digo estructural | ACE","og_description":"La Associaci\u00f3 de Consultors d\u2019Estructures (ACE) ha reunido a especialistas de primer nivel con el objetivo de ofrecer un curso pr\u00e1ctico.&#13; &#13; Presentaci\u00f3n del curso pr\u00e1ctico C\u00f3digo Estructural El nuevo c\u00f3digo estructural, que entr\u00f3 en vigor el 10 de noviembre de 2021, contiene importantes novedades que afectan principalmente en las estructuras de hormig\u00f3n, la durabilidad &hellip; Curso pr\u00e1ctico c\u00f3digo estructural Leer m\u00e1s &raquo;","og_url":"https:\/\/aceweb.cat\/es\/agenda\/curso-practico-codigo-estructural-2\/","og_site_name":"aceweb.cat","article_published_time":"2023-03-27T10:00:38+00:00","article_modified_time":"2023-04-03T11:22:58+00:00","author":"Manel","twitter_card":"summary_large_image","twitter_misc":{"Escrito por":"Manel"},"schema":{"@context":"https:\/\/schema.org","@graph":[{"@type":"Article","@id":"https:\/\/aceweb.cat\/es\/agenda\/curso-practico-codigo-estructural-2\/#article","isPartOf":{"@id":"https:\/\/aceweb.cat\/es\/agenda\/curso-practico-codigo-estructural-2\/"},"author":{"name":"Manel","@id":"https:\/\/aceweb.cat\/#\/schema\/person\/eff128d7a478831719f89cf8a1a6280c"},"headline":"Curso pr\u00e1ctico c\u00f3digo estructural","datePublished":"2023-03-27T10:00:38+00:00","dateModified":"2023-04-03T11:22:58+00:00","mainEntityOfPage":{"@id":"https:\/\/aceweb.cat\/es\/agenda\/curso-practico-codigo-estructural-2\/"},"wordCount":90,"publisher":{"@id":"https:\/\/aceweb.cat\/#organization"},"articleSection":["Agenda"],"inLanguage":"es"},{"@type":"WebPage","@id":"https:\/\/aceweb.cat\/es\/agenda\/curso-practico-codigo-estructural-2\/","url":"https:\/\/aceweb.cat\/es\/agenda\/curso-practico-codigo-estructural-2\/","name":"Curso pr\u00e1ctico c\u00f3digo estructural | ACE","isPartOf":{"@id":"https:\/\/aceweb.cat\/#website"},"datePublished":"2023-03-27T10:00:38+00:00","dateModified":"2023-04-03T11:22:58+00:00","breadcrumb":{"@id":"https:\/\/aceweb.cat\/es\/agenda\/curso-practico-codigo-estructural-2\/#breadcrumb"},"inLanguage":"es","potentialAction":[{"@type":"ReadAction","target":["https:\/\/aceweb.cat\/es\/agenda\/curso-practico-codigo-estructural-2\/"]}]},{"@type":"BreadcrumbList","@id":"https:\/\/aceweb.cat\/es\/agenda\/curso-practico-codigo-estructural-2\/#breadcrumb","itemListElement":[{"@type":"ListItem","position":1,"name":"Inici","item":"https:\/\/aceweb.cat\/"},{"@type":"ListItem","position":2,"name":"Agenda","item":"https:\/\/aceweb.cat\/es\/categoria\/agenda\/"},{"@type":"ListItem","position":3,"name":"Curso pr\u00e1ctico c\u00f3digo estructural"}]},{"@type":"WebSite","@id":"https:\/\/aceweb.cat\/#website","url":"https:\/\/aceweb.cat\/","name":"ACE","description":"Associaci\u00f3 de Consultors d&#039;Estructures | ACE","publisher":{"@id":"https:\/\/aceweb.cat\/#organization"},"alternateName":"ACE","potentialAction":[{"@type":"SearchAction","target":{"@type":"EntryPoint","urlTemplate":"https:\/\/aceweb.cat\/?s={search_term_string}"},"query-input":{"@type":"PropertyValueSpecification","valueRequired":true,"valueName":"search_term_string"}}],"inLanguage":"es"},{"@type":"Organization","@id":"https:\/\/aceweb.cat\/#organization","name":"ACE","alternateName":"ACE","url":"https:\/\/aceweb.cat\/","logo":{"@type":"ImageObject","inLanguage":"es","@id":"https:\/\/aceweb.cat\/#\/schema\/logo\/image\/","url":"https:\/\/aceweb.cat\/wp-content\/uploads\/2022\/10\/logo.svg","contentUrl":"https:\/\/aceweb.cat\/wp-content\/uploads\/2022\/10\/logo.svg","width":1,"height":1,"caption":"ACE"},"image":{"@id":"https:\/\/aceweb.cat\/#\/schema\/logo\/image\/"}},{"@type":"Person","@id":"https:\/\/aceweb.cat\/#\/schema\/person\/eff128d7a478831719f89cf8a1a6280c","name":"Manel","image":{"@type":"ImageObject","inLanguage":"es","@id":"https:\/\/aceweb.cat\/#\/schema\/person\/image\/","url":"https:\/\/secure.gravatar.com\/avatar\/08f10a599e1c2233dfc54578e9936eb5325ce0a03faf2072be5f50c306c7e522?s=96&d=mm&r=g","contentUrl":"https:\/\/secure.gravatar.com\/avatar\/08f10a599e1c2233dfc54578e9936eb5325ce0a03faf2072be5f50c306c7e522?s=96&d=mm&r=g","caption":"Manel"},"sameAs":["https:\/\/aceweb.cat"],"url":"https:\/\/aceweb.cat\/es\/author\/a1e6ded0e0\/"}]}},"_links":{"self":[{"href":"https:\/\/aceweb.cat\/es\/wp-json\/wp\/v2\/posts\/41588","targetHints":{"allow":["GET"]}}],"collection":[{"href":"https:\/\/aceweb.cat\/es\/wp-json\/wp\/v2\/posts"}],"about":[{"href":"https:\/\/aceweb.cat\/es\/wp-json\/wp\/v2\/types\/post"}],"author":[{"embeddable":true,"href":"https:\/\/aceweb.cat\/es\/wp-json\/wp\/v2\/users\/1"}],"replies":[{"embeddable":true,"href":"https:\/\/aceweb.cat\/es\/wp-json\/wp\/v2\/comments?post=41588"}],"version-history":[{"count":3,"href":"https:\/\/aceweb.cat\/es\/wp-json\/wp\/v2\/posts\/41588\/revisions"}],"predecessor-version":[{"id":41592,"href":"https:\/\/aceweb.cat\/es\/wp-json\/wp\/v2\/posts\/41588\/revisions\/41592"}],"wp:attachment":[{"href":"https:\/\/aceweb.cat\/es\/wp-json\/wp\/v2\/media?parent=41588"}],"wp:term":[{"taxonomy":"category","embeddable":true,"href":"https:\/\/aceweb.cat\/es\/wp-json\/wp\/v2\/categories?post=41588"},{"taxonomy":"post_tag","embeddable":true,"href":"https:\/\/aceweb.cat\/es\/wp-json\/wp\/v2\/tags?post=41588"}],"curies":[{"name":"wp","href":"https:\/\/api.w.org\/{rel}","templated":true}]}}