{"id":42178,"date":"2023-05-19T10:13:46","date_gmt":"2023-05-19T10:13:46","guid":{"rendered":"https:\/\/aceweb.cat\/?p=42178"},"modified":"2023-10-06T11:03:39","modified_gmt":"2023-10-06T11:03:39","slug":"pasarela-industrial-en-damm","status":"publish","type":"post","link":"https:\/\/aceweb.cat\/es\/articulos-destacados\/pasarela-industrial-en-damm\/","title":{"rendered":"Pasarela Industrial en DAMM"},"content":{"rendered":"\n<h6 class=\"wp-block-heading\"><strong>LUIS CH\u00d3LIZ DEL JUNCO<\/strong><br>Ingeniero Industrial, ETSIIZ (Escuela T\u00e9cnica Superior de Ingenieros Industriales de Zaragoza).<\/h6>\n\n\n\n<h6 class=\"wp-block-heading\">Ingeniero senior del departamento de C\u00e1lculo de estructuras de Indus Ingenier\u00eda y Arquitectura, SL<\/h6>\n\n\n\n<hr class=\"wp-block-separator has-alpha-channel-opacity\"\/>\n\n\n\n<h6 class=\"wp-block-heading\">Las pasarelas suelen ser elementos estructurales f\u00e1ciles. La pasarela de la f\u00e1brica de <a href=\"https:\/\/www.damm.com\/es\/home\">Damm<\/a> en su planta en el Prat de Llobregat no lo fue. Por los condicionantes de dise\u00f1o, y por la dificultad del montaje.<\/h6>\n\n\n\n<h3 class=\"wp-block-heading\"><strong>EL TRAZADO<\/strong><\/h3>\n\n\n\n<p>En la f\u00e1brica del Prat los trabajadores que acuden en veh\u00edculo propio aparcan en el estacionamiento habilitado en la cubierta del edificio ESR. Como muchos de ellos trabajan en el edificio EBL, cuando se estaba terminando de construir el edificio EBL y proyectando el ESR se plante\u00f3 que hubiera una pasarela que conectara ambos edificios, 72 m en l\u00ednea recta, sin que los trabajadores tuvieran que circular por el interior de la planta. El primer paso fue habilitar una puerta en la fachada del EBL, pero cuando se construy\u00f3 el ESR no se hizo (ni se proyect\u00f3) la pasarela, y tampoco se dej\u00f3 un acceso preparado en la fachada del ESR. Sin embargo, la idea de la pasarela segu\u00eda ah\u00ed.<\/p>\n\n\n\n<figure class=\"wp-block-image aligncenter size-full is-resized\"><img decoding=\"async\" src=\"https:\/\/aceweb.cat\/wp-content\/uploads\/2023\/05\/FOTO1.jpg\" alt=\"ubicaci\u00f3n de la pasarela industrial DAMM\" class=\"wp-image-42180\" style=\"width:300px\" width=\"300\" srcset=\"https:\/\/aceweb.cat\/wp-content\/uploads\/2023\/05\/FOTO1.jpg 569w, https:\/\/aceweb.cat\/wp-content\/uploads\/2023\/05\/FOTO1-300x284.jpg 300w\" sizes=\"(max-width: 569px) 100vw, 569px\" \/><\/figure>\n\n\n\n<p class=\"has-text-align-center has-small-font-size\">Figura 1. Ubicaci\u00f3n de la pasarela.<\/p>\n\n\n\n<div style=\"height:22px\" aria-hidden=\"true\" class=\"wp-block-spacer\"><\/div>\n\n\n\n<p>El primer condicionante de dise\u00f1o fue el trazado. La pasarela discurrir\u00eda a 17 m de altura, pasando por encima de la nave donde se realiza la cogeneraci\u00f3n, el edificio donde se ubican los equipamientos fundamentales de servicio de la f\u00e1brica (\u201cedificio de energ\u00eda\u201d), la calle principal de circulaci\u00f3n interna y un potente rack de instalaciones. Para m\u00e1s inri, la puerta que se prepar\u00f3 en la fachada del EBL no quedaba enfrentada con el n\u00facleo de salida del aparcamiento en el ESR, lo que implicaba que hacer la pasarela con un trazado recto entre ambos puntos llevar\u00eda a una planta trapecial de la pasarela. Una opci\u00f3n era desplazar la puerta preparada (lo que, de hecho, se hizo) pero el desplazamiento m\u00e1ximo posible no permit\u00eda a\u00fan el trazado recto. No era un drama, pero mientras tanto se hab\u00eda construido una pantalla ac\u00fastica sobre la cubierta del edificio intermedio.<\/p>\n\n\n\n<figure class=\"wp-block-image aligncenter size-full is-resized\"><img decoding=\"async\" src=\"https:\/\/aceweb.cat\/wp-content\/uploads\/2023\/05\/FOTO-2.jpg\" alt=\"Figura 2\" class=\"wp-image-42183\" style=\"width:300px\" width=\"300\" srcset=\"https:\/\/aceweb.cat\/wp-content\/uploads\/2023\/05\/FOTO-2.jpg 796w, https:\/\/aceweb.cat\/wp-content\/uploads\/2023\/05\/FOTO-2-300x174.jpg 300w, https:\/\/aceweb.cat\/wp-content\/uploads\/2023\/05\/FOTO-2-768x445.jpg 768w, https:\/\/aceweb.cat\/wp-content\/uploads\/2023\/05\/FOTO-2-600x347.jpg 600w\" sizes=\"(max-width: 796px) 100vw, 796px\" \/><\/figure>\n\n\n\n<p class=\"has-text-align-center has-small-font-size\">Figura 2.<\/p>\n\n\n\n<div style=\"height:22px\" aria-hidden=\"true\" class=\"wp-block-spacer\"><\/div>\n\n\n\n<p>En teor\u00eda, cuando se proyect\u00f3 la pantalla se previ\u00f3 el hueco de paso de la pasarela, pero esa previsi\u00f3n se qued\u00f3 en la fase inicial del proyecto de la pantalla, y el hecho es que un trazado recto colisionaba de pleno con la pantalla. En consecuencia, se opt\u00f3 por un trazado en L: salir perpendicular al edificio ESR hasta llegar a la fachada del EBL, y continuar a 90\u00b0 paralelo a la fachada hasta la nueva puerta de destino. Este trazado en L tampoco pod\u00eda hacerse: enfrentado con el punto de salida del ESR hab\u00eda una chimenea, y era necesario esquivarla. El trazado deb\u00eda ser poligonal, una C.<\/p>\n\n\n\n<figure class=\"wp-block-image aligncenter size-medium\"><img loading=\"lazy\" decoding=\"async\" width=\"300\" height=\"200\" src=\"https:\/\/aceweb.cat\/wp-content\/uploads\/2023\/05\/FOTO-3-300x200.jpg\" alt=\"pasarela industrial instalada en la f\u00e1brica DAMM\" class=\"wp-image-42185\" srcset=\"https:\/\/aceweb.cat\/wp-content\/uploads\/2023\/05\/FOTO-3-300x200.jpg 300w, https:\/\/aceweb.cat\/wp-content\/uploads\/2023\/05\/FOTO-3-1024x683.jpg 1024w, https:\/\/aceweb.cat\/wp-content\/uploads\/2023\/05\/FOTO-3-768x512.jpg 768w, https:\/\/aceweb.cat\/wp-content\/uploads\/2023\/05\/FOTO-3-1536x1024.jpg 1536w, https:\/\/aceweb.cat\/wp-content\/uploads\/2023\/05\/FOTO-3-2048x1365.jpg 2048w, https:\/\/aceweb.cat\/wp-content\/uploads\/2023\/05\/FOTO-3-600x400.jpg 600w\" sizes=\"auto, (max-width: 300px) 100vw, 300px\" \/><\/figure>\n\n\n\n<p class=\"has-text-align-center has-small-font-size\">Figura 3.<\/p>\n\n\n\n<div style=\"height:22px\" aria-hidden=\"true\" class=\"wp-block-spacer\"><\/div>\n\n\n\n<h3 class=\"wp-block-heading\"><strong>LAS CLAVES DE LA ESTRUCTURA<\/strong><\/h3>\n\n\n\n<p>La principal caracter\u00edstica de la estructura es que es una pasarela a 17 m sobre el suelo con edificios industriales debajo que imposibilitan el acceso exterior. Hay que pensar entonces que no va a tener ning\u00fan tipo de mantenimiento y que se va a montar a distancia, mediante gr\u00faas. Ni se podr\u00e1 inspeccionar, una vez montada, ni se podr\u00e1n corregir errores si se detectaran. Estaba claro que hab\u00eda que tener en cuenta estos aspectos en el dise\u00f1o.<br>Lo que se hizo fue descomponer la estructura en cuerpos independientes que se colocaran en su sitio con las gr\u00faas y no necesitaran conexiones laboriosas (y, desde luego, nada de soldaduras in situ). \u00danicamente el apoyo en el lado EBL, la \u201cMesa EBL\u201d, se dise\u00f1\u00f3 con el sistema tradicional de pilares y vigas de arriostramiento, pero esto tambi\u00e9n estaba obligado porque al estar situado en una v\u00eda de circulaci\u00f3n interna ni pod\u00edan ponerse pilares en cualquier sitio ni \u00e9stos pod\u00edan tener dimensiones importantes.<br>A grandes rasgos, la estructura de la pasarela est\u00e1 formada por dos puentes sobre tres apoyos, denominados \u201cMesa ESR\u201d, \u201cP\u00f3rtico central\u201d y \u201cMesa EBL\u201d, y los tramos finales, de corto recorrido, montados sobre cada mesa.<\/p>\n\n\n\n<figure class=\"wp-block-image aligncenter size-full is-resized\"><img decoding=\"async\" src=\"https:\/\/aceweb.cat\/wp-content\/uploads\/2023\/05\/FOTO-4.jpg\" alt=\"Figura 4\" class=\"wp-image-42187\" style=\"width:200px\" width=\"200\" srcset=\"https:\/\/aceweb.cat\/wp-content\/uploads\/2023\/05\/FOTO-4.jpg 665w, https:\/\/aceweb.cat\/wp-content\/uploads\/2023\/05\/FOTO-4-267x300.jpg 267w, https:\/\/aceweb.cat\/wp-content\/uploads\/2023\/05\/FOTO-4-300x337.jpg 300w, https:\/\/aceweb.cat\/wp-content\/uploads\/2023\/05\/FOTO-4-600x674.jpg 600w\" sizes=\"(max-width: 665px) 100vw, 665px\" \/><\/figure>\n\n\n\n<p class=\"has-text-align-center has-small-font-size\">Figura 4.<\/p>\n\n\n\n<div style=\"height:22px\" aria-hidden=\"true\" class=\"wp-block-spacer\"><\/div>\n\n\n\n<figure class=\"wp-block-image aligncenter size-large is-resized\"><img decoding=\"async\" src=\"https:\/\/aceweb.cat\/wp-content\/uploads\/2023\/05\/FOTO-5-1024x569.jpg\" alt=\"planos de la pasarela industrial DAMM\" class=\"wp-image-42189\" style=\"width:300px\" width=\"300\" srcset=\"https:\/\/aceweb.cat\/wp-content\/uploads\/2023\/05\/FOTO-5-1024x569.jpg 1024w, https:\/\/aceweb.cat\/wp-content\/uploads\/2023\/05\/FOTO-5-300x167.jpg 300w, https:\/\/aceweb.cat\/wp-content\/uploads\/2023\/05\/FOTO-5-768x426.jpg 768w, https:\/\/aceweb.cat\/wp-content\/uploads\/2023\/05\/FOTO-5-1536x853.jpg 1536w, https:\/\/aceweb.cat\/wp-content\/uploads\/2023\/05\/FOTO-5-600x333.jpg 600w, https:\/\/aceweb.cat\/wp-content\/uploads\/2023\/05\/FOTO-5.jpg 1900w\" sizes=\"(max-width: 1024px) 100vw, 1024px\" \/><\/figure>\n\n\n\n<p class=\"has-text-align-center has-small-font-size\">Figura 5.<\/p>\n\n\n\n<div style=\"height:22px\" aria-hidden=\"true\" class=\"wp-block-spacer\"><\/div>\n\n\n\n<p>Tanto el proceso de montaje como las uniones que tendr\u00edan que ejecutarse in situ se pensaron cuidadosamente, y en el proyecto se establecieron las holguras necesarias, el sistema de fijaci\u00f3n, el orden de colocaci\u00f3n. Los tramos principales med\u00edan 30 m de longitud, y la soluci\u00f3n constructiva fue ensamblarlos en taller en subtramos de 15 m para transportarlos, empalmar los subtramos a pie de obra y colocarlos en su posici\u00f3n definitiva mediante dos gr\u00faas sincronizadas.<\/p>\n\n\n\n<figure class=\"wp-block-image aligncenter size-medium is-resized\"><img decoding=\"async\" src=\"https:\/\/aceweb.cat\/wp-content\/uploads\/2023\/05\/foto-6-225x300.jpg\" alt=\"montaje de la pasarela industrial DAMM\" class=\"wp-image-42191\" style=\"width:300px\" width=\"300\" srcset=\"https:\/\/aceweb.cat\/wp-content\/uploads\/2023\/05\/foto-6-225x300.jpg 225w, https:\/\/aceweb.cat\/wp-content\/uploads\/2023\/05\/foto-6-770x1024.jpg 770w, https:\/\/aceweb.cat\/wp-content\/uploads\/2023\/05\/foto-6-768x1022.jpg 768w, https:\/\/aceweb.cat\/wp-content\/uploads\/2023\/05\/foto-6-300x399.jpg 300w, https:\/\/aceweb.cat\/wp-content\/uploads\/2023\/05\/foto-6-600x798.jpg 600w, https:\/\/aceweb.cat\/wp-content\/uploads\/2023\/05\/foto-6.jpg 953w\" sizes=\"(max-width: 225px) 100vw, 225px\" \/><\/figure>\n\n\n\n<p class=\"has-text-align-center has-small-font-size\">Figura 6.<\/p>\n\n\n\n<div style=\"height:22px\" aria-hidden=\"true\" class=\"wp-block-spacer\"><\/div>\n\n\n\n<figure class=\"wp-block-image aligncenter size-full is-resized\"><img decoding=\"async\" src=\"https:\/\/aceweb.cat\/wp-content\/uploads\/2023\/05\/foto-7.jpg\" alt=\"Figura 7\" class=\"wp-image-42193\" style=\"width:300px\" width=\"300\" srcset=\"https:\/\/aceweb.cat\/wp-content\/uploads\/2023\/05\/foto-7.jpg 953w, https:\/\/aceweb.cat\/wp-content\/uploads\/2023\/05\/foto-7-300x201.jpg 300w, https:\/\/aceweb.cat\/wp-content\/uploads\/2023\/05\/foto-7-768x514.jpg 768w, https:\/\/aceweb.cat\/wp-content\/uploads\/2023\/05\/foto-7-600x402.jpg 600w\" sizes=\"(max-width: 953px) 100vw, 953px\" \/><\/figure>\n\n\n\n<p class=\"has-text-align-center has-small-font-size\">Figura 7.<\/p>\n\n\n\n<div style=\"height:22px\" aria-hidden=\"true\" class=\"wp-block-spacer\"><\/div>\n\n\n\n<p>Para minimizar el efecto del viento los cerramientos laterales son de chapa perforada, que adem\u00e1s permite la iluminaci\u00f3n natural interior y evitar la sensaci\u00f3n de inseguridad sin dar una sensaci\u00f3n de t\u00fanel:<\/p>\n\n\n\n<div style=\"height:22px\" aria-hidden=\"true\" class=\"wp-block-spacer\"><\/div>\n\n\n\n<figure class=\"wp-block-image aligncenter size-full is-resized\"><img decoding=\"async\" src=\"https:\/\/aceweb.cat\/wp-content\/uploads\/2023\/05\/foto-8.jpg\" alt=\"interior de la pasarela industrial DAMM\" class=\"wp-image-42195\" style=\"width:300px\" width=\"300\" srcset=\"https:\/\/aceweb.cat\/wp-content\/uploads\/2023\/05\/foto-8.jpg 954w, https:\/\/aceweb.cat\/wp-content\/uploads\/2023\/05\/foto-8-300x199.jpg 300w, https:\/\/aceweb.cat\/wp-content\/uploads\/2023\/05\/foto-8-768x510.jpg 768w, https:\/\/aceweb.cat\/wp-content\/uploads\/2023\/05\/foto-8-600x399.jpg 600w\" sizes=\"(max-width: 954px) 100vw, 954px\" \/><\/figure>\n\n\n\n<p class=\"has-text-align-center has-small-font-size\">Figura 8.<\/p>\n\n\n\n<div style=\"height:22px\" aria-hidden=\"true\" class=\"wp-block-spacer\"><\/div>\n\n\n\n<p>Con todo, en algunos tramos los cerramientos laterales son ciegos y especiales, aislantes, o hubo que aplicar protecciones bajo el piso. Esto es debido a que la pasarela pasa muy cerca de chimeneas o directamente por encima de la boca de otras.<\/p>\n\n\n\n<div style=\"height:22px\" aria-hidden=\"true\" class=\"wp-block-spacer\"><\/div>\n\n\n\n<h3 class=\"wp-block-heading\"><strong>LOS PUNTOS DE APOYO<\/strong><\/h3>\n\n\n\n<p>Encontrar los puntos de apoyo fue lo m\u00e1s dif\u00edcil de todo el dise\u00f1o. Para empezar, por razones de protecci\u00f3n contra incendios la pasarela no pod\u00eda apoyarse en ninguno de los dos edificios de partida y llegada. Y tampoco en los edificios que hab\u00eda debajo. Para complicar m\u00e1s la cosa, delante del edificio EBL circula un denso rack de conducciones, que limita con una v\u00eda clave de circulaci\u00f3n de la planta; por ese lado, la estrecha acera que bordeaba el edificio de Energ\u00eda parec\u00eda la \u00fanica opci\u00f3n y estaba muy lejos de la fachada del EBL para servir de apoyo. Se impon\u00eda un nuevo quiebro en el trazado: pasado el edificio de energ\u00eda se har\u00eda el giro para ir paralelo al EBL hasta la puerta de acceso y un giro adicional para un nuevo salto con un atraque frontal.<\/p>\n\n\n\n<figure class=\"wp-block-image aligncenter size-large is-resized\"><img decoding=\"async\" src=\"https:\/\/aceweb.cat\/wp-content\/uploads\/2023\/05\/foto-9-1024x576.jpg\" alt=\"Figura 9.\" class=\"wp-image-42197\" style=\"width:350px\" width=\"350\" srcset=\"https:\/\/aceweb.cat\/wp-content\/uploads\/2023\/05\/foto-9-1024x576.jpg 1024w, https:\/\/aceweb.cat\/wp-content\/uploads\/2023\/05\/foto-9-300x169.jpg 300w, https:\/\/aceweb.cat\/wp-content\/uploads\/2023\/05\/foto-9-768x432.jpg 768w, https:\/\/aceweb.cat\/wp-content\/uploads\/2023\/05\/foto-9-1536x864.jpg 1536w, https:\/\/aceweb.cat\/wp-content\/uploads\/2023\/05\/foto-9-600x338.jpg 600w, https:\/\/aceweb.cat\/wp-content\/uploads\/2023\/05\/foto-9.jpg 1920w\" sizes=\"(max-width: 1024px) 100vw, 1024px\" \/><\/figure>\n\n\n\n<p class=\"has-text-align-center has-small-font-size\">Figura 9.<\/p>\n\n\n\n<div style=\"height:22px\" aria-hidden=\"true\" class=\"wp-block-spacer\"><\/div>\n\n\n\n<p class=\"has-ast-global-color-8-color has-text-color\">Los mayores problemas se presentaron en el apoyo central. La <a href=\"https:\/\/aceweb.cat\/producte\/quaderns-destructures-74\/\">pasarela<\/a> sobrevolaba la nave de Energ\u00eda, pero no pod\u00eda apoyarse en \u00e9sta; por lo tanto, el apoyo ten\u00eda que partir directamente desde el suelo y no tocar ning\u00fan elemento de la estructura de la nave. Ahora bien, la nave de Energ\u00eda tiene una densidad muy alta de ocupaci\u00f3n por equipos y conducciones, y hab\u00eda que prever adem\u00e1s las previsiones de ampliaci\u00f3n de estos equipos y sus necesidades de mantenimiento. Al final, la \u00fanica ubicaci\u00f3n que se encontr\u00f3 para el apoyo no era la ideal desde el punto de vista de la estructura de la pasarela, pero era viable; valga decir, como ilustraci\u00f3n, que la cimentaci\u00f3n con micropilotes de ese apoyo se ejecut\u00f3 mucho antes que la pasarela en s\u00ed, pues la propia din\u00e1mica de crecimiento industrial impedir\u00eda el acceso de la maquinaria necesaria para el micropilotaje si no se ejecutaba en ese momento.<br>Por el lado del edificio ESR no hab\u00eda muchos problemas, pero tampoco muchas alternativas: el criterio de llevar los apoyos hasta el suelo se manten\u00eda, y evitar interferencias con la cimentaci\u00f3n de los pilares de la nave contigua marcaba con claridad la opci\u00f3n disponible.<\/p>\n\n\n\n<div style=\"height:22px\" aria-hidden=\"true\" class=\"wp-block-spacer\"><\/div>\n\n\n\n<p><br>Una curiosa complicaci\u00f3n adicional fue que estando los tres apoyos en edificios diferentes, no s\u00f3lo no hab\u00eda l\u00ednea visual de uno a otro sino que incluso los caminos entre ellos eran laber\u00ednticos. Como es l\u00f3gico, era muy importante que cuadraran y se ejecutaran correctamente. Lo cierto es que cada apoyo estuvo sujeto a pormenores particulares, propio de la idiosincrasia de cada emplazamiento y sin embargo tras la ejecuci\u00f3n las diferencias de posici\u00f3n de todos los pernos fueron milim\u00e9tricas, despreciables.<\/p>\n\n\n\n<p><\/p>\n\n\n\n<p><\/p>\n\n\n\n<p><\/p>\n\n\n\n<p><\/p>\n\n\n\n<p><\/p>\n\n\n\n<p><\/p>\n\n\n\n<p><\/p>\n\n\n\n<p><\/p>\n\n\n\n<p><\/p>\n\n\n\n<p><\/p>\n","protected":false},"excerpt":{"rendered":"<p>Pasarela industrial en DAMM<\/p>\n","protected":false},"author":93,"featured_media":42195,"comment_status":"closed","ping_status":"closed","sticky":false,"template":"","format":"standard","meta":{"_acf_changed":false,"site-sidebar-layout":"default","site-content-layout":"default","ast-global-header-display":"","ast-main-header-display":"","ast-hfb-above-header-display":"","ast-hfb-below-header-display":"","ast-hfb-mobile-header-display":"","site-post-title":"","ast-breadcrumbs-content":"","ast-featured-img":"","footer-sml-layout":"","theme-transparent-header-meta":"","adv-header-id-meta":"","stick-header-meta":"","header-above-stick-meta":"","header-main-stick-meta":"","header-below-stick-meta":"","footnotes":""},"categories":[1431],"tags":[],"class_list":["post-42178","post","type-post","status-publish","format-standard","has-post-thumbnail","hentry","category-articulos-destacados"],"acf":[],"yoast_head":"<!-- This site is optimized with the Yoast SEO plugin v27.1.1 - https:\/\/yoast.com\/product\/yoast-seo-wordpress\/ -->\n<title>Pasarela Industrial en DAMM | ACE<\/title>\n<meta name=\"description\" content=\"Descubre el desaf\u00edo de dise\u00f1ar y construir una pasarela industrial innovadora en la f\u00e1brica DAMM en Prat de Llobregat.\" \/>\n<meta name=\"robots\" content=\"index, follow, max-snippet:-1, max-image-preview:large, max-video-preview:-1\" \/>\n<link rel=\"canonical\" href=\"https:\/\/aceweb.cat\/es\/articulos-destacados\/pasarela-industrial-en-damm\/\" \/>\n<meta property=\"og:locale\" content=\"es_ES\" \/>\n<meta property=\"og:type\" content=\"article\" \/>\n<meta property=\"og:title\" content=\"Pasarela Industrial en DAMM | ACE\" \/>\n<meta property=\"og:description\" content=\"Descubre el desaf\u00edo de dise\u00f1ar y construir una pasarela industrial innovadora en la f\u00e1brica DAMM en Prat de Llobregat.\" \/>\n<meta property=\"og:url\" content=\"https:\/\/aceweb.cat\/es\/articulos-destacados\/pasarela-industrial-en-damm\/\" \/>\n<meta property=\"og:site_name\" content=\"aceweb.cat\" \/>\n<meta property=\"article:published_time\" content=\"2023-05-19T10:13:46+00:00\" \/>\n<meta property=\"article:modified_time\" content=\"2023-10-06T11:03:39+00:00\" \/>\n<meta property=\"og:image\" content=\"https:\/\/aceweb.cat\/wp-content\/uploads\/2023\/05\/foto-8.jpg\" \/>\n\t<meta property=\"og:image:width\" content=\"954\" \/>\n\t<meta property=\"og:image:height\" content=\"634\" \/>\n\t<meta property=\"og:image:type\" content=\"image\/jpeg\" \/>\n<meta name=\"author\" content=\"Merc\u00e8 Sierra\" \/>\n<meta name=\"twitter:card\" content=\"summary_large_image\" \/>\n<meta name=\"twitter:label1\" content=\"Escrito por\" \/>\n\t<meta name=\"twitter:data1\" content=\"Merc\u00e8 Sierra\" \/>\n\t<meta name=\"twitter:label2\" content=\"Tiempo de lectura\" \/>\n\t<meta name=\"twitter:data2\" content=\"8 minutos\" \/>\n<script type=\"application\/ld+json\" class=\"yoast-schema-graph\">{\"@context\":\"https:\/\/schema.org\",\"@graph\":[{\"@type\":\"Article\",\"@id\":\"https:\/\/aceweb.cat\/es\/articulos-destacados\/pasarela-industrial-en-damm\/#article\",\"isPartOf\":{\"@id\":\"https:\/\/aceweb.cat\/es\/articulos-destacados\/pasarela-industrial-en-damm\/\"},\"author\":{\"name\":\"Merc\u00e8 Sierra\",\"@id\":\"https:\/\/aceweb.cat\/#\/schema\/person\/a6b8893e55b089407baaac96e1014d92\"},\"headline\":\"Pasarela Industrial en DAMM\",\"datePublished\":\"2023-05-19T10:13:46+00:00\",\"dateModified\":\"2023-10-06T11:03:39+00:00\",\"mainEntityOfPage\":{\"@id\":\"https:\/\/aceweb.cat\/es\/articulos-destacados\/pasarela-industrial-en-damm\/\"},\"wordCount\":1317,\"publisher\":{\"@id\":\"https:\/\/aceweb.cat\/#organization\"},\"image\":{\"@id\":\"https:\/\/aceweb.cat\/es\/articulos-destacados\/pasarela-industrial-en-damm\/#primaryimage\"},\"thumbnailUrl\":\"https:\/\/aceweb.cat\/wp-content\/uploads\/2023\/05\/foto-8.jpg\",\"articleSection\":[\"Art\u00edculos destacados\"],\"inLanguage\":\"es\"},{\"@type\":\"WebPage\",\"@id\":\"https:\/\/aceweb.cat\/es\/articulos-destacados\/pasarela-industrial-en-damm\/\",\"url\":\"https:\/\/aceweb.cat\/es\/articulos-destacados\/pasarela-industrial-en-damm\/\",\"name\":\"Pasarela Industrial en DAMM | ACE\",\"isPartOf\":{\"@id\":\"https:\/\/aceweb.cat\/#website\"},\"primaryImageOfPage\":{\"@id\":\"https:\/\/aceweb.cat\/es\/articulos-destacados\/pasarela-industrial-en-damm\/#primaryimage\"},\"image\":{\"@id\":\"https:\/\/aceweb.cat\/es\/articulos-destacados\/pasarela-industrial-en-damm\/#primaryimage\"},\"thumbnailUrl\":\"https:\/\/aceweb.cat\/wp-content\/uploads\/2023\/05\/foto-8.jpg\",\"datePublished\":\"2023-05-19T10:13:46+00:00\",\"dateModified\":\"2023-10-06T11:03:39+00:00\",\"description\":\"Descubre el desaf\u00edo de dise\u00f1ar y construir una pasarela industrial innovadora en la f\u00e1brica DAMM en Prat de Llobregat.\",\"breadcrumb\":{\"@id\":\"https:\/\/aceweb.cat\/es\/articulos-destacados\/pasarela-industrial-en-damm\/#breadcrumb\"},\"inLanguage\":\"es\",\"potentialAction\":[{\"@type\":\"ReadAction\",\"target\":[\"https:\/\/aceweb.cat\/es\/articulos-destacados\/pasarela-industrial-en-damm\/\"]}]},{\"@type\":\"ImageObject\",\"inLanguage\":\"es\",\"@id\":\"https:\/\/aceweb.cat\/es\/articulos-destacados\/pasarela-industrial-en-damm\/#primaryimage\",\"url\":\"https:\/\/aceweb.cat\/wp-content\/uploads\/2023\/05\/foto-8.jpg\",\"contentUrl\":\"https:\/\/aceweb.cat\/wp-content\/uploads\/2023\/05\/foto-8.jpg\",\"width\":954,\"height\":634},{\"@type\":\"BreadcrumbList\",\"@id\":\"https:\/\/aceweb.cat\/es\/articulos-destacados\/pasarela-industrial-en-damm\/#breadcrumb\",\"itemListElement\":[{\"@type\":\"ListItem\",\"position\":1,\"name\":\"Inici\",\"item\":\"https:\/\/aceweb.cat\/\"},{\"@type\":\"ListItem\",\"position\":2,\"name\":\"Art\u00edculos destacados\",\"item\":\"https:\/\/aceweb.cat\/es\/categoria\/articulos-destacados\/\"},{\"@type\":\"ListItem\",\"position\":3,\"name\":\"Pasarela Industrial en DAMM\"}]},{\"@type\":\"WebSite\",\"@id\":\"https:\/\/aceweb.cat\/#website\",\"url\":\"https:\/\/aceweb.cat\/\",\"name\":\"ACE\",\"description\":\"Associaci\u00f3 de Consultors d&#039;Estructures | ACE\",\"publisher\":{\"@id\":\"https:\/\/aceweb.cat\/#organization\"},\"alternateName\":\"ACE\",\"potentialAction\":[{\"@type\":\"SearchAction\",\"target\":{\"@type\":\"EntryPoint\",\"urlTemplate\":\"https:\/\/aceweb.cat\/?s={search_term_string}\"},\"query-input\":{\"@type\":\"PropertyValueSpecification\",\"valueRequired\":true,\"valueName\":\"search_term_string\"}}],\"inLanguage\":\"es\"},{\"@type\":\"Organization\",\"@id\":\"https:\/\/aceweb.cat\/#organization\",\"name\":\"ACE\",\"alternateName\":\"ACE\",\"url\":\"https:\/\/aceweb.cat\/\",\"logo\":{\"@type\":\"ImageObject\",\"inLanguage\":\"es\",\"@id\":\"https:\/\/aceweb.cat\/#\/schema\/logo\/image\/\",\"url\":\"https:\/\/aceweb.cat\/wp-content\/uploads\/2022\/10\/logo.svg\",\"contentUrl\":\"https:\/\/aceweb.cat\/wp-content\/uploads\/2022\/10\/logo.svg\",\"width\":1,\"height\":1,\"caption\":\"ACE\"},\"image\":{\"@id\":\"https:\/\/aceweb.cat\/#\/schema\/logo\/image\/\"}},{\"@type\":\"Person\",\"@id\":\"https:\/\/aceweb.cat\/#\/schema\/person\/a6b8893e55b089407baaac96e1014d92\",\"name\":\"Merc\u00e8 Sierra\",\"image\":{\"@type\":\"ImageObject\",\"inLanguage\":\"es\",\"@id\":\"https:\/\/aceweb.cat\/#\/schema\/person\/image\/\",\"url\":\"https:\/\/secure.gravatar.com\/avatar\/22f0c97d4117dfcc3220888d6384e2a07df217ae83511660a0783b56292770b5?s=96&d=mm&r=g\",\"contentUrl\":\"https:\/\/secure.gravatar.com\/avatar\/22f0c97d4117dfcc3220888d6384e2a07df217ae83511660a0783b56292770b5?s=96&d=mm&r=g\",\"caption\":\"Merc\u00e8 Sierra\"},\"url\":\"https:\/\/aceweb.cat\/es\/author\/merce-sierra\/\"}]}<\/script>\n<!-- \/ Yoast SEO plugin. -->","yoast_head_json":{"title":"Pasarela Industrial en DAMM | ACE","description":"Descubre el desaf\u00edo de dise\u00f1ar y construir una pasarela industrial innovadora en la f\u00e1brica DAMM en Prat de Llobregat.","robots":{"index":"index","follow":"follow","max-snippet":"max-snippet:-1","max-image-preview":"max-image-preview:large","max-video-preview":"max-video-preview:-1"},"canonical":"https:\/\/aceweb.cat\/es\/articulos-destacados\/pasarela-industrial-en-damm\/","og_locale":"es_ES","og_type":"article","og_title":"Pasarela Industrial en DAMM | ACE","og_description":"Descubre el desaf\u00edo de dise\u00f1ar y construir una pasarela industrial innovadora en la f\u00e1brica DAMM en Prat de Llobregat.","og_url":"https:\/\/aceweb.cat\/es\/articulos-destacados\/pasarela-industrial-en-damm\/","og_site_name":"aceweb.cat","article_published_time":"2023-05-19T10:13:46+00:00","article_modified_time":"2023-10-06T11:03:39+00:00","og_image":[{"width":954,"height":634,"url":"https:\/\/aceweb.cat\/wp-content\/uploads\/2023\/05\/foto-8.jpg","type":"image\/jpeg"}],"author":"Merc\u00e8 Sierra","twitter_card":"summary_large_image","twitter_misc":{"Escrito por":"Merc\u00e8 Sierra","Tiempo de lectura":"8 minutos"},"schema":{"@context":"https:\/\/schema.org","@graph":[{"@type":"Article","@id":"https:\/\/aceweb.cat\/es\/articulos-destacados\/pasarela-industrial-en-damm\/#article","isPartOf":{"@id":"https:\/\/aceweb.cat\/es\/articulos-destacados\/pasarela-industrial-en-damm\/"},"author":{"name":"Merc\u00e8 Sierra","@id":"https:\/\/aceweb.cat\/#\/schema\/person\/a6b8893e55b089407baaac96e1014d92"},"headline":"Pasarela Industrial en DAMM","datePublished":"2023-05-19T10:13:46+00:00","dateModified":"2023-10-06T11:03:39+00:00","mainEntityOfPage":{"@id":"https:\/\/aceweb.cat\/es\/articulos-destacados\/pasarela-industrial-en-damm\/"},"wordCount":1317,"publisher":{"@id":"https:\/\/aceweb.cat\/#organization"},"image":{"@id":"https:\/\/aceweb.cat\/es\/articulos-destacados\/pasarela-industrial-en-damm\/#primaryimage"},"thumbnailUrl":"https:\/\/aceweb.cat\/wp-content\/uploads\/2023\/05\/foto-8.jpg","articleSection":["Art\u00edculos destacados"],"inLanguage":"es"},{"@type":"WebPage","@id":"https:\/\/aceweb.cat\/es\/articulos-destacados\/pasarela-industrial-en-damm\/","url":"https:\/\/aceweb.cat\/es\/articulos-destacados\/pasarela-industrial-en-damm\/","name":"Pasarela Industrial en DAMM | ACE","isPartOf":{"@id":"https:\/\/aceweb.cat\/#website"},"primaryImageOfPage":{"@id":"https:\/\/aceweb.cat\/es\/articulos-destacados\/pasarela-industrial-en-damm\/#primaryimage"},"image":{"@id":"https:\/\/aceweb.cat\/es\/articulos-destacados\/pasarela-industrial-en-damm\/#primaryimage"},"thumbnailUrl":"https:\/\/aceweb.cat\/wp-content\/uploads\/2023\/05\/foto-8.jpg","datePublished":"2023-05-19T10:13:46+00:00","dateModified":"2023-10-06T11:03:39+00:00","description":"Descubre el desaf\u00edo de dise\u00f1ar y construir una pasarela industrial innovadora en la f\u00e1brica DAMM en Prat de Llobregat.","breadcrumb":{"@id":"https:\/\/aceweb.cat\/es\/articulos-destacados\/pasarela-industrial-en-damm\/#breadcrumb"},"inLanguage":"es","potentialAction":[{"@type":"ReadAction","target":["https:\/\/aceweb.cat\/es\/articulos-destacados\/pasarela-industrial-en-damm\/"]}]},{"@type":"ImageObject","inLanguage":"es","@id":"https:\/\/aceweb.cat\/es\/articulos-destacados\/pasarela-industrial-en-damm\/#primaryimage","url":"https:\/\/aceweb.cat\/wp-content\/uploads\/2023\/05\/foto-8.jpg","contentUrl":"https:\/\/aceweb.cat\/wp-content\/uploads\/2023\/05\/foto-8.jpg","width":954,"height":634},{"@type":"BreadcrumbList","@id":"https:\/\/aceweb.cat\/es\/articulos-destacados\/pasarela-industrial-en-damm\/#breadcrumb","itemListElement":[{"@type":"ListItem","position":1,"name":"Inici","item":"https:\/\/aceweb.cat\/"},{"@type":"ListItem","position":2,"name":"Art\u00edculos destacados","item":"https:\/\/aceweb.cat\/es\/categoria\/articulos-destacados\/"},{"@type":"ListItem","position":3,"name":"Pasarela Industrial en DAMM"}]},{"@type":"WebSite","@id":"https:\/\/aceweb.cat\/#website","url":"https:\/\/aceweb.cat\/","name":"ACE","description":"Associaci\u00f3 de Consultors d&#039;Estructures | ACE","publisher":{"@id":"https:\/\/aceweb.cat\/#organization"},"alternateName":"ACE","potentialAction":[{"@type":"SearchAction","target":{"@type":"EntryPoint","urlTemplate":"https:\/\/aceweb.cat\/?s={search_term_string}"},"query-input":{"@type":"PropertyValueSpecification","valueRequired":true,"valueName":"search_term_string"}}],"inLanguage":"es"},{"@type":"Organization","@id":"https:\/\/aceweb.cat\/#organization","name":"ACE","alternateName":"ACE","url":"https:\/\/aceweb.cat\/","logo":{"@type":"ImageObject","inLanguage":"es","@id":"https:\/\/aceweb.cat\/#\/schema\/logo\/image\/","url":"https:\/\/aceweb.cat\/wp-content\/uploads\/2022\/10\/logo.svg","contentUrl":"https:\/\/aceweb.cat\/wp-content\/uploads\/2022\/10\/logo.svg","width":1,"height":1,"caption":"ACE"},"image":{"@id":"https:\/\/aceweb.cat\/#\/schema\/logo\/image\/"}},{"@type":"Person","@id":"https:\/\/aceweb.cat\/#\/schema\/person\/a6b8893e55b089407baaac96e1014d92","name":"Merc\u00e8 Sierra","image":{"@type":"ImageObject","inLanguage":"es","@id":"https:\/\/aceweb.cat\/#\/schema\/person\/image\/","url":"https:\/\/secure.gravatar.com\/avatar\/22f0c97d4117dfcc3220888d6384e2a07df217ae83511660a0783b56292770b5?s=96&d=mm&r=g","contentUrl":"https:\/\/secure.gravatar.com\/avatar\/22f0c97d4117dfcc3220888d6384e2a07df217ae83511660a0783b56292770b5?s=96&d=mm&r=g","caption":"Merc\u00e8 Sierra"},"url":"https:\/\/aceweb.cat\/es\/author\/merce-sierra\/"}]}},"_links":{"self":[{"href":"https:\/\/aceweb.cat\/es\/wp-json\/wp\/v2\/posts\/42178","targetHints":{"allow":["GET"]}}],"collection":[{"href":"https:\/\/aceweb.cat\/es\/wp-json\/wp\/v2\/posts"}],"about":[{"href":"https:\/\/aceweb.cat\/es\/wp-json\/wp\/v2\/types\/post"}],"author":[{"embeddable":true,"href":"https:\/\/aceweb.cat\/es\/wp-json\/wp\/v2\/users\/93"}],"replies":[{"embeddable":true,"href":"https:\/\/aceweb.cat\/es\/wp-json\/wp\/v2\/comments?post=42178"}],"version-history":[{"count":3,"href":"https:\/\/aceweb.cat\/es\/wp-json\/wp\/v2\/posts\/42178\/revisions"}],"predecessor-version":[{"id":43310,"href":"https:\/\/aceweb.cat\/es\/wp-json\/wp\/v2\/posts\/42178\/revisions\/43310"}],"wp:featuredmedia":[{"embeddable":true,"href":"https:\/\/aceweb.cat\/es\/wp-json\/wp\/v2\/media\/42195"}],"wp:attachment":[{"href":"https:\/\/aceweb.cat\/es\/wp-json\/wp\/v2\/media?parent=42178"}],"wp:term":[{"taxonomy":"category","embeddable":true,"href":"https:\/\/aceweb.cat\/es\/wp-json\/wp\/v2\/categories?post=42178"},{"taxonomy":"post_tag","embeddable":true,"href":"https:\/\/aceweb.cat\/es\/wp-json\/wp\/v2\/tags?post=42178"}],"curies":[{"name":"wp","href":"https:\/\/api.w.org\/{rel}","templated":true}]}}