{"id":42782,"date":"2023-07-06T14:14:04","date_gmt":"2023-07-06T14:14:04","guid":{"rendered":"https:\/\/aceweb.cat\/?p=42782"},"modified":"2024-01-12T10:02:40","modified_gmt":"2024-01-12T10:02:40","slug":"dijous-a-lace-refuerzo-de-forjados-con-losa-colaborante-aligerada-y-conectores-tecnologia-calculo-y-realizacion","status":"publish","type":"post","link":"https:\/\/aceweb.cat\/es\/agenda\/dijous-a-lace-refuerzo-de-forjados-con-losa-colaborante-aligerada-y-conectores-tecnologia-calculo-y-realizacion\/","title":{"rendered":"Dijous a l&#8217;ACE: Refuerzo de forjados con losa colaborante aligerada y conectores: tecnolog\u00eda, c\u00e1lculo y realizaci\u00f3n"},"content":{"rendered":"\n<p>El 29 de junio de 2023, Luca Grugni, Ingeniero de la edificiaci\u00f3n por la Universisda de Pavia (Italia) Laterlite S.p.A. Responsable T\u00e9cnico y M\u00e0rqueting Espa\u00f1a, Francia nos ofreci\u00f3 una sesi\u00f3n de los \u00abDijous a l&#8217;ACE\u00bb donde nos explic\u00f3 el refuerzo de forjados con losa colaborante aligerada y conectores: tecnolog\u00eda, c\u00e1lculo y realizaci\u00f3n.<\/p>\n\n<figure class=\"wp-block-image size-medium\"><img loading=\"lazy\" decoding=\"async\" width=\"300\" height=\"219\" src=\"https:\/\/aceweb.cat\/wp-content\/uploads\/2023\/07\/connettore-chimico-centrostorico-posa-300x219.jpg\" alt=\"\" class=\"wp-image-42771\" srcset=\"https:\/\/aceweb.cat\/wp-content\/uploads\/2023\/07\/connettore-chimico-centrostorico-posa-300x219.jpg 300w, https:\/\/aceweb.cat\/wp-content\/uploads\/2023\/07\/connettore-chimico-centrostorico-posa-1024x746.jpg 1024w, https:\/\/aceweb.cat\/wp-content\/uploads\/2023\/07\/connettore-chimico-centrostorico-posa-768x560.jpg 768w, https:\/\/aceweb.cat\/wp-content\/uploads\/2023\/07\/connettore-chimico-centrostorico-posa-600x437.jpg 600w, https:\/\/aceweb.cat\/wp-content\/uploads\/2023\/07\/connettore-chimico-centrostorico-posa.jpg 1400w\" sizes=\"auto, (max-width: 300px) 100vw, 300px\" \/><\/figure>\n\n<p>En esta Jornada se tratar\u00e1n varios aspectos de los sistemas de refuerzo de forjados mediante losa colaborante realizada con hormig\u00f3n ligero estructural (HLE) a base de arcilla expandida y distintos sistemas de conexi\u00f3n, en los tipos de forjados m\u00e1s comunes, bas\u00e1ndonos en el conocimiento y las realizaciones de la empresa Laterlite. Tambi\u00e9n se considerar\u00e1 la oportunidad de utilizar sistemas espec\u00edficamente dise\u00f1ados para la conexi\u00f3n entre la nueva losa colaborante y los muros de carga, junto con la realizaci\u00f3n de zunchos perimetrales, y sus efectos sobre el comportamiento del edificio frente a se\u00edsmos.<\/p>\n\n<p><\/p>\n\n<p><\/p>\n\n<p><\/p>\n\n<p>Ponente: <strong>Luca Grugni, <\/strong>\u00a0Ingenierio de la Edificaci\u00f3n por la Universidad de Pavia (Italia), Laterlite S.p.A. Responsable T\u00e9cnico y M\u00e1rqueting Espa\u00f1a, Francia.<\/p>\n\n<p><br\/><br\/><\/p>\n\n<p><strong>Presentaci\u00f3n<\/strong><\/p>\n","protected":false},"excerpt":{"rendered":"<p>El 29 de junio de 2023, Luca Grugni, Ingeniero de la edificiaci\u00f3n por la Universisda de Pavia (Italia) Laterlite S.p.A. Responsable T\u00e9cnico y M\u00e0rqueting Espa\u00f1a, Francia nos ofreci\u00f3 una sesi\u00f3n de los \u00abDijous a l&#8217;ACE\u00bb donde nos explic\u00f3 el refuerzo de forjados con losa colaborante aligerada y conectores: tecnolog\u00eda, c\u00e1lculo y realizaci\u00f3n. En esta Jornada &hellip;<\/p>\n<p class=\"read-more\"> <a class=\"\" href=\"https:\/\/aceweb.cat\/es\/agenda\/dijous-a-lace-refuerzo-de-forjados-con-losa-colaborante-aligerada-y-conectores-tecnologia-calculo-y-realizacion\/\"> <span class=\"screen-reader-text\">Dijous a l&#8217;ACE: Refuerzo de forjados con losa colaborante aligerada y conectores: tecnolog\u00eda, c\u00e1lculo y realizaci\u00f3n<\/span> Leer m\u00e1s &raquo;<\/a><\/p>\n","protected":false},"author":93,"featured_media":42776,"comment_status":"closed","ping_status":"closed","sticky":false,"template":"","format":"standard","meta":{"_acf_changed":false,"site-sidebar-layout":"default","site-content-layout":"default","ast-global-header-display":"","ast-main-header-display":"","ast-hfb-above-header-display":"","ast-hfb-below-header-display":"","ast-hfb-mobile-header-display":"","site-post-title":"","ast-breadcrumbs-content":"","ast-featured-img":"","footer-sml-layout":"","theme-transparent-header-meta":"","adv-header-id-meta":"","stick-header-meta":"","header-above-stick-meta":"","header-main-stick-meta":"","header-below-stick-meta":"","footnotes":""},"categories":[373,374,375,377,380],"tags":[],"class_list":["post-42782","post","type-post","status-publish","format-standard","has-post-thumbnail","hentry","category-agenda","category-dijous-a-lace-es","category-formacion","category-jornadas","category-noticias"],"acf":[],"yoast_head":"<!-- This site is optimized with the Yoast SEO plugin v27.1.1 - https:\/\/yoast.com\/product\/yoast-seo-wordpress\/ -->\n<title>Dijous a l&#039;ACE: Refuerzo de forjados con losa colaborante aligerada y conectores: tecnolog\u00eda, c\u00e1lculo y realizaci\u00f3n | ACE<\/title>\n<meta name=\"description\" content=\"El 29 de junio Luca Grugni nos habl\u00f3 sobre el refuerzo de losas colaborantes aligeradas y conectores.\" \/>\n<meta name=\"robots\" content=\"index, follow, max-snippet:-1, max-image-preview:large, max-video-preview:-1\" \/>\n<link rel=\"canonical\" href=\"https:\/\/aceweb.cat\/es\/agenda\/dijous-a-lace-refuerzo-de-forjados-con-losa-colaborante-aligerada-y-conectores-tecnologia-calculo-y-realizacion\/\" \/>\n<meta property=\"og:locale\" content=\"es_ES\" \/>\n<meta property=\"og:type\" content=\"article\" \/>\n<meta property=\"og:title\" content=\"Dijous a l&#039;ACE: Refuerzo de forjados con losa colaborante aligerada y conectores: tecnolog\u00eda, c\u00e1lculo y realizaci\u00f3n | ACE\" \/>\n<meta property=\"og:description\" content=\"El 29 de junio Luca Grugni nos habl\u00f3 sobre el refuerzo de losas colaborantes aligeradas y conectores.\" \/>\n<meta property=\"og:url\" content=\"https:\/\/aceweb.cat\/es\/agenda\/dijous-a-lace-refuerzo-de-forjados-con-losa-colaborante-aligerada-y-conectores-tecnologia-calculo-y-realizacion\/\" \/>\n<meta property=\"og:site_name\" content=\"aceweb.cat\" \/>\n<meta property=\"article:published_time\" content=\"2023-07-06T14:14:04+00:00\" \/>\n<meta property=\"article:modified_time\" content=\"2024-01-12T10:02:40+00:00\" \/>\n<meta property=\"og:image\" content=\"https:\/\/aceweb.cat\/wp-content\/uploads\/2023\/07\/wpid-4554_Laterliteconsolidamentosolai.jpg\" \/>\n\t<meta property=\"og:image:width\" content=\"600\" \/>\n\t<meta property=\"og:image:height\" content=\"399\" \/>\n\t<meta property=\"og:image:type\" content=\"image\/jpeg\" \/>\n<meta name=\"author\" content=\"Merc\u00e8 Sierra\" \/>\n<meta name=\"twitter:card\" content=\"summary_large_image\" \/>\n<meta name=\"twitter:label1\" content=\"Escrito por\" \/>\n\t<meta name=\"twitter:data1\" content=\"Merc\u00e8 Sierra\" \/>\n\t<meta name=\"twitter:label2\" content=\"Tiempo de lectura\" \/>\n\t<meta name=\"twitter:data2\" content=\"2 minutos\" \/>\n<script type=\"application\/ld+json\" class=\"yoast-schema-graph\">{\"@context\":\"https:\/\/schema.org\",\"@graph\":[{\"@type\":\"Article\",\"@id\":\"https:\/\/aceweb.cat\/es\/agenda\/dijous-a-lace-refuerzo-de-forjados-con-losa-colaborante-aligerada-y-conectores-tecnologia-calculo-y-realizacion\/#article\",\"isPartOf\":{\"@id\":\"https:\/\/aceweb.cat\/es\/agenda\/dijous-a-lace-refuerzo-de-forjados-con-losa-colaborante-aligerada-y-conectores-tecnologia-calculo-y-realizacion\/\"},\"author\":{\"name\":\"Merc\u00e8 Sierra\",\"@id\":\"https:\/\/aceweb.cat\/#\/schema\/person\/a6b8893e55b089407baaac96e1014d92\"},\"headline\":\"Dijous a l&#8217;ACE: Refuerzo de forjados con losa colaborante aligerada y conectores: tecnolog\u00eda, c\u00e1lculo y realizaci\u00f3n\",\"datePublished\":\"2023-07-06T14:14:04+00:00\",\"dateModified\":\"2024-01-12T10:02:40+00:00\",\"mainEntityOfPage\":{\"@id\":\"https:\/\/aceweb.cat\/es\/agenda\/dijous-a-lace-refuerzo-de-forjados-con-losa-colaborante-aligerada-y-conectores-tecnologia-calculo-y-realizacion\/\"},\"wordCount\":213,\"publisher\":{\"@id\":\"https:\/\/aceweb.cat\/#organization\"},\"image\":{\"@id\":\"https:\/\/aceweb.cat\/es\/agenda\/dijous-a-lace-refuerzo-de-forjados-con-losa-colaborante-aligerada-y-conectores-tecnologia-calculo-y-realizacion\/#primaryimage\"},\"thumbnailUrl\":\"https:\/\/aceweb.cat\/wp-content\/uploads\/2023\/07\/wpid-4554_Laterliteconsolidamentosolai.jpg\",\"articleSection\":[\"Agenda\",\"Dijous a l'ACE\",\"Formaci\u00f3n\",\"Jornadas\",\"Noticias\"],\"inLanguage\":\"es\"},{\"@type\":\"WebPage\",\"@id\":\"https:\/\/aceweb.cat\/es\/agenda\/dijous-a-lace-refuerzo-de-forjados-con-losa-colaborante-aligerada-y-conectores-tecnologia-calculo-y-realizacion\/\",\"url\":\"https:\/\/aceweb.cat\/es\/agenda\/dijous-a-lace-refuerzo-de-forjados-con-losa-colaborante-aligerada-y-conectores-tecnologia-calculo-y-realizacion\/\",\"name\":\"Dijous a l'ACE: Refuerzo de forjados con losa colaborante aligerada y conectores: tecnolog\u00eda, c\u00e1lculo y realizaci\u00f3n | ACE\",\"isPartOf\":{\"@id\":\"https:\/\/aceweb.cat\/#website\"},\"primaryImageOfPage\":{\"@id\":\"https:\/\/aceweb.cat\/es\/agenda\/dijous-a-lace-refuerzo-de-forjados-con-losa-colaborante-aligerada-y-conectores-tecnologia-calculo-y-realizacion\/#primaryimage\"},\"image\":{\"@id\":\"https:\/\/aceweb.cat\/es\/agenda\/dijous-a-lace-refuerzo-de-forjados-con-losa-colaborante-aligerada-y-conectores-tecnologia-calculo-y-realizacion\/#primaryimage\"},\"thumbnailUrl\":\"https:\/\/aceweb.cat\/wp-content\/uploads\/2023\/07\/wpid-4554_Laterliteconsolidamentosolai.jpg\",\"datePublished\":\"2023-07-06T14:14:04+00:00\",\"dateModified\":\"2024-01-12T10:02:40+00:00\",\"description\":\"El 29 de junio Luca Grugni nos habl\u00f3 sobre el refuerzo de losas colaborantes aligeradas y conectores.\",\"breadcrumb\":{\"@id\":\"https:\/\/aceweb.cat\/es\/agenda\/dijous-a-lace-refuerzo-de-forjados-con-losa-colaborante-aligerada-y-conectores-tecnologia-calculo-y-realizacion\/#breadcrumb\"},\"inLanguage\":\"es\",\"potentialAction\":[{\"@type\":\"ReadAction\",\"target\":[\"https:\/\/aceweb.cat\/es\/agenda\/dijous-a-lace-refuerzo-de-forjados-con-losa-colaborante-aligerada-y-conectores-tecnologia-calculo-y-realizacion\/\"]}]},{\"@type\":\"ImageObject\",\"inLanguage\":\"es\",\"@id\":\"https:\/\/aceweb.cat\/es\/agenda\/dijous-a-lace-refuerzo-de-forjados-con-losa-colaborante-aligerada-y-conectores-tecnologia-calculo-y-realizacion\/#primaryimage\",\"url\":\"https:\/\/aceweb.cat\/wp-content\/uploads\/2023\/07\/wpid-4554_Laterliteconsolidamentosolai.jpg\",\"contentUrl\":\"https:\/\/aceweb.cat\/wp-content\/uploads\/2023\/07\/wpid-4554_Laterliteconsolidamentosolai.jpg\",\"width\":600,\"height\":399},{\"@type\":\"BreadcrumbList\",\"@id\":\"https:\/\/aceweb.cat\/es\/agenda\/dijous-a-lace-refuerzo-de-forjados-con-losa-colaborante-aligerada-y-conectores-tecnologia-calculo-y-realizacion\/#breadcrumb\",\"itemListElement\":[{\"@type\":\"ListItem\",\"position\":1,\"name\":\"Inici\",\"item\":\"https:\/\/aceweb.cat\/\"},{\"@type\":\"ListItem\",\"position\":2,\"name\":\"Formaci\u00f3n\",\"item\":\"https:\/\/aceweb.cat\/es\/categoria\/formacion\/\"},{\"@type\":\"ListItem\",\"position\":3,\"name\":\"Jornadas\",\"item\":\"https:\/\/aceweb.cat\/es\/categoria\/formacion\/jornadas\/\"},{\"@type\":\"ListItem\",\"position\":4,\"name\":\"Dijous a l'ACE\",\"item\":\"https:\/\/aceweb.cat\/es\/categoria\/formacion\/jornadas\/dijous-a-lace-es\/\"},{\"@type\":\"ListItem\",\"position\":5,\"name\":\"Dijous a l&#8217;ACE: Refuerzo de forjados con losa colaborante aligerada y conectores: tecnolog\u00eda, c\u00e1lculo y realizaci\u00f3n\"}]},{\"@type\":\"WebSite\",\"@id\":\"https:\/\/aceweb.cat\/#website\",\"url\":\"https:\/\/aceweb.cat\/\",\"name\":\"ACE\",\"description\":\"Associaci\u00f3 de Consultors d&#039;Estructures | ACE\",\"publisher\":{\"@id\":\"https:\/\/aceweb.cat\/#organization\"},\"alternateName\":\"ACE\",\"potentialAction\":[{\"@type\":\"SearchAction\",\"target\":{\"@type\":\"EntryPoint\",\"urlTemplate\":\"https:\/\/aceweb.cat\/?s={search_term_string}\"},\"query-input\":{\"@type\":\"PropertyValueSpecification\",\"valueRequired\":true,\"valueName\":\"search_term_string\"}}],\"inLanguage\":\"es\"},{\"@type\":\"Organization\",\"@id\":\"https:\/\/aceweb.cat\/#organization\",\"name\":\"ACE\",\"alternateName\":\"ACE\",\"url\":\"https:\/\/aceweb.cat\/\",\"logo\":{\"@type\":\"ImageObject\",\"inLanguage\":\"es\",\"@id\":\"https:\/\/aceweb.cat\/#\/schema\/logo\/image\/\",\"url\":\"https:\/\/aceweb.cat\/wp-content\/uploads\/2022\/10\/logo.svg\",\"contentUrl\":\"https:\/\/aceweb.cat\/wp-content\/uploads\/2022\/10\/logo.svg\",\"width\":1,\"height\":1,\"caption\":\"ACE\"},\"image\":{\"@id\":\"https:\/\/aceweb.cat\/#\/schema\/logo\/image\/\"}},{\"@type\":\"Person\",\"@id\":\"https:\/\/aceweb.cat\/#\/schema\/person\/a6b8893e55b089407baaac96e1014d92\",\"name\":\"Merc\u00e8 Sierra\",\"image\":{\"@type\":\"ImageObject\",\"inLanguage\":\"es\",\"@id\":\"https:\/\/aceweb.cat\/#\/schema\/person\/image\/\",\"url\":\"https:\/\/secure.gravatar.com\/avatar\/22f0c97d4117dfcc3220888d6384e2a07df217ae83511660a0783b56292770b5?s=96&d=mm&r=g\",\"contentUrl\":\"https:\/\/secure.gravatar.com\/avatar\/22f0c97d4117dfcc3220888d6384e2a07df217ae83511660a0783b56292770b5?s=96&d=mm&r=g\",\"caption\":\"Merc\u00e8 Sierra\"},\"url\":\"https:\/\/aceweb.cat\/es\/author\/merce-sierra\/\"}]}<\/script>\n<!-- \/ Yoast SEO plugin. -->","yoast_head_json":{"title":"Dijous a l'ACE: Refuerzo de forjados con losa colaborante aligerada y conectores: tecnolog\u00eda, c\u00e1lculo y realizaci\u00f3n | ACE","description":"El 29 de junio Luca Grugni nos habl\u00f3 sobre el refuerzo de losas colaborantes aligeradas y conectores.","robots":{"index":"index","follow":"follow","max-snippet":"max-snippet:-1","max-image-preview":"max-image-preview:large","max-video-preview":"max-video-preview:-1"},"canonical":"https:\/\/aceweb.cat\/es\/agenda\/dijous-a-lace-refuerzo-de-forjados-con-losa-colaborante-aligerada-y-conectores-tecnologia-calculo-y-realizacion\/","og_locale":"es_ES","og_type":"article","og_title":"Dijous a l'ACE: Refuerzo de forjados con losa colaborante aligerada y conectores: tecnolog\u00eda, c\u00e1lculo y realizaci\u00f3n | ACE","og_description":"El 29 de junio Luca Grugni nos habl\u00f3 sobre el refuerzo de losas colaborantes aligeradas y conectores.","og_url":"https:\/\/aceweb.cat\/es\/agenda\/dijous-a-lace-refuerzo-de-forjados-con-losa-colaborante-aligerada-y-conectores-tecnologia-calculo-y-realizacion\/","og_site_name":"aceweb.cat","article_published_time":"2023-07-06T14:14:04+00:00","article_modified_time":"2024-01-12T10:02:40+00:00","og_image":[{"width":600,"height":399,"url":"https:\/\/aceweb.cat\/wp-content\/uploads\/2023\/07\/wpid-4554_Laterliteconsolidamentosolai.jpg","type":"image\/jpeg"}],"author":"Merc\u00e8 Sierra","twitter_card":"summary_large_image","twitter_misc":{"Escrito por":"Merc\u00e8 Sierra","Tiempo de lectura":"2 minutos"},"schema":{"@context":"https:\/\/schema.org","@graph":[{"@type":"Article","@id":"https:\/\/aceweb.cat\/es\/agenda\/dijous-a-lace-refuerzo-de-forjados-con-losa-colaborante-aligerada-y-conectores-tecnologia-calculo-y-realizacion\/#article","isPartOf":{"@id":"https:\/\/aceweb.cat\/es\/agenda\/dijous-a-lace-refuerzo-de-forjados-con-losa-colaborante-aligerada-y-conectores-tecnologia-calculo-y-realizacion\/"},"author":{"name":"Merc\u00e8 Sierra","@id":"https:\/\/aceweb.cat\/#\/schema\/person\/a6b8893e55b089407baaac96e1014d92"},"headline":"Dijous a l&#8217;ACE: Refuerzo de forjados con losa colaborante aligerada y conectores: tecnolog\u00eda, c\u00e1lculo y realizaci\u00f3n","datePublished":"2023-07-06T14:14:04+00:00","dateModified":"2024-01-12T10:02:40+00:00","mainEntityOfPage":{"@id":"https:\/\/aceweb.cat\/es\/agenda\/dijous-a-lace-refuerzo-de-forjados-con-losa-colaborante-aligerada-y-conectores-tecnologia-calculo-y-realizacion\/"},"wordCount":213,"publisher":{"@id":"https:\/\/aceweb.cat\/#organization"},"image":{"@id":"https:\/\/aceweb.cat\/es\/agenda\/dijous-a-lace-refuerzo-de-forjados-con-losa-colaborante-aligerada-y-conectores-tecnologia-calculo-y-realizacion\/#primaryimage"},"thumbnailUrl":"https:\/\/aceweb.cat\/wp-content\/uploads\/2023\/07\/wpid-4554_Laterliteconsolidamentosolai.jpg","articleSection":["Agenda","Dijous a l'ACE","Formaci\u00f3n","Jornadas","Noticias"],"inLanguage":"es"},{"@type":"WebPage","@id":"https:\/\/aceweb.cat\/es\/agenda\/dijous-a-lace-refuerzo-de-forjados-con-losa-colaborante-aligerada-y-conectores-tecnologia-calculo-y-realizacion\/","url":"https:\/\/aceweb.cat\/es\/agenda\/dijous-a-lace-refuerzo-de-forjados-con-losa-colaborante-aligerada-y-conectores-tecnologia-calculo-y-realizacion\/","name":"Dijous a l'ACE: Refuerzo de forjados con losa colaborante aligerada y conectores: tecnolog\u00eda, c\u00e1lculo y realizaci\u00f3n | ACE","isPartOf":{"@id":"https:\/\/aceweb.cat\/#website"},"primaryImageOfPage":{"@id":"https:\/\/aceweb.cat\/es\/agenda\/dijous-a-lace-refuerzo-de-forjados-con-losa-colaborante-aligerada-y-conectores-tecnologia-calculo-y-realizacion\/#primaryimage"},"image":{"@id":"https:\/\/aceweb.cat\/es\/agenda\/dijous-a-lace-refuerzo-de-forjados-con-losa-colaborante-aligerada-y-conectores-tecnologia-calculo-y-realizacion\/#primaryimage"},"thumbnailUrl":"https:\/\/aceweb.cat\/wp-content\/uploads\/2023\/07\/wpid-4554_Laterliteconsolidamentosolai.jpg","datePublished":"2023-07-06T14:14:04+00:00","dateModified":"2024-01-12T10:02:40+00:00","description":"El 29 de junio Luca Grugni nos habl\u00f3 sobre el refuerzo de losas colaborantes aligeradas y conectores.","breadcrumb":{"@id":"https:\/\/aceweb.cat\/es\/agenda\/dijous-a-lace-refuerzo-de-forjados-con-losa-colaborante-aligerada-y-conectores-tecnologia-calculo-y-realizacion\/#breadcrumb"},"inLanguage":"es","potentialAction":[{"@type":"ReadAction","target":["https:\/\/aceweb.cat\/es\/agenda\/dijous-a-lace-refuerzo-de-forjados-con-losa-colaborante-aligerada-y-conectores-tecnologia-calculo-y-realizacion\/"]}]},{"@type":"ImageObject","inLanguage":"es","@id":"https:\/\/aceweb.cat\/es\/agenda\/dijous-a-lace-refuerzo-de-forjados-con-losa-colaborante-aligerada-y-conectores-tecnologia-calculo-y-realizacion\/#primaryimage","url":"https:\/\/aceweb.cat\/wp-content\/uploads\/2023\/07\/wpid-4554_Laterliteconsolidamentosolai.jpg","contentUrl":"https:\/\/aceweb.cat\/wp-content\/uploads\/2023\/07\/wpid-4554_Laterliteconsolidamentosolai.jpg","width":600,"height":399},{"@type":"BreadcrumbList","@id":"https:\/\/aceweb.cat\/es\/agenda\/dijous-a-lace-refuerzo-de-forjados-con-losa-colaborante-aligerada-y-conectores-tecnologia-calculo-y-realizacion\/#breadcrumb","itemListElement":[{"@type":"ListItem","position":1,"name":"Inici","item":"https:\/\/aceweb.cat\/"},{"@type":"ListItem","position":2,"name":"Formaci\u00f3n","item":"https:\/\/aceweb.cat\/es\/categoria\/formacion\/"},{"@type":"ListItem","position":3,"name":"Jornadas","item":"https:\/\/aceweb.cat\/es\/categoria\/formacion\/jornadas\/"},{"@type":"ListItem","position":4,"name":"Dijous a l'ACE","item":"https:\/\/aceweb.cat\/es\/categoria\/formacion\/jornadas\/dijous-a-lace-es\/"},{"@type":"ListItem","position":5,"name":"Dijous a l&#8217;ACE: Refuerzo de forjados con losa colaborante aligerada y conectores: tecnolog\u00eda, c\u00e1lculo y realizaci\u00f3n"}]},{"@type":"WebSite","@id":"https:\/\/aceweb.cat\/#website","url":"https:\/\/aceweb.cat\/","name":"ACE","description":"Associaci\u00f3 de Consultors d&#039;Estructures | ACE","publisher":{"@id":"https:\/\/aceweb.cat\/#organization"},"alternateName":"ACE","potentialAction":[{"@type":"SearchAction","target":{"@type":"EntryPoint","urlTemplate":"https:\/\/aceweb.cat\/?s={search_term_string}"},"query-input":{"@type":"PropertyValueSpecification","valueRequired":true,"valueName":"search_term_string"}}],"inLanguage":"es"},{"@type":"Organization","@id":"https:\/\/aceweb.cat\/#organization","name":"ACE","alternateName":"ACE","url":"https:\/\/aceweb.cat\/","logo":{"@type":"ImageObject","inLanguage":"es","@id":"https:\/\/aceweb.cat\/#\/schema\/logo\/image\/","url":"https:\/\/aceweb.cat\/wp-content\/uploads\/2022\/10\/logo.svg","contentUrl":"https:\/\/aceweb.cat\/wp-content\/uploads\/2022\/10\/logo.svg","width":1,"height":1,"caption":"ACE"},"image":{"@id":"https:\/\/aceweb.cat\/#\/schema\/logo\/image\/"}},{"@type":"Person","@id":"https:\/\/aceweb.cat\/#\/schema\/person\/a6b8893e55b089407baaac96e1014d92","name":"Merc\u00e8 Sierra","image":{"@type":"ImageObject","inLanguage":"es","@id":"https:\/\/aceweb.cat\/#\/schema\/person\/image\/","url":"https:\/\/secure.gravatar.com\/avatar\/22f0c97d4117dfcc3220888d6384e2a07df217ae83511660a0783b56292770b5?s=96&d=mm&r=g","contentUrl":"https:\/\/secure.gravatar.com\/avatar\/22f0c97d4117dfcc3220888d6384e2a07df217ae83511660a0783b56292770b5?s=96&d=mm&r=g","caption":"Merc\u00e8 Sierra"},"url":"https:\/\/aceweb.cat\/es\/author\/merce-sierra\/"}]}},"_links":{"self":[{"href":"https:\/\/aceweb.cat\/es\/wp-json\/wp\/v2\/posts\/42782","targetHints":{"allow":["GET"]}}],"collection":[{"href":"https:\/\/aceweb.cat\/es\/wp-json\/wp\/v2\/posts"}],"about":[{"href":"https:\/\/aceweb.cat\/es\/wp-json\/wp\/v2\/types\/post"}],"author":[{"embeddable":true,"href":"https:\/\/aceweb.cat\/es\/wp-json\/wp\/v2\/users\/93"}],"replies":[{"embeddable":true,"href":"https:\/\/aceweb.cat\/es\/wp-json\/wp\/v2\/comments?post=42782"}],"version-history":[{"count":3,"href":"https:\/\/aceweb.cat\/es\/wp-json\/wp\/v2\/posts\/42782\/revisions"}],"predecessor-version":[{"id":43819,"href":"https:\/\/aceweb.cat\/es\/wp-json\/wp\/v2\/posts\/42782\/revisions\/43819"}],"wp:featuredmedia":[{"embeddable":true,"href":"https:\/\/aceweb.cat\/es\/wp-json\/wp\/v2\/media\/42776"}],"wp:attachment":[{"href":"https:\/\/aceweb.cat\/es\/wp-json\/wp\/v2\/media?parent=42782"}],"wp:term":[{"taxonomy":"category","embeddable":true,"href":"https:\/\/aceweb.cat\/es\/wp-json\/wp\/v2\/categories?post=42782"},{"taxonomy":"post_tag","embeddable":true,"href":"https:\/\/aceweb.cat\/es\/wp-json\/wp\/v2\/tags?post=42782"}],"curies":[{"name":"wp","href":"https:\/\/api.w.org\/{rel}","templated":true}]}}