{"id":42834,"date":"2023-07-20T08:21:56","date_gmt":"2023-07-20T08:21:56","guid":{"rendered":"https:\/\/aceweb.cat\/?p=42834"},"modified":"2024-01-12T10:06:36","modified_gmt":"2024-01-12T10:06:36","slug":"dijous-a-lace-introduccion-a-la-industrializacion-de-viviendas-con-prefabricados-de-hormigon","status":"publish","type":"post","link":"https:\/\/aceweb.cat\/es\/agenda\/dijous-a-lace-introduccion-a-la-industrializacion-de-viviendas-con-prefabricados-de-hormigon\/","title":{"rendered":"Dijous a l&#8217;ACE: Introducci\u00f3n a la Industrializaci\u00f3n de viviendas con prefabricados de hormig\u00f3n"},"content":{"rendered":"\n<p>El 14 de septiembre 2023, <strong>Xevi Sauquet<\/strong>: Ingeniero Civil \u2013 Coordinador de la oficina t\u00e9cnica de Roansa y <strong>Sergi Sayos Silva<\/strong>: Ingeniero T\u00e9cnico Industrial \u2013 Responsable del departamento de c\u00e1lculo de Roansa nos presentaran una sesi\u00f3n de los \u00abDijous a l&#8217;ACE\u00bb donde nos explicaran estructuras industrializadas de viviendas.<\/p>\n\n<p>En esta jornada se pretende realizar una introducci\u00f3n sobre el proceso de dise\u00f1o, c\u00e1lculo y ejecuci\u00f3n de las estructuras industrializadas de hormig\u00f3n prefabricado que, cada vez m\u00e1s, van teniendo mayor relevancia en la construcci\u00f3n de viviendas de todo tipo. Tambi\u00e9n se enfatizar\u00e1 en los puntos a tener en cuenta a la hora de calcular las dem\u00e1s partes que conformar\u00edan la estructura del edificio, en las ventajas que supone trabajar con BIM, en las diferencias frente a las estructuras de hormig\u00f3n tradicional y en las particularidades y retos de la edificaci\u00f3n industrializada en altura.<\/p>\n\n<p><strong>Presentaci\u00f3n<\/strong>:<\/p>\n\n<p><strong>DIA i HORA<\/strong>: 14 de septiembre de 2023 a las 17:30 h&#13;\n<strong>FORMAT<\/strong>: Presencial y On line<\/p>\n\n<p><strong>LUGAR<\/strong>: Wellington, 19 &#8211; 08034 Barcelona&#13;\n<strong>IDIOMA<\/strong>: Catal\u00e1n&#13;\n<strong>PONENTS<\/strong>:<\/p>\n\n<p><strong>Xevi Sauquet<\/strong>: Ingeniero Civil \u2013 Coordinador de la oficina t\u00e9cnica de Roansa&#13;\n&#13;\n<strong>Sergi Sayos Silva<\/strong>: Ingeniero T\u00e9cnico Industrial \u2013 Responsable del departamento de c\u00e1lculo de Roansa<\/p>\n\n<p><strong>Registra&#8217;t a la\u00a0sessi\u00f3 al <a href=\"https:\/\/forms.gle\/rw6EYTyWUfy8RgGM8\" target=\"_blank\" rel=\"noreferrer noopener\">formulario<\/a><\/strong><\/p>\n","protected":false},"excerpt":{"rendered":"<p>El 14 de septiembre 2023, Xevi Sauquet: Ingeniero Civil \u2013 Coordinador de la oficina t\u00e9cnica de Roansa y Sergi Sayos Silva: Ingeniero T\u00e9cnico Industrial \u2013 Responsable del departamento de c\u00e1lculo de Roansa nos presentaran una sesi\u00f3n de los \u00abDijous a l&#8217;ACE\u00bb donde nos explicaran estructuras industrializadas de viviendas. En esta jornada se pretende realizar una &hellip;<\/p>\n<p class=\"read-more\"> <a class=\"\" href=\"https:\/\/aceweb.cat\/es\/agenda\/dijous-a-lace-introduccion-a-la-industrializacion-de-viviendas-con-prefabricados-de-hormigon\/\"> <span class=\"screen-reader-text\">Dijous a l&#8217;ACE: Introducci\u00f3n a la Industrializaci\u00f3n de viviendas con prefabricados de hormig\u00f3n<\/span> Leer m\u00e1s &raquo;<\/a><\/p>\n","protected":false},"author":93,"featured_media":42830,"comment_status":"closed","ping_status":"closed","sticky":false,"template":"","format":"standard","meta":{"_acf_changed":false,"site-sidebar-layout":"default","site-content-layout":"default","ast-global-header-display":"","ast-main-header-display":"","ast-hfb-above-header-display":"","ast-hfb-below-header-display":"","ast-hfb-mobile-header-display":"","site-post-title":"","ast-breadcrumbs-content":"","ast-featured-img":"","footer-sml-layout":"","theme-transparent-header-meta":"","adv-header-id-meta":"","stick-header-meta":"","header-above-stick-meta":"","header-main-stick-meta":"","header-below-stick-meta":"","footnotes":""},"categories":[373,374,375,377,380],"tags":[],"class_list":["post-42834","post","type-post","status-publish","format-standard","has-post-thumbnail","hentry","category-agenda","category-dijous-a-lace-es","category-formacion","category-jornadas","category-noticias"],"acf":[],"yoast_head":"<!-- This site is optimized with the Yoast SEO plugin v27.1.1 - https:\/\/yoast.com\/product\/yoast-seo-wordpress\/ -->\n<title>Dijous a l&#039;ACE: Introducci\u00f3n a la Industrializaci\u00f3n de viviendas con prefabricados de hormig\u00f3n | ACE<\/title>\n<meta name=\"description\" content=\"El 14 de septiembre Xevi Sauquet y Sergi Sayos nos hablaran sobre la industrializaci\u00f3n de viviendas con prefabricados de hormig\u00f3n.\" \/>\n<meta name=\"robots\" content=\"index, follow, max-snippet:-1, max-image-preview:large, max-video-preview:-1\" \/>\n<link rel=\"canonical\" href=\"https:\/\/aceweb.cat\/es\/agenda\/dijous-a-lace-introduccion-a-la-industrializacion-de-viviendas-con-prefabricados-de-hormigon\/\" \/>\n<meta property=\"og:locale\" content=\"es_ES\" \/>\n<meta property=\"og:type\" content=\"article\" \/>\n<meta property=\"og:title\" content=\"Dijous a l&#039;ACE: Introducci\u00f3n a la Industrializaci\u00f3n de viviendas con prefabricados de hormig\u00f3n | ACE\" \/>\n<meta property=\"og:description\" content=\"El 14 de septiembre Xevi Sauquet y Sergi Sayos nos hablaran sobre la industrializaci\u00f3n de viviendas con prefabricados de hormig\u00f3n.\" \/>\n<meta property=\"og:url\" content=\"https:\/\/aceweb.cat\/es\/agenda\/dijous-a-lace-introduccion-a-la-industrializacion-de-viviendas-con-prefabricados-de-hormigon\/\" \/>\n<meta property=\"og:site_name\" content=\"aceweb.cat\" \/>\n<meta property=\"article:published_time\" content=\"2023-07-20T08:21:56+00:00\" \/>\n<meta property=\"article:modified_time\" content=\"2024-01-12T10:06:36+00:00\" \/>\n<meta property=\"og:image\" content=\"https:\/\/aceweb.cat\/wp-content\/uploads\/2023\/07\/imatge-roansa.jpg\" \/>\n\t<meta property=\"og:image:width\" content=\"707\" \/>\n\t<meta property=\"og:image:height\" content=\"658\" \/>\n\t<meta property=\"og:image:type\" content=\"image\/jpeg\" \/>\n<meta name=\"author\" content=\"Merc\u00e8 Sierra\" \/>\n<meta name=\"twitter:card\" content=\"summary_large_image\" \/>\n<meta name=\"twitter:label1\" content=\"Escrito por\" \/>\n\t<meta name=\"twitter:data1\" content=\"Merc\u00e8 Sierra\" \/>\n\t<meta name=\"twitter:label2\" content=\"Tiempo de lectura\" \/>\n\t<meta name=\"twitter:data2\" content=\"1 minuto\" \/>\n<script type=\"application\/ld+json\" class=\"yoast-schema-graph\">{\"@context\":\"https:\/\/schema.org\",\"@graph\":[{\"@type\":\"Article\",\"@id\":\"https:\/\/aceweb.cat\/es\/agenda\/dijous-a-lace-introduccion-a-la-industrializacion-de-viviendas-con-prefabricados-de-hormigon\/#article\",\"isPartOf\":{\"@id\":\"https:\/\/aceweb.cat\/es\/agenda\/dijous-a-lace-introduccion-a-la-industrializacion-de-viviendas-con-prefabricados-de-hormigon\/\"},\"author\":{\"name\":\"Merc\u00e8 Sierra\",\"@id\":\"https:\/\/aceweb.cat\/#\/schema\/person\/a6b8893e55b089407baaac96e1014d92\"},\"headline\":\"Dijous a l&#8217;ACE: Introducci\u00f3n a la Industrializaci\u00f3n de viviendas con prefabricados de hormig\u00f3n\",\"datePublished\":\"2023-07-20T08:21:56+00:00\",\"dateModified\":\"2024-01-12T10:06:36+00:00\",\"mainEntityOfPage\":{\"@id\":\"https:\/\/aceweb.cat\/es\/agenda\/dijous-a-lace-introduccion-a-la-industrializacion-de-viviendas-con-prefabricados-de-hormigon\/\"},\"wordCount\":229,\"publisher\":{\"@id\":\"https:\/\/aceweb.cat\/#organization\"},\"image\":{\"@id\":\"https:\/\/aceweb.cat\/es\/agenda\/dijous-a-lace-introduccion-a-la-industrializacion-de-viviendas-con-prefabricados-de-hormigon\/#primaryimage\"},\"thumbnailUrl\":\"https:\/\/aceweb.cat\/wp-content\/uploads\/2023\/07\/imatge-roansa.jpg\",\"articleSection\":[\"Agenda\",\"Dijous a l'ACE\",\"Formaci\u00f3n\",\"Jornadas\",\"Noticias\"],\"inLanguage\":\"es\"},{\"@type\":\"WebPage\",\"@id\":\"https:\/\/aceweb.cat\/es\/agenda\/dijous-a-lace-introduccion-a-la-industrializacion-de-viviendas-con-prefabricados-de-hormigon\/\",\"url\":\"https:\/\/aceweb.cat\/es\/agenda\/dijous-a-lace-introduccion-a-la-industrializacion-de-viviendas-con-prefabricados-de-hormigon\/\",\"name\":\"Dijous a l'ACE: Introducci\u00f3n a la Industrializaci\u00f3n de viviendas con prefabricados de hormig\u00f3n | ACE\",\"isPartOf\":{\"@id\":\"https:\/\/aceweb.cat\/#website\"},\"primaryImageOfPage\":{\"@id\":\"https:\/\/aceweb.cat\/es\/agenda\/dijous-a-lace-introduccion-a-la-industrializacion-de-viviendas-con-prefabricados-de-hormigon\/#primaryimage\"},\"image\":{\"@id\":\"https:\/\/aceweb.cat\/es\/agenda\/dijous-a-lace-introduccion-a-la-industrializacion-de-viviendas-con-prefabricados-de-hormigon\/#primaryimage\"},\"thumbnailUrl\":\"https:\/\/aceweb.cat\/wp-content\/uploads\/2023\/07\/imatge-roansa.jpg\",\"datePublished\":\"2023-07-20T08:21:56+00:00\",\"dateModified\":\"2024-01-12T10:06:36+00:00\",\"description\":\"El 14 de septiembre Xevi Sauquet y Sergi Sayos nos hablaran sobre la industrializaci\u00f3n de viviendas con prefabricados de hormig\u00f3n.\",\"breadcrumb\":{\"@id\":\"https:\/\/aceweb.cat\/es\/agenda\/dijous-a-lace-introduccion-a-la-industrializacion-de-viviendas-con-prefabricados-de-hormigon\/#breadcrumb\"},\"inLanguage\":\"es\",\"potentialAction\":[{\"@type\":\"ReadAction\",\"target\":[\"https:\/\/aceweb.cat\/es\/agenda\/dijous-a-lace-introduccion-a-la-industrializacion-de-viviendas-con-prefabricados-de-hormigon\/\"]}]},{\"@type\":\"ImageObject\",\"inLanguage\":\"es\",\"@id\":\"https:\/\/aceweb.cat\/es\/agenda\/dijous-a-lace-introduccion-a-la-industrializacion-de-viviendas-con-prefabricados-de-hormigon\/#primaryimage\",\"url\":\"https:\/\/aceweb.cat\/wp-content\/uploads\/2023\/07\/imatge-roansa.jpg\",\"contentUrl\":\"https:\/\/aceweb.cat\/wp-content\/uploads\/2023\/07\/imatge-roansa.jpg\",\"width\":707,\"height\":658,\"caption\":\"Imatge Roansa\"},{\"@type\":\"BreadcrumbList\",\"@id\":\"https:\/\/aceweb.cat\/es\/agenda\/dijous-a-lace-introduccion-a-la-industrializacion-de-viviendas-con-prefabricados-de-hormigon\/#breadcrumb\",\"itemListElement\":[{\"@type\":\"ListItem\",\"position\":1,\"name\":\"Inici\",\"item\":\"https:\/\/aceweb.cat\/\"},{\"@type\":\"ListItem\",\"position\":2,\"name\":\"Formaci\u00f3n\",\"item\":\"https:\/\/aceweb.cat\/es\/categoria\/formacion\/\"},{\"@type\":\"ListItem\",\"position\":3,\"name\":\"Jornadas\",\"item\":\"https:\/\/aceweb.cat\/es\/categoria\/formacion\/jornadas\/\"},{\"@type\":\"ListItem\",\"position\":4,\"name\":\"Dijous a l'ACE\",\"item\":\"https:\/\/aceweb.cat\/es\/categoria\/formacion\/jornadas\/dijous-a-lace-es\/\"},{\"@type\":\"ListItem\",\"position\":5,\"name\":\"Dijous a l&#8217;ACE: Introducci\u00f3n a la Industrializaci\u00f3n de viviendas con prefabricados de hormig\u00f3n\"}]},{\"@type\":\"WebSite\",\"@id\":\"https:\/\/aceweb.cat\/#website\",\"url\":\"https:\/\/aceweb.cat\/\",\"name\":\"ACE\",\"description\":\"Associaci\u00f3 de Consultors d&#039;Estructures | ACE\",\"publisher\":{\"@id\":\"https:\/\/aceweb.cat\/#organization\"},\"alternateName\":\"ACE\",\"potentialAction\":[{\"@type\":\"SearchAction\",\"target\":{\"@type\":\"EntryPoint\",\"urlTemplate\":\"https:\/\/aceweb.cat\/?s={search_term_string}\"},\"query-input\":{\"@type\":\"PropertyValueSpecification\",\"valueRequired\":true,\"valueName\":\"search_term_string\"}}],\"inLanguage\":\"es\"},{\"@type\":\"Organization\",\"@id\":\"https:\/\/aceweb.cat\/#organization\",\"name\":\"ACE\",\"alternateName\":\"ACE\",\"url\":\"https:\/\/aceweb.cat\/\",\"logo\":{\"@type\":\"ImageObject\",\"inLanguage\":\"es\",\"@id\":\"https:\/\/aceweb.cat\/#\/schema\/logo\/image\/\",\"url\":\"https:\/\/aceweb.cat\/wp-content\/uploads\/2022\/10\/logo.svg\",\"contentUrl\":\"https:\/\/aceweb.cat\/wp-content\/uploads\/2022\/10\/logo.svg\",\"width\":1,\"height\":1,\"caption\":\"ACE\"},\"image\":{\"@id\":\"https:\/\/aceweb.cat\/#\/schema\/logo\/image\/\"}},{\"@type\":\"Person\",\"@id\":\"https:\/\/aceweb.cat\/#\/schema\/person\/a6b8893e55b089407baaac96e1014d92\",\"name\":\"Merc\u00e8 Sierra\",\"image\":{\"@type\":\"ImageObject\",\"inLanguage\":\"es\",\"@id\":\"https:\/\/aceweb.cat\/#\/schema\/person\/image\/\",\"url\":\"https:\/\/secure.gravatar.com\/avatar\/22f0c97d4117dfcc3220888d6384e2a07df217ae83511660a0783b56292770b5?s=96&d=mm&r=g\",\"contentUrl\":\"https:\/\/secure.gravatar.com\/avatar\/22f0c97d4117dfcc3220888d6384e2a07df217ae83511660a0783b56292770b5?s=96&d=mm&r=g\",\"caption\":\"Merc\u00e8 Sierra\"},\"url\":\"https:\/\/aceweb.cat\/es\/author\/merce-sierra\/\"}]}<\/script>\n<!-- \/ Yoast SEO plugin. -->","yoast_head_json":{"title":"Dijous a l'ACE: Introducci\u00f3n a la Industrializaci\u00f3n de viviendas con prefabricados de hormig\u00f3n | ACE","description":"El 14 de septiembre Xevi Sauquet y Sergi Sayos nos hablaran sobre la industrializaci\u00f3n de viviendas con prefabricados de hormig\u00f3n.","robots":{"index":"index","follow":"follow","max-snippet":"max-snippet:-1","max-image-preview":"max-image-preview:large","max-video-preview":"max-video-preview:-1"},"canonical":"https:\/\/aceweb.cat\/es\/agenda\/dijous-a-lace-introduccion-a-la-industrializacion-de-viviendas-con-prefabricados-de-hormigon\/","og_locale":"es_ES","og_type":"article","og_title":"Dijous a l'ACE: Introducci\u00f3n a la Industrializaci\u00f3n de viviendas con prefabricados de hormig\u00f3n | ACE","og_description":"El 14 de septiembre Xevi Sauquet y Sergi Sayos nos hablaran sobre la industrializaci\u00f3n de viviendas con prefabricados de hormig\u00f3n.","og_url":"https:\/\/aceweb.cat\/es\/agenda\/dijous-a-lace-introduccion-a-la-industrializacion-de-viviendas-con-prefabricados-de-hormigon\/","og_site_name":"aceweb.cat","article_published_time":"2023-07-20T08:21:56+00:00","article_modified_time":"2024-01-12T10:06:36+00:00","og_image":[{"width":707,"height":658,"url":"https:\/\/aceweb.cat\/wp-content\/uploads\/2023\/07\/imatge-roansa.jpg","type":"image\/jpeg"}],"author":"Merc\u00e8 Sierra","twitter_card":"summary_large_image","twitter_misc":{"Escrito por":"Merc\u00e8 Sierra","Tiempo de lectura":"1 minuto"},"schema":{"@context":"https:\/\/schema.org","@graph":[{"@type":"Article","@id":"https:\/\/aceweb.cat\/es\/agenda\/dijous-a-lace-introduccion-a-la-industrializacion-de-viviendas-con-prefabricados-de-hormigon\/#article","isPartOf":{"@id":"https:\/\/aceweb.cat\/es\/agenda\/dijous-a-lace-introduccion-a-la-industrializacion-de-viviendas-con-prefabricados-de-hormigon\/"},"author":{"name":"Merc\u00e8 Sierra","@id":"https:\/\/aceweb.cat\/#\/schema\/person\/a6b8893e55b089407baaac96e1014d92"},"headline":"Dijous a l&#8217;ACE: Introducci\u00f3n a la Industrializaci\u00f3n de viviendas con prefabricados de hormig\u00f3n","datePublished":"2023-07-20T08:21:56+00:00","dateModified":"2024-01-12T10:06:36+00:00","mainEntityOfPage":{"@id":"https:\/\/aceweb.cat\/es\/agenda\/dijous-a-lace-introduccion-a-la-industrializacion-de-viviendas-con-prefabricados-de-hormigon\/"},"wordCount":229,"publisher":{"@id":"https:\/\/aceweb.cat\/#organization"},"image":{"@id":"https:\/\/aceweb.cat\/es\/agenda\/dijous-a-lace-introduccion-a-la-industrializacion-de-viviendas-con-prefabricados-de-hormigon\/#primaryimage"},"thumbnailUrl":"https:\/\/aceweb.cat\/wp-content\/uploads\/2023\/07\/imatge-roansa.jpg","articleSection":["Agenda","Dijous a l'ACE","Formaci\u00f3n","Jornadas","Noticias"],"inLanguage":"es"},{"@type":"WebPage","@id":"https:\/\/aceweb.cat\/es\/agenda\/dijous-a-lace-introduccion-a-la-industrializacion-de-viviendas-con-prefabricados-de-hormigon\/","url":"https:\/\/aceweb.cat\/es\/agenda\/dijous-a-lace-introduccion-a-la-industrializacion-de-viviendas-con-prefabricados-de-hormigon\/","name":"Dijous a l'ACE: Introducci\u00f3n a la Industrializaci\u00f3n de viviendas con prefabricados de hormig\u00f3n | ACE","isPartOf":{"@id":"https:\/\/aceweb.cat\/#website"},"primaryImageOfPage":{"@id":"https:\/\/aceweb.cat\/es\/agenda\/dijous-a-lace-introduccion-a-la-industrializacion-de-viviendas-con-prefabricados-de-hormigon\/#primaryimage"},"image":{"@id":"https:\/\/aceweb.cat\/es\/agenda\/dijous-a-lace-introduccion-a-la-industrializacion-de-viviendas-con-prefabricados-de-hormigon\/#primaryimage"},"thumbnailUrl":"https:\/\/aceweb.cat\/wp-content\/uploads\/2023\/07\/imatge-roansa.jpg","datePublished":"2023-07-20T08:21:56+00:00","dateModified":"2024-01-12T10:06:36+00:00","description":"El 14 de septiembre Xevi Sauquet y Sergi Sayos nos hablaran sobre la industrializaci\u00f3n de viviendas con prefabricados de hormig\u00f3n.","breadcrumb":{"@id":"https:\/\/aceweb.cat\/es\/agenda\/dijous-a-lace-introduccion-a-la-industrializacion-de-viviendas-con-prefabricados-de-hormigon\/#breadcrumb"},"inLanguage":"es","potentialAction":[{"@type":"ReadAction","target":["https:\/\/aceweb.cat\/es\/agenda\/dijous-a-lace-introduccion-a-la-industrializacion-de-viviendas-con-prefabricados-de-hormigon\/"]}]},{"@type":"ImageObject","inLanguage":"es","@id":"https:\/\/aceweb.cat\/es\/agenda\/dijous-a-lace-introduccion-a-la-industrializacion-de-viviendas-con-prefabricados-de-hormigon\/#primaryimage","url":"https:\/\/aceweb.cat\/wp-content\/uploads\/2023\/07\/imatge-roansa.jpg","contentUrl":"https:\/\/aceweb.cat\/wp-content\/uploads\/2023\/07\/imatge-roansa.jpg","width":707,"height":658,"caption":"Imatge Roansa"},{"@type":"BreadcrumbList","@id":"https:\/\/aceweb.cat\/es\/agenda\/dijous-a-lace-introduccion-a-la-industrializacion-de-viviendas-con-prefabricados-de-hormigon\/#breadcrumb","itemListElement":[{"@type":"ListItem","position":1,"name":"Inici","item":"https:\/\/aceweb.cat\/"},{"@type":"ListItem","position":2,"name":"Formaci\u00f3n","item":"https:\/\/aceweb.cat\/es\/categoria\/formacion\/"},{"@type":"ListItem","position":3,"name":"Jornadas","item":"https:\/\/aceweb.cat\/es\/categoria\/formacion\/jornadas\/"},{"@type":"ListItem","position":4,"name":"Dijous a l'ACE","item":"https:\/\/aceweb.cat\/es\/categoria\/formacion\/jornadas\/dijous-a-lace-es\/"},{"@type":"ListItem","position":5,"name":"Dijous a l&#8217;ACE: Introducci\u00f3n a la Industrializaci\u00f3n de viviendas con prefabricados de hormig\u00f3n"}]},{"@type":"WebSite","@id":"https:\/\/aceweb.cat\/#website","url":"https:\/\/aceweb.cat\/","name":"ACE","description":"Associaci\u00f3 de Consultors d&#039;Estructures | ACE","publisher":{"@id":"https:\/\/aceweb.cat\/#organization"},"alternateName":"ACE","potentialAction":[{"@type":"SearchAction","target":{"@type":"EntryPoint","urlTemplate":"https:\/\/aceweb.cat\/?s={search_term_string}"},"query-input":{"@type":"PropertyValueSpecification","valueRequired":true,"valueName":"search_term_string"}}],"inLanguage":"es"},{"@type":"Organization","@id":"https:\/\/aceweb.cat\/#organization","name":"ACE","alternateName":"ACE","url":"https:\/\/aceweb.cat\/","logo":{"@type":"ImageObject","inLanguage":"es","@id":"https:\/\/aceweb.cat\/#\/schema\/logo\/image\/","url":"https:\/\/aceweb.cat\/wp-content\/uploads\/2022\/10\/logo.svg","contentUrl":"https:\/\/aceweb.cat\/wp-content\/uploads\/2022\/10\/logo.svg","width":1,"height":1,"caption":"ACE"},"image":{"@id":"https:\/\/aceweb.cat\/#\/schema\/logo\/image\/"}},{"@type":"Person","@id":"https:\/\/aceweb.cat\/#\/schema\/person\/a6b8893e55b089407baaac96e1014d92","name":"Merc\u00e8 Sierra","image":{"@type":"ImageObject","inLanguage":"es","@id":"https:\/\/aceweb.cat\/#\/schema\/person\/image\/","url":"https:\/\/secure.gravatar.com\/avatar\/22f0c97d4117dfcc3220888d6384e2a07df217ae83511660a0783b56292770b5?s=96&d=mm&r=g","contentUrl":"https:\/\/secure.gravatar.com\/avatar\/22f0c97d4117dfcc3220888d6384e2a07df217ae83511660a0783b56292770b5?s=96&d=mm&r=g","caption":"Merc\u00e8 Sierra"},"url":"https:\/\/aceweb.cat\/es\/author\/merce-sierra\/"}]}},"_links":{"self":[{"href":"https:\/\/aceweb.cat\/es\/wp-json\/wp\/v2\/posts\/42834","targetHints":{"allow":["GET"]}}],"collection":[{"href":"https:\/\/aceweb.cat\/es\/wp-json\/wp\/v2\/posts"}],"about":[{"href":"https:\/\/aceweb.cat\/es\/wp-json\/wp\/v2\/types\/post"}],"author":[{"embeddable":true,"href":"https:\/\/aceweb.cat\/es\/wp-json\/wp\/v2\/users\/93"}],"replies":[{"embeddable":true,"href":"https:\/\/aceweb.cat\/es\/wp-json\/wp\/v2\/comments?post=42834"}],"version-history":[{"count":3,"href":"https:\/\/aceweb.cat\/es\/wp-json\/wp\/v2\/posts\/42834\/revisions"}],"predecessor-version":[{"id":43822,"href":"https:\/\/aceweb.cat\/es\/wp-json\/wp\/v2\/posts\/42834\/revisions\/43822"}],"wp:featuredmedia":[{"embeddable":true,"href":"https:\/\/aceweb.cat\/es\/wp-json\/wp\/v2\/media\/42830"}],"wp:attachment":[{"href":"https:\/\/aceweb.cat\/es\/wp-json\/wp\/v2\/media?parent=42834"}],"wp:term":[{"taxonomy":"category","embeddable":true,"href":"https:\/\/aceweb.cat\/es\/wp-json\/wp\/v2\/categories?post=42834"},{"taxonomy":"post_tag","embeddable":true,"href":"https:\/\/aceweb.cat\/es\/wp-json\/wp\/v2\/tags?post=42834"}],"curies":[{"name":"wp","href":"https:\/\/api.w.org\/{rel}","templated":true}]}}