{"id":43597,"date":"2023-12-05T10:42:50","date_gmt":"2023-12-05T10:42:50","guid":{"rendered":"https:\/\/aceweb.cat\/?p=43597"},"modified":"2024-01-12T09:56:33","modified_gmt":"2024-01-12T09:56:33","slug":"curso-estructuras-frente-al-incendio-ace-modulo-5","status":"publish","type":"post","link":"https:\/\/aceweb.cat\/es\/agenda\/curso-estructuras-frente-al-incendio-ace-modulo-5\/","title":{"rendered":"Curso estructuras frente al incendio ACE. M\u00f3dulo 5"},"content":{"rendered":"\n<p>L\u2019Associaci\u00f3 de Consultors d\u2019Estructures (ACE) ha reunido a especialistas de primer nivel con el objetivo de ofrecer un curso de estructuras frente al incendio.<\/p>\n\n<h3 class=\"wp-block-heading\">Presentaci\u00f3n del curso \u201cEstructuras frente al incendio. ACE\u201d<\/h3>\n\n<p>El estudio del fuego y su influencia en las estructuras es un tema generalmente poco explicado en las universidades. En el momento en que se pide una justificaci\u00f3n rigurosa, o un c\u00e1lculo afinado para ajustar secciones, nos damos cuenta de que nos faltan conocimientos, herramientas de c\u00e1lculo para poder abordarlo. Por este motivo, presentamos este curso de Estructuras frente al incendio.<\/p>\n\n<p>El curso estar\u00e1 dividido en siete m\u00f3dulos:<\/p>\n\n<figure class=\"wp-block-image size-medium\"><img loading=\"lazy\" decoding=\"async\" width=\"300\" height=\"77\" src=\"https:\/\/aceweb.cat\/wp-content\/uploads\/2024\/01\/quadre-moduls-i-hores-gener-24-300x77.jpg\" alt=\"\" class=\"wp-image-43810\" srcset=\"https:\/\/aceweb.cat\/wp-content\/uploads\/2024\/01\/quadre-moduls-i-hores-gener-24-300x77.jpg 300w, https:\/\/aceweb.cat\/wp-content\/uploads\/2024\/01\/quadre-moduls-i-hores-gener-24-1024x264.jpg 1024w, https:\/\/aceweb.cat\/wp-content\/uploads\/2024\/01\/quadre-moduls-i-hores-gener-24-768x198.jpg 768w, https:\/\/aceweb.cat\/wp-content\/uploads\/2024\/01\/quadre-moduls-i-hores-gener-24-600x155.jpg 600w, https:\/\/aceweb.cat\/wp-content\/uploads\/2024\/01\/quadre-moduls-i-hores-gener-24.jpg 1296w\" sizes=\"auto, (max-width: 300px) 100vw, 300px\" \/><\/figure>\n\n<p><strong>Instituciones participantes:<\/strong><\/p>\n\n<ul class=\"wp-block-list\">\n<li>Associaci\u00f3 de Consultors d\u2019Estructures<\/li>\n\n\n\n<li>Fundaci\u00f3 Privada Institut d\u2019Estudis Estructurals<\/li>\n<\/ul>\n\n<p><\/p>\n\n<figure class=\"wp-block-image size-medium\"><img loading=\"lazy\" decoding=\"async\" width=\"300\" height=\"184\" src=\"https:\/\/aceweb.cat\/wp-content\/uploads\/2023\/12\/imatge-Modulo-1-300x184.jpg\" alt=\"\" class=\"wp-image-43794\" srcset=\"https:\/\/aceweb.cat\/wp-content\/uploads\/2023\/12\/imatge-Modulo-1-300x184.jpg 300w, https:\/\/aceweb.cat\/wp-content\/uploads\/2023\/12\/imatge-Modulo-1-1024x629.jpg 1024w, https:\/\/aceweb.cat\/wp-content\/uploads\/2023\/12\/imatge-Modulo-1-768x472.jpg 768w, https:\/\/aceweb.cat\/wp-content\/uploads\/2023\/12\/imatge-Modulo-1-1536x943.jpg 1536w, https:\/\/aceweb.cat\/wp-content\/uploads\/2023\/12\/imatge-Modulo-1-2048x1258.jpg 2048w, https:\/\/aceweb.cat\/wp-content\/uploads\/2023\/12\/imatge-Modulo-1-600x368.jpg 600w\" sizes=\"auto, (max-width: 300px) 100vw, 300px\" \/><\/figure>\n\n<h3 class=\"wp-block-heading\">Presentaci\u00f3n curso:<\/h3>\n\n<figure class=\"wp-block-image\"><img loading=\"lazy\" decoding=\"async\" width=\"300\" height=\"237\" src=\"https:\/\/aceweb.cat\/wp-content\/uploads\/2023\/12\/Calendario-curso-fuego-ACE-gen24-v2-300x237.jpg\" alt=\"\" class=\"wp-image-43801\" srcset=\"https:\/\/aceweb.cat\/wp-content\/uploads\/2023\/12\/Calendario-curso-fuego-ACE-gen24-v2-300x237.jpg 300w, https:\/\/aceweb.cat\/wp-content\/uploads\/2023\/12\/Calendario-curso-fuego-ACE-gen24-v2-1024x810.jpg 1024w, https:\/\/aceweb.cat\/wp-content\/uploads\/2023\/12\/Calendario-curso-fuego-ACE-gen24-v2-768x607.jpg 768w, https:\/\/aceweb.cat\/wp-content\/uploads\/2023\/12\/Calendario-curso-fuego-ACE-gen24-v2-600x475.jpg 600w, https:\/\/aceweb.cat\/wp-content\/uploads\/2023\/12\/Calendario-curso-fuego-ACE-gen24-v2.jpg 1392w\" sizes=\"auto, (max-width: 300px) 100vw, 300px\" \/><\/figure>\n\n<h3 class=\"wp-block-heading\">M\u00f3dulo 5. Estructuras mixtas de hormig\u00f3n y acero frente al incendio<\/h3>\n\n<p><strong>Caracter\u00edsticas del m\u00f3dulo:<\/strong><\/p>\n\n<ul class=\"wp-block-list\">\n<li><strong>Formato:<\/strong> Presencial y Virtual<\/li>\n\n\n\n<li><strong>Sesiones:<\/strong> 2 d\u00edas de 3 horas cada una<\/li>\n\n\n\n<li><strong>Horas lectivas:<\/strong> 6 h<\/li>\n\n\n\n<li><strong>Fechas:<\/strong> 17 de enero de 2024 \u2013 24 de enero de 2024<\/li>\n\n\n\n<li><strong>Lugar: <\/strong>Calle Wellington, 19\u00a0 \u2013 08018 Barcelona<\/li>\n\n\n\n<li><strong>Horario<\/strong>: 15:30 a 16:30 h<\/li>\n\n\n\n<li><strong>Idioma:<\/strong> Castellano<\/li>\n<\/ul>\n\n<p><strong>Perfil asistentes:<\/strong><\/p>\n\n<ul class=\"wp-block-list\">\n<li>\u2022\tFormaci\u00f3n m\u00ednima: en posesi\u00f3n del grado de arquitecto, arquitecto t\u00e9cnico o ingeniero<\/li>\n\n\n\n<li>\u2022\tFormaci\u00f3n recomendada: m\u00e1ster o postgrado<\/li>\n\n\n\n<li>\u2022\tNo necesariamente especialistas en c\u00e1lculo<\/li>\n\n\n\n<li>\u2022\tPerfil alternativo: profesionales con conocimientos estructurales en situaci\u00f3n normal<\/li>\n<\/ul>\n\n<p><strong>Coordinador curso:<\/strong>\u00a0Jorge Blasco Miguel<\/p>\n\n<p><strong>Docentes del m\u00f3dulo: <\/strong>Frederic Marimon y Carlos Mu\u00f1oz<\/p>\n\n<p><strong>Precio curso:<\/strong><\/p>\n\n<ul class=\"wp-block-list\">\n<li>No socios: <strong>150,00 \u20ac<\/strong><\/li>\n\n\n\n<li>Socios ACE:\u00a0 <strong>120,00 \u20ac<\/strong><\/li>\n<\/ul>\n\n<h3 class=\"wp-block-heading\">Inscripci\u00f3n al m\u00f3dulo 5. Estructuras mixtas de hormig\u00f3n y acero frente al incendioant l&#8217;incendi<\/h3>\n\n<div class=\"inherit-container-width wp-block-group alignwide is-layout-constrained wp-block-group-is-layout-constrained\">\n<div class=\"wp-block-button\"><a class=\"wp-block-button__link has-text-align-left wp-element-button\" href=\"https:\/\/forms.gle\/aFBzFztwd2aoHYnq9\" target=\"_blank\" rel=\"noreferrer noopener\"><strong><mark class=\"has-inline-color has-ast-global-color-1-color\" style=\"background-color: rgba(0, 0, 0, 0);\">Formulario de inscripci\u00f3n<\/mark><\/strong><\/a><\/div>\n<\/div>\n<h3>Temario del curso \u201cEstructuras frente al incendio ACE. M\u00f3dulo 5. Estructuras mixtas de hormig\u00f3n y acero frente al incendio\u201d<\/h3>\n<p><strong>1a sesi\u00f3n:<\/strong> mi\u00e9rcoles\u00a0 17 de enero de 2024\u00a0 3 horas (15:30 a 18:30)<\/p>\n<ul>\n<li>Recordatorio del comportamiento termomec\u00e1nico del acero y el hormig\u00f3n<\/li>\n<li>Normativa europea y nacional en estructuras mixtas<\/li>\n<li>Comportamiento al fuego de las vigas mixtas convencionales. Ejemplo pr\u00e1ctico<\/li>\n<li>Estudio del Caso. rascacielos de estructura mixta<\/li>\n<\/ul>\n<p><strong>2a sesi\u00f3n:<\/strong> mi\u00e9rcoles 24 de enero de 2024 \u2013 3 horas (15:30 a 18:30)<\/p>\n<ul>\n<li>Resistencia al fuego de pilares mixtos<\/li>\n<li>Influencia del relleno de hormig\u00f3n<\/li>\n<li>Fase de post-incendio<\/li>\n<li>Casos pr\u00e1cticos<\/li>\n<\/ul>\n\n<div class=\"wp-block-buttons is-layout-flex wp-block-buttons-is-layout-flex\"><\/div>\n\n<div class=\"wp-block-buttons is-layout-flex wp-block-buttons-is-layout-flex\"><\/div>\n","protected":false},"excerpt":{"rendered":"<p>L\u2019Associaci\u00f3 de Consultors d\u2019Estructures (ACE) ha reunido a especialistas de primer nivel con el objetivo de ofrecer un curso de estructuras frente al incendio. Presentaci\u00f3n del curso \u201cEstructuras frente al incendio. ACE\u201d El estudio del fuego y su influencia en las estructuras es un tema generalmente poco explicado en las universidades. En el momento en &hellip;<\/p>\n<p class=\"read-more\"> <a class=\"\" href=\"https:\/\/aceweb.cat\/es\/agenda\/curso-estructuras-frente-al-incendio-ace-modulo-5\/\"> <span class=\"screen-reader-text\">Curso estructuras frente al incendio ACE. M\u00f3dulo 5<\/span> Leer m\u00e1s &raquo;<\/a><\/p>\n","protected":false},"author":93,"featured_media":40968,"comment_status":"closed","ping_status":"closed","sticky":false,"template":"","format":"image","meta":{"_acf_changed":false,"site-sidebar-layout":"no-sidebar","site-content-layout":"boxed-container","ast-global-header-display":"","ast-main-header-display":"","ast-hfb-above-header-display":"","ast-hfb-below-header-display":"","ast-hfb-mobile-header-display":"","site-post-title":"","ast-breadcrumbs-content":"","ast-featured-img":"","footer-sml-layout":"","theme-transparent-header-meta":"","adv-header-id-meta":"","stick-header-meta":"","header-above-stick-meta":"","header-main-stick-meta":"","header-below-stick-meta":"","footnotes":""},"categories":[373,376,375,380],"tags":[],"class_list":["post-43597","post","type-post","status-publish","format-image","has-post-thumbnail","hentry","category-agenda","category-cursos-es","category-formacion","category-noticias","post_format-post-format-image"],"acf":[],"yoast_head":"<!-- This site is optimized with the Yoast SEO plugin v27.1.1 - https:\/\/yoast.com\/product\/yoast-seo-wordpress\/ -->\n<title>Curso estructuras frente al incendio ACE. M\u00f3dulo 5 | ACE<\/title>\n<meta name=\"description\" content=\"La ACE ha reunido a especialistas de primer nivel con el objetivo de ofrecer un curso de estructuras frente al incendio.\" \/>\n<meta name=\"robots\" content=\"index, follow, max-snippet:-1, max-image-preview:large, max-video-preview:-1\" \/>\n<link rel=\"canonical\" href=\"https:\/\/aceweb.cat\/es\/agenda\/curso-estructuras-frente-al-incendio-ace-modulo-5\/\" \/>\n<meta property=\"og:locale\" content=\"es_ES\" \/>\n<meta property=\"og:type\" content=\"article\" \/>\n<meta property=\"og:title\" content=\"Curso estructuras frente al incendio ACE. M\u00f3dulo 5 | ACE\" \/>\n<meta property=\"og:description\" content=\"La ACE ha reunido a especialistas de primer nivel con el objetivo de ofrecer un curso de estructuras frente al incendio.\" \/>\n<meta property=\"og:url\" content=\"https:\/\/aceweb.cat\/es\/agenda\/curso-estructuras-frente-al-incendio-ace-modulo-5\/\" \/>\n<meta property=\"og:site_name\" content=\"aceweb.cat\" \/>\n<meta property=\"article:published_time\" content=\"2023-12-05T10:42:50+00:00\" \/>\n<meta property=\"article:modified_time\" content=\"2024-01-12T09:56:33+00:00\" \/>\n<meta property=\"og:image\" content=\"https:\/\/aceweb.cat\/wp-content\/uploads\/2023\/03\/general-463x250-1.jpg\" \/>\n\t<meta property=\"og:image:width\" content=\"463\" \/>\n\t<meta property=\"og:image:height\" content=\"250\" \/>\n\t<meta property=\"og:image:type\" content=\"image\/jpeg\" \/>\n<meta name=\"author\" content=\"Merc\u00e8 Sierra\" \/>\n<meta name=\"twitter:card\" content=\"summary_large_image\" \/>\n<meta name=\"twitter:label1\" content=\"Escrito por\" \/>\n\t<meta name=\"twitter:data1\" content=\"Merc\u00e8 Sierra\" \/>\n\t<meta name=\"twitter:label2\" content=\"Tiempo de lectura\" \/>\n\t<meta name=\"twitter:data2\" content=\"2 minutos\" \/>\n<script type=\"application\/ld+json\" class=\"yoast-schema-graph\">{\"@context\":\"https:\/\/schema.org\",\"@graph\":[{\"@type\":\"Article\",\"@id\":\"https:\/\/aceweb.cat\/es\/agenda\/curso-estructuras-frente-al-incendio-ace-modulo-5\/#article\",\"isPartOf\":{\"@id\":\"https:\/\/aceweb.cat\/es\/agenda\/curso-estructuras-frente-al-incendio-ace-modulo-5\/\"},\"author\":{\"name\":\"Merc\u00e8 Sierra\",\"@id\":\"https:\/\/aceweb.cat\/#\/schema\/person\/a6b8893e55b089407baaac96e1014d92\"},\"headline\":\"Curso estructuras frente al incendio ACE. M\u00f3dulo 5\",\"datePublished\":\"2023-12-05T10:42:50+00:00\",\"dateModified\":\"2024-01-12T09:56:33+00:00\",\"mainEntityOfPage\":{\"@id\":\"https:\/\/aceweb.cat\/es\/agenda\/curso-estructuras-frente-al-incendio-ace-modulo-5\/\"},\"wordCount\":355,\"publisher\":{\"@id\":\"https:\/\/aceweb.cat\/#organization\"},\"image\":{\"@id\":\"https:\/\/aceweb.cat\/es\/agenda\/curso-estructuras-frente-al-incendio-ace-modulo-5\/#primaryimage\"},\"thumbnailUrl\":\"https:\/\/aceweb.cat\/wp-content\/uploads\/2023\/03\/general-463x250-1.jpg\",\"articleSection\":[\"Agenda\",\"Cursos\",\"Formaci\u00f3n\",\"Noticias\"],\"inLanguage\":\"es\"},{\"@type\":\"WebPage\",\"@id\":\"https:\/\/aceweb.cat\/es\/agenda\/curso-estructuras-frente-al-incendio-ace-modulo-5\/\",\"url\":\"https:\/\/aceweb.cat\/es\/agenda\/curso-estructuras-frente-al-incendio-ace-modulo-5\/\",\"name\":\"Curso estructuras frente al incendio ACE. M\u00f3dulo 5 | ACE\",\"isPartOf\":{\"@id\":\"https:\/\/aceweb.cat\/#website\"},\"primaryImageOfPage\":{\"@id\":\"https:\/\/aceweb.cat\/es\/agenda\/curso-estructuras-frente-al-incendio-ace-modulo-5\/#primaryimage\"},\"image\":{\"@id\":\"https:\/\/aceweb.cat\/es\/agenda\/curso-estructuras-frente-al-incendio-ace-modulo-5\/#primaryimage\"},\"thumbnailUrl\":\"https:\/\/aceweb.cat\/wp-content\/uploads\/2023\/03\/general-463x250-1.jpg\",\"datePublished\":\"2023-12-05T10:42:50+00:00\",\"dateModified\":\"2024-01-12T09:56:33+00:00\",\"description\":\"La ACE ha reunido a especialistas de primer nivel con el objetivo de ofrecer un curso de estructuras frente al incendio.\",\"breadcrumb\":{\"@id\":\"https:\/\/aceweb.cat\/es\/agenda\/curso-estructuras-frente-al-incendio-ace-modulo-5\/#breadcrumb\"},\"inLanguage\":\"es\",\"potentialAction\":[{\"@type\":\"ReadAction\",\"target\":[\"https:\/\/aceweb.cat\/es\/agenda\/curso-estructuras-frente-al-incendio-ace-modulo-5\/\"]}]},{\"@type\":\"ImageObject\",\"inLanguage\":\"es\",\"@id\":\"https:\/\/aceweb.cat\/es\/agenda\/curso-estructuras-frente-al-incendio-ace-modulo-5\/#primaryimage\",\"url\":\"https:\/\/aceweb.cat\/wp-content\/uploads\/2023\/03\/general-463x250-1.jpg\",\"contentUrl\":\"https:\/\/aceweb.cat\/wp-content\/uploads\/2023\/03\/general-463x250-1.jpg\",\"width\":463,\"height\":250},{\"@type\":\"BreadcrumbList\",\"@id\":\"https:\/\/aceweb.cat\/es\/agenda\/curso-estructuras-frente-al-incendio-ace-modulo-5\/#breadcrumb\",\"itemListElement\":[{\"@type\":\"ListItem\",\"position\":1,\"name\":\"Inici\",\"item\":\"https:\/\/aceweb.cat\/\"},{\"@type\":\"ListItem\",\"position\":2,\"name\":\"Formaci\u00f3n\",\"item\":\"https:\/\/aceweb.cat\/es\/categoria\/formacion\/\"},{\"@type\":\"ListItem\",\"position\":3,\"name\":\"Cursos\",\"item\":\"https:\/\/aceweb.cat\/categoria\/formacio\/cursos\/\"},{\"@type\":\"ListItem\",\"position\":4,\"name\":\"Curso estructuras frente al incendio ACE. M\u00f3dulo 5\"}]},{\"@type\":\"WebSite\",\"@id\":\"https:\/\/aceweb.cat\/#website\",\"url\":\"https:\/\/aceweb.cat\/\",\"name\":\"ACE\",\"description\":\"Associaci\u00f3 de Consultors d&#039;Estructures | ACE\",\"publisher\":{\"@id\":\"https:\/\/aceweb.cat\/#organization\"},\"alternateName\":\"ACE\",\"potentialAction\":[{\"@type\":\"SearchAction\",\"target\":{\"@type\":\"EntryPoint\",\"urlTemplate\":\"https:\/\/aceweb.cat\/?s={search_term_string}\"},\"query-input\":{\"@type\":\"PropertyValueSpecification\",\"valueRequired\":true,\"valueName\":\"search_term_string\"}}],\"inLanguage\":\"es\"},{\"@type\":\"Organization\",\"@id\":\"https:\/\/aceweb.cat\/#organization\",\"name\":\"ACE\",\"alternateName\":\"ACE\",\"url\":\"https:\/\/aceweb.cat\/\",\"logo\":{\"@type\":\"ImageObject\",\"inLanguage\":\"es\",\"@id\":\"https:\/\/aceweb.cat\/#\/schema\/logo\/image\/\",\"url\":\"https:\/\/aceweb.cat\/wp-content\/uploads\/2022\/10\/logo.svg\",\"contentUrl\":\"https:\/\/aceweb.cat\/wp-content\/uploads\/2022\/10\/logo.svg\",\"width\":1,\"height\":1,\"caption\":\"ACE\"},\"image\":{\"@id\":\"https:\/\/aceweb.cat\/#\/schema\/logo\/image\/\"}},{\"@type\":\"Person\",\"@id\":\"https:\/\/aceweb.cat\/#\/schema\/person\/a6b8893e55b089407baaac96e1014d92\",\"name\":\"Merc\u00e8 Sierra\",\"image\":{\"@type\":\"ImageObject\",\"inLanguage\":\"es\",\"@id\":\"https:\/\/aceweb.cat\/#\/schema\/person\/image\/\",\"url\":\"https:\/\/secure.gravatar.com\/avatar\/22f0c97d4117dfcc3220888d6384e2a07df217ae83511660a0783b56292770b5?s=96&d=mm&r=g\",\"contentUrl\":\"https:\/\/secure.gravatar.com\/avatar\/22f0c97d4117dfcc3220888d6384e2a07df217ae83511660a0783b56292770b5?s=96&d=mm&r=g\",\"caption\":\"Merc\u00e8 Sierra\"},\"url\":\"https:\/\/aceweb.cat\/es\/author\/merce-sierra\/\"}]}<\/script>\n<!-- \/ Yoast SEO plugin. -->","yoast_head_json":{"title":"Curso estructuras frente al incendio ACE. M\u00f3dulo 5 | ACE","description":"La ACE ha reunido a especialistas de primer nivel con el objetivo de ofrecer un curso de estructuras frente al incendio.","robots":{"index":"index","follow":"follow","max-snippet":"max-snippet:-1","max-image-preview":"max-image-preview:large","max-video-preview":"max-video-preview:-1"},"canonical":"https:\/\/aceweb.cat\/es\/agenda\/curso-estructuras-frente-al-incendio-ace-modulo-5\/","og_locale":"es_ES","og_type":"article","og_title":"Curso estructuras frente al incendio ACE. M\u00f3dulo 5 | ACE","og_description":"La ACE ha reunido a especialistas de primer nivel con el objetivo de ofrecer un curso de estructuras frente al incendio.","og_url":"https:\/\/aceweb.cat\/es\/agenda\/curso-estructuras-frente-al-incendio-ace-modulo-5\/","og_site_name":"aceweb.cat","article_published_time":"2023-12-05T10:42:50+00:00","article_modified_time":"2024-01-12T09:56:33+00:00","og_image":[{"width":463,"height":250,"url":"https:\/\/aceweb.cat\/wp-content\/uploads\/2023\/03\/general-463x250-1.jpg","type":"image\/jpeg"}],"author":"Merc\u00e8 Sierra","twitter_card":"summary_large_image","twitter_misc":{"Escrito por":"Merc\u00e8 Sierra","Tiempo de lectura":"2 minutos"},"schema":{"@context":"https:\/\/schema.org","@graph":[{"@type":"Article","@id":"https:\/\/aceweb.cat\/es\/agenda\/curso-estructuras-frente-al-incendio-ace-modulo-5\/#article","isPartOf":{"@id":"https:\/\/aceweb.cat\/es\/agenda\/curso-estructuras-frente-al-incendio-ace-modulo-5\/"},"author":{"name":"Merc\u00e8 Sierra","@id":"https:\/\/aceweb.cat\/#\/schema\/person\/a6b8893e55b089407baaac96e1014d92"},"headline":"Curso estructuras frente al incendio ACE. M\u00f3dulo 5","datePublished":"2023-12-05T10:42:50+00:00","dateModified":"2024-01-12T09:56:33+00:00","mainEntityOfPage":{"@id":"https:\/\/aceweb.cat\/es\/agenda\/curso-estructuras-frente-al-incendio-ace-modulo-5\/"},"wordCount":355,"publisher":{"@id":"https:\/\/aceweb.cat\/#organization"},"image":{"@id":"https:\/\/aceweb.cat\/es\/agenda\/curso-estructuras-frente-al-incendio-ace-modulo-5\/#primaryimage"},"thumbnailUrl":"https:\/\/aceweb.cat\/wp-content\/uploads\/2023\/03\/general-463x250-1.jpg","articleSection":["Agenda","Cursos","Formaci\u00f3n","Noticias"],"inLanguage":"es"},{"@type":"WebPage","@id":"https:\/\/aceweb.cat\/es\/agenda\/curso-estructuras-frente-al-incendio-ace-modulo-5\/","url":"https:\/\/aceweb.cat\/es\/agenda\/curso-estructuras-frente-al-incendio-ace-modulo-5\/","name":"Curso estructuras frente al incendio ACE. M\u00f3dulo 5 | ACE","isPartOf":{"@id":"https:\/\/aceweb.cat\/#website"},"primaryImageOfPage":{"@id":"https:\/\/aceweb.cat\/es\/agenda\/curso-estructuras-frente-al-incendio-ace-modulo-5\/#primaryimage"},"image":{"@id":"https:\/\/aceweb.cat\/es\/agenda\/curso-estructuras-frente-al-incendio-ace-modulo-5\/#primaryimage"},"thumbnailUrl":"https:\/\/aceweb.cat\/wp-content\/uploads\/2023\/03\/general-463x250-1.jpg","datePublished":"2023-12-05T10:42:50+00:00","dateModified":"2024-01-12T09:56:33+00:00","description":"La ACE ha reunido a especialistas de primer nivel con el objetivo de ofrecer un curso de estructuras frente al incendio.","breadcrumb":{"@id":"https:\/\/aceweb.cat\/es\/agenda\/curso-estructuras-frente-al-incendio-ace-modulo-5\/#breadcrumb"},"inLanguage":"es","potentialAction":[{"@type":"ReadAction","target":["https:\/\/aceweb.cat\/es\/agenda\/curso-estructuras-frente-al-incendio-ace-modulo-5\/"]}]},{"@type":"ImageObject","inLanguage":"es","@id":"https:\/\/aceweb.cat\/es\/agenda\/curso-estructuras-frente-al-incendio-ace-modulo-5\/#primaryimage","url":"https:\/\/aceweb.cat\/wp-content\/uploads\/2023\/03\/general-463x250-1.jpg","contentUrl":"https:\/\/aceweb.cat\/wp-content\/uploads\/2023\/03\/general-463x250-1.jpg","width":463,"height":250},{"@type":"BreadcrumbList","@id":"https:\/\/aceweb.cat\/es\/agenda\/curso-estructuras-frente-al-incendio-ace-modulo-5\/#breadcrumb","itemListElement":[{"@type":"ListItem","position":1,"name":"Inici","item":"https:\/\/aceweb.cat\/"},{"@type":"ListItem","position":2,"name":"Formaci\u00f3n","item":"https:\/\/aceweb.cat\/es\/categoria\/formacion\/"},{"@type":"ListItem","position":3,"name":"Cursos","item":"https:\/\/aceweb.cat\/categoria\/formacio\/cursos\/"},{"@type":"ListItem","position":4,"name":"Curso estructuras frente al incendio ACE. M\u00f3dulo 5"}]},{"@type":"WebSite","@id":"https:\/\/aceweb.cat\/#website","url":"https:\/\/aceweb.cat\/","name":"ACE","description":"Associaci\u00f3 de Consultors d&#039;Estructures | ACE","publisher":{"@id":"https:\/\/aceweb.cat\/#organization"},"alternateName":"ACE","potentialAction":[{"@type":"SearchAction","target":{"@type":"EntryPoint","urlTemplate":"https:\/\/aceweb.cat\/?s={search_term_string}"},"query-input":{"@type":"PropertyValueSpecification","valueRequired":true,"valueName":"search_term_string"}}],"inLanguage":"es"},{"@type":"Organization","@id":"https:\/\/aceweb.cat\/#organization","name":"ACE","alternateName":"ACE","url":"https:\/\/aceweb.cat\/","logo":{"@type":"ImageObject","inLanguage":"es","@id":"https:\/\/aceweb.cat\/#\/schema\/logo\/image\/","url":"https:\/\/aceweb.cat\/wp-content\/uploads\/2022\/10\/logo.svg","contentUrl":"https:\/\/aceweb.cat\/wp-content\/uploads\/2022\/10\/logo.svg","width":1,"height":1,"caption":"ACE"},"image":{"@id":"https:\/\/aceweb.cat\/#\/schema\/logo\/image\/"}},{"@type":"Person","@id":"https:\/\/aceweb.cat\/#\/schema\/person\/a6b8893e55b089407baaac96e1014d92","name":"Merc\u00e8 Sierra","image":{"@type":"ImageObject","inLanguage":"es","@id":"https:\/\/aceweb.cat\/#\/schema\/person\/image\/","url":"https:\/\/secure.gravatar.com\/avatar\/22f0c97d4117dfcc3220888d6384e2a07df217ae83511660a0783b56292770b5?s=96&d=mm&r=g","contentUrl":"https:\/\/secure.gravatar.com\/avatar\/22f0c97d4117dfcc3220888d6384e2a07df217ae83511660a0783b56292770b5?s=96&d=mm&r=g","caption":"Merc\u00e8 Sierra"},"url":"https:\/\/aceweb.cat\/es\/author\/merce-sierra\/"}]}},"_links":{"self":[{"href":"https:\/\/aceweb.cat\/es\/wp-json\/wp\/v2\/posts\/43597","targetHints":{"allow":["GET"]}}],"collection":[{"href":"https:\/\/aceweb.cat\/es\/wp-json\/wp\/v2\/posts"}],"about":[{"href":"https:\/\/aceweb.cat\/es\/wp-json\/wp\/v2\/types\/post"}],"author":[{"embeddable":true,"href":"https:\/\/aceweb.cat\/es\/wp-json\/wp\/v2\/users\/93"}],"replies":[{"embeddable":true,"href":"https:\/\/aceweb.cat\/es\/wp-json\/wp\/v2\/comments?post=43597"}],"version-history":[{"count":3,"href":"https:\/\/aceweb.cat\/es\/wp-json\/wp\/v2\/posts\/43597\/revisions"}],"predecessor-version":[{"id":43816,"href":"https:\/\/aceweb.cat\/es\/wp-json\/wp\/v2\/posts\/43597\/revisions\/43816"}],"wp:featuredmedia":[{"embeddable":true,"href":"https:\/\/aceweb.cat\/es\/wp-json\/wp\/v2\/media\/40968"}],"wp:attachment":[{"href":"https:\/\/aceweb.cat\/es\/wp-json\/wp\/v2\/media?parent=43597"}],"wp:term":[{"taxonomy":"category","embeddable":true,"href":"https:\/\/aceweb.cat\/es\/wp-json\/wp\/v2\/categories?post=43597"},{"taxonomy":"post_tag","embeddable":true,"href":"https:\/\/aceweb.cat\/es\/wp-json\/wp\/v2\/tags?post=43597"}],"curies":[{"name":"wp","href":"https:\/\/api.w.org\/{rel}","templated":true}]}}