{"id":43831,"date":"2024-01-12T14:32:48","date_gmt":"2024-01-12T14:32:48","guid":{"rendered":"https:\/\/aceweb.cat\/sin-categorizar\/dijous-a-lace-diseno-de-estruturas-frente-a-vibraciones\/"},"modified":"2024-02-05T09:58:31","modified_gmt":"2024-02-05T09:58:31","slug":"dijous-a-lace-diseno-de-estruturas-frente-a-vibraciones","status":"publish","type":"post","link":"https:\/\/aceweb.cat\/es\/agenda\/dijous-a-lace-diseno-de-estruturas-frente-a-vibraciones\/","title":{"rendered":"Dijous a l&#8217;ACE: Dise\u00f1o de estruturas frente a vibraciones"},"content":{"rendered":"\n<p>El 25 de enero de 2024, <strong>Alfredo Arnedo Pena, <\/strong> Dr. Ingeniero de Caminos, Canales y Puertos, con experiencia profesional en IBERINSA, INYPSA, COPISA, CIMEX y SENER, ex profesor asociado en la ETSECCP de la UPC. Autor de \u00abNaves industriales con acero. Delegado espa\u00f1ol en varios comites\u00a0 EN y ISO.<\/p>\n\n<p>En esta jornada se pretende ofrecer una visi\u00f3n general del efecto de las vibraciones en las estructuras civiles\/industriales, orientada a la edificaci\u00f3n.<\/p>\n\n<p>El objetivo es divulgar conocimientos b\u00e1sicos \u00fatiles para el dise\u00f1o.<\/p>\n\n<p>Se tratan los origenes de las vibraciones, sus efectos tomando como base modelos simples y se dan consejos sobre c\u00f3mo evitarlas o reducirlas a l\u00edmites acceptables.<\/p>\n\n<p><strong>Presentaci\u00f3n<\/strong>:<\/p>\n\n<p><strong>D\u00cdA y HORA<\/strong>: 25 de enero de 2024 a las 17:00 h&#13;\n<strong>FORMATO<\/strong>:\u00a0 On line&#13;\n&#13;\n<strong>LUGAR:<\/strong> Plataforma zoom&#13;\n&#13;\n<strong>IDIOMA:<\/strong> Castellano&#13;\n&#13;\n\u00a0<\/p>\n\n<p><\/p>\n","protected":false},"excerpt":{"rendered":"<p>El 25 de enero de 2024, Alfredo Arnedo Pena, Dr. Ingeniero de Caminos, Canales y Puertos, con experiencia profesional en IBERINSA, INYPSA, COPISA, CIMEX y SENER, ex profesor asociado en la ETSECCP de la UPC. Autor de \u00abNaves industriales con acero. Delegado espa\u00f1ol en varios comites\u00a0 EN y ISO. En esta jornada se pretende ofrecer &hellip;<\/p>\n<p class=\"read-more\"> <a class=\"\" href=\"https:\/\/aceweb.cat\/es\/agenda\/dijous-a-lace-diseno-de-estruturas-frente-a-vibraciones\/\"> <span class=\"screen-reader-text\">Dijous a l&#8217;ACE: Dise\u00f1o de estruturas frente a vibraciones<\/span> Leer m\u00e1s &raquo;<\/a><\/p>\n","protected":false},"author":93,"featured_media":43828,"comment_status":"closed","ping_status":"closed","sticky":false,"template":"","format":"standard","meta":{"_acf_changed":false,"site-sidebar-layout":"default","site-content-layout":"default","ast-global-header-display":"","ast-main-header-display":"","ast-hfb-above-header-display":"","ast-hfb-below-header-display":"","ast-hfb-mobile-header-display":"","site-post-title":"","ast-breadcrumbs-content":"","ast-featured-img":"","footer-sml-layout":"","theme-transparent-header-meta":"","adv-header-id-meta":"","stick-header-meta":"","header-above-stick-meta":"","header-main-stick-meta":"","header-below-stick-meta":"","footnotes":""},"categories":[373,374,375,377,380],"tags":[],"class_list":["post-43831","post","type-post","status-publish","format-standard","has-post-thumbnail","hentry","category-agenda","category-dijous-a-lace-es","category-formacion","category-jornadas","category-noticias"],"acf":[],"yoast_head":"<!-- This site is optimized with the Yoast SEO plugin v27.1.1 - https:\/\/yoast.com\/product\/yoast-seo-wordpress\/ -->\n<title>Dijous a l&#039;ACE: Dise\u00f1o de estruturas frente a vibraciones | ACE<\/title>\n<meta name=\"description\" content=\"El 25 de enero Alfredo Arnedo Pena nos hablar\u00e1 sobre las estructuras frente a las vibraciones en la edificaci\u00f3n.\" \/>\n<meta name=\"robots\" content=\"index, follow, max-snippet:-1, max-image-preview:large, max-video-preview:-1\" \/>\n<link rel=\"canonical\" href=\"https:\/\/aceweb.cat\/es\/agenda\/dijous-a-lace-diseno-de-estruturas-frente-a-vibraciones\/\" \/>\n<meta property=\"og:locale\" content=\"es_ES\" \/>\n<meta property=\"og:type\" content=\"article\" \/>\n<meta property=\"og:title\" content=\"Dijous a l&#039;ACE: Dise\u00f1o de estruturas frente a vibraciones | ACE\" \/>\n<meta property=\"og:description\" content=\"El 25 de enero Alfredo Arnedo Pena nos hablar\u00e1 sobre las estructuras frente a las vibraciones en la edificaci\u00f3n.\" \/>\n<meta property=\"og:url\" content=\"https:\/\/aceweb.cat\/es\/agenda\/dijous-a-lace-diseno-de-estruturas-frente-a-vibraciones\/\" \/>\n<meta property=\"og:site_name\" content=\"aceweb.cat\" \/>\n<meta property=\"article:published_time\" content=\"2024-01-12T14:32:48+00:00\" \/>\n<meta property=\"article:modified_time\" content=\"2024-02-05T09:58:31+00:00\" \/>\n<meta property=\"og:image\" content=\"https:\/\/aceweb.cat\/wp-content\/uploads\/2024\/01\/imatge.png\" \/>\n\t<meta property=\"og:image:width\" content=\"512\" \/>\n\t<meta property=\"og:image:height\" content=\"459\" \/>\n\t<meta property=\"og:image:type\" content=\"image\/png\" \/>\n<meta name=\"author\" content=\"Merc\u00e8 Sierra\" \/>\n<meta name=\"twitter:card\" content=\"summary_large_image\" \/>\n<meta name=\"twitter:label1\" content=\"Escrito por\" \/>\n\t<meta name=\"twitter:data1\" content=\"Merc\u00e8 Sierra\" \/>\n\t<meta name=\"twitter:label2\" content=\"Tiempo de lectura\" \/>\n\t<meta name=\"twitter:data2\" content=\"1 minuto\" \/>\n<script type=\"application\/ld+json\" class=\"yoast-schema-graph\">{\"@context\":\"https:\/\/schema.org\",\"@graph\":[{\"@type\":\"Article\",\"@id\":\"https:\/\/aceweb.cat\/es\/agenda\/dijous-a-lace-diseno-de-estruturas-frente-a-vibraciones\/#article\",\"isPartOf\":{\"@id\":\"https:\/\/aceweb.cat\/es\/agenda\/dijous-a-lace-diseno-de-estruturas-frente-a-vibraciones\/\"},\"author\":{\"name\":\"Merc\u00e8 Sierra\",\"@id\":\"https:\/\/aceweb.cat\/#\/schema\/person\/a6b8893e55b089407baaac96e1014d92\"},\"headline\":\"Dijous a l&#8217;ACE: Dise\u00f1o de estruturas frente a vibraciones\",\"datePublished\":\"2024-01-12T14:32:48+00:00\",\"dateModified\":\"2024-02-05T09:58:31+00:00\",\"mainEntityOfPage\":{\"@id\":\"https:\/\/aceweb.cat\/es\/agenda\/dijous-a-lace-diseno-de-estruturas-frente-a-vibraciones\/\"},\"wordCount\":144,\"publisher\":{\"@id\":\"https:\/\/aceweb.cat\/#organization\"},\"image\":{\"@id\":\"https:\/\/aceweb.cat\/es\/agenda\/dijous-a-lace-diseno-de-estruturas-frente-a-vibraciones\/#primaryimage\"},\"thumbnailUrl\":\"https:\/\/aceweb.cat\/wp-content\/uploads\/2024\/01\/imatge.png\",\"articleSection\":[\"Agenda\",\"Dijous a l'ACE\",\"Formaci\u00f3n\",\"Jornadas\",\"Noticias\"],\"inLanguage\":\"es\"},{\"@type\":\"WebPage\",\"@id\":\"https:\/\/aceweb.cat\/es\/agenda\/dijous-a-lace-diseno-de-estruturas-frente-a-vibraciones\/\",\"url\":\"https:\/\/aceweb.cat\/es\/agenda\/dijous-a-lace-diseno-de-estruturas-frente-a-vibraciones\/\",\"name\":\"Dijous a l'ACE: Dise\u00f1o de estruturas frente a vibraciones | ACE\",\"isPartOf\":{\"@id\":\"https:\/\/aceweb.cat\/#website\"},\"primaryImageOfPage\":{\"@id\":\"https:\/\/aceweb.cat\/es\/agenda\/dijous-a-lace-diseno-de-estruturas-frente-a-vibraciones\/#primaryimage\"},\"image\":{\"@id\":\"https:\/\/aceweb.cat\/es\/agenda\/dijous-a-lace-diseno-de-estruturas-frente-a-vibraciones\/#primaryimage\"},\"thumbnailUrl\":\"https:\/\/aceweb.cat\/wp-content\/uploads\/2024\/01\/imatge.png\",\"datePublished\":\"2024-01-12T14:32:48+00:00\",\"dateModified\":\"2024-02-05T09:58:31+00:00\",\"description\":\"El 25 de enero Alfredo Arnedo Pena nos hablar\u00e1 sobre las estructuras frente a las vibraciones en la edificaci\u00f3n.\",\"breadcrumb\":{\"@id\":\"https:\/\/aceweb.cat\/es\/agenda\/dijous-a-lace-diseno-de-estruturas-frente-a-vibraciones\/#breadcrumb\"},\"inLanguage\":\"es\",\"potentialAction\":[{\"@type\":\"ReadAction\",\"target\":[\"https:\/\/aceweb.cat\/es\/agenda\/dijous-a-lace-diseno-de-estruturas-frente-a-vibraciones\/\"]}]},{\"@type\":\"ImageObject\",\"inLanguage\":\"es\",\"@id\":\"https:\/\/aceweb.cat\/es\/agenda\/dijous-a-lace-diseno-de-estruturas-frente-a-vibraciones\/#primaryimage\",\"url\":\"https:\/\/aceweb.cat\/wp-content\/uploads\/2024\/01\/imatge.png\",\"contentUrl\":\"https:\/\/aceweb.cat\/wp-content\/uploads\/2024\/01\/imatge.png\",\"width\":512,\"height\":459},{\"@type\":\"BreadcrumbList\",\"@id\":\"https:\/\/aceweb.cat\/es\/agenda\/dijous-a-lace-diseno-de-estruturas-frente-a-vibraciones\/#breadcrumb\",\"itemListElement\":[{\"@type\":\"ListItem\",\"position\":1,\"name\":\"Inici\",\"item\":\"https:\/\/aceweb.cat\/\"},{\"@type\":\"ListItem\",\"position\":2,\"name\":\"Formaci\u00f3n\",\"item\":\"https:\/\/aceweb.cat\/es\/categoria\/formacion\/\"},{\"@type\":\"ListItem\",\"position\":3,\"name\":\"Jornadas\",\"item\":\"https:\/\/aceweb.cat\/es\/categoria\/formacion\/jornadas\/\"},{\"@type\":\"ListItem\",\"position\":4,\"name\":\"Dijous a l'ACE\",\"item\":\"https:\/\/aceweb.cat\/categoria\/formacio\/jornades\/dijous-a-lace\/\"},{\"@type\":\"ListItem\",\"position\":5,\"name\":\"Dijous a l&#8217;ACE: Dise\u00f1o de estruturas frente a vibraciones\"}]},{\"@type\":\"WebSite\",\"@id\":\"https:\/\/aceweb.cat\/#website\",\"url\":\"https:\/\/aceweb.cat\/\",\"name\":\"ACE\",\"description\":\"Associaci\u00f3 de Consultors d&#039;Estructures | ACE\",\"publisher\":{\"@id\":\"https:\/\/aceweb.cat\/#organization\"},\"alternateName\":\"ACE\",\"potentialAction\":[{\"@type\":\"SearchAction\",\"target\":{\"@type\":\"EntryPoint\",\"urlTemplate\":\"https:\/\/aceweb.cat\/?s={search_term_string}\"},\"query-input\":{\"@type\":\"PropertyValueSpecification\",\"valueRequired\":true,\"valueName\":\"search_term_string\"}}],\"inLanguage\":\"es\"},{\"@type\":\"Organization\",\"@id\":\"https:\/\/aceweb.cat\/#organization\",\"name\":\"ACE\",\"alternateName\":\"ACE\",\"url\":\"https:\/\/aceweb.cat\/\",\"logo\":{\"@type\":\"ImageObject\",\"inLanguage\":\"es\",\"@id\":\"https:\/\/aceweb.cat\/#\/schema\/logo\/image\/\",\"url\":\"https:\/\/aceweb.cat\/wp-content\/uploads\/2022\/10\/logo.svg\",\"contentUrl\":\"https:\/\/aceweb.cat\/wp-content\/uploads\/2022\/10\/logo.svg\",\"width\":1,\"height\":1,\"caption\":\"ACE\"},\"image\":{\"@id\":\"https:\/\/aceweb.cat\/#\/schema\/logo\/image\/\"}},{\"@type\":\"Person\",\"@id\":\"https:\/\/aceweb.cat\/#\/schema\/person\/a6b8893e55b089407baaac96e1014d92\",\"name\":\"Merc\u00e8 Sierra\",\"image\":{\"@type\":\"ImageObject\",\"inLanguage\":\"es\",\"@id\":\"https:\/\/aceweb.cat\/#\/schema\/person\/image\/\",\"url\":\"https:\/\/secure.gravatar.com\/avatar\/22f0c97d4117dfcc3220888d6384e2a07df217ae83511660a0783b56292770b5?s=96&d=mm&r=g\",\"contentUrl\":\"https:\/\/secure.gravatar.com\/avatar\/22f0c97d4117dfcc3220888d6384e2a07df217ae83511660a0783b56292770b5?s=96&d=mm&r=g\",\"caption\":\"Merc\u00e8 Sierra\"},\"url\":\"https:\/\/aceweb.cat\/es\/author\/merce-sierra\/\"}]}<\/script>\n<!-- \/ Yoast SEO plugin. -->","yoast_head_json":{"title":"Dijous a l'ACE: Dise\u00f1o de estruturas frente a vibraciones | ACE","description":"El 25 de enero Alfredo Arnedo Pena nos hablar\u00e1 sobre las estructuras frente a las vibraciones en la edificaci\u00f3n.","robots":{"index":"index","follow":"follow","max-snippet":"max-snippet:-1","max-image-preview":"max-image-preview:large","max-video-preview":"max-video-preview:-1"},"canonical":"https:\/\/aceweb.cat\/es\/agenda\/dijous-a-lace-diseno-de-estruturas-frente-a-vibraciones\/","og_locale":"es_ES","og_type":"article","og_title":"Dijous a l'ACE: Dise\u00f1o de estruturas frente a vibraciones | ACE","og_description":"El 25 de enero Alfredo Arnedo Pena nos hablar\u00e1 sobre las estructuras frente a las vibraciones en la edificaci\u00f3n.","og_url":"https:\/\/aceweb.cat\/es\/agenda\/dijous-a-lace-diseno-de-estruturas-frente-a-vibraciones\/","og_site_name":"aceweb.cat","article_published_time":"2024-01-12T14:32:48+00:00","article_modified_time":"2024-02-05T09:58:31+00:00","og_image":[{"width":512,"height":459,"url":"https:\/\/aceweb.cat\/wp-content\/uploads\/2024\/01\/imatge.png","type":"image\/png"}],"author":"Merc\u00e8 Sierra","twitter_card":"summary_large_image","twitter_misc":{"Escrito por":"Merc\u00e8 Sierra","Tiempo de lectura":"1 minuto"},"schema":{"@context":"https:\/\/schema.org","@graph":[{"@type":"Article","@id":"https:\/\/aceweb.cat\/es\/agenda\/dijous-a-lace-diseno-de-estruturas-frente-a-vibraciones\/#article","isPartOf":{"@id":"https:\/\/aceweb.cat\/es\/agenda\/dijous-a-lace-diseno-de-estruturas-frente-a-vibraciones\/"},"author":{"name":"Merc\u00e8 Sierra","@id":"https:\/\/aceweb.cat\/#\/schema\/person\/a6b8893e55b089407baaac96e1014d92"},"headline":"Dijous a l&#8217;ACE: Dise\u00f1o de estruturas frente a vibraciones","datePublished":"2024-01-12T14:32:48+00:00","dateModified":"2024-02-05T09:58:31+00:00","mainEntityOfPage":{"@id":"https:\/\/aceweb.cat\/es\/agenda\/dijous-a-lace-diseno-de-estruturas-frente-a-vibraciones\/"},"wordCount":144,"publisher":{"@id":"https:\/\/aceweb.cat\/#organization"},"image":{"@id":"https:\/\/aceweb.cat\/es\/agenda\/dijous-a-lace-diseno-de-estruturas-frente-a-vibraciones\/#primaryimage"},"thumbnailUrl":"https:\/\/aceweb.cat\/wp-content\/uploads\/2024\/01\/imatge.png","articleSection":["Agenda","Dijous a l'ACE","Formaci\u00f3n","Jornadas","Noticias"],"inLanguage":"es"},{"@type":"WebPage","@id":"https:\/\/aceweb.cat\/es\/agenda\/dijous-a-lace-diseno-de-estruturas-frente-a-vibraciones\/","url":"https:\/\/aceweb.cat\/es\/agenda\/dijous-a-lace-diseno-de-estruturas-frente-a-vibraciones\/","name":"Dijous a l'ACE: Dise\u00f1o de estruturas frente a vibraciones | ACE","isPartOf":{"@id":"https:\/\/aceweb.cat\/#website"},"primaryImageOfPage":{"@id":"https:\/\/aceweb.cat\/es\/agenda\/dijous-a-lace-diseno-de-estruturas-frente-a-vibraciones\/#primaryimage"},"image":{"@id":"https:\/\/aceweb.cat\/es\/agenda\/dijous-a-lace-diseno-de-estruturas-frente-a-vibraciones\/#primaryimage"},"thumbnailUrl":"https:\/\/aceweb.cat\/wp-content\/uploads\/2024\/01\/imatge.png","datePublished":"2024-01-12T14:32:48+00:00","dateModified":"2024-02-05T09:58:31+00:00","description":"El 25 de enero Alfredo Arnedo Pena nos hablar\u00e1 sobre las estructuras frente a las vibraciones en la edificaci\u00f3n.","breadcrumb":{"@id":"https:\/\/aceweb.cat\/es\/agenda\/dijous-a-lace-diseno-de-estruturas-frente-a-vibraciones\/#breadcrumb"},"inLanguage":"es","potentialAction":[{"@type":"ReadAction","target":["https:\/\/aceweb.cat\/es\/agenda\/dijous-a-lace-diseno-de-estruturas-frente-a-vibraciones\/"]}]},{"@type":"ImageObject","inLanguage":"es","@id":"https:\/\/aceweb.cat\/es\/agenda\/dijous-a-lace-diseno-de-estruturas-frente-a-vibraciones\/#primaryimage","url":"https:\/\/aceweb.cat\/wp-content\/uploads\/2024\/01\/imatge.png","contentUrl":"https:\/\/aceweb.cat\/wp-content\/uploads\/2024\/01\/imatge.png","width":512,"height":459},{"@type":"BreadcrumbList","@id":"https:\/\/aceweb.cat\/es\/agenda\/dijous-a-lace-diseno-de-estruturas-frente-a-vibraciones\/#breadcrumb","itemListElement":[{"@type":"ListItem","position":1,"name":"Inici","item":"https:\/\/aceweb.cat\/"},{"@type":"ListItem","position":2,"name":"Formaci\u00f3n","item":"https:\/\/aceweb.cat\/es\/categoria\/formacion\/"},{"@type":"ListItem","position":3,"name":"Jornadas","item":"https:\/\/aceweb.cat\/es\/categoria\/formacion\/jornadas\/"},{"@type":"ListItem","position":4,"name":"Dijous a l'ACE","item":"https:\/\/aceweb.cat\/categoria\/formacio\/jornades\/dijous-a-lace\/"},{"@type":"ListItem","position":5,"name":"Dijous a l&#8217;ACE: Dise\u00f1o de estruturas frente a vibraciones"}]},{"@type":"WebSite","@id":"https:\/\/aceweb.cat\/#website","url":"https:\/\/aceweb.cat\/","name":"ACE","description":"Associaci\u00f3 de Consultors d&#039;Estructures | ACE","publisher":{"@id":"https:\/\/aceweb.cat\/#organization"},"alternateName":"ACE","potentialAction":[{"@type":"SearchAction","target":{"@type":"EntryPoint","urlTemplate":"https:\/\/aceweb.cat\/?s={search_term_string}"},"query-input":{"@type":"PropertyValueSpecification","valueRequired":true,"valueName":"search_term_string"}}],"inLanguage":"es"},{"@type":"Organization","@id":"https:\/\/aceweb.cat\/#organization","name":"ACE","alternateName":"ACE","url":"https:\/\/aceweb.cat\/","logo":{"@type":"ImageObject","inLanguage":"es","@id":"https:\/\/aceweb.cat\/#\/schema\/logo\/image\/","url":"https:\/\/aceweb.cat\/wp-content\/uploads\/2022\/10\/logo.svg","contentUrl":"https:\/\/aceweb.cat\/wp-content\/uploads\/2022\/10\/logo.svg","width":1,"height":1,"caption":"ACE"},"image":{"@id":"https:\/\/aceweb.cat\/#\/schema\/logo\/image\/"}},{"@type":"Person","@id":"https:\/\/aceweb.cat\/#\/schema\/person\/a6b8893e55b089407baaac96e1014d92","name":"Merc\u00e8 Sierra","image":{"@type":"ImageObject","inLanguage":"es","@id":"https:\/\/aceweb.cat\/#\/schema\/person\/image\/","url":"https:\/\/secure.gravatar.com\/avatar\/22f0c97d4117dfcc3220888d6384e2a07df217ae83511660a0783b56292770b5?s=96&d=mm&r=g","contentUrl":"https:\/\/secure.gravatar.com\/avatar\/22f0c97d4117dfcc3220888d6384e2a07df217ae83511660a0783b56292770b5?s=96&d=mm&r=g","caption":"Merc\u00e8 Sierra"},"url":"https:\/\/aceweb.cat\/es\/author\/merce-sierra\/"}]}},"_links":{"self":[{"href":"https:\/\/aceweb.cat\/es\/wp-json\/wp\/v2\/posts\/43831","targetHints":{"allow":["GET"]}}],"collection":[{"href":"https:\/\/aceweb.cat\/es\/wp-json\/wp\/v2\/posts"}],"about":[{"href":"https:\/\/aceweb.cat\/es\/wp-json\/wp\/v2\/types\/post"}],"author":[{"embeddable":true,"href":"https:\/\/aceweb.cat\/es\/wp-json\/wp\/v2\/users\/93"}],"replies":[{"embeddable":true,"href":"https:\/\/aceweb.cat\/es\/wp-json\/wp\/v2\/comments?post=43831"}],"version-history":[{"count":3,"href":"https:\/\/aceweb.cat\/es\/wp-json\/wp\/v2\/posts\/43831\/revisions"}],"predecessor-version":[{"id":44091,"href":"https:\/\/aceweb.cat\/es\/wp-json\/wp\/v2\/posts\/43831\/revisions\/44091"}],"wp:featuredmedia":[{"embeddable":true,"href":"https:\/\/aceweb.cat\/es\/wp-json\/wp\/v2\/media\/43828"}],"wp:attachment":[{"href":"https:\/\/aceweb.cat\/es\/wp-json\/wp\/v2\/media?parent=43831"}],"wp:term":[{"taxonomy":"category","embeddable":true,"href":"https:\/\/aceweb.cat\/es\/wp-json\/wp\/v2\/categories?post=43831"},{"taxonomy":"post_tag","embeddable":true,"href":"https:\/\/aceweb.cat\/es\/wp-json\/wp\/v2\/tags?post=43831"}],"curies":[{"name":"wp","href":"https:\/\/api.w.org\/{rel}","templated":true}]}}