{"id":44046,"date":"2024-01-21T16:47:46","date_gmt":"2024-01-21T16:47:46","guid":{"rendered":"https:\/\/aceweb.cat\/?p=44046"},"modified":"2024-01-21T16:48:39","modified_gmt":"2024-01-21T16:48:39","slug":"curso-estructuras-frente-al-incendio-ace-modulo-7","status":"publish","type":"post","link":"https:\/\/aceweb.cat\/es\/agenda\/curso-estructuras-frente-al-incendio-ace-modulo-7\/","title":{"rendered":"Curso estructuras frente al incendio ACE. M\u00f3dulo 7"},"content":{"rendered":"\n<p>La Asociaci\u00f3n de Consultores de Estructuras (ACE) ha reunido a especialistas de primer nivel con el objetivo de ofrecer un curso de estructuras frente al incendio<\/p>\n\n<h3 class=\"wp-block-heading\">Presentaci\u00f3n del curso \u201cEstructuras frente al incendio. ACE\u201d<\/h3>\n\n<p>El estudio del fuego y su influencia en las estructuras es un tema generalmente poco explicado en las universidades. En el momento en que se pide una justificaci\u00f3n rigurosa, o un c\u00e1lculo afinado para ajustar secciones, nos damos cuenta de que nos faltan conocimientos, herramientas de c\u00e1lculo para poder abordarlo. Por este motivo, presentamos este curso de Estructuras frente al incendio.<\/p>\n\n<p>El curso estar\u00e1 dividido en siete m\u00f3dulos:<\/p>\n\n<figure class=\"wp-block-image size-medium\"><img loading=\"lazy\" decoding=\"async\" width=\"300\" height=\"77\" src=\"https:\/\/aceweb.cat\/wp-content\/uploads\/2024\/01\/quadre-moduls-i-hores-gener-24-300x77.jpg\" alt=\"\" class=\"wp-image-43810\" srcset=\"https:\/\/aceweb.cat\/wp-content\/uploads\/2024\/01\/quadre-moduls-i-hores-gener-24-300x77.jpg 300w, https:\/\/aceweb.cat\/wp-content\/uploads\/2024\/01\/quadre-moduls-i-hores-gener-24-1024x264.jpg 1024w, https:\/\/aceweb.cat\/wp-content\/uploads\/2024\/01\/quadre-moduls-i-hores-gener-24-768x198.jpg 768w, https:\/\/aceweb.cat\/wp-content\/uploads\/2024\/01\/quadre-moduls-i-hores-gener-24-600x155.jpg 600w, https:\/\/aceweb.cat\/wp-content\/uploads\/2024\/01\/quadre-moduls-i-hores-gener-24.jpg 1296w\" sizes=\"auto, (max-width: 300px) 100vw, 300px\" \/><\/figure>\n\n<p><strong>Instituciones participantes:<\/strong><\/p>\n\n<ul class=\"wp-block-list\">\n<li>Associaci\u00f3 de Consultors d\u2019Estructures<\/li>\n\n\n\n<li>Fundaci\u00f3 Privada Institut d\u2019Estudis Estructurals<\/li>\n<\/ul>\n\n<p><\/p>\n\n<figure class=\"wp-block-image size-medium\"><img loading=\"lazy\" decoding=\"async\" width=\"300\" height=\"184\" src=\"https:\/\/aceweb.cat\/wp-content\/uploads\/2023\/12\/imatge-Modulo-1-300x184.jpg\" alt=\"\" class=\"wp-image-43794\" srcset=\"https:\/\/aceweb.cat\/wp-content\/uploads\/2023\/12\/imatge-Modulo-1-300x184.jpg 300w, https:\/\/aceweb.cat\/wp-content\/uploads\/2023\/12\/imatge-Modulo-1-1024x629.jpg 1024w, https:\/\/aceweb.cat\/wp-content\/uploads\/2023\/12\/imatge-Modulo-1-768x472.jpg 768w, https:\/\/aceweb.cat\/wp-content\/uploads\/2023\/12\/imatge-Modulo-1-1536x943.jpg 1536w, https:\/\/aceweb.cat\/wp-content\/uploads\/2023\/12\/imatge-Modulo-1-2048x1258.jpg 2048w, https:\/\/aceweb.cat\/wp-content\/uploads\/2023\/12\/imatge-Modulo-1-600x368.jpg 600w\" sizes=\"auto, (max-width: 300px) 100vw, 300px\" \/><\/figure>\n\n<h3 class=\"wp-block-heading\">Presentaci\u00f3n curso:<\/h3>\n\n<figure class=\"wp-block-image\"><img loading=\"lazy\" decoding=\"async\" width=\"300\" height=\"237\" src=\"https:\/\/aceweb.cat\/wp-content\/uploads\/2023\/12\/Calendario-curso-fuego-ACE-gen24-v2-300x237.jpg\" alt=\"\" class=\"wp-image-43801\" srcset=\"https:\/\/aceweb.cat\/wp-content\/uploads\/2023\/12\/Calendario-curso-fuego-ACE-gen24-v2-300x237.jpg 300w, https:\/\/aceweb.cat\/wp-content\/uploads\/2023\/12\/Calendario-curso-fuego-ACE-gen24-v2-1024x810.jpg 1024w, https:\/\/aceweb.cat\/wp-content\/uploads\/2023\/12\/Calendario-curso-fuego-ACE-gen24-v2-768x607.jpg 768w, https:\/\/aceweb.cat\/wp-content\/uploads\/2023\/12\/Calendario-curso-fuego-ACE-gen24-v2-600x475.jpg 600w, https:\/\/aceweb.cat\/wp-content\/uploads\/2023\/12\/Calendario-curso-fuego-ACE-gen24-v2.jpg 1392w\" sizes=\"auto, (max-width: 300px) 100vw, 300px\" \/><\/figure>\n\n<h3 class=\"wp-block-heading\">M\u00f3dulo 7. M\u00e9todos de c\u00e1lculo avanzado dise\u00f1o prestaciones<\/h3>\n\n<p><strong>Caracter\u00edsticas del m\u00f3dulo:<\/strong><\/p>\n\n<ul class=\"wp-block-list\">\n<li><strong>Formato:<\/strong><span style=\"font-size: 16px; font-style: normal; font-weight: 400;\">\u00a0<\/span><span style=\"font-size: 16px;\">Presencial y\u00a0 Virtual<\/span><\/li>\n\n\n\n<li><strong>Sesiones:<\/strong> 3 d\u00edas de 3 horas cada una<\/li>\n\n\n\n<li><strong>Horas lectivas:<\/strong> 9 h<\/li>\n\n\n\n<li><strong>Fechas:<\/strong> 19 de febrero de 2024 \u2013 26 de febrero de 2024 &#8211; 6 de marzo de 2024<\/li>\n\n\n\n<li><strong>Lugar:\u00a0 <\/strong>Calle Wellington, 19\u00a0 \u2013 08018 Barcelona<\/li>\n\n\n\n<li><strong>Horario<\/strong>: 15:30 a 18:30 h<\/li>\n\n\n\n<li><strong>Idioma:<\/strong> Castellano<\/li>\n<\/ul>\n\n<p><strong>Perfil asistentes:<\/strong><\/p>\n\n<ul class=\"wp-block-list\">\n<li>Formaci\u00f3n m\u00ednima: en posesi\u00f3n del grado de arquitecto, arquitecto t\u00e9cnico o ingeniero<\/li>\n\n\n\n<li>Formaci\u00f3n recomendada: m\u00e1ster o postgrado<\/li>\n\n\n\n<li>No necesariamente especialistas en c\u00e1lculo<\/li>\n\n\n\n<li>Perfil alternativo: profesionales con experiencia pr\u00e1ctica completa (jefes de obra, etc.)<\/li>\n<\/ul>\n\n<p><strong>Coordinador curso:<\/strong>\u00a0Jorge Blasco Miguel<\/p>\n\n<p><strong>Docentes del m\u00f3dulo: <\/strong>Carlos Mu\u00f1oz, Rafael Izaguirre y \u00c1ngel L\u00f3pez<\/p>\n\n<p><strong>Precio curso:<\/strong><\/p>\n\n<ul class=\"wp-block-list\">\n<li>No socios: <strong>215,00 \u20ac<\/strong><\/li>\n\n\n\n<li>Socios ACE:\u00a0 <strong>180,00 \u20ac<\/strong><\/li>\n<\/ul>\n\n<h3 class=\"wp-block-heading\">Inscripci\u00f3n al m\u00f3dulo 7. M\u00e9todos de c\u00e1lculo avanzado dise\u00f1o por prestaciones<\/h3>\n\n<div class=\"inherit-container-width wp-block-group alignwide is-layout-constrained wp-block-group-is-layout-constrained\">\n<div class=\"wp-block-button\"><a class=\"wp-block-button__link has-text-align-left wp-element-button\" href=\"https:\/\/forms.gle\/C2K6aDaDRKCh78St6\" target=\"_blank\" rel=\"noreferrer noopener\"><strong><mark class=\"has-inline-color has-ast-global-color-1-color\" style=\"background-color: rgba(0, 0, 0, 0);\">Formulario de inscripci\u00f3n<\/mark><\/strong><\/a><\/div>\n<\/div>\n<h3>Temario del curso \u201cEstructuras frente al incendio ACE. M\u00f3dulo 7. M\u00e9todos de c\u00e1lculo avanzado dise\u00f1o por prestaciones\u201d<\/h3>\n<p><strong>1a sesi\u00f3n:<\/strong> lunes 19 de febrero de 2024\u00a0 3 horas (15:30 a 18:30)<\/p>\n<ul>\n<li>Dise\u00f1o prestacional: Introducci\u00f3n a la herramienta de c\u00e1lculo y simulaci\u00f3n.\u00a0 FDS<\/li>\n<\/ul>\n<p><strong>2a sesi\u00f3n:<\/strong> lunes 26 de febrero de 2024 \u2013 3 horas (15:30 a 18:30)<\/p>\n<ul>\n<li>An\u00e1lisis de proyectos basados en dise\u00f1o prestacional. Software avanzado: Diamonds, Safir, Ansys, Abacus, \u2026<\/li>\n<\/ul>\n<p><strong>3a sesi\u00f3n<\/strong>: mi\u00e9rcoles 6 de marzo de 2024 &#8211; 3 horas (15:30 a 18:30)<\/p>\n<ul>\n<li>Ejemplos dise\u00f1o prestacional: modelizaci\u00f3n de incendio y evacuaci\u00f3n de persones desde el enfoque prestacional<\/li>\n<li>Patolog\u00eda t\u00edpica de los elementos constructivos frente al fuego, la visi\u00f3n de Bomberos (casos)<\/li>\n<\/ul>\n\n<div class=\"wp-block-buttons is-layout-flex wp-block-buttons-is-layout-flex\"><\/div>\n","protected":false},"excerpt":{"rendered":"<p>La Asociaci\u00f3n de Consultores de Estructuras (ACE) ha reunido a especialistas de primer nivel con el objetivo de ofrecer un curso de estructuras frente al incendio Presentaci\u00f3n del curso \u201cEstructuras frente al incendio. ACE\u201d El estudio del fuego y su influencia en las estructuras es un tema generalmente poco explicado en las universidades. En el &hellip;<\/p>\n<p class=\"read-more\"> <a class=\"\" href=\"https:\/\/aceweb.cat\/es\/agenda\/curso-estructuras-frente-al-incendio-ace-modulo-7\/\"> <span class=\"screen-reader-text\">Curso estructuras frente al incendio ACE. M\u00f3dulo 7<\/span> Leer m\u00e1s &raquo;<\/a><\/p>\n","protected":false},"author":93,"featured_media":40968,"comment_status":"closed","ping_status":"closed","sticky":false,"template":"","format":"image","meta":{"_acf_changed":false,"site-sidebar-layout":"no-sidebar","site-content-layout":"boxed-container","ast-global-header-display":"","ast-main-header-display":"","ast-hfb-above-header-display":"","ast-hfb-below-header-display":"","ast-hfb-mobile-header-display":"","site-post-title":"","ast-breadcrumbs-content":"","ast-featured-img":"","footer-sml-layout":"","theme-transparent-header-meta":"","adv-header-id-meta":"","stick-header-meta":"","header-above-stick-meta":"","header-main-stick-meta":"","header-below-stick-meta":"","footnotes":""},"categories":[373,376,375,380],"tags":[],"class_list":["post-44046","post","type-post","status-publish","format-image","has-post-thumbnail","hentry","category-agenda","category-cursos-es","category-formacion","category-noticias","post_format-post-format-image"],"acf":[],"yoast_head":"<!-- This site is optimized with the Yoast SEO plugin v27.1.1 - https:\/\/yoast.com\/product\/yoast-seo-wordpress\/ -->\n<title>Curso estructuras frente al incendio ACE. M\u00f3dulo 7 | ACE<\/title>\n<meta name=\"description\" content=\"La ACE ha reunido a especialistas de primer nivel con el objetivo de ofrecer un curso de estructuras frente al incendio..\" \/>\n<meta name=\"robots\" content=\"index, follow, max-snippet:-1, max-image-preview:large, max-video-preview:-1\" \/>\n<link rel=\"canonical\" href=\"https:\/\/aceweb.cat\/es\/agenda\/curso-estructuras-frente-al-incendio-ace-modulo-7\/\" \/>\n<meta property=\"og:locale\" content=\"es_ES\" \/>\n<meta property=\"og:type\" content=\"article\" \/>\n<meta property=\"og:title\" content=\"Curso estructuras frente al incendio ACE. M\u00f3dulo 7 | ACE\" \/>\n<meta property=\"og:description\" content=\"La ACE ha reunido a especialistas de primer nivel con el objetivo de ofrecer un curso de estructuras frente al incendio..\" \/>\n<meta property=\"og:url\" content=\"https:\/\/aceweb.cat\/es\/agenda\/curso-estructuras-frente-al-incendio-ace-modulo-7\/\" \/>\n<meta property=\"og:site_name\" content=\"aceweb.cat\" \/>\n<meta property=\"article:published_time\" content=\"2024-01-21T16:47:46+00:00\" \/>\n<meta property=\"article:modified_time\" content=\"2024-01-21T16:48:39+00:00\" \/>\n<meta property=\"og:image\" content=\"https:\/\/aceweb.cat\/wp-content\/uploads\/2023\/03\/general-463x250-1.jpg\" \/>\n\t<meta property=\"og:image:width\" content=\"463\" \/>\n\t<meta property=\"og:image:height\" content=\"250\" \/>\n\t<meta property=\"og:image:type\" content=\"image\/jpeg\" \/>\n<meta name=\"author\" content=\"Merc\u00e8 Sierra\" \/>\n<meta name=\"twitter:card\" content=\"summary_large_image\" \/>\n<meta name=\"twitter:label1\" content=\"Escrito por\" \/>\n\t<meta name=\"twitter:data1\" content=\"Merc\u00e8 Sierra\" \/>\n\t<meta name=\"twitter:label2\" content=\"Tiempo de lectura\" \/>\n\t<meta name=\"twitter:data2\" content=\"2 minutos\" \/>\n<script type=\"application\/ld+json\" class=\"yoast-schema-graph\">{\"@context\":\"https:\/\/schema.org\",\"@graph\":[{\"@type\":\"Article\",\"@id\":\"https:\/\/aceweb.cat\/es\/agenda\/curso-estructuras-frente-al-incendio-ace-modulo-7\/#article\",\"isPartOf\":{\"@id\":\"https:\/\/aceweb.cat\/es\/agenda\/curso-estructuras-frente-al-incendio-ace-modulo-7\/\"},\"author\":{\"name\":\"Merc\u00e8 Sierra\",\"@id\":\"https:\/\/aceweb.cat\/#\/schema\/person\/a6b8893e55b089407baaac96e1014d92\"},\"headline\":\"Curso estructuras frente al incendio ACE. M\u00f3dulo 7\",\"datePublished\":\"2024-01-21T16:47:46+00:00\",\"dateModified\":\"2024-01-21T16:48:39+00:00\",\"mainEntityOfPage\":{\"@id\":\"https:\/\/aceweb.cat\/es\/agenda\/curso-estructuras-frente-al-incendio-ace-modulo-7\/\"},\"wordCount\":381,\"publisher\":{\"@id\":\"https:\/\/aceweb.cat\/#organization\"},\"image\":{\"@id\":\"https:\/\/aceweb.cat\/es\/agenda\/curso-estructuras-frente-al-incendio-ace-modulo-7\/#primaryimage\"},\"thumbnailUrl\":\"https:\/\/aceweb.cat\/wp-content\/uploads\/2023\/03\/general-463x250-1.jpg\",\"articleSection\":[\"Agenda\",\"Cursos\",\"Formaci\u00f3n\",\"Noticias\"],\"inLanguage\":\"es\"},{\"@type\":\"WebPage\",\"@id\":\"https:\/\/aceweb.cat\/es\/agenda\/curso-estructuras-frente-al-incendio-ace-modulo-7\/\",\"url\":\"https:\/\/aceweb.cat\/es\/agenda\/curso-estructuras-frente-al-incendio-ace-modulo-7\/\",\"name\":\"Curso estructuras frente al incendio ACE. M\u00f3dulo 7 | ACE\",\"isPartOf\":{\"@id\":\"https:\/\/aceweb.cat\/#website\"},\"primaryImageOfPage\":{\"@id\":\"https:\/\/aceweb.cat\/es\/agenda\/curso-estructuras-frente-al-incendio-ace-modulo-7\/#primaryimage\"},\"image\":{\"@id\":\"https:\/\/aceweb.cat\/es\/agenda\/curso-estructuras-frente-al-incendio-ace-modulo-7\/#primaryimage\"},\"thumbnailUrl\":\"https:\/\/aceweb.cat\/wp-content\/uploads\/2023\/03\/general-463x250-1.jpg\",\"datePublished\":\"2024-01-21T16:47:46+00:00\",\"dateModified\":\"2024-01-21T16:48:39+00:00\",\"description\":\"La ACE ha reunido a especialistas de primer nivel con el objetivo de ofrecer un curso de estructuras frente al incendio..\",\"breadcrumb\":{\"@id\":\"https:\/\/aceweb.cat\/es\/agenda\/curso-estructuras-frente-al-incendio-ace-modulo-7\/#breadcrumb\"},\"inLanguage\":\"es\",\"potentialAction\":[{\"@type\":\"ReadAction\",\"target\":[\"https:\/\/aceweb.cat\/es\/agenda\/curso-estructuras-frente-al-incendio-ace-modulo-7\/\"]}]},{\"@type\":\"ImageObject\",\"inLanguage\":\"es\",\"@id\":\"https:\/\/aceweb.cat\/es\/agenda\/curso-estructuras-frente-al-incendio-ace-modulo-7\/#primaryimage\",\"url\":\"https:\/\/aceweb.cat\/wp-content\/uploads\/2023\/03\/general-463x250-1.jpg\",\"contentUrl\":\"https:\/\/aceweb.cat\/wp-content\/uploads\/2023\/03\/general-463x250-1.jpg\",\"width\":463,\"height\":250},{\"@type\":\"BreadcrumbList\",\"@id\":\"https:\/\/aceweb.cat\/es\/agenda\/curso-estructuras-frente-al-incendio-ace-modulo-7\/#breadcrumb\",\"itemListElement\":[{\"@type\":\"ListItem\",\"position\":1,\"name\":\"Inici\",\"item\":\"https:\/\/aceweb.cat\/\"},{\"@type\":\"ListItem\",\"position\":2,\"name\":\"Formaci\u00f3n\",\"item\":\"https:\/\/aceweb.cat\/es\/categoria\/formacion\/\"},{\"@type\":\"ListItem\",\"position\":3,\"name\":\"Cursos\",\"item\":\"https:\/\/aceweb.cat\/es\/categoria\/formacion\/cursos-es\/\"},{\"@type\":\"ListItem\",\"position\":4,\"name\":\"Curso estructuras frente al incendio ACE. M\u00f3dulo 7\"}]},{\"@type\":\"WebSite\",\"@id\":\"https:\/\/aceweb.cat\/#website\",\"url\":\"https:\/\/aceweb.cat\/\",\"name\":\"ACE\",\"description\":\"Associaci\u00f3 de Consultors d&#039;Estructures | ACE\",\"publisher\":{\"@id\":\"https:\/\/aceweb.cat\/#organization\"},\"alternateName\":\"ACE\",\"potentialAction\":[{\"@type\":\"SearchAction\",\"target\":{\"@type\":\"EntryPoint\",\"urlTemplate\":\"https:\/\/aceweb.cat\/?s={search_term_string}\"},\"query-input\":{\"@type\":\"PropertyValueSpecification\",\"valueRequired\":true,\"valueName\":\"search_term_string\"}}],\"inLanguage\":\"es\"},{\"@type\":\"Organization\",\"@id\":\"https:\/\/aceweb.cat\/#organization\",\"name\":\"ACE\",\"alternateName\":\"ACE\",\"url\":\"https:\/\/aceweb.cat\/\",\"logo\":{\"@type\":\"ImageObject\",\"inLanguage\":\"es\",\"@id\":\"https:\/\/aceweb.cat\/#\/schema\/logo\/image\/\",\"url\":\"https:\/\/aceweb.cat\/wp-content\/uploads\/2022\/10\/logo.svg\",\"contentUrl\":\"https:\/\/aceweb.cat\/wp-content\/uploads\/2022\/10\/logo.svg\",\"width\":1,\"height\":1,\"caption\":\"ACE\"},\"image\":{\"@id\":\"https:\/\/aceweb.cat\/#\/schema\/logo\/image\/\"}},{\"@type\":\"Person\",\"@id\":\"https:\/\/aceweb.cat\/#\/schema\/person\/a6b8893e55b089407baaac96e1014d92\",\"name\":\"Merc\u00e8 Sierra\",\"image\":{\"@type\":\"ImageObject\",\"inLanguage\":\"es\",\"@id\":\"https:\/\/aceweb.cat\/#\/schema\/person\/image\/\",\"url\":\"https:\/\/secure.gravatar.com\/avatar\/22f0c97d4117dfcc3220888d6384e2a07df217ae83511660a0783b56292770b5?s=96&d=mm&r=g\",\"contentUrl\":\"https:\/\/secure.gravatar.com\/avatar\/22f0c97d4117dfcc3220888d6384e2a07df217ae83511660a0783b56292770b5?s=96&d=mm&r=g\",\"caption\":\"Merc\u00e8 Sierra\"},\"url\":\"https:\/\/aceweb.cat\/es\/author\/merce-sierra\/\"}]}<\/script>\n<!-- \/ Yoast SEO plugin. -->","yoast_head_json":{"title":"Curso estructuras frente al incendio ACE. M\u00f3dulo 7 | ACE","description":"La ACE ha reunido a especialistas de primer nivel con el objetivo de ofrecer un curso de estructuras frente al incendio..","robots":{"index":"index","follow":"follow","max-snippet":"max-snippet:-1","max-image-preview":"max-image-preview:large","max-video-preview":"max-video-preview:-1"},"canonical":"https:\/\/aceweb.cat\/es\/agenda\/curso-estructuras-frente-al-incendio-ace-modulo-7\/","og_locale":"es_ES","og_type":"article","og_title":"Curso estructuras frente al incendio ACE. M\u00f3dulo 7 | ACE","og_description":"La ACE ha reunido a especialistas de primer nivel con el objetivo de ofrecer un curso de estructuras frente al incendio..","og_url":"https:\/\/aceweb.cat\/es\/agenda\/curso-estructuras-frente-al-incendio-ace-modulo-7\/","og_site_name":"aceweb.cat","article_published_time":"2024-01-21T16:47:46+00:00","article_modified_time":"2024-01-21T16:48:39+00:00","og_image":[{"width":463,"height":250,"url":"https:\/\/aceweb.cat\/wp-content\/uploads\/2023\/03\/general-463x250-1.jpg","type":"image\/jpeg"}],"author":"Merc\u00e8 Sierra","twitter_card":"summary_large_image","twitter_misc":{"Escrito por":"Merc\u00e8 Sierra","Tiempo de lectura":"2 minutos"},"schema":{"@context":"https:\/\/schema.org","@graph":[{"@type":"Article","@id":"https:\/\/aceweb.cat\/es\/agenda\/curso-estructuras-frente-al-incendio-ace-modulo-7\/#article","isPartOf":{"@id":"https:\/\/aceweb.cat\/es\/agenda\/curso-estructuras-frente-al-incendio-ace-modulo-7\/"},"author":{"name":"Merc\u00e8 Sierra","@id":"https:\/\/aceweb.cat\/#\/schema\/person\/a6b8893e55b089407baaac96e1014d92"},"headline":"Curso estructuras frente al incendio ACE. M\u00f3dulo 7","datePublished":"2024-01-21T16:47:46+00:00","dateModified":"2024-01-21T16:48:39+00:00","mainEntityOfPage":{"@id":"https:\/\/aceweb.cat\/es\/agenda\/curso-estructuras-frente-al-incendio-ace-modulo-7\/"},"wordCount":381,"publisher":{"@id":"https:\/\/aceweb.cat\/#organization"},"image":{"@id":"https:\/\/aceweb.cat\/es\/agenda\/curso-estructuras-frente-al-incendio-ace-modulo-7\/#primaryimage"},"thumbnailUrl":"https:\/\/aceweb.cat\/wp-content\/uploads\/2023\/03\/general-463x250-1.jpg","articleSection":["Agenda","Cursos","Formaci\u00f3n","Noticias"],"inLanguage":"es"},{"@type":"WebPage","@id":"https:\/\/aceweb.cat\/es\/agenda\/curso-estructuras-frente-al-incendio-ace-modulo-7\/","url":"https:\/\/aceweb.cat\/es\/agenda\/curso-estructuras-frente-al-incendio-ace-modulo-7\/","name":"Curso estructuras frente al incendio ACE. M\u00f3dulo 7 | ACE","isPartOf":{"@id":"https:\/\/aceweb.cat\/#website"},"primaryImageOfPage":{"@id":"https:\/\/aceweb.cat\/es\/agenda\/curso-estructuras-frente-al-incendio-ace-modulo-7\/#primaryimage"},"image":{"@id":"https:\/\/aceweb.cat\/es\/agenda\/curso-estructuras-frente-al-incendio-ace-modulo-7\/#primaryimage"},"thumbnailUrl":"https:\/\/aceweb.cat\/wp-content\/uploads\/2023\/03\/general-463x250-1.jpg","datePublished":"2024-01-21T16:47:46+00:00","dateModified":"2024-01-21T16:48:39+00:00","description":"La ACE ha reunido a especialistas de primer nivel con el objetivo de ofrecer un curso de estructuras frente al incendio..","breadcrumb":{"@id":"https:\/\/aceweb.cat\/es\/agenda\/curso-estructuras-frente-al-incendio-ace-modulo-7\/#breadcrumb"},"inLanguage":"es","potentialAction":[{"@type":"ReadAction","target":["https:\/\/aceweb.cat\/es\/agenda\/curso-estructuras-frente-al-incendio-ace-modulo-7\/"]}]},{"@type":"ImageObject","inLanguage":"es","@id":"https:\/\/aceweb.cat\/es\/agenda\/curso-estructuras-frente-al-incendio-ace-modulo-7\/#primaryimage","url":"https:\/\/aceweb.cat\/wp-content\/uploads\/2023\/03\/general-463x250-1.jpg","contentUrl":"https:\/\/aceweb.cat\/wp-content\/uploads\/2023\/03\/general-463x250-1.jpg","width":463,"height":250},{"@type":"BreadcrumbList","@id":"https:\/\/aceweb.cat\/es\/agenda\/curso-estructuras-frente-al-incendio-ace-modulo-7\/#breadcrumb","itemListElement":[{"@type":"ListItem","position":1,"name":"Inici","item":"https:\/\/aceweb.cat\/"},{"@type":"ListItem","position":2,"name":"Formaci\u00f3n","item":"https:\/\/aceweb.cat\/es\/categoria\/formacion\/"},{"@type":"ListItem","position":3,"name":"Cursos","item":"https:\/\/aceweb.cat\/es\/categoria\/formacion\/cursos-es\/"},{"@type":"ListItem","position":4,"name":"Curso estructuras frente al incendio ACE. M\u00f3dulo 7"}]},{"@type":"WebSite","@id":"https:\/\/aceweb.cat\/#website","url":"https:\/\/aceweb.cat\/","name":"ACE","description":"Associaci\u00f3 de Consultors d&#039;Estructures | ACE","publisher":{"@id":"https:\/\/aceweb.cat\/#organization"},"alternateName":"ACE","potentialAction":[{"@type":"SearchAction","target":{"@type":"EntryPoint","urlTemplate":"https:\/\/aceweb.cat\/?s={search_term_string}"},"query-input":{"@type":"PropertyValueSpecification","valueRequired":true,"valueName":"search_term_string"}}],"inLanguage":"es"},{"@type":"Organization","@id":"https:\/\/aceweb.cat\/#organization","name":"ACE","alternateName":"ACE","url":"https:\/\/aceweb.cat\/","logo":{"@type":"ImageObject","inLanguage":"es","@id":"https:\/\/aceweb.cat\/#\/schema\/logo\/image\/","url":"https:\/\/aceweb.cat\/wp-content\/uploads\/2022\/10\/logo.svg","contentUrl":"https:\/\/aceweb.cat\/wp-content\/uploads\/2022\/10\/logo.svg","width":1,"height":1,"caption":"ACE"},"image":{"@id":"https:\/\/aceweb.cat\/#\/schema\/logo\/image\/"}},{"@type":"Person","@id":"https:\/\/aceweb.cat\/#\/schema\/person\/a6b8893e55b089407baaac96e1014d92","name":"Merc\u00e8 Sierra","image":{"@type":"ImageObject","inLanguage":"es","@id":"https:\/\/aceweb.cat\/#\/schema\/person\/image\/","url":"https:\/\/secure.gravatar.com\/avatar\/22f0c97d4117dfcc3220888d6384e2a07df217ae83511660a0783b56292770b5?s=96&d=mm&r=g","contentUrl":"https:\/\/secure.gravatar.com\/avatar\/22f0c97d4117dfcc3220888d6384e2a07df217ae83511660a0783b56292770b5?s=96&d=mm&r=g","caption":"Merc\u00e8 Sierra"},"url":"https:\/\/aceweb.cat\/es\/author\/merce-sierra\/"}]}},"_links":{"self":[{"href":"https:\/\/aceweb.cat\/es\/wp-json\/wp\/v2\/posts\/44046","targetHints":{"allow":["GET"]}}],"collection":[{"href":"https:\/\/aceweb.cat\/es\/wp-json\/wp\/v2\/posts"}],"about":[{"href":"https:\/\/aceweb.cat\/es\/wp-json\/wp\/v2\/types\/post"}],"author":[{"embeddable":true,"href":"https:\/\/aceweb.cat\/es\/wp-json\/wp\/v2\/users\/93"}],"replies":[{"embeddable":true,"href":"https:\/\/aceweb.cat\/es\/wp-json\/wp\/v2\/comments?post=44046"}],"version-history":[{"count":1,"href":"https:\/\/aceweb.cat\/es\/wp-json\/wp\/v2\/posts\/44046\/revisions"}],"predecessor-version":[{"id":44047,"href":"https:\/\/aceweb.cat\/es\/wp-json\/wp\/v2\/posts\/44046\/revisions\/44047"}],"wp:featuredmedia":[{"embeddable":true,"href":"https:\/\/aceweb.cat\/es\/wp-json\/wp\/v2\/media\/40968"}],"wp:attachment":[{"href":"https:\/\/aceweb.cat\/es\/wp-json\/wp\/v2\/media?parent=44046"}],"wp:term":[{"taxonomy":"category","embeddable":true,"href":"https:\/\/aceweb.cat\/es\/wp-json\/wp\/v2\/categories?post=44046"},{"taxonomy":"post_tag","embeddable":true,"href":"https:\/\/aceweb.cat\/es\/wp-json\/wp\/v2\/tags?post=44046"}],"curies":[{"name":"wp","href":"https:\/\/api.w.org\/{rel}","templated":true}]}}