{"id":44107,"date":"2024-02-14T10:27:07","date_gmt":"2024-02-14T10:27:07","guid":{"rendered":"https:\/\/aceweb.cat\/?p=44107"},"modified":"2024-02-15T20:08:10","modified_gmt":"2024-02-15T20:08:10","slug":"el-proximo-29-de-febrero-la-ace-celebra-la-asamblea-general-anual-2024","status":"publish","type":"post","link":"https:\/\/aceweb.cat\/es\/agenda\/el-proximo-29-de-febrero-la-ace-celebra-la-asamblea-general-anual-2024\/","title":{"rendered":"El pr\u00f3ximo 29 de febrero la ACE celebra la Asamblea General anual 2024"},"content":{"rendered":"<p style=\"text-align: justify;\">La <strong>Associaci\u00f3 de Consultors d\u2019Estructures<\/strong> convoca a los socios a la asistencia de la <strong>Asamblea General<\/strong> de la Associaci\u00f3, que tendr\u00e1 lugar el pr\u00f3ximo <strong>29 de febrero de 2024 a partir de las 18h<\/strong> (la segunda convocatoria, a las 18.30h).<\/p>\n<p style=\"text-align: justify;\">Este acto tendr\u00e1 lugar en la <strong>Sala de Actos del ITEC<\/strong> (c\/Wellington, 19 &#8211; 08018 Barcelona) , el orden del d\u00edas ser\u00e1 el siguiente:<!--more--><\/p>\n<ul style=\"text-align: justify;\">\n<li>Lectura y aprobaci\u00f3n del acta de la \u2019Assamblea anterior<\/li>\n<li>Informe del Presidente<\/li>\n<li>Lectura y aprobaci\u00f3n, si es necesario, de la Memoria de Actividades 2023<\/li>\n<li>Informe de las diversas \u00e1reas<\/li>\n<li>Lectura y aprobaci\u00f3n, si es necesario, del Estado de Cuentas del ejercicio 2023<\/li>\n<li>Lectura y aprobaci\u00f3n presupuesto 2024<\/li>\n<li>Actualizaci\u00f3n cuotas 2025<\/li>\n<li>Asuntos de tr\u00e1mite y acuerdos que se den<\/li>\n<li>Turno abierto de palabras<\/li>\n<\/ul>\n<p style=\"text-align: justify;\">Al finalizar el acto se podr\u00e1 disfrutar de un\u00a0 piscolabis.<\/p>\n<p style=\"text-align: justify;\">Por temas organizativos se ruega la <strong>confirmaci\u00f3n de asistencia<\/strong> en este <a href=\"https:\/\/forms.gle\/jDQJncvBj9tLEHdG6\">enlace<\/a><\/p>\n","protected":false},"excerpt":{"rendered":"<p>La Associaci\u00f3 de Consultors d\u2019Estructures convoca a los socios a la asistencia de la Asamblea General de la Associaci\u00f3, que tendr\u00e1 lugar el pr\u00f3ximo 29 de febrero de 2024 a partir de las 18h (la segunda convocatoria, a las 18.30h). Este acto tendr\u00e1 lugar en la Sala de Actos del ITEC (c\/Wellington, 19 &#8211; 08018 &hellip;<\/p>\n<p class=\"read-more\"> <a class=\"\" href=\"https:\/\/aceweb.cat\/es\/agenda\/el-proximo-29-de-febrero-la-ace-celebra-la-asamblea-general-anual-2024\/\"> <span class=\"screen-reader-text\">El pr\u00f3ximo 29 de febrero la ACE celebra la Asamblea General anual 2024<\/span> Leer m\u00e1s &raquo;<\/a><\/p>\n","protected":false},"author":93,"featured_media":1482,"comment_status":"open","ping_status":"open","sticky":false,"template":"","format":"standard","meta":{"_acf_changed":false,"site-sidebar-layout":"default","site-content-layout":"default","ast-global-header-display":"","ast-main-header-display":"","ast-hfb-above-header-display":"","ast-hfb-below-header-display":"","ast-hfb-mobile-header-display":"","site-post-title":"","ast-breadcrumbs-content":"","ast-featured-img":"","footer-sml-layout":"","theme-transparent-header-meta":"","adv-header-id-meta":"","stick-header-meta":"","header-above-stick-meta":"","header-main-stick-meta":"","header-below-stick-meta":"","footnotes":""},"categories":[373,380],"tags":[],"class_list":["post-44107","post","type-post","status-publish","format-standard","has-post-thumbnail","hentry","category-agenda","category-noticias"],"acf":[],"yoast_head":"<!-- This site is optimized with the Yoast SEO plugin v27.1.1 - https:\/\/yoast.com\/product\/yoast-seo-wordpress\/ -->\n<title>El pr\u00f3ximo 29 de febrero la ACE celebra la Asamblea General anual 2024 | ACE<\/title>\n<meta name=\"description\" content=\"El pr\u00f3ximo d\u00eda 29 de febrero de 2024 se celebra la Asamblea General Ordinaria 2024 para todos los socios de la ACE\" \/>\n<meta name=\"robots\" content=\"index, follow, max-snippet:-1, max-image-preview:large, max-video-preview:-1\" \/>\n<link rel=\"canonical\" href=\"https:\/\/aceweb.cat\/es\/agenda\/el-proximo-29-de-febrero-la-ace-celebra-la-asamblea-general-anual-2024\/\" \/>\n<meta property=\"og:locale\" content=\"es_ES\" \/>\n<meta property=\"og:type\" content=\"article\" \/>\n<meta property=\"og:title\" content=\"El pr\u00f3ximo 29 de febrero la ACE celebra la Asamblea General anual 2024 | ACE\" \/>\n<meta property=\"og:description\" content=\"El pr\u00f3ximo d\u00eda 29 de febrero de 2024 se celebra la Asamblea General Ordinaria 2024 para todos los socios de la ACE\" \/>\n<meta property=\"og:url\" content=\"https:\/\/aceweb.cat\/es\/agenda\/el-proximo-29-de-febrero-la-ace-celebra-la-asamblea-general-anual-2024\/\" \/>\n<meta property=\"og:site_name\" content=\"aceweb.cat\" \/>\n<meta property=\"article:published_time\" content=\"2024-02-14T10:27:07+00:00\" \/>\n<meta property=\"article:modified_time\" content=\"2024-02-15T20:08:10+00:00\" \/>\n<meta property=\"og:image\" content=\"https:\/\/aceweb.cat\/wp-content\/uploads\/2022\/06\/ace-actos-cat-assemblea.jpg\" \/>\n\t<meta property=\"og:image:width\" content=\"630\" \/>\n\t<meta property=\"og:image:height\" content=\"340\" \/>\n\t<meta property=\"og:image:type\" content=\"image\/jpeg\" \/>\n<meta name=\"author\" content=\"Merc\u00e8 Sierra\" \/>\n<meta name=\"twitter:card\" content=\"summary_large_image\" \/>\n<meta name=\"twitter:label1\" content=\"Escrito por\" \/>\n\t<meta name=\"twitter:data1\" content=\"Merc\u00e8 Sierra\" \/>\n\t<meta name=\"twitter:label2\" content=\"Tiempo de lectura\" \/>\n\t<meta name=\"twitter:data2\" content=\"1 minuto\" \/>\n<script type=\"application\/ld+json\" class=\"yoast-schema-graph\">{\"@context\":\"https:\/\/schema.org\",\"@graph\":[{\"@type\":\"Article\",\"@id\":\"https:\/\/aceweb.cat\/es\/agenda\/el-proximo-29-de-febrero-la-ace-celebra-la-asamblea-general-anual-2024\/#article\",\"isPartOf\":{\"@id\":\"https:\/\/aceweb.cat\/es\/agenda\/el-proximo-29-de-febrero-la-ace-celebra-la-asamblea-general-anual-2024\/\"},\"author\":{\"name\":\"Merc\u00e8 Sierra\",\"@id\":\"https:\/\/aceweb.cat\/#\/schema\/person\/a6b8893e55b089407baaac96e1014d92\"},\"headline\":\"El pr\u00f3ximo 29 de febrero la ACE celebra la Asamblea General anual 2024\",\"datePublished\":\"2024-02-14T10:27:07+00:00\",\"dateModified\":\"2024-02-15T20:08:10+00:00\",\"mainEntityOfPage\":{\"@id\":\"https:\/\/aceweb.cat\/es\/agenda\/el-proximo-29-de-febrero-la-ace-celebra-la-asamblea-general-anual-2024\/\"},\"wordCount\":162,\"commentCount\":0,\"publisher\":{\"@id\":\"https:\/\/aceweb.cat\/#organization\"},\"image\":{\"@id\":\"https:\/\/aceweb.cat\/es\/agenda\/el-proximo-29-de-febrero-la-ace-celebra-la-asamblea-general-anual-2024\/#primaryimage\"},\"thumbnailUrl\":\"https:\/\/aceweb.cat\/wp-content\/uploads\/2022\/06\/ace-actos-cat-assemblea.jpg\",\"articleSection\":[\"Agenda\",\"Noticias\"],\"inLanguage\":\"es\",\"potentialAction\":[{\"@type\":\"CommentAction\",\"name\":\"Comment\",\"target\":[\"https:\/\/aceweb.cat\/es\/agenda\/el-proximo-29-de-febrero-la-ace-celebra-la-asamblea-general-anual-2024\/#respond\"]}]},{\"@type\":\"WebPage\",\"@id\":\"https:\/\/aceweb.cat\/es\/agenda\/el-proximo-29-de-febrero-la-ace-celebra-la-asamblea-general-anual-2024\/\",\"url\":\"https:\/\/aceweb.cat\/es\/agenda\/el-proximo-29-de-febrero-la-ace-celebra-la-asamblea-general-anual-2024\/\",\"name\":\"El pr\u00f3ximo 29 de febrero la ACE celebra la Asamblea General anual 2024 | ACE\",\"isPartOf\":{\"@id\":\"https:\/\/aceweb.cat\/#website\"},\"primaryImageOfPage\":{\"@id\":\"https:\/\/aceweb.cat\/es\/agenda\/el-proximo-29-de-febrero-la-ace-celebra-la-asamblea-general-anual-2024\/#primaryimage\"},\"image\":{\"@id\":\"https:\/\/aceweb.cat\/es\/agenda\/el-proximo-29-de-febrero-la-ace-celebra-la-asamblea-general-anual-2024\/#primaryimage\"},\"thumbnailUrl\":\"https:\/\/aceweb.cat\/wp-content\/uploads\/2022\/06\/ace-actos-cat-assemblea.jpg\",\"datePublished\":\"2024-02-14T10:27:07+00:00\",\"dateModified\":\"2024-02-15T20:08:10+00:00\",\"description\":\"El pr\u00f3ximo d\u00eda 29 de febrero de 2024 se celebra la Asamblea General Ordinaria 2024 para todos los socios de la ACE\",\"breadcrumb\":{\"@id\":\"https:\/\/aceweb.cat\/es\/agenda\/el-proximo-29-de-febrero-la-ace-celebra-la-asamblea-general-anual-2024\/#breadcrumb\"},\"inLanguage\":\"es\",\"potentialAction\":[{\"@type\":\"ReadAction\",\"target\":[\"https:\/\/aceweb.cat\/es\/agenda\/el-proximo-29-de-febrero-la-ace-celebra-la-asamblea-general-anual-2024\/\"]}]},{\"@type\":\"ImageObject\",\"inLanguage\":\"es\",\"@id\":\"https:\/\/aceweb.cat\/es\/agenda\/el-proximo-29-de-febrero-la-ace-celebra-la-asamblea-general-anual-2024\/#primaryimage\",\"url\":\"https:\/\/aceweb.cat\/wp-content\/uploads\/2022\/06\/ace-actos-cat-assemblea.jpg\",\"contentUrl\":\"https:\/\/aceweb.cat\/wp-content\/uploads\/2022\/06\/ace-actos-cat-assemblea.jpg\",\"width\":630,\"height\":340},{\"@type\":\"BreadcrumbList\",\"@id\":\"https:\/\/aceweb.cat\/es\/agenda\/el-proximo-29-de-febrero-la-ace-celebra-la-asamblea-general-anual-2024\/#breadcrumb\",\"itemListElement\":[{\"@type\":\"ListItem\",\"position\":1,\"name\":\"Inici\",\"item\":\"https:\/\/aceweb.cat\/\"},{\"@type\":\"ListItem\",\"position\":2,\"name\":\"Agenda\",\"item\":\"https:\/\/aceweb.cat\/es\/categoria\/agenda\/\"},{\"@type\":\"ListItem\",\"position\":3,\"name\":\"El pr\u00f3ximo 29 de febrero la ACE celebra la Asamblea General anual 2024\"}]},{\"@type\":\"WebSite\",\"@id\":\"https:\/\/aceweb.cat\/#website\",\"url\":\"https:\/\/aceweb.cat\/\",\"name\":\"ACE\",\"description\":\"Associaci\u00f3 de Consultors d&#039;Estructures | ACE\",\"publisher\":{\"@id\":\"https:\/\/aceweb.cat\/#organization\"},\"alternateName\":\"ACE\",\"potentialAction\":[{\"@type\":\"SearchAction\",\"target\":{\"@type\":\"EntryPoint\",\"urlTemplate\":\"https:\/\/aceweb.cat\/?s={search_term_string}\"},\"query-input\":{\"@type\":\"PropertyValueSpecification\",\"valueRequired\":true,\"valueName\":\"search_term_string\"}}],\"inLanguage\":\"es\"},{\"@type\":\"Organization\",\"@id\":\"https:\/\/aceweb.cat\/#organization\",\"name\":\"ACE\",\"alternateName\":\"ACE\",\"url\":\"https:\/\/aceweb.cat\/\",\"logo\":{\"@type\":\"ImageObject\",\"inLanguage\":\"es\",\"@id\":\"https:\/\/aceweb.cat\/#\/schema\/logo\/image\/\",\"url\":\"https:\/\/aceweb.cat\/wp-content\/uploads\/2022\/10\/logo.svg\",\"contentUrl\":\"https:\/\/aceweb.cat\/wp-content\/uploads\/2022\/10\/logo.svg\",\"width\":1,\"height\":1,\"caption\":\"ACE\"},\"image\":{\"@id\":\"https:\/\/aceweb.cat\/#\/schema\/logo\/image\/\"}},{\"@type\":\"Person\",\"@id\":\"https:\/\/aceweb.cat\/#\/schema\/person\/a6b8893e55b089407baaac96e1014d92\",\"name\":\"Merc\u00e8 Sierra\",\"image\":{\"@type\":\"ImageObject\",\"inLanguage\":\"es\",\"@id\":\"https:\/\/aceweb.cat\/#\/schema\/person\/image\/\",\"url\":\"https:\/\/secure.gravatar.com\/avatar\/22f0c97d4117dfcc3220888d6384e2a07df217ae83511660a0783b56292770b5?s=96&d=mm&r=g\",\"contentUrl\":\"https:\/\/secure.gravatar.com\/avatar\/22f0c97d4117dfcc3220888d6384e2a07df217ae83511660a0783b56292770b5?s=96&d=mm&r=g\",\"caption\":\"Merc\u00e8 Sierra\"},\"url\":\"https:\/\/aceweb.cat\/es\/author\/merce-sierra\/\"}]}<\/script>\n<!-- \/ Yoast SEO plugin. -->","yoast_head_json":{"title":"El pr\u00f3ximo 29 de febrero la ACE celebra la Asamblea General anual 2024 | ACE","description":"El pr\u00f3ximo d\u00eda 29 de febrero de 2024 se celebra la Asamblea General Ordinaria 2024 para todos los socios de la ACE","robots":{"index":"index","follow":"follow","max-snippet":"max-snippet:-1","max-image-preview":"max-image-preview:large","max-video-preview":"max-video-preview:-1"},"canonical":"https:\/\/aceweb.cat\/es\/agenda\/el-proximo-29-de-febrero-la-ace-celebra-la-asamblea-general-anual-2024\/","og_locale":"es_ES","og_type":"article","og_title":"El pr\u00f3ximo 29 de febrero la ACE celebra la Asamblea General anual 2024 | ACE","og_description":"El pr\u00f3ximo d\u00eda 29 de febrero de 2024 se celebra la Asamblea General Ordinaria 2024 para todos los socios de la ACE","og_url":"https:\/\/aceweb.cat\/es\/agenda\/el-proximo-29-de-febrero-la-ace-celebra-la-asamblea-general-anual-2024\/","og_site_name":"aceweb.cat","article_published_time":"2024-02-14T10:27:07+00:00","article_modified_time":"2024-02-15T20:08:10+00:00","og_image":[{"width":630,"height":340,"url":"https:\/\/aceweb.cat\/wp-content\/uploads\/2022\/06\/ace-actos-cat-assemblea.jpg","type":"image\/jpeg"}],"author":"Merc\u00e8 Sierra","twitter_card":"summary_large_image","twitter_misc":{"Escrito por":"Merc\u00e8 Sierra","Tiempo de lectura":"1 minuto"},"schema":{"@context":"https:\/\/schema.org","@graph":[{"@type":"Article","@id":"https:\/\/aceweb.cat\/es\/agenda\/el-proximo-29-de-febrero-la-ace-celebra-la-asamblea-general-anual-2024\/#article","isPartOf":{"@id":"https:\/\/aceweb.cat\/es\/agenda\/el-proximo-29-de-febrero-la-ace-celebra-la-asamblea-general-anual-2024\/"},"author":{"name":"Merc\u00e8 Sierra","@id":"https:\/\/aceweb.cat\/#\/schema\/person\/a6b8893e55b089407baaac96e1014d92"},"headline":"El pr\u00f3ximo 29 de febrero la ACE celebra la Asamblea General anual 2024","datePublished":"2024-02-14T10:27:07+00:00","dateModified":"2024-02-15T20:08:10+00:00","mainEntityOfPage":{"@id":"https:\/\/aceweb.cat\/es\/agenda\/el-proximo-29-de-febrero-la-ace-celebra-la-asamblea-general-anual-2024\/"},"wordCount":162,"commentCount":0,"publisher":{"@id":"https:\/\/aceweb.cat\/#organization"},"image":{"@id":"https:\/\/aceweb.cat\/es\/agenda\/el-proximo-29-de-febrero-la-ace-celebra-la-asamblea-general-anual-2024\/#primaryimage"},"thumbnailUrl":"https:\/\/aceweb.cat\/wp-content\/uploads\/2022\/06\/ace-actos-cat-assemblea.jpg","articleSection":["Agenda","Noticias"],"inLanguage":"es","potentialAction":[{"@type":"CommentAction","name":"Comment","target":["https:\/\/aceweb.cat\/es\/agenda\/el-proximo-29-de-febrero-la-ace-celebra-la-asamblea-general-anual-2024\/#respond"]}]},{"@type":"WebPage","@id":"https:\/\/aceweb.cat\/es\/agenda\/el-proximo-29-de-febrero-la-ace-celebra-la-asamblea-general-anual-2024\/","url":"https:\/\/aceweb.cat\/es\/agenda\/el-proximo-29-de-febrero-la-ace-celebra-la-asamblea-general-anual-2024\/","name":"El pr\u00f3ximo 29 de febrero la ACE celebra la Asamblea General anual 2024 | ACE","isPartOf":{"@id":"https:\/\/aceweb.cat\/#website"},"primaryImageOfPage":{"@id":"https:\/\/aceweb.cat\/es\/agenda\/el-proximo-29-de-febrero-la-ace-celebra-la-asamblea-general-anual-2024\/#primaryimage"},"image":{"@id":"https:\/\/aceweb.cat\/es\/agenda\/el-proximo-29-de-febrero-la-ace-celebra-la-asamblea-general-anual-2024\/#primaryimage"},"thumbnailUrl":"https:\/\/aceweb.cat\/wp-content\/uploads\/2022\/06\/ace-actos-cat-assemblea.jpg","datePublished":"2024-02-14T10:27:07+00:00","dateModified":"2024-02-15T20:08:10+00:00","description":"El pr\u00f3ximo d\u00eda 29 de febrero de 2024 se celebra la Asamblea General Ordinaria 2024 para todos los socios de la ACE","breadcrumb":{"@id":"https:\/\/aceweb.cat\/es\/agenda\/el-proximo-29-de-febrero-la-ace-celebra-la-asamblea-general-anual-2024\/#breadcrumb"},"inLanguage":"es","potentialAction":[{"@type":"ReadAction","target":["https:\/\/aceweb.cat\/es\/agenda\/el-proximo-29-de-febrero-la-ace-celebra-la-asamblea-general-anual-2024\/"]}]},{"@type":"ImageObject","inLanguage":"es","@id":"https:\/\/aceweb.cat\/es\/agenda\/el-proximo-29-de-febrero-la-ace-celebra-la-asamblea-general-anual-2024\/#primaryimage","url":"https:\/\/aceweb.cat\/wp-content\/uploads\/2022\/06\/ace-actos-cat-assemblea.jpg","contentUrl":"https:\/\/aceweb.cat\/wp-content\/uploads\/2022\/06\/ace-actos-cat-assemblea.jpg","width":630,"height":340},{"@type":"BreadcrumbList","@id":"https:\/\/aceweb.cat\/es\/agenda\/el-proximo-29-de-febrero-la-ace-celebra-la-asamblea-general-anual-2024\/#breadcrumb","itemListElement":[{"@type":"ListItem","position":1,"name":"Inici","item":"https:\/\/aceweb.cat\/"},{"@type":"ListItem","position":2,"name":"Agenda","item":"https:\/\/aceweb.cat\/es\/categoria\/agenda\/"},{"@type":"ListItem","position":3,"name":"El pr\u00f3ximo 29 de febrero la ACE celebra la Asamblea General anual 2024"}]},{"@type":"WebSite","@id":"https:\/\/aceweb.cat\/#website","url":"https:\/\/aceweb.cat\/","name":"ACE","description":"Associaci\u00f3 de Consultors d&#039;Estructures | ACE","publisher":{"@id":"https:\/\/aceweb.cat\/#organization"},"alternateName":"ACE","potentialAction":[{"@type":"SearchAction","target":{"@type":"EntryPoint","urlTemplate":"https:\/\/aceweb.cat\/?s={search_term_string}"},"query-input":{"@type":"PropertyValueSpecification","valueRequired":true,"valueName":"search_term_string"}}],"inLanguage":"es"},{"@type":"Organization","@id":"https:\/\/aceweb.cat\/#organization","name":"ACE","alternateName":"ACE","url":"https:\/\/aceweb.cat\/","logo":{"@type":"ImageObject","inLanguage":"es","@id":"https:\/\/aceweb.cat\/#\/schema\/logo\/image\/","url":"https:\/\/aceweb.cat\/wp-content\/uploads\/2022\/10\/logo.svg","contentUrl":"https:\/\/aceweb.cat\/wp-content\/uploads\/2022\/10\/logo.svg","width":1,"height":1,"caption":"ACE"},"image":{"@id":"https:\/\/aceweb.cat\/#\/schema\/logo\/image\/"}},{"@type":"Person","@id":"https:\/\/aceweb.cat\/#\/schema\/person\/a6b8893e55b089407baaac96e1014d92","name":"Merc\u00e8 Sierra","image":{"@type":"ImageObject","inLanguage":"es","@id":"https:\/\/aceweb.cat\/#\/schema\/person\/image\/","url":"https:\/\/secure.gravatar.com\/avatar\/22f0c97d4117dfcc3220888d6384e2a07df217ae83511660a0783b56292770b5?s=96&d=mm&r=g","contentUrl":"https:\/\/secure.gravatar.com\/avatar\/22f0c97d4117dfcc3220888d6384e2a07df217ae83511660a0783b56292770b5?s=96&d=mm&r=g","caption":"Merc\u00e8 Sierra"},"url":"https:\/\/aceweb.cat\/es\/author\/merce-sierra\/"}]}},"_links":{"self":[{"href":"https:\/\/aceweb.cat\/es\/wp-json\/wp\/v2\/posts\/44107","targetHints":{"allow":["GET"]}}],"collection":[{"href":"https:\/\/aceweb.cat\/es\/wp-json\/wp\/v2\/posts"}],"about":[{"href":"https:\/\/aceweb.cat\/es\/wp-json\/wp\/v2\/types\/post"}],"author":[{"embeddable":true,"href":"https:\/\/aceweb.cat\/es\/wp-json\/wp\/v2\/users\/93"}],"replies":[{"embeddable":true,"href":"https:\/\/aceweb.cat\/es\/wp-json\/wp\/v2\/comments?post=44107"}],"version-history":[{"count":2,"href":"https:\/\/aceweb.cat\/es\/wp-json\/wp\/v2\/posts\/44107\/revisions"}],"predecessor-version":[{"id":44112,"href":"https:\/\/aceweb.cat\/es\/wp-json\/wp\/v2\/posts\/44107\/revisions\/44112"}],"wp:featuredmedia":[{"embeddable":true,"href":"https:\/\/aceweb.cat\/es\/wp-json\/wp\/v2\/media\/1482"}],"wp:attachment":[{"href":"https:\/\/aceweb.cat\/es\/wp-json\/wp\/v2\/media?parent=44107"}],"wp:term":[{"taxonomy":"category","embeddable":true,"href":"https:\/\/aceweb.cat\/es\/wp-json\/wp\/v2\/categories?post=44107"},{"taxonomy":"post_tag","embeddable":true,"href":"https:\/\/aceweb.cat\/es\/wp-json\/wp\/v2\/tags?post=44107"}],"curies":[{"name":"wp","href":"https:\/\/api.w.org\/{rel}","templated":true}]}}