{"id":44386,"date":"2024-04-19T05:51:47","date_gmt":"2024-04-19T05:51:47","guid":{"rendered":"https:\/\/aceweb.cat\/?p=44386"},"modified":"2024-04-19T05:52:15","modified_gmt":"2024-04-19T05:52:15","slug":"madera-y-captacion-de-carbono","status":"publish","type":"post","link":"https:\/\/aceweb.cat\/es\/articulos-destacados\/madera-y-captacion-de-carbono\/","title":{"rendered":"MADERA Y CAPTACI\u00d3N DE CARBONO"},"content":{"rendered":"\n<p><strong>WILL HAWKINS<\/strong><\/p>\n\n<p>MEng, CEng, MIStruct. Will Hawkins es profesor de Dise\u00f1o de\u00a0 Ingenier\u00eda Estructural en la Universidad de Bath. Su investigaci\u00f3n y la ense\u00f1anza se centra en los caminos hacia estructuras de construcci\u00f3n de carbono cero. a trav\u00e9s de la optimizaci\u00f3n del dise\u00f1o, novedosos sistemas estructurales y materiales bajos en carbono.<\/p>\n\n<p>Traducci\u00f3n del texto original de Will Hawkins publicado en enero de 2021 en la revista The Structural Engineer, disponible en <a href=\"https:\/\/www.istructe.org\/journal\/volumes\/volume-99-(2021)\/issue-1\/timber-and-carbon-sequestration\/\">https:\/\/www.istructe.org\/journal\/volumes\/volume-99-(2021)\/issue-1\/timber-and-carbon-sequestration\/<\/a>.<\/p>\n\n<p>Agradecemos a su autor y a The Institution of Structural Engineers el permiso desinteresado para su traducci\u00f3n y publicaci\u00f3n.&#13;\n&#13;\nTraducido del ingl\u00e9s por Oriol Palou, Arquitecto Consultor de Estructuras y miembro de la comisi\u00f3n de sostenibilidad de la ACE<\/p>\n\n<p>Will Hawkins analiza la retenci\u00f3n de carbono, la circularidad en estructuras de madera, y las implicaciones para la sostenibilidad en la toma de decisiones en el dise\u00f1o estructural.<\/p>\n\n<h4 class=\"wp-block-heading\"><strong>INTRODUCCI\u00d3N<\/strong><\/h4>\n\n<p>El primer paso, si queremos reducir el carbono incorporado de los edificios, es calcularlo de forma fiable y comparable, para lo cual se ha formado un amplio consenso en torno a la metodolog\u00eda basada en BS EN 159781 [1] para el An\u00e1lisis del Ciclo de Vida (ACV en adelante).<\/p>\n\n<p>Esta norma se apoya en la gu\u00eda de IstructE [2], y divide el ciclo de vida de un producto en: producci\u00f3n (etapa A), uso (etapa B), fin de vida (etapa C) y potencial de recuperaci\u00f3n\/reutilizaci\u00f3n (etapa D).&#13;\n&#13;\n<\/p>\n\n<p>A medida que estas etapas se incluyen en el alcance de la evaluaci\u00f3n del ciclo de vida obtenemos una imagen m\u00e1s completa de los impactos de los dise\u00f1os. Sin embargo, a menudo solo se incluye la etapa A debido a la considerable incertidumbre en relaci\u00f3n con los procesos del final de la vida \u00fatil.&#13;\n&#13;\n<\/p>\n\n<p class=\"has-medium-font-size\"><\/p>\n\n<p>Para acero y hormig\u00f3n, que implican procesos de elevada demanda de energ\u00eda en su producci\u00f3n, la etapa A es la que condiciona en mayor medida las emisiones en el ACV. Las emisiones para la fabricaci\u00f3n de productos de madera, desde la cosecha, secado y aserrado, son tambi\u00e9n significativos; sin embargo, la cantidad de carbono absorbido por el \u00e1rbol y almacenado dentro del propio material, puede ser a\u00fan mayor.&#13;\n<\/p>\n\n<p>Aunque este carbono generalmente vuelve a la atm\u00f3sfera al finalizar su vida debido a combusti\u00f3n y\/o descomposici\u00f3n, hay beneficios clim\u00e1ticos derivados de la retenci\u00f3n de carbono dentro de los productos de madera con larga vida, al actuar como sumideros de carbono [3].&#13;\n &#13;\n<\/p>\n\n<p>Por ejemplo, retrasando las emisiones de carbono reduce la energ\u00eda acumulada introducida en el medio ambiente, ganamos tiempo para la adaptaci\u00f3n de los sistemas tanto naturales como artificiales, reducimos la posibilidad de alcanzar peligrosos \u00abpuntos de no retorno\u00bb, y aumentamos las posibilidades de retenci\u00f3n permanente para futuras tecnolog\u00edas como la captura y almacenamiento de carbono.&#13;\n&#13;\n&#13;\n<\/p>\n\n<p>Sin embargo, contabilizar el carbono almacenado es a menudo una fuente de debate, confusi\u00f3n y contradicciones. Cuando se incluye en la etapa A como una emisi\u00f3n negativa, puede crear la impresi\u00f3n contra-intuitiva de que usar madera en exceso puede tener beneficios ambientales.&#13;\n&#13;\n<\/p>\n\n<p>As\u00ed, la gu\u00eda IStructE [2] aconseja que la retenci\u00f3n solo debe ser contabilizada con las emisiones si se contempla el ciclo completo hasta el fin de vida, donde el carbono almacenado normalmente queda anulado por su liberaci\u00f3n al final de la vida \u00fatil.&#13;\n&#13;\n<\/p>\n\n<p>Este art\u00edculo proporciona un acercamiento a los c\u00e1lculos del carbono incorporado as\u00ed como recomendaciones para un dise\u00f1o con madera clim\u00e1ticamente eficiente considerando un origen sostenible, una vida \u00fatil prolongada y la eficiencia en el uso de materiales.&#13;\n<\/p>\n\n<h4 class=\"wp-block-heading\"><strong>RACIONALIZAR EL ALMACENAMIENTO DE CARBONO<\/strong><\/h4>\n\n<p>Se propone plantar \u00e1rboles y almacenar carbono en edificios de madera [3], pero \u00bfser\u00eda mejor, desde la perspectiva del carbono, dejar que los bosques crezcan naturalmente?&#13;\n&#13;\n&#13;\n<\/p>\n\n<p>La Figura 1 muestra los cambios en el almacenamiento de carbono para una plantaci\u00f3n de abeto comercial (Picea sitchensis) con un ciclo de cosecha de 50 a\u00f1os, seg\u00fan datos de la Forestry Comisi\u00f3n [4], comparados con un bosque equivalente no gestionado. Lo cual revela varios puntos importantes.&#13;\n&#13;\n<\/p>\n\n<p>La absorci\u00f3n de carbono de \u00e1rboles j\u00f3venes es inicialmente lento, para acelerarse a medida que estos medran. En un bosque no gestionado, la absorci\u00f3n contin\u00faa hasta el total del carbono que pude absorber y finalmente se estabiliza.&#13;\n&#13;\n<\/p>\n\n<p>Un bosque adecuadamente gestionado tambi\u00e9n logra un almacenamiento constante de carbono, aunque disminuye respecto uno salvaje en los ciclos entre per\u00edodos de cosechas. Sin embargo, ese tambi\u00e9n almacena carbono a trav\u00e9s de los productos que salen del bosque. Si estos se acumulan el tiempo suficiente, se acumula tambi\u00e9n el carbono total retenido y eventualmente podr\u00eda ser mayor que el de un bosque no gestionado.&#13;\n&#13;\n<\/p>\n\n<p>Teniendo en cuenta estas observaciones, el enfoque de absorci\u00f3n de carbono que se adopta en este art\u00edculo se basa en los siguientes principios:&#13;\n&#13;\n<\/p>\n\n<ul class=\"wp-block-list\">\n<li>Aunque resulta interesante conocer la variaci\u00f3n de carbono almacenado por un bosque, este normalmente no se incluye en el an\u00e1lisis del ciclo de vida de los edificios, y \u00fanicamente se considera el carbono incorporado a los productos madereros, en l\u00ednea con las metodolog\u00edas de ACV [5].&#13;\n<\/li>\n\n\n\n<li>La cosecha, manipulaci\u00f3n de los materiales y construcci\u00f3n de un edificio de madera libera un \u00abpico\u00bb de carbono a la atm\u00f3sfera, mientras que el almacenamiento ocurre gradualmente.&#13;\n<\/li>\n\n\n\n<li>La cuenta del carbono deber\u00eda comenzar siempre de cero: no se considera la cantidad absorbida por un \u00e1rbol plantado hace 50 a\u00f1os, incluso si la madera se utiliza para construir la estructura analizada.&#13;\n<\/li>\n\n\n\n<li>En los lugares en los que se talan \u00e1rboles reemplazados (deforestaci\u00f3n), el secuestro de carbono no debe contabilizarse, de acuerdo con las normas europeas actuales (5).&#13;\n&#13;\n&#13;\n<\/li>\n<\/ul>\n\n<figure class=\"wp-block-image size-full\"><img loading=\"lazy\" decoding=\"async\" width=\"825\" height=\"573\" src=\"https:\/\/aceweb.cat\/wp-content\/uploads\/2024\/04\/Figura-1.jpg\" alt=\"\" class=\"wp-image-44373\" srcset=\"https:\/\/aceweb.cat\/wp-content\/uploads\/2024\/04\/Figura-1.jpg 825w, https:\/\/aceweb.cat\/wp-content\/uploads\/2024\/04\/Figura-1-300x208.jpg 300w, https:\/\/aceweb.cat\/wp-content\/uploads\/2024\/04\/Figura-1-768x533.jpg 768w, https:\/\/aceweb.cat\/wp-content\/uploads\/2024\/04\/Figura-1-600x417.jpg 600w\" sizes=\"auto, (max-width: 825px) 100vw, 825px\" \/><\/figure>\n\n<p class=\"has-small-font-size\">FIGURA 1: Carbono almacenado en \u00e1rboles, escombros\/deshechos y tierra para uso t\u00edpico en una plantaci\u00f3n de p\u00edcea de Sitka con un per\u00edodo de rotaci\u00f3n de 50 a\u00f1os, en comparaci\u00f3n con un bosque sin gestionar, con datos de la <em>Forestry Commission<\/em> (4) (derechos de autor de la imatgen: Will Hawkins)<\/p>\n\n<p>Este art\u00edculo recomienda usar valores de retenci\u00f3n de carbono que correspondan a la propia estructura de madera, como las de la base de datos ICE (6) de la gu\u00eda de IStructE [2], en lugar de todo el bosque de donde proviene. Sin embargo, el momento supuesto de la absorci\u00f3n de carbono de los \u00e1rboles que sustituyen a los talados, partiendo de cero y creciendo hasta la pr\u00f3xima cosecha, se supone que es de 50 a\u00f1os. Este enfoque con visi\u00f3n de futuro queda caracterizado y recomendado por Helin et al. [7]. A continuaci\u00f3n exploramos sus implicaciones.<\/p>\n\n<h4 class=\"wp-block-heading\"><strong>COMPARACI\u00d3N DE OPCIONES CONSTRUCTIVAS CON HORMIG\u00d3N, ACERO Y MADERA<\/strong><\/h4>\n\n<p>En esta secci\u00f3n se compara el carbono incorporado en la estructura de un edificio de seis plantas con tres opciones: hormig\u00f3n (losa plana), acero (forjado mixto) y madera (madera contra-laminada con p\u00f3rticos de madera laminada encolada). Los dise\u00f1os se exponen en un reciente estudio de Buro Happold [8], con n\u00facleo rigidizador y cimentaci\u00f3n de hormig\u00f3n en todas las opciones. La metodolog\u00eda de c\u00e1lculo es seg\u00fan la gu\u00eda de IstructE [2] y se detalla en otra  publicaci\u00f3n [9].&#13;\n&#13;\n&#13;\n<\/p>\n\n<p>El an\u00e1lisis es del origen al fin de vida \u00fatil (cradle-to-grave*1); no se incluyen los beneficios de la etapa D (y el potencial de recuperaci\u00f3n\/reutilizaci\u00f3n), que se contabilizan por separado en las normas vigentes [1]. Esto tiene el mismo efecto que si se supone que toda la producci\u00f3n de material es efectivamente descarbonizada pasados 60 a\u00f1os de vida \u00fatil del edificio, de acuerdo a las normas del Reino Unido, ya que los materiales de compensaci\u00f3n tambi\u00e9n ser\u00edan cero carbono.&#13;\n&#13;\n<\/p>\n\n<p class=\"has-small-font-size\">* Bioenergia con captura y almacenamiento de carbono (N del T)<\/p>\n\n<p>Se consideraron tres ciclos de vida del carbono para la madera:<\/p>\n\n<ul class=\"wp-block-list\">\n<li>1) Madera de origen sostenible tipo del Reino Unido con replantaci\u00f3n (absorci\u00f3n de carbono) y una gran emisi\u00f3n de carbono en el final de la vida correspondiente al reciclaje (55% en masa), incineraci\u00f3n con aprovechamiento de la energ\u00eda (44%) y vertedero (1%) [10], tal como se establece en la gu\u00eda de IStrucE [2]. &#13;\n<\/li>\n\n\n\n<li>2) Como el punto anterior, pero sin replantar o absorber, representando el peor escenario de madera de origen no sostenible, poco com\u00fan en la UE.&#13;\n<\/li>\n\n\n\n<li>3) Un escenario optimista que combina bosques de gesti\u00f3n sostenible con emisiones m\u00ednimas al final de su vida. Se ha sugerido que hasta un 90% de las emisiones de combusti\u00f3n podr\u00edan ser potencialmente capturadas usando bioenerg\u00eda con captura de carbono y almacenamiento (BECCS)* [11]. Esto se representa aqu\u00ed con una reducci\u00f3n del 90% en las emisiones de la etapa de fin de vida \u00fatil. La captura de carbono no se permite en un est\u00e1ndar ACV [5], pero aqu\u00ed se considera como un escenario hipot\u00e9tico.<\/li>\n<\/ul>\n\n<p class=\"has-small-font-size\">*Bioenergia con captura y almacenamiento de carbono (N del T)<\/p>\n\n<p>A\u00fan es mejor (para el clima) no construir <strong>nada<\/strong> que hacerlo con madera<\/p>\n\n<p>En la Figura 2 se muestran las emisiones de carbono acumuladas durante un per\u00edodo de 120 a\u00f1os para cada soluci\u00f3n de estructura. El caso de hormig\u00f3n tiene las mayores emisiones iniciales (etapa A), seguido por el acero y finalmente la madera. Para hormig\u00f3n y acero, en las etapas de uso y fin de vida solo se ven peque\u00f1os cambios en el carbono incorporado. Para la madera, sin embargo, los cambios posteriores son m\u00e1s significativos.&#13;\n&#13;\n<\/p>\n\n<p>En el escenario de madera 1, la retenci\u00f3n de carbono genera un peque\u00f1o per\u00edodo temporal de emisiones negativas, que dura solo mientras el edificio est\u00e1 en uso, terminando abruptamente con su demolici\u00f3n. Si la estructura se utiliza 100 a\u00f1os, tendr\u00eda carbono negativo durante la mitad de su vida, mientras que la misma estructura demolida despu\u00e9s de 40 a\u00f1os nunca alcanzar\u00eda la situaci\u00f3n de carbono negativo.&#13;\n&#13;\n<\/p>\n\n<figure class=\"wp-block-image size-full\"><img loading=\"lazy\" decoding=\"async\" width=\"889\" height=\"445\" src=\"https:\/\/aceweb.cat\/wp-content\/uploads\/2024\/04\/Figura-2.jpg\" alt=\"\" class=\"wp-image-44375\" srcset=\"https:\/\/aceweb.cat\/wp-content\/uploads\/2024\/04\/Figura-2.jpg 889w, https:\/\/aceweb.cat\/wp-content\/uploads\/2024\/04\/Figura-2-300x150.jpg 300w, https:\/\/aceweb.cat\/wp-content\/uploads\/2024\/04\/Figura-2-768x384.jpg 768w, https:\/\/aceweb.cat\/wp-content\/uploads\/2024\/04\/Figura-2-600x300.jpg 600w\" sizes=\"auto, (max-width: 889px) 100vw, 889px\" \/><\/figure>\n\n<p class=\"has-black-color has-text-color has-link-color has-small-font-size wp-elements-76f9b8ffc404b51a992e55c3b944cbf8\">Figura 2: Emisiones de carbono acumulado incorporado para opciones de hormig\u00f3n, acero y madera del edificio de ejemplo (8), incluyendo tres escenarios para componentes de madera (derechos de autor de la imagen: Will Hawkins)&#13;\n&#13;\n\u00a0<\/p>\n\n<p>Se han considerado los impactos clim\u00e1ticos din\u00e1micos de este almacenamiento temporal de carbono, para un estudio de caso similar, en la publicaci\u00f3n de [9]. A pesar de la gran cantidad de emisiones de la etapa C, el total de carbono del origen a fin de vida sigue siendo m\u00e1s bajo que para las opciones de hormig\u00f3n y acero en este escenario.&#13;\n&#13;\n<\/p>\n\n<p>En el escenario 2, sin secuestro, la significativa liberaci\u00f3n de carbono al final de la vida hace que la opci\u00f3n de madera resulte la de mayor carbono incorporado total. Esto pone de manifiesto la importancia fundamental de obtener madera sostenible que incluye la replantaci\u00f3n, tal como se hace en la UE.&#13;\n&#13;\n\u00a0<\/p>\n\n<p>El escenario 3 muestra el potencial para un edificio de madera sin carbono si se pueden evitar las emisiones del final de su vida \u00fatil. Este es un escenario optimista, confiando en tecnolog\u00eda que actualmente no est\u00e1 disponible. Por tanto, ser\u00eda enga\u00f1oso considerar esto en un c\u00e1lculo de carbono incorporado, y no est\u00e1 permitido por las normas actuales [1 y 5]. Incluso en este escenario, no se desprecia la significativa emisi\u00f3n inicial, que contribuye al calentamiento global durante varias d\u00e9cadas [9].&#13;\n&#13;\n<\/p>\n\n<p>Por lo tanto, se puede concluir que, incluso en las mejores condiciones, sigue siendo mejor (para el clima) no construir nada en absoluto que construir un edificio de madera.&#13;\n&#13;\n<\/p>\n\n<p>Aunque este estudio muestra que la soluci\u00f3n de hormig\u00f3n es la m\u00e1s alta en carbono, y la madera la m\u00e1s baja, estos resultados son espec\u00edficos para los dise\u00f1os contemplados y no son extrapolables en cuanto a soluciones t\u00e9cnicas. Se plantea un dise\u00f1o en madera muy ligero, con forjados de CLT de 100 mm de espesor, frente a la opci\u00f3n losas planas de hormig\u00f3n que son relativamente ineficientes para vanos de 9 m en comparaci\u00f3n con alternativas nervadas o postesadas.&#13;\n&#13;\n<\/p>\n\n<p>La figura 3 ilustra el hecho de que un uso derrochador o inapropiado de la madera f\u00e1cilmente podr\u00eda tener un mayor impacto que una alternativa de hormig\u00f3n o acero m\u00e1s eficiente: siempre es mejor usar menor cantidad de cualquier material. No podemos aumentar de forma repentina el suministro global de madera, y, por tanto debemos utilizar este valioso recurso con moderaci\u00f3n para alcanzar el m\u00e1ximo potencial de aceptaci\u00f3n en todo el sector.<\/p>\n\n<figure class=\"wp-block-image size-full\"><img loading=\"lazy\" decoding=\"async\" width=\"904\" height=\"466\" src=\"https:\/\/aceweb.cat\/wp-content\/uploads\/2024\/04\/Figura-3.jpg\" alt=\"\" class=\"wp-image-44377\" srcset=\"https:\/\/aceweb.cat\/wp-content\/uploads\/2024\/04\/Figura-3.jpg 904w, https:\/\/aceweb.cat\/wp-content\/uploads\/2024\/04\/Figura-3-300x155.jpg 300w, https:\/\/aceweb.cat\/wp-content\/uploads\/2024\/04\/Figura-3-768x396.jpg 768w, https:\/\/aceweb.cat\/wp-content\/uploads\/2024\/04\/Figura-3-600x309.jpg 600w\" sizes=\"auto, (max-width: 904px) 100vw, 904px\" \/><\/figure>\n\n<p class=\"has-small-font-size\">Figura 3: El derroche en el uso de madera podr\u00eda tener un mayor impacto, tanto en el corto como en el largo plazo, que las alternativas eficientemente dise\u00f1adas en hormig\u00f3n o acero (derechos de autor de la imagen: Will Hawkins)<\/p>\n\n<h4 class=\"wp-block-heading\"><strong>CONCLUSIONES<\/strong><\/h4>\n\n<p>En este art\u00edculo se ha mostrado un m\u00e9todo para el c\u00e1lculo de la retenci\u00f3n de carbono de la madera de acuerdo con la citada gu\u00eda [2]. A trav\u00e9s de un sencillo caso, podemos sacar varias conclusiones:&#13;\n<\/p>\n\n<ul class=\"wp-block-list\">\n<li>La madera debe ser de origen sostenible, con replantaci\u00f3n, para disfrutar de beneficio de carbono incorporado respecto hormig\u00f3n y acero. Afortunadamente, las certificaciones de sostenibilidad disponibles (como PEFC y FSC) est\u00e1n satisfactoriamente implantadas, y a menudo son requisito legal para la importaci\u00f3n de madera.&#13;\n&#13;\n<\/li>\n\n\n\n<li>Los flujos de carbono al final de su vida \u00fatil son importantes para las estructuras de madera. Los beneficios clim\u00e1ticos de la madera, por lo tanto, se pueden maximizar prolongando la vida \u00fatil de las estructuras, la reutilizaci\u00f3n de componentes de madera o el uso de reciclaje en nuevos materiales, con lo que se evita la presencia de carbono en la atm\u00f3sfera.&#13;\n<\/li>\n\n\n\n<li>Es hipot\u00e9ticamente posible que la madera tenga un efecto negativo en cuanto a carbono incorporado acumulado a largo plazo, si no se considera madera certificada y se evitan las emisiones del final de su vida \u00fatil, por ejemplo a trav\u00e9s de las nuevas tecnolog\u00edas como la bioenerg\u00eda con captura y almacenamiento de carbono (BECCS). Sin embargo, esto no se puede contabilizar mediante un t\u00edpico an\u00e1lisis de carbono embebido, y son esperables resultados netos positivos en emisiones durante varias d\u00e9cadas.&#13;\n&#13;\n\u00a0<\/li>\n\n\n\n<li>Es mejor no construir nada en absoluto que construir un edificio de madera. As\u00ed mismo, el dispendio en el uso de la madera puede ser m\u00e1s da\u00f1ino que un dise\u00f1o eficiente en hormig\u00f3n y acero.<\/li>\n<\/ul>\n\n<h4 class=\"wp-block-heading\"><strong> <strong>Agradecimientos<\/strong><\/strong><\/h4>\n\n<p>Con agradecimiento a Aurimas Bukauskas, Sam Cooper, Steve Allen, Jonathan Roynon y Tim Ibell por su reflexiones, aportes y pericia.&#13;\n&#13;\n&#13;\n<\/p>\n\n<p><\/p>\n\n<p class=\"has-medium-font-size\"><strong>Referencias<\/strong><\/p>\n\n<ul class=\"wp-block-list\">\n<li>[1] British Standards Institution (2011) BS EN 15978:2011 \u00abSustainability of construction works. Assessment of environmental performance of buildings. Calculation method\u00bb, Londres: BSI&#13;\n&#13;\n&#13;\n<\/li>\n\n\n\n<li>[2] Gibbons O. y Orr J.J. (2a edici\u00f3n marzo 2022) \u00abHow to calculate emdoided carbon\u00bb, Londres: IstructE Ltd.&#13;\n&#13;\n<\/li>\n\n\n\n<li>[3] Churkina G., Organschi A., Reyer C.P.O. et al. (2020) \u00abBuildings as a global carbon sink\u00bb, Nat. Sustain., 3, p\u00e1gs. 269\u2013276, doi: <a href=\"https:\/\/doi.org\/10.1038\/s41893-019-0462-4\">https:\/\/doi.org\/10.1038\/s41893-019-0462-4<\/a><\/li>\n\n\n\n<li>[4] Morrison J., Matthews R., Miller G. et al. (2012) \u00abForestry Commission Research Report: Understanding the carbon and greenhouse gas balance of forests in Britain\u00bb Disponible en: <a href=\"https:\/\/www.forestresearch.gov.uk\/publications\/understanding-the-carbon-and-greenhouse-gas-balance-of-forests-in-britain\/\">https:\/\/www.forestresearch.gov.uk\/publications\/understanding-the-carbon-and-greenhouse-gas-balance-of-forests-in-britain\/<\/a> (Consultado: diciembre de 2023)<\/li>\n\n\n\n<li>[5] British Standards Institution (2012) BS EN 15804:2012+A2:2019 \u00abSustainability of construction works. Environmental product declarations. Core rules for the product category of construction products\u00bb, Londres: BSI&#13;\n<\/li>\n\n\n\n<li>[6] Jones C. y Hammond G. (2019) \u00abInventory of Carbon and Energy\u00bb (Versi\u00f3n 3.0) Disponible en: <a href=\"https:\/\/circularecology.com\/embodied-carbon-footprint-database.html\">https:\/\/circularecology.com\/embodied-carbon-footprint-database.html<\/a> (Consultado: diciembre de 2023)<\/li>\n\n\n\n<li>[7] Helin T., Sokka L., Soimakallio S., Pingoud K. y Pajula T. (2013) \u00abApproaches for inclusion of forest carbon cycle in life cycle assessment \u2013 a review\u00bb, GCB Bioenergy, 5 (5), p\u00e1gs. 475\u2013486, <a href=\"https:\/\/onlinelibrary.wiley.com\/doi\/10.1111\/gcbb.12016\">https:\/\/onlinelibrary.wiley.com\/doi\/10.1111\/gcbb.12016<\/a><\/li>\n\n\n\n<li>[8] Roynon J. (2020) \u00abEmbodied carbon: structural sensitivity study\u00bb Disponible en: www.istructe.org\/resources\/ caso de estudio\/carbono incorporado-sensibilidad estructural-estudio\/ (Consultado: diciembre de 2023)&#13;\n<\/li>\n\n\n\n<li>[9] Hawkins W., Cooper S., Allen, S., Roynon, J. and Ibell, T. (2021) \u00abEmbodied carbon assessment using a dynamic climate model: Case-study comparison of a concrete, steel and timber building structure\u00bb, Structures 33, pp. 90-98. doi: <a href=\"https:\/\/doi.org\/10.1016\/j.istruc.2020.12.013\">https:\/\/doi.org\/10.1016\/j.istruc.2020.12.013<\/a> (Consultado: febrero de 2024)<\/li>\n\n\n\n<li>[10] Wood for Good (2017) \u00abEnvironmental Product Declaration: 1m3 of kiln dried planed or machined sawn timber used as structural timber\u00bb Disponible en: https:\/\/woodforgood.com\/assets\/ Descargas\/EPD\/BREGENEPD000124.pdf (Consultado: noviembre de 2020)&#13;\n<\/li>\n\n\n\n<li>[11] Comit\u00e9 de Cambio Clim\u00e1tico (2019) \u00abNet Zero: The UK\u2019s contribution to stopping global warming\u00bb <a href=\"http:\/\/www.theccc.org.uk\/publication\/net-zero-the-uks-contribution-to-stopping-global-warming\/\/\">http:\/\/www.theccc.org.uk\/publication\/net-zero-the-uks-contribution-to-stopping-global-warming\/\/<\/a>\u00a0(Consultat: desembre de 2023)<\/li>\n<\/ul>\n","protected":false},"excerpt":{"rendered":"<p>WILL HAWKINS MEng, CEng, MIStruct. Will Hawkins es profesor de Dise\u00f1o de\u00a0 Ingenier\u00eda Estructural en la Universidad de Bath. Su investigaci\u00f3n y la ense\u00f1anza se centra en los caminos hacia estructuras de construcci\u00f3n de carbono cero. a trav\u00e9s de la optimizaci\u00f3n del dise\u00f1o, novedosos sistemas estructurales y materiales bajos en carbono. Traducci\u00f3n del texto original &hellip;<\/p>\n<p class=\"read-more\"> <a class=\"\" href=\"https:\/\/aceweb.cat\/es\/articulos-destacados\/madera-y-captacion-de-carbono\/\"> <span class=\"screen-reader-text\">MADERA Y CAPTACI\u00d3N DE CARBONO<\/span> Leer m\u00e1s &raquo;<\/a><\/p>\n","protected":false},"author":93,"featured_media":44374,"comment_status":"open","ping_status":"open","sticky":false,"template":"","format":"standard","meta":{"_acf_changed":false,"site-sidebar-layout":"default","site-content-layout":"default","ast-global-header-display":"","ast-main-header-display":"","ast-hfb-above-header-display":"","ast-hfb-below-header-display":"","ast-hfb-mobile-header-display":"","site-post-title":"","ast-breadcrumbs-content":"","ast-featured-img":"","footer-sml-layout":"","theme-transparent-header-meta":"","adv-header-id-meta":"","stick-header-meta":"","header-above-stick-meta":"","header-main-stick-meta":"","header-below-stick-meta":"","footnotes":""},"categories":[1431],"tags":[],"class_list":["post-44386","post","type-post","status-publish","format-standard","has-post-thumbnail","hentry","category-articulos-destacados"],"acf":[],"yoast_head":"<!-- This site is optimized with the Yoast SEO plugin v27.1.1 - https:\/\/yoast.com\/product\/yoast-seo-wordpress\/ -->\n<title>MADERA Y CAPTACI\u00d3N DE CARBONO | ACE<\/title>\n<meta name=\"description\" content=\"An\u00e1lisis de la retenci\u00f3n de carbono, la circularidad en las estructuras de madera y las implicaciones para la sostenibilidad.\" \/>\n<meta name=\"robots\" content=\"index, follow, max-snippet:-1, max-image-preview:large, max-video-preview:-1\" \/>\n<link rel=\"canonical\" href=\"https:\/\/aceweb.cat\/es\/articulos-destacados\/madera-y-captacion-de-carbono\/\" \/>\n<meta property=\"og:locale\" content=\"es_ES\" \/>\n<meta property=\"og:type\" content=\"article\" \/>\n<meta property=\"og:title\" content=\"MADERA Y CAPTACI\u00d3N DE CARBONO | ACE\" \/>\n<meta property=\"og:description\" content=\"An\u00e1lisis de la retenci\u00f3n de carbono, la circularidad en las estructuras de madera y las implicaciones para la sostenibilidad.\" \/>\n<meta property=\"og:url\" content=\"https:\/\/aceweb.cat\/es\/articulos-destacados\/madera-y-captacion-de-carbono\/\" \/>\n<meta property=\"og:site_name\" content=\"aceweb.cat\" \/>\n<meta property=\"article:published_time\" content=\"2024-04-19T05:51:47+00:00\" \/>\n<meta property=\"article:modified_time\" content=\"2024-04-19T05:52:15+00:00\" \/>\n<meta property=\"og:image\" content=\"https:\/\/aceweb.cat\/wp-content\/uploads\/2024\/04\/Figura-1.jpg\" \/>\n\t<meta property=\"og:image:width\" content=\"825\" \/>\n\t<meta property=\"og:image:height\" content=\"573\" \/>\n\t<meta property=\"og:image:type\" content=\"image\/jpeg\" \/>\n<meta name=\"author\" content=\"Merc\u00e8 Sierra\" \/>\n<meta name=\"twitter:card\" content=\"summary_large_image\" \/>\n<meta name=\"twitter:label1\" content=\"Escrito por\" \/>\n\t<meta name=\"twitter:data1\" content=\"Merc\u00e8 Sierra\" \/>\n\t<meta name=\"twitter:label2\" content=\"Tiempo de lectura\" \/>\n\t<meta name=\"twitter:data2\" content=\"14 minutos\" \/>\n<script type=\"application\/ld+json\" class=\"yoast-schema-graph\">{\"@context\":\"https:\/\/schema.org\",\"@graph\":[{\"@type\":\"Article\",\"@id\":\"https:\/\/aceweb.cat\/es\/articulos-destacados\/madera-y-captacion-de-carbono\/#article\",\"isPartOf\":{\"@id\":\"https:\/\/aceweb.cat\/es\/articulos-destacados\/madera-y-captacion-de-carbono\/\"},\"author\":{\"name\":\"Merc\u00e8 Sierra\",\"@id\":\"https:\/\/aceweb.cat\/#\/schema\/person\/a6b8893e55b089407baaac96e1014d92\"},\"headline\":\"MADERA Y CAPTACI\u00d3N DE CARBONO\",\"datePublished\":\"2024-04-19T05:51:47+00:00\",\"dateModified\":\"2024-04-19T05:52:15+00:00\",\"mainEntityOfPage\":{\"@id\":\"https:\/\/aceweb.cat\/es\/articulos-destacados\/madera-y-captacion-de-carbono\/\"},\"wordCount\":2753,\"commentCount\":0,\"publisher\":{\"@id\":\"https:\/\/aceweb.cat\/#organization\"},\"image\":{\"@id\":\"https:\/\/aceweb.cat\/es\/articulos-destacados\/madera-y-captacion-de-carbono\/#primaryimage\"},\"thumbnailUrl\":\"https:\/\/aceweb.cat\/wp-content\/uploads\/2024\/04\/Figura-1.jpg\",\"articleSection\":[\"Art\u00edculos destacados\"],\"inLanguage\":\"es\",\"potentialAction\":[{\"@type\":\"CommentAction\",\"name\":\"Comment\",\"target\":[\"https:\/\/aceweb.cat\/es\/articulos-destacados\/madera-y-captacion-de-carbono\/#respond\"]}]},{\"@type\":\"WebPage\",\"@id\":\"https:\/\/aceweb.cat\/es\/articulos-destacados\/madera-y-captacion-de-carbono\/\",\"url\":\"https:\/\/aceweb.cat\/es\/articulos-destacados\/madera-y-captacion-de-carbono\/\",\"name\":\"MADERA Y CAPTACI\u00d3N DE CARBONO | ACE\",\"isPartOf\":{\"@id\":\"https:\/\/aceweb.cat\/#website\"},\"primaryImageOfPage\":{\"@id\":\"https:\/\/aceweb.cat\/es\/articulos-destacados\/madera-y-captacion-de-carbono\/#primaryimage\"},\"image\":{\"@id\":\"https:\/\/aceweb.cat\/es\/articulos-destacados\/madera-y-captacion-de-carbono\/#primaryimage\"},\"thumbnailUrl\":\"https:\/\/aceweb.cat\/wp-content\/uploads\/2024\/04\/Figura-1.jpg\",\"datePublished\":\"2024-04-19T05:51:47+00:00\",\"dateModified\":\"2024-04-19T05:52:15+00:00\",\"description\":\"An\u00e1lisis de la retenci\u00f3n de carbono, la circularidad en las estructuras de madera y las implicaciones para la sostenibilidad.\",\"breadcrumb\":{\"@id\":\"https:\/\/aceweb.cat\/es\/articulos-destacados\/madera-y-captacion-de-carbono\/#breadcrumb\"},\"inLanguage\":\"es\",\"potentialAction\":[{\"@type\":\"ReadAction\",\"target\":[\"https:\/\/aceweb.cat\/es\/articulos-destacados\/madera-y-captacion-de-carbono\/\"]}]},{\"@type\":\"ImageObject\",\"inLanguage\":\"es\",\"@id\":\"https:\/\/aceweb.cat\/es\/articulos-destacados\/madera-y-captacion-de-carbono\/#primaryimage\",\"url\":\"https:\/\/aceweb.cat\/wp-content\/uploads\/2024\/04\/Figura-1.jpg\",\"contentUrl\":\"https:\/\/aceweb.cat\/wp-content\/uploads\/2024\/04\/Figura-1.jpg\",\"width\":825,\"height\":573},{\"@type\":\"BreadcrumbList\",\"@id\":\"https:\/\/aceweb.cat\/es\/articulos-destacados\/madera-y-captacion-de-carbono\/#breadcrumb\",\"itemListElement\":[{\"@type\":\"ListItem\",\"position\":1,\"name\":\"Inici\",\"item\":\"https:\/\/aceweb.cat\/\"},{\"@type\":\"ListItem\",\"position\":2,\"name\":\"Art\u00edculos destacados\",\"item\":\"https:\/\/aceweb.cat\/es\/categoria\/articulos-destacados\/\"},{\"@type\":\"ListItem\",\"position\":3,\"name\":\"MADERA Y CAPTACI\u00d3N DE CARBONO\"}]},{\"@type\":\"WebSite\",\"@id\":\"https:\/\/aceweb.cat\/#website\",\"url\":\"https:\/\/aceweb.cat\/\",\"name\":\"ACE\",\"description\":\"Associaci\u00f3 de Consultors d&#039;Estructures | ACE\",\"publisher\":{\"@id\":\"https:\/\/aceweb.cat\/#organization\"},\"alternateName\":\"ACE\",\"potentialAction\":[{\"@type\":\"SearchAction\",\"target\":{\"@type\":\"EntryPoint\",\"urlTemplate\":\"https:\/\/aceweb.cat\/?s={search_term_string}\"},\"query-input\":{\"@type\":\"PropertyValueSpecification\",\"valueRequired\":true,\"valueName\":\"search_term_string\"}}],\"inLanguage\":\"es\"},{\"@type\":\"Organization\",\"@id\":\"https:\/\/aceweb.cat\/#organization\",\"name\":\"ACE\",\"alternateName\":\"ACE\",\"url\":\"https:\/\/aceweb.cat\/\",\"logo\":{\"@type\":\"ImageObject\",\"inLanguage\":\"es\",\"@id\":\"https:\/\/aceweb.cat\/#\/schema\/logo\/image\/\",\"url\":\"https:\/\/aceweb.cat\/wp-content\/uploads\/2022\/10\/logo.svg\",\"contentUrl\":\"https:\/\/aceweb.cat\/wp-content\/uploads\/2022\/10\/logo.svg\",\"width\":1,\"height\":1,\"caption\":\"ACE\"},\"image\":{\"@id\":\"https:\/\/aceweb.cat\/#\/schema\/logo\/image\/\"}},{\"@type\":\"Person\",\"@id\":\"https:\/\/aceweb.cat\/#\/schema\/person\/a6b8893e55b089407baaac96e1014d92\",\"name\":\"Merc\u00e8 Sierra\",\"image\":{\"@type\":\"ImageObject\",\"inLanguage\":\"es\",\"@id\":\"https:\/\/aceweb.cat\/#\/schema\/person\/image\/\",\"url\":\"https:\/\/secure.gravatar.com\/avatar\/22f0c97d4117dfcc3220888d6384e2a07df217ae83511660a0783b56292770b5?s=96&d=mm&r=g\",\"contentUrl\":\"https:\/\/secure.gravatar.com\/avatar\/22f0c97d4117dfcc3220888d6384e2a07df217ae83511660a0783b56292770b5?s=96&d=mm&r=g\",\"caption\":\"Merc\u00e8 Sierra\"},\"url\":\"https:\/\/aceweb.cat\/es\/author\/merce-sierra\/\"}]}<\/script>\n<!-- \/ Yoast SEO plugin. -->","yoast_head_json":{"title":"MADERA Y CAPTACI\u00d3N DE CARBONO | ACE","description":"An\u00e1lisis de la retenci\u00f3n de carbono, la circularidad en las estructuras de madera y las implicaciones para la sostenibilidad.","robots":{"index":"index","follow":"follow","max-snippet":"max-snippet:-1","max-image-preview":"max-image-preview:large","max-video-preview":"max-video-preview:-1"},"canonical":"https:\/\/aceweb.cat\/es\/articulos-destacados\/madera-y-captacion-de-carbono\/","og_locale":"es_ES","og_type":"article","og_title":"MADERA Y CAPTACI\u00d3N DE CARBONO | ACE","og_description":"An\u00e1lisis de la retenci\u00f3n de carbono, la circularidad en las estructuras de madera y las implicaciones para la sostenibilidad.","og_url":"https:\/\/aceweb.cat\/es\/articulos-destacados\/madera-y-captacion-de-carbono\/","og_site_name":"aceweb.cat","article_published_time":"2024-04-19T05:51:47+00:00","article_modified_time":"2024-04-19T05:52:15+00:00","og_image":[{"width":825,"height":573,"url":"https:\/\/aceweb.cat\/wp-content\/uploads\/2024\/04\/Figura-1.jpg","type":"image\/jpeg"}],"author":"Merc\u00e8 Sierra","twitter_card":"summary_large_image","twitter_misc":{"Escrito por":"Merc\u00e8 Sierra","Tiempo de lectura":"14 minutos"},"schema":{"@context":"https:\/\/schema.org","@graph":[{"@type":"Article","@id":"https:\/\/aceweb.cat\/es\/articulos-destacados\/madera-y-captacion-de-carbono\/#article","isPartOf":{"@id":"https:\/\/aceweb.cat\/es\/articulos-destacados\/madera-y-captacion-de-carbono\/"},"author":{"name":"Merc\u00e8 Sierra","@id":"https:\/\/aceweb.cat\/#\/schema\/person\/a6b8893e55b089407baaac96e1014d92"},"headline":"MADERA Y CAPTACI\u00d3N DE CARBONO","datePublished":"2024-04-19T05:51:47+00:00","dateModified":"2024-04-19T05:52:15+00:00","mainEntityOfPage":{"@id":"https:\/\/aceweb.cat\/es\/articulos-destacados\/madera-y-captacion-de-carbono\/"},"wordCount":2753,"commentCount":0,"publisher":{"@id":"https:\/\/aceweb.cat\/#organization"},"image":{"@id":"https:\/\/aceweb.cat\/es\/articulos-destacados\/madera-y-captacion-de-carbono\/#primaryimage"},"thumbnailUrl":"https:\/\/aceweb.cat\/wp-content\/uploads\/2024\/04\/Figura-1.jpg","articleSection":["Art\u00edculos destacados"],"inLanguage":"es","potentialAction":[{"@type":"CommentAction","name":"Comment","target":["https:\/\/aceweb.cat\/es\/articulos-destacados\/madera-y-captacion-de-carbono\/#respond"]}]},{"@type":"WebPage","@id":"https:\/\/aceweb.cat\/es\/articulos-destacados\/madera-y-captacion-de-carbono\/","url":"https:\/\/aceweb.cat\/es\/articulos-destacados\/madera-y-captacion-de-carbono\/","name":"MADERA Y CAPTACI\u00d3N DE CARBONO | ACE","isPartOf":{"@id":"https:\/\/aceweb.cat\/#website"},"primaryImageOfPage":{"@id":"https:\/\/aceweb.cat\/es\/articulos-destacados\/madera-y-captacion-de-carbono\/#primaryimage"},"image":{"@id":"https:\/\/aceweb.cat\/es\/articulos-destacados\/madera-y-captacion-de-carbono\/#primaryimage"},"thumbnailUrl":"https:\/\/aceweb.cat\/wp-content\/uploads\/2024\/04\/Figura-1.jpg","datePublished":"2024-04-19T05:51:47+00:00","dateModified":"2024-04-19T05:52:15+00:00","description":"An\u00e1lisis de la retenci\u00f3n de carbono, la circularidad en las estructuras de madera y las implicaciones para la sostenibilidad.","breadcrumb":{"@id":"https:\/\/aceweb.cat\/es\/articulos-destacados\/madera-y-captacion-de-carbono\/#breadcrumb"},"inLanguage":"es","potentialAction":[{"@type":"ReadAction","target":["https:\/\/aceweb.cat\/es\/articulos-destacados\/madera-y-captacion-de-carbono\/"]}]},{"@type":"ImageObject","inLanguage":"es","@id":"https:\/\/aceweb.cat\/es\/articulos-destacados\/madera-y-captacion-de-carbono\/#primaryimage","url":"https:\/\/aceweb.cat\/wp-content\/uploads\/2024\/04\/Figura-1.jpg","contentUrl":"https:\/\/aceweb.cat\/wp-content\/uploads\/2024\/04\/Figura-1.jpg","width":825,"height":573},{"@type":"BreadcrumbList","@id":"https:\/\/aceweb.cat\/es\/articulos-destacados\/madera-y-captacion-de-carbono\/#breadcrumb","itemListElement":[{"@type":"ListItem","position":1,"name":"Inici","item":"https:\/\/aceweb.cat\/"},{"@type":"ListItem","position":2,"name":"Art\u00edculos destacados","item":"https:\/\/aceweb.cat\/es\/categoria\/articulos-destacados\/"},{"@type":"ListItem","position":3,"name":"MADERA Y CAPTACI\u00d3N DE CARBONO"}]},{"@type":"WebSite","@id":"https:\/\/aceweb.cat\/#website","url":"https:\/\/aceweb.cat\/","name":"ACE","description":"Associaci\u00f3 de Consultors d&#039;Estructures | ACE","publisher":{"@id":"https:\/\/aceweb.cat\/#organization"},"alternateName":"ACE","potentialAction":[{"@type":"SearchAction","target":{"@type":"EntryPoint","urlTemplate":"https:\/\/aceweb.cat\/?s={search_term_string}"},"query-input":{"@type":"PropertyValueSpecification","valueRequired":true,"valueName":"search_term_string"}}],"inLanguage":"es"},{"@type":"Organization","@id":"https:\/\/aceweb.cat\/#organization","name":"ACE","alternateName":"ACE","url":"https:\/\/aceweb.cat\/","logo":{"@type":"ImageObject","inLanguage":"es","@id":"https:\/\/aceweb.cat\/#\/schema\/logo\/image\/","url":"https:\/\/aceweb.cat\/wp-content\/uploads\/2022\/10\/logo.svg","contentUrl":"https:\/\/aceweb.cat\/wp-content\/uploads\/2022\/10\/logo.svg","width":1,"height":1,"caption":"ACE"},"image":{"@id":"https:\/\/aceweb.cat\/#\/schema\/logo\/image\/"}},{"@type":"Person","@id":"https:\/\/aceweb.cat\/#\/schema\/person\/a6b8893e55b089407baaac96e1014d92","name":"Merc\u00e8 Sierra","image":{"@type":"ImageObject","inLanguage":"es","@id":"https:\/\/aceweb.cat\/#\/schema\/person\/image\/","url":"https:\/\/secure.gravatar.com\/avatar\/22f0c97d4117dfcc3220888d6384e2a07df217ae83511660a0783b56292770b5?s=96&d=mm&r=g","contentUrl":"https:\/\/secure.gravatar.com\/avatar\/22f0c97d4117dfcc3220888d6384e2a07df217ae83511660a0783b56292770b5?s=96&d=mm&r=g","caption":"Merc\u00e8 Sierra"},"url":"https:\/\/aceweb.cat\/es\/author\/merce-sierra\/"}]}},"_links":{"self":[{"href":"https:\/\/aceweb.cat\/es\/wp-json\/wp\/v2\/posts\/44386","targetHints":{"allow":["GET"]}}],"collection":[{"href":"https:\/\/aceweb.cat\/es\/wp-json\/wp\/v2\/posts"}],"about":[{"href":"https:\/\/aceweb.cat\/es\/wp-json\/wp\/v2\/types\/post"}],"author":[{"embeddable":true,"href":"https:\/\/aceweb.cat\/es\/wp-json\/wp\/v2\/users\/93"}],"replies":[{"embeddable":true,"href":"https:\/\/aceweb.cat\/es\/wp-json\/wp\/v2\/comments?post=44386"}],"version-history":[{"count":1,"href":"https:\/\/aceweb.cat\/es\/wp-json\/wp\/v2\/posts\/44386\/revisions"}],"predecessor-version":[{"id":44387,"href":"https:\/\/aceweb.cat\/es\/wp-json\/wp\/v2\/posts\/44386\/revisions\/44387"}],"wp:featuredmedia":[{"embeddable":true,"href":"https:\/\/aceweb.cat\/es\/wp-json\/wp\/v2\/media\/44374"}],"wp:attachment":[{"href":"https:\/\/aceweb.cat\/es\/wp-json\/wp\/v2\/media?parent=44386"}],"wp:term":[{"taxonomy":"category","embeddable":true,"href":"https:\/\/aceweb.cat\/es\/wp-json\/wp\/v2\/categories?post=44386"},{"taxonomy":"post_tag","embeddable":true,"href":"https:\/\/aceweb.cat\/es\/wp-json\/wp\/v2\/tags?post=44386"}],"curies":[{"name":"wp","href":"https:\/\/api.w.org\/{rel}","templated":true}]}}