{"id":45883,"date":"2025-01-27T06:52:03","date_gmt":"2025-01-27T06:52:03","guid":{"rendered":"https:\/\/aceweb.cat\/?p=45883"},"modified":"2025-01-27T06:52:47","modified_gmt":"2025-01-27T06:52:47","slug":"asamblea-general-ordinaria-ace-2025","status":"publish","type":"post","link":"https:\/\/aceweb.cat\/es\/agenda\/asamblea-general-ordinaria-ace-2025\/","title":{"rendered":"Asamblea General Ordinaria ACE 2025"},"content":{"rendered":"\n<p>En nombre de la junta directiva de la Associaci\u00f3 de Consultors d\u2019Estructures, os convocamos a la celebraci\u00f3n de la Asamblea General Ordinaria que ser\u00e1 el d\u00eda 27 de febrero de 2025 en la sala de actos del ITEC en la calle Wellington, 19 \u2013 08018 Barcelona. Primera convocatoria a las 18:00h segunda convocatoria a las 18:30 h.<\/p>\n\n<figure class=\"wp-block-image size-full is-resized\"><img loading=\"lazy\" decoding=\"async\" width=\"630\" height=\"340\" src=\"https:\/\/aceweb.cat\/wp-content\/uploads\/2022\/06\/ace-actos-cat-assemblea.jpg\" alt=\"\" class=\"wp-image-722\" style=\"width:504px;height:auto\" srcset=\"https:\/\/aceweb.cat\/wp-content\/uploads\/2022\/06\/ace-actos-cat-assemblea.jpg 630w, https:\/\/aceweb.cat\/wp-content\/uploads\/2022\/06\/ace-actos-cat-assemblea-300x162.jpg 300w, https:\/\/aceweb.cat\/wp-content\/uploads\/2022\/06\/ace-actos-cat-assemblea-600x324.jpg 600w\" sizes=\"auto, (max-width: 630px) 100vw, 630px\" \/><\/figure>\n\n<p class=\"has-text-align-center\"><\/p>\n\n<div class=\"wp-block-buttons is-content-justification-center is-layout-flex wp-container-core-buttons-is-layout-a89b3969 wp-block-buttons-is-layout-flex\"><\/div>\n\n<p>El orden del d\u00eda ser\u00e1:<\/p>\n\n<p>  &#8211;       Lectura y aprobaci\u00f3n del acta de la Asamblea anterior <\/p>\n\n<p>&#8211;       Informe del presidente<\/p>\n\n<p> &#8211;       Lectura y aprobaci\u00f3n, si es necesario, de la Memoria de Actividades 2024<\/p>\n\n<p> &#8211;       Informe de las diversas \u00e1reas <\/p>\n\n<p>&#8211;       Lectura y aprobaci\u00f3n, si es necesario, del Estado de Cuentas del ejercicio 2024<\/p>\n\n<p> &#8211;       Lectura y aprobaci\u00f3n presupuesto 2025<\/p>\n\n<p> &#8211;       Actualizaci\u00f3n cuotas 2026 <\/p>\n\n<p>&#8211;       Asuntos de tr\u00e1mite y acuerdos que se desprendan <\/p>\n\n<p>&#8211;       Turno abierto de palabras.<\/p>\n\n<p class=\"has-text-align-center has-ast-global-color-1-color has-ast-global-color-0-background-color has-text-color has-background has-link-color wp-elements-265d572d734ac2aee4634fd007af8be8\"><a href=\"https:\/\/forms.gle\/sTNVP7M7QfztqHGs7\">Confirmaci\u00f3n asistencia<\/a><\/p>\n\n<p><strong>Para la organizaci\u00f3n <u>es imprescindible<\/u> confirmar su asistencia rellenando el <\/strong><strong>formulario<\/strong><strong> o bien por tel\u00e9fono al n\u00famero 623190414 <u>antes del d\u00eda 25 de febrero<\/u> de 2025<\/strong><\/p>\n\n<p><\/p>\n","protected":false},"excerpt":{"rendered":"<p>En nombre de la junta directiva de la Associaci\u00f3 de Consultors d\u2019Estructures, os convocamos a la celebraci\u00f3n de la Asamblea General Ordinaria que ser\u00e1 el d\u00eda 27 de febrero de 2025 en la sala de actos del ITEC en la calle Wellington, 19 \u2013 08018 Barcelona. Primera convocatoria a las 18:00h segunda convocatoria a las &hellip;<\/p>\n<p class=\"read-more\"> <a class=\"\" href=\"https:\/\/aceweb.cat\/es\/agenda\/asamblea-general-ordinaria-ace-2025\/\"> <span class=\"screen-reader-text\">Asamblea General Ordinaria ACE 2025<\/span> Leer m\u00e1s &raquo;<\/a><\/p>\n","protected":false},"author":93,"featured_media":1482,"comment_status":"closed","ping_status":"closed","sticky":false,"template":"","format":"standard","meta":{"_acf_changed":false,"site-sidebar-layout":"default","site-content-layout":"default","ast-global-header-display":"","ast-main-header-display":"","ast-hfb-above-header-display":"","ast-hfb-below-header-display":"","ast-hfb-mobile-header-display":"","site-post-title":"","ast-breadcrumbs-content":"","ast-featured-img":"","footer-sml-layout":"","theme-transparent-header-meta":"","adv-header-id-meta":"","stick-header-meta":"","header-above-stick-meta":"","header-main-stick-meta":"","header-below-stick-meta":"","footnotes":""},"categories":[373],"tags":[],"class_list":["post-45883","post","type-post","status-publish","format-standard","has-post-thumbnail","hentry","category-agenda"],"acf":[],"yoast_head":"<!-- This site is optimized with the Yoast SEO plugin v27.1.1 - https:\/\/yoast.com\/product\/yoast-seo-wordpress\/ -->\n<title>Asamblea General Ordinaria ACE 2025 | ACE<\/title>\n<meta name=\"description\" content=\"El 27 de febrero de 2025 se celebra la Asamblea General Ordinaria ACE 2025.\" \/>\n<meta name=\"robots\" content=\"index, follow, max-snippet:-1, max-image-preview:large, max-video-preview:-1\" \/>\n<link rel=\"canonical\" href=\"https:\/\/aceweb.cat\/es\/agenda\/asamblea-general-ordinaria-ace-2025\/\" \/>\n<meta property=\"og:locale\" content=\"es_ES\" \/>\n<meta property=\"og:type\" content=\"article\" \/>\n<meta property=\"og:title\" content=\"Asamblea General Ordinaria ACE 2025 | ACE\" \/>\n<meta property=\"og:description\" content=\"El 27 de febrero de 2025 se celebra la Asamblea General Ordinaria ACE 2025.\" \/>\n<meta property=\"og:url\" content=\"https:\/\/aceweb.cat\/es\/agenda\/asamblea-general-ordinaria-ace-2025\/\" \/>\n<meta property=\"og:site_name\" content=\"aceweb.cat\" \/>\n<meta property=\"article:published_time\" content=\"2025-01-27T06:52:03+00:00\" \/>\n<meta property=\"article:modified_time\" content=\"2025-01-27T06:52:47+00:00\" \/>\n<meta property=\"og:image\" content=\"https:\/\/aceweb.cat\/wp-content\/uploads\/2022\/06\/ace-actos-cat-assemblea.jpg\" \/>\n\t<meta property=\"og:image:width\" content=\"630\" \/>\n\t<meta property=\"og:image:height\" content=\"340\" \/>\n\t<meta property=\"og:image:type\" content=\"image\/jpeg\" \/>\n<meta name=\"author\" content=\"Merc\u00e8 Sierra\" \/>\n<meta name=\"twitter:card\" content=\"summary_large_image\" \/>\n<meta name=\"twitter:label1\" content=\"Escrito por\" \/>\n\t<meta name=\"twitter:data1\" content=\"Merc\u00e8 Sierra\" \/>\n\t<meta name=\"twitter:label2\" content=\"Tiempo de lectura\" \/>\n\t<meta name=\"twitter:data2\" content=\"1 minuto\" \/>\n<script type=\"application\/ld+json\" class=\"yoast-schema-graph\">{\"@context\":\"https:\/\/schema.org\",\"@graph\":[{\"@type\":\"Article\",\"@id\":\"https:\/\/aceweb.cat\/es\/agenda\/asamblea-general-ordinaria-ace-2025\/#article\",\"isPartOf\":{\"@id\":\"https:\/\/aceweb.cat\/es\/agenda\/asamblea-general-ordinaria-ace-2025\/\"},\"author\":{\"name\":\"Merc\u00e8 Sierra\",\"@id\":\"https:\/\/aceweb.cat\/#\/schema\/person\/a6b8893e55b089407baaac96e1014d92\"},\"headline\":\"Asamblea General Ordinaria ACE 2025\",\"datePublished\":\"2025-01-27T06:52:03+00:00\",\"dateModified\":\"2025-01-27T06:52:47+00:00\",\"mainEntityOfPage\":{\"@id\":\"https:\/\/aceweb.cat\/es\/agenda\/asamblea-general-ordinaria-ace-2025\/\"},\"wordCount\":167,\"publisher\":{\"@id\":\"https:\/\/aceweb.cat\/#organization\"},\"image\":{\"@id\":\"https:\/\/aceweb.cat\/es\/agenda\/asamblea-general-ordinaria-ace-2025\/#primaryimage\"},\"thumbnailUrl\":\"https:\/\/aceweb.cat\/wp-content\/uploads\/2022\/06\/ace-actos-cat-assemblea.jpg\",\"articleSection\":[\"Agenda\"],\"inLanguage\":\"es\"},{\"@type\":\"WebPage\",\"@id\":\"https:\/\/aceweb.cat\/es\/agenda\/asamblea-general-ordinaria-ace-2025\/\",\"url\":\"https:\/\/aceweb.cat\/es\/agenda\/asamblea-general-ordinaria-ace-2025\/\",\"name\":\"Asamblea General Ordinaria ACE 2025 | ACE\",\"isPartOf\":{\"@id\":\"https:\/\/aceweb.cat\/#website\"},\"primaryImageOfPage\":{\"@id\":\"https:\/\/aceweb.cat\/es\/agenda\/asamblea-general-ordinaria-ace-2025\/#primaryimage\"},\"image\":{\"@id\":\"https:\/\/aceweb.cat\/es\/agenda\/asamblea-general-ordinaria-ace-2025\/#primaryimage\"},\"thumbnailUrl\":\"https:\/\/aceweb.cat\/wp-content\/uploads\/2022\/06\/ace-actos-cat-assemblea.jpg\",\"datePublished\":\"2025-01-27T06:52:03+00:00\",\"dateModified\":\"2025-01-27T06:52:47+00:00\",\"description\":\"El 27 de febrero de 2025 se celebra la Asamblea General Ordinaria ACE 2025.\",\"breadcrumb\":{\"@id\":\"https:\/\/aceweb.cat\/es\/agenda\/asamblea-general-ordinaria-ace-2025\/#breadcrumb\"},\"inLanguage\":\"es\",\"potentialAction\":[{\"@type\":\"ReadAction\",\"target\":[\"https:\/\/aceweb.cat\/es\/agenda\/asamblea-general-ordinaria-ace-2025\/\"]}]},{\"@type\":\"ImageObject\",\"inLanguage\":\"es\",\"@id\":\"https:\/\/aceweb.cat\/es\/agenda\/asamblea-general-ordinaria-ace-2025\/#primaryimage\",\"url\":\"https:\/\/aceweb.cat\/wp-content\/uploads\/2022\/06\/ace-actos-cat-assemblea.jpg\",\"contentUrl\":\"https:\/\/aceweb.cat\/wp-content\/uploads\/2022\/06\/ace-actos-cat-assemblea.jpg\",\"width\":630,\"height\":340},{\"@type\":\"BreadcrumbList\",\"@id\":\"https:\/\/aceweb.cat\/es\/agenda\/asamblea-general-ordinaria-ace-2025\/#breadcrumb\",\"itemListElement\":[{\"@type\":\"ListItem\",\"position\":1,\"name\":\"Inici\",\"item\":\"https:\/\/aceweb.cat\/\"},{\"@type\":\"ListItem\",\"position\":2,\"name\":\"Agenda\",\"item\":\"https:\/\/aceweb.cat\/es\/categoria\/agenda\/\"},{\"@type\":\"ListItem\",\"position\":3,\"name\":\"Asamblea General Ordinaria ACE 2025\"}]},{\"@type\":\"WebSite\",\"@id\":\"https:\/\/aceweb.cat\/#website\",\"url\":\"https:\/\/aceweb.cat\/\",\"name\":\"ACE\",\"description\":\"Associaci\u00f3 de Consultors d&#039;Estructures | ACE\",\"publisher\":{\"@id\":\"https:\/\/aceweb.cat\/#organization\"},\"alternateName\":\"ACE\",\"potentialAction\":[{\"@type\":\"SearchAction\",\"target\":{\"@type\":\"EntryPoint\",\"urlTemplate\":\"https:\/\/aceweb.cat\/?s={search_term_string}\"},\"query-input\":{\"@type\":\"PropertyValueSpecification\",\"valueRequired\":true,\"valueName\":\"search_term_string\"}}],\"inLanguage\":\"es\"},{\"@type\":\"Organization\",\"@id\":\"https:\/\/aceweb.cat\/#organization\",\"name\":\"ACE\",\"alternateName\":\"ACE\",\"url\":\"https:\/\/aceweb.cat\/\",\"logo\":{\"@type\":\"ImageObject\",\"inLanguage\":\"es\",\"@id\":\"https:\/\/aceweb.cat\/#\/schema\/logo\/image\/\",\"url\":\"https:\/\/aceweb.cat\/wp-content\/uploads\/2022\/10\/logo.svg\",\"contentUrl\":\"https:\/\/aceweb.cat\/wp-content\/uploads\/2022\/10\/logo.svg\",\"width\":1,\"height\":1,\"caption\":\"ACE\"},\"image\":{\"@id\":\"https:\/\/aceweb.cat\/#\/schema\/logo\/image\/\"}},{\"@type\":\"Person\",\"@id\":\"https:\/\/aceweb.cat\/#\/schema\/person\/a6b8893e55b089407baaac96e1014d92\",\"name\":\"Merc\u00e8 Sierra\",\"image\":{\"@type\":\"ImageObject\",\"inLanguage\":\"es\",\"@id\":\"https:\/\/aceweb.cat\/#\/schema\/person\/image\/\",\"url\":\"https:\/\/secure.gravatar.com\/avatar\/22f0c97d4117dfcc3220888d6384e2a07df217ae83511660a0783b56292770b5?s=96&d=mm&r=g\",\"contentUrl\":\"https:\/\/secure.gravatar.com\/avatar\/22f0c97d4117dfcc3220888d6384e2a07df217ae83511660a0783b56292770b5?s=96&d=mm&r=g\",\"caption\":\"Merc\u00e8 Sierra\"},\"url\":\"https:\/\/aceweb.cat\/es\/author\/merce-sierra\/\"}]}<\/script>\n<!-- \/ Yoast SEO plugin. -->","yoast_head_json":{"title":"Asamblea General Ordinaria ACE 2025 | ACE","description":"El 27 de febrero de 2025 se celebra la Asamblea General Ordinaria ACE 2025.","robots":{"index":"index","follow":"follow","max-snippet":"max-snippet:-1","max-image-preview":"max-image-preview:large","max-video-preview":"max-video-preview:-1"},"canonical":"https:\/\/aceweb.cat\/es\/agenda\/asamblea-general-ordinaria-ace-2025\/","og_locale":"es_ES","og_type":"article","og_title":"Asamblea General Ordinaria ACE 2025 | ACE","og_description":"El 27 de febrero de 2025 se celebra la Asamblea General Ordinaria ACE 2025.","og_url":"https:\/\/aceweb.cat\/es\/agenda\/asamblea-general-ordinaria-ace-2025\/","og_site_name":"aceweb.cat","article_published_time":"2025-01-27T06:52:03+00:00","article_modified_time":"2025-01-27T06:52:47+00:00","og_image":[{"width":630,"height":340,"url":"https:\/\/aceweb.cat\/wp-content\/uploads\/2022\/06\/ace-actos-cat-assemblea.jpg","type":"image\/jpeg"}],"author":"Merc\u00e8 Sierra","twitter_card":"summary_large_image","twitter_misc":{"Escrito por":"Merc\u00e8 Sierra","Tiempo de lectura":"1 minuto"},"schema":{"@context":"https:\/\/schema.org","@graph":[{"@type":"Article","@id":"https:\/\/aceweb.cat\/es\/agenda\/asamblea-general-ordinaria-ace-2025\/#article","isPartOf":{"@id":"https:\/\/aceweb.cat\/es\/agenda\/asamblea-general-ordinaria-ace-2025\/"},"author":{"name":"Merc\u00e8 Sierra","@id":"https:\/\/aceweb.cat\/#\/schema\/person\/a6b8893e55b089407baaac96e1014d92"},"headline":"Asamblea General Ordinaria ACE 2025","datePublished":"2025-01-27T06:52:03+00:00","dateModified":"2025-01-27T06:52:47+00:00","mainEntityOfPage":{"@id":"https:\/\/aceweb.cat\/es\/agenda\/asamblea-general-ordinaria-ace-2025\/"},"wordCount":167,"publisher":{"@id":"https:\/\/aceweb.cat\/#organization"},"image":{"@id":"https:\/\/aceweb.cat\/es\/agenda\/asamblea-general-ordinaria-ace-2025\/#primaryimage"},"thumbnailUrl":"https:\/\/aceweb.cat\/wp-content\/uploads\/2022\/06\/ace-actos-cat-assemblea.jpg","articleSection":["Agenda"],"inLanguage":"es"},{"@type":"WebPage","@id":"https:\/\/aceweb.cat\/es\/agenda\/asamblea-general-ordinaria-ace-2025\/","url":"https:\/\/aceweb.cat\/es\/agenda\/asamblea-general-ordinaria-ace-2025\/","name":"Asamblea General Ordinaria ACE 2025 | ACE","isPartOf":{"@id":"https:\/\/aceweb.cat\/#website"},"primaryImageOfPage":{"@id":"https:\/\/aceweb.cat\/es\/agenda\/asamblea-general-ordinaria-ace-2025\/#primaryimage"},"image":{"@id":"https:\/\/aceweb.cat\/es\/agenda\/asamblea-general-ordinaria-ace-2025\/#primaryimage"},"thumbnailUrl":"https:\/\/aceweb.cat\/wp-content\/uploads\/2022\/06\/ace-actos-cat-assemblea.jpg","datePublished":"2025-01-27T06:52:03+00:00","dateModified":"2025-01-27T06:52:47+00:00","description":"El 27 de febrero de 2025 se celebra la Asamblea General Ordinaria ACE 2025.","breadcrumb":{"@id":"https:\/\/aceweb.cat\/es\/agenda\/asamblea-general-ordinaria-ace-2025\/#breadcrumb"},"inLanguage":"es","potentialAction":[{"@type":"ReadAction","target":["https:\/\/aceweb.cat\/es\/agenda\/asamblea-general-ordinaria-ace-2025\/"]}]},{"@type":"ImageObject","inLanguage":"es","@id":"https:\/\/aceweb.cat\/es\/agenda\/asamblea-general-ordinaria-ace-2025\/#primaryimage","url":"https:\/\/aceweb.cat\/wp-content\/uploads\/2022\/06\/ace-actos-cat-assemblea.jpg","contentUrl":"https:\/\/aceweb.cat\/wp-content\/uploads\/2022\/06\/ace-actos-cat-assemblea.jpg","width":630,"height":340},{"@type":"BreadcrumbList","@id":"https:\/\/aceweb.cat\/es\/agenda\/asamblea-general-ordinaria-ace-2025\/#breadcrumb","itemListElement":[{"@type":"ListItem","position":1,"name":"Inici","item":"https:\/\/aceweb.cat\/"},{"@type":"ListItem","position":2,"name":"Agenda","item":"https:\/\/aceweb.cat\/es\/categoria\/agenda\/"},{"@type":"ListItem","position":3,"name":"Asamblea General Ordinaria ACE 2025"}]},{"@type":"WebSite","@id":"https:\/\/aceweb.cat\/#website","url":"https:\/\/aceweb.cat\/","name":"ACE","description":"Associaci\u00f3 de Consultors d&#039;Estructures | ACE","publisher":{"@id":"https:\/\/aceweb.cat\/#organization"},"alternateName":"ACE","potentialAction":[{"@type":"SearchAction","target":{"@type":"EntryPoint","urlTemplate":"https:\/\/aceweb.cat\/?s={search_term_string}"},"query-input":{"@type":"PropertyValueSpecification","valueRequired":true,"valueName":"search_term_string"}}],"inLanguage":"es"},{"@type":"Organization","@id":"https:\/\/aceweb.cat\/#organization","name":"ACE","alternateName":"ACE","url":"https:\/\/aceweb.cat\/","logo":{"@type":"ImageObject","inLanguage":"es","@id":"https:\/\/aceweb.cat\/#\/schema\/logo\/image\/","url":"https:\/\/aceweb.cat\/wp-content\/uploads\/2022\/10\/logo.svg","contentUrl":"https:\/\/aceweb.cat\/wp-content\/uploads\/2022\/10\/logo.svg","width":1,"height":1,"caption":"ACE"},"image":{"@id":"https:\/\/aceweb.cat\/#\/schema\/logo\/image\/"}},{"@type":"Person","@id":"https:\/\/aceweb.cat\/#\/schema\/person\/a6b8893e55b089407baaac96e1014d92","name":"Merc\u00e8 Sierra","image":{"@type":"ImageObject","inLanguage":"es","@id":"https:\/\/aceweb.cat\/#\/schema\/person\/image\/","url":"https:\/\/secure.gravatar.com\/avatar\/22f0c97d4117dfcc3220888d6384e2a07df217ae83511660a0783b56292770b5?s=96&d=mm&r=g","contentUrl":"https:\/\/secure.gravatar.com\/avatar\/22f0c97d4117dfcc3220888d6384e2a07df217ae83511660a0783b56292770b5?s=96&d=mm&r=g","caption":"Merc\u00e8 Sierra"},"url":"https:\/\/aceweb.cat\/es\/author\/merce-sierra\/"}]}},"_links":{"self":[{"href":"https:\/\/aceweb.cat\/es\/wp-json\/wp\/v2\/posts\/45883","targetHints":{"allow":["GET"]}}],"collection":[{"href":"https:\/\/aceweb.cat\/es\/wp-json\/wp\/v2\/posts"}],"about":[{"href":"https:\/\/aceweb.cat\/es\/wp-json\/wp\/v2\/types\/post"}],"author":[{"embeddable":true,"href":"https:\/\/aceweb.cat\/es\/wp-json\/wp\/v2\/users\/93"}],"replies":[{"embeddable":true,"href":"https:\/\/aceweb.cat\/es\/wp-json\/wp\/v2\/comments?post=45883"}],"version-history":[{"count":1,"href":"https:\/\/aceweb.cat\/es\/wp-json\/wp\/v2\/posts\/45883\/revisions"}],"predecessor-version":[{"id":45884,"href":"https:\/\/aceweb.cat\/es\/wp-json\/wp\/v2\/posts\/45883\/revisions\/45884"}],"wp:featuredmedia":[{"embeddable":true,"href":"https:\/\/aceweb.cat\/es\/wp-json\/wp\/v2\/media\/1482"}],"wp:attachment":[{"href":"https:\/\/aceweb.cat\/es\/wp-json\/wp\/v2\/media?parent=45883"}],"wp:term":[{"taxonomy":"category","embeddable":true,"href":"https:\/\/aceweb.cat\/es\/wp-json\/wp\/v2\/categories?post=45883"},{"taxonomy":"post_tag","embeddable":true,"href":"https:\/\/aceweb.cat\/es\/wp-json\/wp\/v2\/tags?post=45883"}],"curies":[{"name":"wp","href":"https:\/\/api.w.org\/{rel}","templated":true}]}}