{"id":46133,"date":"2025-03-11T08:32:55","date_gmt":"2025-03-11T08:32:55","guid":{"rendered":"https:\/\/aceweb.cat\/?p=46133"},"modified":"2025-03-18T11:51:56","modified_gmt":"2025-03-18T11:51:56","slug":"la-associacio-de-consultors-destructures-participara-en-construmat-2025","status":"publish","type":"post","link":"https:\/\/aceweb.cat\/es\/agenda\/la-associacio-de-consultors-destructures-participara-en-construmat-2025\/","title":{"rendered":"La Associaci\u00f3 de Consultors d\u2019Estructures participar\u00e1 en Construmat 2025"},"content":{"rendered":"<h2 style=\"text-align: justify;\"><img loading=\"lazy\" decoding=\"async\" class=\"wp-image-46141 size-medium aligncenter\" src=\"https:\/\/aceweb.cat\/wp-content\/uploads\/2025\/03\/construmat_firma_exp_quadrat_ES-300x300.png\" alt=\"\" width=\"300\" height=\"300\" srcset=\"https:\/\/aceweb.cat\/wp-content\/uploads\/2025\/03\/construmat_firma_exp_quadrat_ES-300x300.png 300w, https:\/\/aceweb.cat\/wp-content\/uploads\/2025\/03\/construmat_firma_exp_quadrat_ES-150x150.png 150w, https:\/\/aceweb.cat\/wp-content\/uploads\/2025\/03\/construmat_firma_exp_quadrat_ES-100x100.png 100w, https:\/\/aceweb.cat\/wp-content\/uploads\/2025\/03\/construmat_firma_exp_quadrat_ES.png 600w\" sizes=\"auto, (max-width: 300px) 100vw, 300px\" \/><\/h2>\n<h2>\u00a0<\/h2>\n<h2 style=\"text-align: justify;\"><strong>Un a\u00f1o m\u00e1s, la ACE participa en la Feria Construmat 2025<br \/><\/strong><\/h2>\n<p style=\"text-align: justify;\">Del 20 al 22 de mayo la ciudad de Barcelona vuelve a acoger <strong>una de la citas m\u00e1s importantes de la construcci\u00f3n en Espa\u00f1a<\/strong>: el sal\u00f3n <a href=\"http:\/\/www.construmat.com\/\" target=\"_blank\" rel=\"noopener\">Construmat<\/a>, el acontecimiento m\u00e1s esperado por los profesionales del sector y el term\u00f3metro clave para medir el estado actual de la construcci\u00f3n y de sus empresas en nuestro pa\u00eds.<\/p>\n<p style=\"text-align: justify;\">\u201c<em>Acompa\u00f1amos la <strong>transici\u00f3n del sector de la construcci\u00f3n hacia un nuevo modelo de crecimiento y desarrollo sostenible<\/strong> gracias a la digitalizaci\u00f3n, a la innovaci\u00f3n tecnol\u00f3gica y a las nuevas t\u00e9cnicas constructivas<\/em>\u201d, se presenta el sal\u00f3n este a\u00f1o. As\u00ed, con la innovaci\u00f3n como motor, se prev\u00e9 la asistencia a la cita de m\u00e1s de 55.000 visitantes, procedentes, a la vez, de m\u00e1s de 90 pa\u00edses de alrededor del mundo.<!--more--><\/p>\n<p style=\"text-align: justify;\">Encuentro dedicado a la innovaci\u00f3n y a las nuevas tecnolog\u00edas y materiales; participar en Construmat es participar en esta transici\u00f3n del sector de la que se habla, y nosotros queremos tener un papel. Es por ello que <strong>la Associaci\u00f3 de Consultors d\u2019Estructures participa, una vez m\u00e1s, en el sal\u00f3n Construmat<\/strong>.<\/p>\n<h3 style=\"text-align: justify;\">Espacio central y microespacios asociados<\/h3>\n<p style=\"text-align: justify;\">Os ofrecemos un avance de como lucir\u00e1 nuestro estand, el que est\u00e1 compuesto por un espacio central, que dispondr\u00e9is para desarrollar actividades y hablar con vuestro clientes patrocinado por <a href=\"https:\/\/novaltra.com\/\">Novaltra<\/a> y <a href=\"https:\/\/aceweb.cat\/es\/socios-protectores\/cin-valentine-s-a-u\/\">Cin Valentine<\/a> y de espacios ubicados alrededor de la estructura, donde se situar\u00e1n los socios protectores: <a href=\"https:\/\/aceweb.cat\/es\/socios-protectores\/cin-valentine-s-a-u\/\">Cin Valentine<\/a>, <a href=\"https:\/\/aceweb.cat\/es\/socios-protectores\/construsoft\/\">Construsoft,<\/a><a href=\"https:\/\/aceweb.cat\/es\/socios-protectores\/cype-ingenieros-sa\/\"> Cype<\/a>, <a href=\"https:\/\/aceweb.cat\/es\/socios-protectores\/ibertrac-sl\/\">Ibertrac<\/a>, <a href=\"https:\/\/aceweb.cat\/es\/socios-protectores\/gerb-sa\/\" target=\"_blank\" rel=\"noopener\">Gerb, <\/a><a href=\"https:\/\/aceweb.cat\/es\/socios-protectores\/grupo-puma-sl\/\">Grupo Puma<\/a> y <a href=\"https:\/\/aceweb.cat\/es\/socios-protectores\/zigurat-global-institute-of-technology-sl\/\">Zigurat<\/a> a los que podr\u00e9is conocer de cerca y conocer todas sus novedades.<\/p>\n<p><img loading=\"lazy\" decoding=\"async\" class=\"alignnone size-medium wp-image-46150 aligncenter\" src=\"https:\/\/aceweb.cat\/wp-content\/uploads\/2025\/03\/logos-co-expositors-300x107.jpg\" alt=\"\" width=\"300\" height=\"107\" srcset=\"https:\/\/aceweb.cat\/wp-content\/uploads\/2025\/03\/logos-co-expositors-300x107.jpg 300w, https:\/\/aceweb.cat\/wp-content\/uploads\/2025\/03\/logos-co-expositors-1024x364.jpg 1024w, https:\/\/aceweb.cat\/wp-content\/uploads\/2025\/03\/logos-co-expositors-768x273.jpg 768w, https:\/\/aceweb.cat\/wp-content\/uploads\/2025\/03\/logos-co-expositors-1536x546.jpg 1536w, https:\/\/aceweb.cat\/wp-content\/uploads\/2025\/03\/logos-co-expositors-600x213.jpg 600w, https:\/\/aceweb.cat\/wp-content\/uploads\/2025\/03\/logos-co-expositors.jpg 1937w\" sizes=\"auto, (max-width: 300px) 100vw, 300px\" \/><\/p>\n<p>Nos acompa\u00f1aran como colaboradores:\u00a0<\/p>\n<p><img loading=\"lazy\" decoding=\"async\" class=\"wp-image-46152 aligncenter\" src=\"https:\/\/aceweb.cat\/wp-content\/uploads\/2025\/03\/logos-collaboradors-300x275.jpg\" alt=\"\" width=\"202\" height=\"185\" srcset=\"https:\/\/aceweb.cat\/wp-content\/uploads\/2025\/03\/logos-collaboradors-300x275.jpg 300w, https:\/\/aceweb.cat\/wp-content\/uploads\/2025\/03\/logos-collaboradors.jpg 424w\" sizes=\"auto, (max-width: 202px) 100vw, 202px\" \/><\/p>\n<h3>\u00a0<\/h3>\n<h3 style=\"text-align: justify;\">Ubicaci\u00f3n<\/h3>\n<p style=\"text-align: justify;\">Estaremos en el Palacio 2, calle E, estand 77. Si necesit\u00e1is m\u00e1s informaci\u00f3n al respecto, por favor contactar con: <a href=\"mailto:administracio@aceweb.cat\">administracio@aceweb.cat<\/a><\/p>\n<p>Adquirir\u00a0 vuestras entradas al sal\u00f3n con el c\u00f3digo: <strong>KBOZVXON<\/strong><\/p>\n<p>Enlace : <a href=\"https:\/\/registration.firabarcelona.com\/?cod_prom=KBOZVXON#\/es_ES\/J025025\/WEB\">https:\/\/registration.firabarcelona.com\/?cod_promh=f4v4kHNgRP#\/es_ES\/J025024\/WEB<\/a><\/p>\n\n\n<h2 class=\"wp-block-heading has-vivid-red-color has-text-color has-link-color wp-elements-935197f0dbeacee609134aa61404ff18\">\u00a1OS ESPERAMOS!<\/h2>\n\n\n\n<p><\/p>\n","protected":false},"excerpt":{"rendered":"<p>\u00a0 Un a\u00f1o m\u00e1s, la ACE participa en la Feria Construmat 2025 Del 20 al 22 de mayo la ciudad de Barcelona vuelve a acoger una de la citas m\u00e1s importantes de la construcci\u00f3n en Espa\u00f1a: el sal\u00f3n Construmat, el acontecimiento m\u00e1s esperado por los profesionales del sector y el term\u00f3metro clave para medir el &hellip;<\/p>\n<p class=\"read-more\"> <a class=\"\" href=\"https:\/\/aceweb.cat\/es\/agenda\/la-associacio-de-consultors-destructures-participara-en-construmat-2025\/\"> <span class=\"screen-reader-text\">La Associaci\u00f3 de Consultors d\u2019Estructures participar\u00e1 en Construmat 2025<\/span> Leer m\u00e1s &raquo;<\/a><\/p>\n","protected":false},"author":93,"featured_media":44348,"comment_status":"open","ping_status":"open","sticky":false,"template":"","format":"standard","meta":{"_acf_changed":false,"site-sidebar-layout":"default","site-content-layout":"default","ast-global-header-display":"","ast-main-header-display":"","ast-hfb-above-header-display":"","ast-hfb-below-header-display":"","ast-hfb-mobile-header-display":"","site-post-title":"","ast-breadcrumbs-content":"","ast-featured-img":"","footer-sml-layout":"","theme-transparent-header-meta":"","adv-header-id-meta":"","stick-header-meta":"","header-above-stick-meta":"","header-main-stick-meta":"","header-below-stick-meta":"","footnotes":""},"categories":[373],"tags":[],"class_list":["post-46133","post","type-post","status-publish","format-standard","has-post-thumbnail","hentry","category-agenda"],"acf":[],"yoast_head":"<!-- This site is optimized with the Yoast SEO plugin v27.1.1 - https:\/\/yoast.com\/product\/yoast-seo-wordpress\/ -->\n<title>La ACE participar\u00e1 en Construmat 2025 | ACE<\/title>\n<meta name=\"description\" content=\"La ACE asistir\u00e1 nuevamente en la edici\u00f3n de Construmat 2025, con la participaci\u00f3n y colaboraci\u00f3n de socios protectores relacionados con las estructuras.\" \/>\n<meta name=\"robots\" content=\"index, follow, max-snippet:-1, max-image-preview:large, max-video-preview:-1\" \/>\n<link rel=\"canonical\" href=\"https:\/\/aceweb.cat\/es\/agenda\/la-associacio-de-consultors-destructures-participara-en-construmat-2025\/\" \/>\n<meta property=\"og:locale\" content=\"es_ES\" \/>\n<meta property=\"og:type\" content=\"article\" \/>\n<meta property=\"og:title\" content=\"La ACE participar\u00e1 en Construmat 2025 | ACE\" \/>\n<meta property=\"og:description\" content=\"La ACE asistir\u00e1 nuevamente en la edici\u00f3n de Construmat 2025, con la participaci\u00f3n y colaboraci\u00f3n de socios protectores relacionados con las estructuras.\" \/>\n<meta property=\"og:url\" content=\"https:\/\/aceweb.cat\/es\/agenda\/la-associacio-de-consultors-destructures-participara-en-construmat-2025\/\" \/>\n<meta property=\"og:site_name\" content=\"aceweb.cat\" \/>\n<meta property=\"article:published_time\" content=\"2025-03-11T08:32:55+00:00\" \/>\n<meta property=\"article:modified_time\" content=\"2025-03-18T11:51:56+00:00\" \/>\n<meta property=\"og:image\" content=\"https:\/\/aceweb.cat\/wp-content\/uploads\/2024\/03\/7f91af78-dd2c-4dfc-bf74-6885b75c3f85.jpg\" \/>\n\t<meta property=\"og:image:width\" content=\"2000\" \/>\n\t<meta property=\"og:image:height\" content=\"1500\" \/>\n\t<meta property=\"og:image:type\" content=\"image\/jpeg\" \/>\n<meta name=\"author\" content=\"Merc\u00e8 Sierra\" \/>\n<meta name=\"twitter:card\" content=\"summary_large_image\" \/>\n<meta name=\"twitter:label1\" content=\"Escrito por\" \/>\n\t<meta name=\"twitter:data1\" content=\"Merc\u00e8 Sierra\" \/>\n\t<meta name=\"twitter:label2\" content=\"Tiempo de lectura\" \/>\n\t<meta name=\"twitter:data2\" content=\"3 minutos\" \/>\n<script type=\"application\/ld+json\" class=\"yoast-schema-graph\">{\"@context\":\"https:\/\/schema.org\",\"@graph\":[{\"@type\":\"Article\",\"@id\":\"https:\/\/aceweb.cat\/es\/agenda\/la-associacio-de-consultors-destructures-participara-en-construmat-2025\/#article\",\"isPartOf\":{\"@id\":\"https:\/\/aceweb.cat\/es\/agenda\/la-associacio-de-consultors-destructures-participara-en-construmat-2025\/\"},\"author\":{\"name\":\"Merc\u00e8 Sierra\",\"@id\":\"https:\/\/aceweb.cat\/#\/schema\/person\/a6b8893e55b089407baaac96e1014d92\"},\"headline\":\"La Associaci\u00f3 de Consultors d\u2019Estructures participar\u00e1 en Construmat 2025\",\"datePublished\":\"2025-03-11T08:32:55+00:00\",\"dateModified\":\"2025-03-18T11:51:56+00:00\",\"mainEntityOfPage\":{\"@id\":\"https:\/\/aceweb.cat\/es\/agenda\/la-associacio-de-consultors-destructures-participara-en-construmat-2025\/\"},\"wordCount\":351,\"commentCount\":0,\"publisher\":{\"@id\":\"https:\/\/aceweb.cat\/#organization\"},\"image\":{\"@id\":\"https:\/\/aceweb.cat\/es\/agenda\/la-associacio-de-consultors-destructures-participara-en-construmat-2025\/#primaryimage\"},\"thumbnailUrl\":\"https:\/\/aceweb.cat\/wp-content\/uploads\/2024\/03\/7f91af78-dd2c-4dfc-bf74-6885b75c3f85.jpg\",\"articleSection\":[\"Agenda\"],\"inLanguage\":\"es\",\"potentialAction\":[{\"@type\":\"CommentAction\",\"name\":\"Comment\",\"target\":[\"https:\/\/aceweb.cat\/es\/agenda\/la-associacio-de-consultors-destructures-participara-en-construmat-2025\/#respond\"]}]},{\"@type\":\"WebPage\",\"@id\":\"https:\/\/aceweb.cat\/es\/agenda\/la-associacio-de-consultors-destructures-participara-en-construmat-2025\/\",\"url\":\"https:\/\/aceweb.cat\/es\/agenda\/la-associacio-de-consultors-destructures-participara-en-construmat-2025\/\",\"name\":\"La ACE participar\u00e1 en Construmat 2025 | ACE\",\"isPartOf\":{\"@id\":\"https:\/\/aceweb.cat\/#website\"},\"primaryImageOfPage\":{\"@id\":\"https:\/\/aceweb.cat\/es\/agenda\/la-associacio-de-consultors-destructures-participara-en-construmat-2025\/#primaryimage\"},\"image\":{\"@id\":\"https:\/\/aceweb.cat\/es\/agenda\/la-associacio-de-consultors-destructures-participara-en-construmat-2025\/#primaryimage\"},\"thumbnailUrl\":\"https:\/\/aceweb.cat\/wp-content\/uploads\/2024\/03\/7f91af78-dd2c-4dfc-bf74-6885b75c3f85.jpg\",\"datePublished\":\"2025-03-11T08:32:55+00:00\",\"dateModified\":\"2025-03-18T11:51:56+00:00\",\"description\":\"La ACE asistir\u00e1 nuevamente en la edici\u00f3n de Construmat 2025, con la participaci\u00f3n y colaboraci\u00f3n de socios protectores relacionados con las estructuras.\",\"breadcrumb\":{\"@id\":\"https:\/\/aceweb.cat\/es\/agenda\/la-associacio-de-consultors-destructures-participara-en-construmat-2025\/#breadcrumb\"},\"inLanguage\":\"es\",\"potentialAction\":[{\"@type\":\"ReadAction\",\"target\":[\"https:\/\/aceweb.cat\/es\/agenda\/la-associacio-de-consultors-destructures-participara-en-construmat-2025\/\"]}]},{\"@type\":\"ImageObject\",\"inLanguage\":\"es\",\"@id\":\"https:\/\/aceweb.cat\/es\/agenda\/la-associacio-de-consultors-destructures-participara-en-construmat-2025\/#primaryimage\",\"url\":\"https:\/\/aceweb.cat\/wp-content\/uploads\/2024\/03\/7f91af78-dd2c-4dfc-bf74-6885b75c3f85.jpg\",\"contentUrl\":\"https:\/\/aceweb.cat\/wp-content\/uploads\/2024\/03\/7f91af78-dd2c-4dfc-bf74-6885b75c3f85.jpg\",\"width\":2000,\"height\":1500},{\"@type\":\"BreadcrumbList\",\"@id\":\"https:\/\/aceweb.cat\/es\/agenda\/la-associacio-de-consultors-destructures-participara-en-construmat-2025\/#breadcrumb\",\"itemListElement\":[{\"@type\":\"ListItem\",\"position\":1,\"name\":\"Inici\",\"item\":\"https:\/\/aceweb.cat\/\"},{\"@type\":\"ListItem\",\"position\":2,\"name\":\"Agenda\",\"item\":\"https:\/\/aceweb.cat\/es\/categoria\/agenda\/\"},{\"@type\":\"ListItem\",\"position\":3,\"name\":\"La Associaci\u00f3 de Consultors d\u2019Estructures participar\u00e1 en Construmat 2025\"}]},{\"@type\":\"WebSite\",\"@id\":\"https:\/\/aceweb.cat\/#website\",\"url\":\"https:\/\/aceweb.cat\/\",\"name\":\"ACE\",\"description\":\"Associaci\u00f3 de Consultors d&#039;Estructures | ACE\",\"publisher\":{\"@id\":\"https:\/\/aceweb.cat\/#organization\"},\"alternateName\":\"ACE\",\"potentialAction\":[{\"@type\":\"SearchAction\",\"target\":{\"@type\":\"EntryPoint\",\"urlTemplate\":\"https:\/\/aceweb.cat\/?s={search_term_string}\"},\"query-input\":{\"@type\":\"PropertyValueSpecification\",\"valueRequired\":true,\"valueName\":\"search_term_string\"}}],\"inLanguage\":\"es\"},{\"@type\":\"Organization\",\"@id\":\"https:\/\/aceweb.cat\/#organization\",\"name\":\"ACE\",\"alternateName\":\"ACE\",\"url\":\"https:\/\/aceweb.cat\/\",\"logo\":{\"@type\":\"ImageObject\",\"inLanguage\":\"es\",\"@id\":\"https:\/\/aceweb.cat\/#\/schema\/logo\/image\/\",\"url\":\"https:\/\/aceweb.cat\/wp-content\/uploads\/2022\/10\/logo.svg\",\"contentUrl\":\"https:\/\/aceweb.cat\/wp-content\/uploads\/2022\/10\/logo.svg\",\"width\":1,\"height\":1,\"caption\":\"ACE\"},\"image\":{\"@id\":\"https:\/\/aceweb.cat\/#\/schema\/logo\/image\/\"}},{\"@type\":\"Person\",\"@id\":\"https:\/\/aceweb.cat\/#\/schema\/person\/a6b8893e55b089407baaac96e1014d92\",\"name\":\"Merc\u00e8 Sierra\",\"image\":{\"@type\":\"ImageObject\",\"inLanguage\":\"es\",\"@id\":\"https:\/\/aceweb.cat\/#\/schema\/person\/image\/\",\"url\":\"https:\/\/secure.gravatar.com\/avatar\/22f0c97d4117dfcc3220888d6384e2a07df217ae83511660a0783b56292770b5?s=96&d=mm&r=g\",\"contentUrl\":\"https:\/\/secure.gravatar.com\/avatar\/22f0c97d4117dfcc3220888d6384e2a07df217ae83511660a0783b56292770b5?s=96&d=mm&r=g\",\"caption\":\"Merc\u00e8 Sierra\"},\"url\":\"https:\/\/aceweb.cat\/es\/author\/merce-sierra\/\"}]}<\/script>\n<!-- \/ Yoast SEO plugin. -->","yoast_head_json":{"title":"La ACE participar\u00e1 en Construmat 2025 | ACE","description":"La ACE asistir\u00e1 nuevamente en la edici\u00f3n de Construmat 2025, con la participaci\u00f3n y colaboraci\u00f3n de socios protectores relacionados con las estructuras.","robots":{"index":"index","follow":"follow","max-snippet":"max-snippet:-1","max-image-preview":"max-image-preview:large","max-video-preview":"max-video-preview:-1"},"canonical":"https:\/\/aceweb.cat\/es\/agenda\/la-associacio-de-consultors-destructures-participara-en-construmat-2025\/","og_locale":"es_ES","og_type":"article","og_title":"La ACE participar\u00e1 en Construmat 2025 | ACE","og_description":"La ACE asistir\u00e1 nuevamente en la edici\u00f3n de Construmat 2025, con la participaci\u00f3n y colaboraci\u00f3n de socios protectores relacionados con las estructuras.","og_url":"https:\/\/aceweb.cat\/es\/agenda\/la-associacio-de-consultors-destructures-participara-en-construmat-2025\/","og_site_name":"aceweb.cat","article_published_time":"2025-03-11T08:32:55+00:00","article_modified_time":"2025-03-18T11:51:56+00:00","og_image":[{"width":2000,"height":1500,"url":"https:\/\/aceweb.cat\/wp-content\/uploads\/2024\/03\/7f91af78-dd2c-4dfc-bf74-6885b75c3f85.jpg","type":"image\/jpeg"}],"author":"Merc\u00e8 Sierra","twitter_card":"summary_large_image","twitter_misc":{"Escrito por":"Merc\u00e8 Sierra","Tiempo de lectura":"3 minutos"},"schema":{"@context":"https:\/\/schema.org","@graph":[{"@type":"Article","@id":"https:\/\/aceweb.cat\/es\/agenda\/la-associacio-de-consultors-destructures-participara-en-construmat-2025\/#article","isPartOf":{"@id":"https:\/\/aceweb.cat\/es\/agenda\/la-associacio-de-consultors-destructures-participara-en-construmat-2025\/"},"author":{"name":"Merc\u00e8 Sierra","@id":"https:\/\/aceweb.cat\/#\/schema\/person\/a6b8893e55b089407baaac96e1014d92"},"headline":"La Associaci\u00f3 de Consultors d\u2019Estructures participar\u00e1 en Construmat 2025","datePublished":"2025-03-11T08:32:55+00:00","dateModified":"2025-03-18T11:51:56+00:00","mainEntityOfPage":{"@id":"https:\/\/aceweb.cat\/es\/agenda\/la-associacio-de-consultors-destructures-participara-en-construmat-2025\/"},"wordCount":351,"commentCount":0,"publisher":{"@id":"https:\/\/aceweb.cat\/#organization"},"image":{"@id":"https:\/\/aceweb.cat\/es\/agenda\/la-associacio-de-consultors-destructures-participara-en-construmat-2025\/#primaryimage"},"thumbnailUrl":"https:\/\/aceweb.cat\/wp-content\/uploads\/2024\/03\/7f91af78-dd2c-4dfc-bf74-6885b75c3f85.jpg","articleSection":["Agenda"],"inLanguage":"es","potentialAction":[{"@type":"CommentAction","name":"Comment","target":["https:\/\/aceweb.cat\/es\/agenda\/la-associacio-de-consultors-destructures-participara-en-construmat-2025\/#respond"]}]},{"@type":"WebPage","@id":"https:\/\/aceweb.cat\/es\/agenda\/la-associacio-de-consultors-destructures-participara-en-construmat-2025\/","url":"https:\/\/aceweb.cat\/es\/agenda\/la-associacio-de-consultors-destructures-participara-en-construmat-2025\/","name":"La ACE participar\u00e1 en Construmat 2025 | ACE","isPartOf":{"@id":"https:\/\/aceweb.cat\/#website"},"primaryImageOfPage":{"@id":"https:\/\/aceweb.cat\/es\/agenda\/la-associacio-de-consultors-destructures-participara-en-construmat-2025\/#primaryimage"},"image":{"@id":"https:\/\/aceweb.cat\/es\/agenda\/la-associacio-de-consultors-destructures-participara-en-construmat-2025\/#primaryimage"},"thumbnailUrl":"https:\/\/aceweb.cat\/wp-content\/uploads\/2024\/03\/7f91af78-dd2c-4dfc-bf74-6885b75c3f85.jpg","datePublished":"2025-03-11T08:32:55+00:00","dateModified":"2025-03-18T11:51:56+00:00","description":"La ACE asistir\u00e1 nuevamente en la edici\u00f3n de Construmat 2025, con la participaci\u00f3n y colaboraci\u00f3n de socios protectores relacionados con las estructuras.","breadcrumb":{"@id":"https:\/\/aceweb.cat\/es\/agenda\/la-associacio-de-consultors-destructures-participara-en-construmat-2025\/#breadcrumb"},"inLanguage":"es","potentialAction":[{"@type":"ReadAction","target":["https:\/\/aceweb.cat\/es\/agenda\/la-associacio-de-consultors-destructures-participara-en-construmat-2025\/"]}]},{"@type":"ImageObject","inLanguage":"es","@id":"https:\/\/aceweb.cat\/es\/agenda\/la-associacio-de-consultors-destructures-participara-en-construmat-2025\/#primaryimage","url":"https:\/\/aceweb.cat\/wp-content\/uploads\/2024\/03\/7f91af78-dd2c-4dfc-bf74-6885b75c3f85.jpg","contentUrl":"https:\/\/aceweb.cat\/wp-content\/uploads\/2024\/03\/7f91af78-dd2c-4dfc-bf74-6885b75c3f85.jpg","width":2000,"height":1500},{"@type":"BreadcrumbList","@id":"https:\/\/aceweb.cat\/es\/agenda\/la-associacio-de-consultors-destructures-participara-en-construmat-2025\/#breadcrumb","itemListElement":[{"@type":"ListItem","position":1,"name":"Inici","item":"https:\/\/aceweb.cat\/"},{"@type":"ListItem","position":2,"name":"Agenda","item":"https:\/\/aceweb.cat\/es\/categoria\/agenda\/"},{"@type":"ListItem","position":3,"name":"La Associaci\u00f3 de Consultors d\u2019Estructures participar\u00e1 en Construmat 2025"}]},{"@type":"WebSite","@id":"https:\/\/aceweb.cat\/#website","url":"https:\/\/aceweb.cat\/","name":"ACE","description":"Associaci\u00f3 de Consultors d&#039;Estructures | ACE","publisher":{"@id":"https:\/\/aceweb.cat\/#organization"},"alternateName":"ACE","potentialAction":[{"@type":"SearchAction","target":{"@type":"EntryPoint","urlTemplate":"https:\/\/aceweb.cat\/?s={search_term_string}"},"query-input":{"@type":"PropertyValueSpecification","valueRequired":true,"valueName":"search_term_string"}}],"inLanguage":"es"},{"@type":"Organization","@id":"https:\/\/aceweb.cat\/#organization","name":"ACE","alternateName":"ACE","url":"https:\/\/aceweb.cat\/","logo":{"@type":"ImageObject","inLanguage":"es","@id":"https:\/\/aceweb.cat\/#\/schema\/logo\/image\/","url":"https:\/\/aceweb.cat\/wp-content\/uploads\/2022\/10\/logo.svg","contentUrl":"https:\/\/aceweb.cat\/wp-content\/uploads\/2022\/10\/logo.svg","width":1,"height":1,"caption":"ACE"},"image":{"@id":"https:\/\/aceweb.cat\/#\/schema\/logo\/image\/"}},{"@type":"Person","@id":"https:\/\/aceweb.cat\/#\/schema\/person\/a6b8893e55b089407baaac96e1014d92","name":"Merc\u00e8 Sierra","image":{"@type":"ImageObject","inLanguage":"es","@id":"https:\/\/aceweb.cat\/#\/schema\/person\/image\/","url":"https:\/\/secure.gravatar.com\/avatar\/22f0c97d4117dfcc3220888d6384e2a07df217ae83511660a0783b56292770b5?s=96&d=mm&r=g","contentUrl":"https:\/\/secure.gravatar.com\/avatar\/22f0c97d4117dfcc3220888d6384e2a07df217ae83511660a0783b56292770b5?s=96&d=mm&r=g","caption":"Merc\u00e8 Sierra"},"url":"https:\/\/aceweb.cat\/es\/author\/merce-sierra\/"}]}},"_links":{"self":[{"href":"https:\/\/aceweb.cat\/es\/wp-json\/wp\/v2\/posts\/46133","targetHints":{"allow":["GET"]}}],"collection":[{"href":"https:\/\/aceweb.cat\/es\/wp-json\/wp\/v2\/posts"}],"about":[{"href":"https:\/\/aceweb.cat\/es\/wp-json\/wp\/v2\/types\/post"}],"author":[{"embeddable":true,"href":"https:\/\/aceweb.cat\/es\/wp-json\/wp\/v2\/users\/93"}],"replies":[{"embeddable":true,"href":"https:\/\/aceweb.cat\/es\/wp-json\/wp\/v2\/comments?post=46133"}],"version-history":[{"count":5,"href":"https:\/\/aceweb.cat\/es\/wp-json\/wp\/v2\/posts\/46133\/revisions"}],"predecessor-version":[{"id":46169,"href":"https:\/\/aceweb.cat\/es\/wp-json\/wp\/v2\/posts\/46133\/revisions\/46169"}],"wp:featuredmedia":[{"embeddable":true,"href":"https:\/\/aceweb.cat\/es\/wp-json\/wp\/v2\/media\/44348"}],"wp:attachment":[{"href":"https:\/\/aceweb.cat\/es\/wp-json\/wp\/v2\/media?parent=46133"}],"wp:term":[{"taxonomy":"category","embeddable":true,"href":"https:\/\/aceweb.cat\/es\/wp-json\/wp\/v2\/categories?post=46133"},{"taxonomy":"post_tag","embeddable":true,"href":"https:\/\/aceweb.cat\/es\/wp-json\/wp\/v2\/tags?post=46133"}],"curies":[{"name":"wp","href":"https:\/\/api.w.org\/{rel}","templated":true}]}}