{"id":46401,"date":"2025-04-29T08:07:49","date_gmt":"2025-04-29T08:07:49","guid":{"rendered":"https:\/\/aceweb.cat\/?p=46401"},"modified":"2025-04-29T08:08:33","modified_gmt":"2025-04-29T08:08:33","slug":"vigas-pretensadas-existentes-en-obra-evaluacion-cuantitativa","status":"publish","type":"post","link":"https:\/\/aceweb.cat\/es\/articulos-destacados\/vigas-pretensadas-existentes-en-obra-evaluacion-cuantitativa\/","title":{"rendered":"VIGAS PRETENSADAS EXISTENTES EN OBRA. EVALUACI\u00d3N CUANTITATIVA"},"content":{"rendered":"\n<p class=\"has-small-font-size\"><strong>JOSEP BAQUER SISTACH<\/strong><br\/>Arquitecte T\u00e8cnic (1972); professor a l&#8217;Institut d&#8217;Estudis Estructurals (IEE).<br\/>Va estudiar Humanitats i Filosofia i \u00e9s llicenciat en Teologia: professor a la Universitat Ramon Llull (URL).<br\/>Autor de diversos articles i publicacions t\u00e8cniques. Responsable del departament d&#8217;estructures a L35 Arquitectes fa m\u00e9s de vint-i-cinc anys, dissenyant les estructures (i dirigint la realitzaci\u00f3),<br\/>de molts centres comercials i pol\u00edgons d&#8217;habitatges i edificis singulars.<br\/>Actualment t\u00e9 despatx propi com a Consultor d&#8217; Estructures.<\/p>\n\n<p class=\"has-text-align-right has-small-font-size\">Agradecimiento a Josep Pugibet, ingeniero y amigo de la ACE, por su colaboraci\u00f3n y aportaci\u00f3n en el estudio previo a la redacci\u00f3n de este art\u00edculo.<\/p>\n\n<p><strong>JUSTIFICACI\u00d3<\/strong><\/p>\n\n<p>La pregunta que nos formulamos cuando tenemos que evaluar vigas pretensadas en edificaci\u00f3n (rehabilitaci\u00f3n o cambio de uso) u obra p\u00fablica (revisiones o posibles alteraciones de cargas), es sobre la posibilidad misma de proceder a una evaluaci\u00f3n cuantitativa fiable, dado que en la mayor\u00eda de los casos no se dispone de la ficha t\u00e9cnica del fabricante o de los datos pertinentes en la memoria de c\u00e1lculo del proyecto original o en las notas de modificados de obra.<\/p>\n\n<p>Por otra parte, aun en el caso de que la viga a estudiar est\u00e9 en buen estado de conservaci\u00f3n, no siempre es f\u00e1cil el acceso a la cabeza de la viga para poder conocer las dimensiones exactas de los elementos constitutivos: la geometr\u00eda de la secci\u00f3n, los di\u00e1metros y posici\u00f3n exacta de la armadura pasiva y de la armadura activa. Y tampoco resulta f\u00e1cil determinar la calidad de los materiales, la resistencia del hormig\u00f3n, los l\u00edmites el\u00e1sticos (y de rotura) de barras, alambres y cordones, porque no siempre resulta posible la extracci\u00f3n de muestras y su posterior estudio en laboratorio.<\/p>\n\n<p>Pero, aun suponiendo que pudi\u00e9ramos conocer esos datos geom\u00e9tricos y de calidad de los materiales con exactitud,  todav\u00eda tendr\u00edamos que resolver otras incertidumbres, referidas b\u00e1sicamente a los procesos industriales de fabricaci\u00f3n. B\u00e1sicamente, la tensi\u00f3n a la que se someti\u00f3 el tensado de los cables o de los cordones, las p\u00e9rdidas de tensi\u00f3n inicial en el momento de la transferencia  deslizamiento de cu\u00f1as), p\u00e9rdidas por dilataci\u00f3n t\u00e9rmica (si se calentaron los cables o cordones, etc.) por roce de los separadores, etc. Tal vez se podr\u00eda estimar y calcular las  p\u00e9rdidas por retracci\u00f3n diferida, por fluencia, por relajaci\u00f3n diferida, etc.<br\/><\/p>\n\n<p>Si a todo eso se a\u00f1ade el farragoso proceso de c\u00e1lculo, dado que hay que definir la inercia bruta de la secci\u00f3n, la inercia neta, la inercia homogeneizada y las profundidades  correspondientes de sus fibras neutras; y a partir de ah\u00ed, calcular tensiones y deformaciones, momento \u00faltimo,  contraflecha, longitud de transmisi\u00f3n, cortante, etc., la misma posibilidad de afrontar el reto de un c\u00e1lculo estimado resulta a primera vista frustrante para el t\u00e9cnico. Por eso, cuando se trata de viguetas pretensadas para forjados convencionales de edificios, resulta m\u00e1s operativo extraer una vigueta del forjado y llevarla al laboratorio para analizar los materiales y hacer las consiguientes pruebas de carga o incluso de rotura, para  establecer las prestaciones reales del elemento en cuesti\u00f3n, teniendo en cuenta que las longitudes de transmisi\u00f3n suelen ser del orden de un metro a cada extremo y que los cables tensados en esas zonas de los extremos casi solo trabajan como armaduras pasivas. Pero en el caso de vigas de tableros o de puentes de grandes longitudes, esa posibilidad de  transporte al laboratorio no existe. En consecuencia, de un modo u otro, a falta de documentaci\u00f3n, habr\u00e1 que proceder a<br\/>desarrollar c\u00e1lculos estimativos que acoten al m\u00e1ximo el problema.<\/p>\n\n<p>En lo que respeta a las dimensiones geom\u00e9tricas, habr\u00e1 que intentar acceder a la cabeza de la viga para croquizar todos los elementos. Las armaduras m\u00e1s superficiales, probablemente con pach\u00f3metro se podr\u00e1n localizar y situar. Las vigas de grandes dimensiones tienen armadura pasiva, tanto constructiva como para cortantes. Las vigas de los forjados (pretensadas  auto resistentes o semi resistentes), solo suelen tener cables de peque\u00f1o di\u00e1metro como armadura activa.<\/p>\n\n<p><span>Suposant ven\u00e7uda aquesta primera dificultat i havent pogut definir perfectament la secci\u00f3, caldr\u00e0 procedir a definir les caracter\u00edstiques dels materials. Pel que fa al formig\u00f3, sempre ens mourem en una forquilla de resist\u00e8ncia (caracter\u00edstica) entre 35 i 50 N\/mm<\/span><sup>2 <\/sup><span> Resist\u00e8ncies inferiors no resultaven convenients i no es feien servir i les superiors a 50 N\/mm<\/span><sup>2 <\/sup><span>tampoc, a causa de la fragilitat que comportava l&#8217;augment de resist\u00e8ncia. Per tant, de cara a un estudi de qualsevol biga en q\u00fcesti\u00f3, es podria prendre la m\u00ednima resist\u00e8ncia (al costat de la major seguretat) o la m\u00e0xima, per veure la fluctuaci\u00f3 de resultats.<\/span><\/p>\n\n<p>En cuanto al acero pasivo, si la viga se fabric\u00f3 en la d\u00e9cada<br\/>de los sesenta, se usaba REA 42 o REA 46. A mediados de los 70 ya se sol\u00eda usar acero B500S. Se puede hacer el estudio con los l\u00edmites el\u00e1sticos correspondientes y tambi\u00e9n constatar la fluctuaci\u00f3n de resultados.<\/p>\n\n<p>En lo referente al acero activo, observando la tabla 1, a partir de los di\u00e1metros (alambres o cordones) se puede deducir las posibles alternativas de tesado. Se sol\u00eda tesar al m\u00e1ximo: es decir, al l\u00edmite el\u00e1stico afectado por un coeficiente de 0,85.<br\/><\/p>\n\n<figure class=\"wp-block-image size-full\"><img loading=\"lazy\" decoding=\"async\" width=\"663\" height=\"735\" src=\"https:\/\/aceweb.cat\/wp-content\/uploads\/2025\/04\/FIGURAS-armadura-activa.jpeg\" alt=\"\" class=\"wp-image-46342\" srcset=\"https:\/\/aceweb.cat\/wp-content\/uploads\/2025\/04\/FIGURAS-armadura-activa.jpeg 663w, https:\/\/aceweb.cat\/wp-content\/uploads\/2025\/04\/FIGURAS-armadura-activa-271x300.jpeg 271w, https:\/\/aceweb.cat\/wp-content\/uploads\/2025\/04\/FIGURAS-armadura-activa-300x333.jpeg 300w, https:\/\/aceweb.cat\/wp-content\/uploads\/2025\/04\/FIGURAS-armadura-activa-600x665.jpeg 600w\" sizes=\"auto, (max-width: 663px) 100vw, 663px\" \/><\/figure>\n\n<p class=\"has-ast-global-color-0-color has-text-color has-link-color has-small-font-size wp-elements-0447c493cb00bbf3e9e8d990ebd8284b\"><strong>Taula 1<\/strong>. Armadures actives<\/p>\n\n<p><span>Barallant aquestes possibles hip\u00f2tesis, es podria arribar a calcular les sol\u00b7licitacions assumibles per la biga en estudi. Quedaria el tema de les p\u00e8rdues de tensi\u00f3. En el cas de les bigues pretensades que ens ocupa, hi ha m\u00e9s \u00abinc\u00f2gnites\u00bb que en el cas de bigues postessades. Per aix\u00f2, mai caldria considerar p\u00e8rdues inferiors al 20 % i fins i tot es podria arribar fins al 30 %.<\/span><\/p>\n\n<p>En cuanto a los par\u00e1metros de la secci\u00f3n, tenemos la ventaja de que los m\u00f3dulos de elasticidad de los distintos aceros son semejantes y, por tanto, de cara a definir las secciones homogeneizadas, eso no suele resultar dificultoso. Y, en cuanto al m\u00f3dulo del hormig\u00f3n, ya se sabe que depende de la resistencia caracter\u00edstica. Los coeficientes de homogeneizaci\u00f3n se deducen sin mayor problema. Evidentemente, habr\u00eda que tantear, para distintas calidades, la aplicaci\u00f3n de los correspondientes<br\/>coeficientes de equivalencia.<\/p>\n\n<p>Pero, para proceder a esos c\u00e1lculos de modo r\u00e1pido, se requiere disponer de una hoja de c\u00e1lculo (o de un programa) que permita introducir los datos pertinentes de las distintas cualidades de los materiales, para deducir la horquilla de resultados correspondientes, y de ah\u00ed, conociendo las solicitaciones a las que est\u00e1 sometida la viga en estudio, para cada caso, poder establecer la seguridad en la que nos movemos o nos podr\u00edamos mover.<\/p>\n\n<p><strong>FULL DE C\u00c0LCUL<\/strong><\/p>\n\n<p><span>A continuaci\u00f3, s&#8217;ofereix un \u00abfull de c\u00e0lcul&#13;\nA continuaci\u00f3, s&#8217;ofereix un \u00abfull de c\u00e0lcul&#13;\n\u00bb desenvolupat.&#13;\nEl mateix full de c\u00e0lcul, a Excel,es&#13;\npot baixar entrant a la p\u00e0gina&#13;\n<a href=\"https:\/\/aceweb.cat\/es\/recursos\/hojas-de-calculo-de-estructuras\/\">aceweb.cat<\/a> de l&#8217;Associaci\u00f3 de Consultors&#13;\nd&#8217;Estructures (ACE) (fig. 1).<\/span><\/p>\n\n<figure class=\"wp-block-image size-large\"><img loading=\"lazy\" decoding=\"async\" width=\"1024\" height=\"697\" src=\"https:\/\/aceweb.cat\/wp-content\/uploads\/2025\/04\/figura-1-1-1024x697.png\" alt=\"\" class=\"wp-image-46348\" srcset=\"https:\/\/aceweb.cat\/wp-content\/uploads\/2025\/04\/figura-1-1-1024x697.png 1024w, https:\/\/aceweb.cat\/wp-content\/uploads\/2025\/04\/figura-1-1-300x204.png 300w, https:\/\/aceweb.cat\/wp-content\/uploads\/2025\/04\/figura-1-1-768x523.png 768w, https:\/\/aceweb.cat\/wp-content\/uploads\/2025\/04\/figura-1-1-600x409.png 600w, https:\/\/aceweb.cat\/wp-content\/uploads\/2025\/04\/figura-1-1.png 1044w\" sizes=\"auto, (max-width: 1024px) 100vw, 1024px\" \/><\/figure>\n\n<p class=\"has-vivid-red-color has-text-color has-link-color has-small-font-size wp-elements-95d794e9eb0616a18c06de94133cd737\"><strong>Figura 1<\/strong>. Estudi d&#8217; una biga pretensada<\/p>\n\n<p>La hoja \u00abexplicada\u00bb a continuaci\u00f3n dispone de cinco columnas: 1.a Referencia, 2.a Valor, 3.a Unidad, 4.a F\u00f3rmula y 5.a Comentario. Para mayor claridad en el desarrollo, se aplica el c\u00e1lculo a un caso concreto correspondiente a una viga de tablero de puente, de acuerdo con los datos y geometr\u00eda de la figura 2. Los resultados num\u00e9ricos de aplicar la f\u00f3rmula de la<br\/>4.a columna constan en la 2.a columna. Los datos que hay que entrar son los de las casillas \u00abamarillas\u00bb. Los datos de  geometr\u00eda hay que tomarlos de los datos dibujados en CAD en los que consta la referencia (color azul) y la cota  correspondiente. El ejemplo que se desarrolla corresponde a una viga de secci\u00f3n doble T, con armadura pasiva y activa en ambas alas. Damos por supuesto que esa viga dispone de armadura pasiva constructiva y de cortante en el alma, pero no lo consideramos en el c\u00e1lculo. S\u00ed tendremos en cuenta, en su momento, la capacidad de asumir cortante por parte de la secci\u00f3n comprimida de hormig\u00f3n por el tesado de los cordones.<\/p>\n\n<p><strong>DISSENY AUTOCAD<\/strong><\/p>\n\n<p>El primer escollo que hay que superar es el de definir los par\u00e1metros de las distintas secciones: b\u00e1sicamente, la profundidad de la fibra neutra y la inercia en cada caso. Para eso, tendremos que trabajar con AutoCAD, dibujando la geometr\u00eda de las secciones y trabajar con \u00abregiones\u00bb para as\u00ed disponer del valor exacto de todos los par\u00e1metros. Lejos est\u00e1 ya el teorema de Steiner, que tan buenos servicios nos prest\u00f3 a\u00f1os ha para calcular los momentos de inercia de una secci\u00f3n.<br\/><\/p>\n\n<p>Para el lector poco avezado a trabajar con regiones CAD, me permito proponer alguna sugerencia:<\/p>\n\n<ul class=\"wp-block-list\">\n<li>Conviene trabajar desde el primer momento en \u00abmil\u00edmetros\u00bb al dibujar la secci\u00f3n, ubicando la posici\u00f3n y di\u00e1metro de todas las armaduras con exactitud.<br\/><\/li>\n\n\n\n<li>Para acotar, mejor usar la escala anotativa, normalmente para una escala 1:3.<\/li>\n\n\n\n<li>Para facilitar la introducci\u00f3n de datos y la conversi\u00f3n del trazado en regi\u00f3n, y poder unir o segregar superficies, viene bien colocar en la banda de comandos los siguientes: Regi\u00f3n; Uni\u00f3n; Diferencia y Propiedades f\u00edsicas y de regi\u00f3n. Esas propiedades tambi\u00e9n se pueden ver desde: Herramientas \u2192 Consultar \u2192 Propiedades f\u00edsicas y de regi\u00f3n.<\/li>\n\n\n\n<li>Caso de tener el dibujo de la secci\u00f3n como polil\u00ednea, hay que \u00abexplotarlo\u00bb necesariamente para convertirlo en regi\u00f3n.<br\/><\/li>\n\n\n\n<li>Para la secci\u00f3n homogeneizada, habr\u00e1 que anexar \u00abrect\u00e1ngulos\u00bb del incremento de superficie correspondiente<br\/>a las armaduras activas y pasivas, tal como se puede ver en la figura 4. Esos rect\u00e1ngulos, convertidos en \u00abregi\u00f3n\u00bb, colocados en su lugar, se unir\u00e1n al resto de la secci\u00f3n (comando \u00abuni\u00f3n\u00bb)<br\/>para conseguir una \u00fanica secci\u00f3n. As\u00ed mismo, habr\u00e1 que deducir los huecos de las armaduras mediante el comando diferencia. Una vez hechas esas operaciones, a trav\u00e9s del comando Propiedades f\u00edsicas y de regi\u00f3n, podemos conocer todos los par\u00e1metros, incluido el valor \u00aby\u00bb, es decir, la profundidad de la fibra neutra.<br\/><\/li>\n\n\n\n<li>Viene bien mover el dibujo de cada secci\u00f3n en estudio al origen de ordenadas, situando (por ejemplo) en el punto (0, 0) el centro de la base de la secci\u00f3n o del ala superior. Al consultar el valor de la ordenada Y (la abscisa ser\u00e1 x = 0) podremos desplazar la secci\u00f3n de acuerdo con ese valor (positivo o negativo, seg\u00fan hayamos ubicado la secci\u00f3n) con lo que el centro de gravedad quedar\u00e1 situado en el origen de coordenadas, (0, 0). Ah\u00ed mismo, podemos trazar la l\u00ednea horizontal de la fibra neutra que pasar\u00e1 por ese origen de coordenadas.<\/li>\n\n\n\n<li><span>Aquesta operaci\u00f3 caldr\u00e0 efectuar-la per a les diferents seccions, ja que el proc\u00e9s de c\u00e0lcul requerir\u00e0 valors concrets de cadascuna d&#8217;aquestes seccions (in\u00e8rcia en mm<\/span><sup>4<\/sup><span> i secci\u00f3 en mm<\/span><sup>2<\/sup><span>, b\u00e0sicament). Aix\u00ed doncs, caldr\u00e0 convertir en regi\u00f3 i situar la fibra neutra per a la secci\u00f3 bruta, la secci\u00f3 neta, la secci\u00f3 homogene\u00eft\u00e7ada i la secci\u00f3 del moment \u00faltim referit a la fibra m\u00e9s comprimida per a una deformaci\u00f3 del 3,5 \u2030 i una profunditat de la fibra neutra de 0,45 d i el cap de compressi\u00f3 corresponent (figs. 2 a 4).<\/span><\/li>\n\n\n\n<li>Esa fase de dibujo en CAD resulta algo laboriosa pero sumamente eficaz. Hay que pensar que conseguir esos datos, aplicando manualmente el teorema de Steiner, ser\u00eda pr\u00e1cticamente imposible y, en cualquier caso, harto laboriosa y con riesgo de acumulaci\u00f3n de posibles errores.<\/li>\n<\/ul>\n\n<div class=\"wp-block-columns is-layout-flex wp-container-core-columns-is-layout-28f84493 wp-block-columns-is-layout-flex\">\n<div class=\"wp-block-column is-layout-flow wp-block-column-is-layout-flow\">\n<figure class=\"wp-block-image size-large\"><img loading=\"lazy\" decoding=\"async\" width=\"1024\" height=\"744\" src=\"https:\/\/aceweb.cat\/wp-content\/uploads\/2025\/04\/FIGURAS-2-qe-1024x744.jpeg\" alt=\"\" class=\"wp-image-46354\" srcset=\"https:\/\/aceweb.cat\/wp-content\/uploads\/2025\/04\/FIGURAS-2-qe-1024x744.jpeg 1024w, https:\/\/aceweb.cat\/wp-content\/uploads\/2025\/04\/FIGURAS-2-qe-300x218.jpeg 300w, https:\/\/aceweb.cat\/wp-content\/uploads\/2025\/04\/FIGURAS-2-qe-768x558.jpeg 768w, https:\/\/aceweb.cat\/wp-content\/uploads\/2025\/04\/FIGURAS-2-qe-600x436.jpeg 600w, https:\/\/aceweb.cat\/wp-content\/uploads\/2025\/04\/FIGURAS-2-qe.jpeg 1306w\" sizes=\"auto, (max-width: 1024px) 100vw, 1024px\" \/><\/figure>\n<\/div>\n\n\n\n<div class=\"wp-block-column is-layout-flow wp-block-column-is-layout-flow\">\n<figure class=\"wp-block-image size-large\"><img loading=\"lazy\" decoding=\"async\" width=\"1024\" height=\"670\" src=\"https:\/\/aceweb.cat\/wp-content\/uploads\/2025\/04\/FIGURAS-3-qe-1024x670.jpeg\" alt=\"\" class=\"wp-image-46356\" srcset=\"https:\/\/aceweb.cat\/wp-content\/uploads\/2025\/04\/FIGURAS-3-qe-1024x670.jpeg 1024w, https:\/\/aceweb.cat\/wp-content\/uploads\/2025\/04\/FIGURAS-3-qe-300x196.jpeg 300w, https:\/\/aceweb.cat\/wp-content\/uploads\/2025\/04\/FIGURAS-3-qe-768x502.jpeg 768w, https:\/\/aceweb.cat\/wp-content\/uploads\/2025\/04\/FIGURAS-3-qe-600x393.jpeg 600w, https:\/\/aceweb.cat\/wp-content\/uploads\/2025\/04\/FIGURAS-3-qe.jpeg 1365w\" sizes=\"auto, (max-width: 1024px) 100vw, 1024px\" \/><\/figure>\n<\/div>\n<\/div>\n\n<div class=\"wp-block-columns is-layout-flex wp-container-core-columns-is-layout-28f84493 wp-block-columns-is-layout-flex\">\n<div class=\"wp-block-column is-layout-flow wp-block-column-is-layout-flow\">\n<p class=\"has-vivid-red-color has-text-color has-link-color has-small-font-size wp-elements-bca0105eb36d99878e0f71ac3b95b027\"><strong>Figura 2<\/strong>. Secci\u00f3 de biga. Armat actiu i passiu longitudinal<\/p>\n<\/div>\n\n\n\n<div class=\"wp-block-column is-layout-flow wp-block-column-is-layout-flow\">\n<p class=\"has-vivid-red-color has-text-color has-link-color has-small-font-size wp-elements-d803e8baf54e8b0a4ee77d2a6026240d\"><strong>Figura 3<\/strong>. Secci\u00f3 neta i secci\u00f3 bruta<\/p>\n<\/div>\n<\/div>\n\n<p>Al disponer ya de todos los datos de esa fase geom\u00e9trica previa, podemos proceder a la introducci\u00f3n de datos en la hoja de c\u00e1lculo. Esa hoja \u00abcompacta\u00bb en Excel est\u00e1 a la disposici\u00f3n del lector como se ha dicho anteriormente (fig. 1). Pero para comprender mejor el proceso, la desarrollamos a continuaci\u00f3n de forma \u00ablineal\u00bb a cinco columnas.<\/p>\n\n<figure class=\"wp-block-image aligncenter size-large is-resized\"><img loading=\"lazy\" decoding=\"async\" width=\"1024\" height=\"580\" src=\"https:\/\/aceweb.cat\/wp-content\/uploads\/2025\/04\/FIGURAS-4-qe-1-1024x580.jpeg\" alt=\"\" class=\"wp-image-46362\" style=\"width:396px;height:auto\" srcset=\"https:\/\/aceweb.cat\/wp-content\/uploads\/2025\/04\/FIGURAS-4-qe-1-1024x580.jpeg 1024w, https:\/\/aceweb.cat\/wp-content\/uploads\/2025\/04\/FIGURAS-4-qe-1-300x170.jpeg 300w, https:\/\/aceweb.cat\/wp-content\/uploads\/2025\/04\/FIGURAS-4-qe-1-768x435.jpeg 768w, https:\/\/aceweb.cat\/wp-content\/uploads\/2025\/04\/FIGURAS-4-qe-1-600x340.jpeg 600w, https:\/\/aceweb.cat\/wp-content\/uploads\/2025\/04\/FIGURAS-4-qe-1.jpeg 1278w\" sizes=\"auto, (max-width: 1024px) 100vw, 1024px\" \/><\/figure>\n\n<p class=\"has-text-align-center has-vivid-red-color has-text-color has-link-color has-small-font-size wp-elements-6db2e4fb50869b48b16acaa35167271e\"><strong>Figura 4<\/strong>. Secci\u00f3 homogene\u00eftat<\/p>\n\n<p><strong>PROC\u00c9S DE C\u00c0LCUL<\/strong><\/p>\n\n<p><strong>Materials: caracter\u00edstiques<\/strong><\/p>\n\n<p>La resistencia caracter\u00edstica del hormig\u00f3n puede oscilar entre 35 N\/mm<sup>2<\/sup> y 50 N\/mm<sup>2<\/sup>. Dado que el m\u00f3dulo el\u00e1stico del acero es 2,1*10<sup>5<\/sup>\u00a0N\/mm<sup>2<\/sup>, los coeficientes de conversi\u00f3n para el dise\u00f1o (en CAD) oscilar\u00eda entre h<sub>s<\/sub>55,88 y h<sub>s<\/sub>55,36 respectivamente. Eso afectar\u00eda poco al dise\u00f1o de la secci\u00f3n homogeneizada para efectuar tanteos de c\u00e1lculo. En lo referente a la armadura activa, conociendo el di\u00e1metro del cord\u00f3n se sabe exactamente la calidad del acero. En el caso de los alambres, tan solo para los di\u00e1metros 4 mm y 5 mm cabe una posible alternativa. Para mayor seguridad, se puede optar por la m\u00e1s desfavorable.<\/p>\n\n<figure class=\"wp-block-image size-large is-resized\"><img loading=\"lazy\" decoding=\"async\" width=\"1024\" height=\"883\" src=\"https:\/\/aceweb.cat\/wp-content\/uploads\/2025\/04\/materiales-caracteristicas-1024x883.jpg\" alt=\"\" class=\"wp-image-46369\" style=\"width:950px;height:auto\" srcset=\"https:\/\/aceweb.cat\/wp-content\/uploads\/2025\/04\/materiales-caracteristicas-1024x883.jpg 1024w, https:\/\/aceweb.cat\/wp-content\/uploads\/2025\/04\/materiales-caracteristicas-300x259.jpg 300w, https:\/\/aceweb.cat\/wp-content\/uploads\/2025\/04\/materiales-caracteristicas-768x662.jpg 768w, https:\/\/aceweb.cat\/wp-content\/uploads\/2025\/04\/materiales-caracteristicas-600x517.jpg 600w, https:\/\/aceweb.cat\/wp-content\/uploads\/2025\/04\/materiales-caracteristicas.jpg 1520w\" sizes=\"auto, (max-width: 1024px) 100vw, 1024px\" \/><\/figure>\n\n<figure class=\"wp-block-image size-large is-resized\"><img loading=\"lazy\" decoding=\"async\" width=\"1024\" height=\"606\" src=\"https:\/\/aceweb.cat\/wp-content\/uploads\/2025\/04\/FIGURAS-5-qe-1024x606.jpeg\" alt=\"\" class=\"wp-image-46371\" style=\"width:659px;height:auto\" srcset=\"https:\/\/aceweb.cat\/wp-content\/uploads\/2025\/04\/FIGURAS-5-qe-1024x606.jpeg 1024w, https:\/\/aceweb.cat\/wp-content\/uploads\/2025\/04\/FIGURAS-5-qe-300x178.jpeg 300w, https:\/\/aceweb.cat\/wp-content\/uploads\/2025\/04\/FIGURAS-5-qe-768x455.jpeg 768w, https:\/\/aceweb.cat\/wp-content\/uploads\/2025\/04\/FIGURAS-5-qe-600x355.jpeg 600w, https:\/\/aceweb.cat\/wp-content\/uploads\/2025\/04\/FIGURAS-5-qe.jpeg 1255w\" sizes=\"auto, (max-width: 1024px) 100vw, 1024px\" \/><\/figure>\n\n<p class=\"has-vivid-red-color has-text-color has-link-color has-small-font-size wp-elements-0facf54cc714ccf9ba5d30f9782af581\"><strong>Figura 5<\/strong>. Momento \u00faltimo de tensiones-deformaciones<\/p>\n\n<p><strong>Armadura homogeneizada &#8211; secci\u00f3n<\/strong><\/p>\n\n<p>Se facilita el dise\u00f1o en CAD de la secci\u00f3n homogeneizada  definiendo las dimensiones de los rect\u00e1ngulos que habr\u00e1 que anexar a lado y lado de la secci\u00f3n de hormig\u00f3n, a nivel de eje de cada fila de armadura, teniendo en cuenta los coeficientes de equivalencia tanto del acero activo como pasivo. Esos  rect\u00e1ngulos convertidos en regi\u00f3n se unir\u00e1n a la regi\u00f3n del cuerpo central de la secci\u00f3n de hormig\u00f3n para obtener la secci\u00f3n homogeneizada. Esos valores ya contemplan la deducci\u00f3n del hueco correspondiente de hormig\u00f3n \u00abocupado\u00bb por la armadura.<\/p>\n\n<figure class=\"wp-block-image aligncenter size-large\"><img loading=\"lazy\" decoding=\"async\" width=\"721\" height=\"1024\" src=\"https:\/\/aceweb.cat\/wp-content\/uploads\/2025\/04\/armadura-homogeneizada-seccion1-721x1024.jpeg\" alt=\"\" class=\"wp-image-46373\" srcset=\"https:\/\/aceweb.cat\/wp-content\/uploads\/2025\/04\/armadura-homogeneizada-seccion1-721x1024.jpeg 721w, https:\/\/aceweb.cat\/wp-content\/uploads\/2025\/04\/armadura-homogeneizada-seccion1-211x300.jpeg 211w, https:\/\/aceweb.cat\/wp-content\/uploads\/2025\/04\/armadura-homogeneizada-seccion1-300x426.jpeg 300w, https:\/\/aceweb.cat\/wp-content\/uploads\/2025\/04\/armadura-homogeneizada-seccion1-600x852.jpeg 600w, https:\/\/aceweb.cat\/wp-content\/uploads\/2025\/04\/armadura-homogeneizada-seccion1.jpeg 732w\" sizes=\"auto, (max-width: 721px) 100vw, 721px\" \/><\/figure>\n\n<p><strong>Secci\u00f3n Homogeneizada<\/strong><\/p>\n\n<p>En los gr\u00e1ficos adjuntos se localizan con letra de color azul las referencias para cada cota. La secci\u00f3n en estudio contempla la existencia de una fila de armadura activa y otra pasiva en el ala superior, y dos activas y dos pasivas en el ala inferior. Cada una tiene su referencia correspondiente. Caso que la secci\u00f3n no tenga alguna de esas filas, el valor a introducir ser\u00e1 el \u00abcero\u00bb.<br\/><\/p>\n\n<p>Obs\u00e9rvese que se requiere tambi\u00e9n la distancia de la cabeza de compresi\u00f3n (seg\u00fan el sistema de c\u00e1lculo simplificado de la \u00abpar\u00e1bola rect\u00e1ngulo \u2192 rect\u00e1ngulo\u00bb) a la fila de armadura  inferior tesada respecto a la que posteriormente se tomar\u00e1n los momentos.<\/p>\n\n<figure class=\"wp-block-image aligncenter size-large is-resized\"><img loading=\"lazy\" decoding=\"async\" width=\"1024\" height=\"620\" src=\"https:\/\/aceweb.cat\/wp-content\/uploads\/2025\/04\/seccion-homogeneizada-1024x620.jpg\" alt=\"\" class=\"wp-image-46375\" style=\"width:697px;height:auto\" srcset=\"https:\/\/aceweb.cat\/wp-content\/uploads\/2025\/04\/seccion-homogeneizada-1024x620.jpg 1024w, https:\/\/aceweb.cat\/wp-content\/uploads\/2025\/04\/seccion-homogeneizada-300x182.jpg 300w, https:\/\/aceweb.cat\/wp-content\/uploads\/2025\/04\/seccion-homogeneizada-768x465.jpg 768w, https:\/\/aceweb.cat\/wp-content\/uploads\/2025\/04\/seccion-homogeneizada-600x363.jpg 600w, https:\/\/aceweb.cat\/wp-content\/uploads\/2025\/04\/seccion-homogeneizada.jpg 1514w\" sizes=\"auto, (max-width: 1024px) 100vw, 1024px\" \/><\/figure>\n\n<p><strong>C\u00e1lculo<\/strong><\/p>\n\n<p>El c\u00e1lculo tiene como objeto determinar el momento \u00faltimo de la secci\u00f3n. Nos situamos en el dominio 3 de deformaci\u00f3n, girando los planos sobre el pivote B, para una deformaci\u00f3n m\u00e1xima de la fibra de hormig\u00f3n m\u00e1s comprimida e<sub>c<\/sub>53,5\u2030, entre el plano \u00abl\u00edmite\u00bb para una profundidad de la fibra neutra de x<sub>lim<\/sub>=0,64d y 0,26d, correspondientes a unas deformaciones de la armadura pasiva del 2 \u2030 (l\u00edmite zona el\u00e1stica) y del 10 \u2030 (l\u00edmite de rotura) respectivamente. La mayor\u00eda de autores consideran el momento \u00faltimo, como el correspondiente a una profundidad de la fibra neutra en ese dominio 3, de x=0,45d, o bien x=3\/7 h, siendo h el canto total. Algunas fichas t\u00e9cnicas de industriales, facilitaban esos tres datos, o al menos el tercero. Aqu\u00ed consideraremos esa profundidad de x=0,45d para la que la deformaci\u00f3n de la armadura pasiva si estuviera colocada en la parte inferior estar\u00eda evidentemente en zona pl\u00e1stica y tendr\u00eda un valor en el entorno de e<sub>c<\/sub>=6 \u2030. De todas maneras, en la celda correspondiente se puede introducir el valor que se desee, teniendo en cuenta que habr\u00e1 que proceder a dibujar en CAD todas las secciones correspondientes a esa profundidad para introducir los datos y dimensiones correspondientes cuando el programa lo requiera. Nuestra recomendaci\u00f3n es entrar directamente el valor \u00ab0,45\u00bb en la casilla que pide la profundidad de la fibra neutra.<\/p>\n\n<figure class=\"wp-block-image size-large is-resized\"><img loading=\"lazy\" decoding=\"async\" width=\"1024\" height=\"139\" src=\"https:\/\/aceweb.cat\/wp-content\/uploads\/2025\/04\/calculo-1-1024x139.jpg\" alt=\"\" class=\"wp-image-46377\" style=\"width:737px;height:auto\" srcset=\"https:\/\/aceweb.cat\/wp-content\/uploads\/2025\/04\/calculo-1-1024x139.jpg 1024w, https:\/\/aceweb.cat\/wp-content\/uploads\/2025\/04\/calculo-1-300x41.jpg 300w, https:\/\/aceweb.cat\/wp-content\/uploads\/2025\/04\/calculo-1-768x104.jpg 768w, https:\/\/aceweb.cat\/wp-content\/uploads\/2025\/04\/calculo-1-600x81.jpg 600w, https:\/\/aceweb.cat\/wp-content\/uploads\/2025\/04\/calculo-1.jpg 1518w\" sizes=\"auto, (max-width: 1024px) 100vw, 1024px\" \/><\/figure>\n\n<p>P\u00e9rdida de tensi\u00f3n: entre el 20 y 35 %. No inferior al 20 %. Calavera. Proyecto y c\u00e1lculo de estructuras de hormig\u00f3n.<br\/>T1. 29.4 (p\u00e1g. 636). Si no se dispone de la ficha t\u00e9cnica correspondiente del fabricante, es imposible calcular ese porcentaje al verificar una viga existente por falta de datos del proceso de fabricaci\u00f3n. Cuanto mayor sea ese coeficiente, m\u00e1s  al lado de la seguridad. A tener en cuenta cuando se hace el estudio de vigas existentes y no se dispone de m\u00e1s datos que la geometr\u00eda y la calidad de los materiales (y eso, no siempre). La tensi\u00f3n efectiva diferida en el tiempo es la que hay que tener en cuenta al verificar vigas existentes porque entre otros, afecta dos aspectos fundamentales: la fisuraci\u00f3n y la capacidad de respuesta al esfuerzo cortante de la secci\u00f3n, como se ver\u00e1 al calcular m\u00e1s adelante ese valor.<\/p>\n\n<figure class=\"wp-block-image size-large is-resized\"><img loading=\"lazy\" decoding=\"async\" width=\"1024\" height=\"118\" src=\"https:\/\/aceweb.cat\/wp-content\/uploads\/2025\/04\/calculo-2-1024x118.jpg\" alt=\"\" class=\"wp-image-46379\" style=\"width:703px;height:auto\" srcset=\"https:\/\/aceweb.cat\/wp-content\/uploads\/2025\/04\/calculo-2-1024x118.jpg 1024w, https:\/\/aceweb.cat\/wp-content\/uploads\/2025\/04\/calculo-2-300x35.jpg 300w, https:\/\/aceweb.cat\/wp-content\/uploads\/2025\/04\/calculo-2-768x88.jpg 768w, https:\/\/aceweb.cat\/wp-content\/uploads\/2025\/04\/calculo-2-600x69.jpg 600w, https:\/\/aceweb.cat\/wp-content\/uploads\/2025\/04\/calculo-2.jpg 1512w\" sizes=\"auto, (max-width: 1024px) 100vw, 1024px\" \/><\/figure>\n\n<p><strong>Deformaciones de la Secci\u00f3n Inicial<\/strong><\/p>\n\n<p>Se calculan las tensiones y deformaciones correspondientes a la profundidad de la fibra neutra fijada (de acuerdo con el criterio expuesto anteriormente) en el dominio 3 de deformaci\u00f3n.<\/p>\n\n<figure class=\"wp-block-image size-large is-resized\"><img loading=\"lazy\" decoding=\"async\" width=\"1024\" height=\"911\" src=\"https:\/\/aceweb.cat\/wp-content\/uploads\/2025\/04\/deformaciones-de-la-seccion-inicial-1024x911.jpg\" alt=\"\" class=\"wp-image-46381\" style=\"width:710px;height:auto\" srcset=\"https:\/\/aceweb.cat\/wp-content\/uploads\/2025\/04\/deformaciones-de-la-seccion-inicial-1024x911.jpg 1024w, https:\/\/aceweb.cat\/wp-content\/uploads\/2025\/04\/deformaciones-de-la-seccion-inicial-300x267.jpg 300w, https:\/\/aceweb.cat\/wp-content\/uploads\/2025\/04\/deformaciones-de-la-seccion-inicial-768x683.jpg 768w, https:\/\/aceweb.cat\/wp-content\/uploads\/2025\/04\/deformaciones-de-la-seccion-inicial-600x534.jpg 600w, https:\/\/aceweb.cat\/wp-content\/uploads\/2025\/04\/deformaciones-de-la-seccion-inicial.jpg 1518w\" sizes=\"auto, (max-width: 1024px) 100vw, 1024px\" \/><\/figure>\n\n<p><strong>Tensiones \/ Deformaciones<\/strong><\/p>\n\n<p>En funci\u00f3n de la profundidad de la FN (x). Dominio de deformaci\u00f3n 3.<\/p>\n\n<figure class=\"wp-block-image size-large is-resized\"><img loading=\"lazy\" decoding=\"async\" width=\"1024\" height=\"569\" src=\"https:\/\/aceweb.cat\/wp-content\/uploads\/2025\/04\/tensiones-deformaciones-1024x569.jpg\" alt=\"\" class=\"wp-image-46383\" style=\"width:716px;height:auto\" srcset=\"https:\/\/aceweb.cat\/wp-content\/uploads\/2025\/04\/tensiones-deformaciones-1024x569.jpg 1024w, https:\/\/aceweb.cat\/wp-content\/uploads\/2025\/04\/tensiones-deformaciones-300x167.jpg 300w, https:\/\/aceweb.cat\/wp-content\/uploads\/2025\/04\/tensiones-deformaciones-768x427.jpg 768w, https:\/\/aceweb.cat\/wp-content\/uploads\/2025\/04\/tensiones-deformaciones-600x333.jpg 600w, https:\/\/aceweb.cat\/wp-content\/uploads\/2025\/04\/tensiones-deformaciones.jpg 1512w\" sizes=\"auto, (max-width: 1024px) 100vw, 1024px\" \/><\/figure>\n\n<p><strong>Momentoos<\/strong><\/p>\n\n<figure class=\"wp-block-image aligncenter size-full\"><img loading=\"lazy\" decoding=\"async\" width=\"714\" height=\"1007\" src=\"https:\/\/aceweb.cat\/wp-content\/uploads\/2025\/04\/Momentos1.jpeg\" alt=\"\" class=\"wp-image-46385\" srcset=\"https:\/\/aceweb.cat\/wp-content\/uploads\/2025\/04\/Momentos1.jpeg 714w, https:\/\/aceweb.cat\/wp-content\/uploads\/2025\/04\/Momentos1-213x300.jpeg 213w, https:\/\/aceweb.cat\/wp-content\/uploads\/2025\/04\/Momentos1-300x423.jpeg 300w, https:\/\/aceweb.cat\/wp-content\/uploads\/2025\/04\/Momentos1-600x846.jpeg 600w\" sizes=\"auto, (max-width: 714px) 100vw, 714px\" \/><\/figure>\n\n<figure class=\"wp-block-image size-large is-resized\"><img loading=\"lazy\" decoding=\"async\" width=\"1024\" height=\"602\" src=\"https:\/\/aceweb.cat\/wp-content\/uploads\/2025\/04\/FIGURAS-6-qe-1024x602.jpeg\" alt=\"\" class=\"wp-image-46387\" style=\"width:512px;height:auto\" srcset=\"https:\/\/aceweb.cat\/wp-content\/uploads\/2025\/04\/FIGURAS-6-qe-1024x602.jpeg 1024w, https:\/\/aceweb.cat\/wp-content\/uploads\/2025\/04\/FIGURAS-6-qe-300x176.jpeg 300w, https:\/\/aceweb.cat\/wp-content\/uploads\/2025\/04\/FIGURAS-6-qe-768x451.jpeg 768w, https:\/\/aceweb.cat\/wp-content\/uploads\/2025\/04\/FIGURAS-6-qe-600x353.jpeg 600w, https:\/\/aceweb.cat\/wp-content\/uploads\/2025\/04\/FIGURAS-6-qe.jpeg 1256w\" sizes=\"auto, (max-width: 1024px) 100vw, 1024px\" \/><\/figure>\n\n<p class=\"has-vivid-red-color has-text-color has-link-color has-small-font-size wp-elements-b59e945c345a2a1cae542201e2cd4ff2\"><strong>Figura 6<\/strong>. Transferencia y anclaje<\/p>\n\n<figure class=\"wp-block-image size-large is-resized\"><img loading=\"lazy\" decoding=\"async\" width=\"1024\" height=\"686\" src=\"https:\/\/aceweb.cat\/wp-content\/uploads\/2025\/04\/trasferencia-1024x686.jpg\" alt=\"\" class=\"wp-image-46389\" style=\"width:662px;height:auto\" srcset=\"https:\/\/aceweb.cat\/wp-content\/uploads\/2025\/04\/trasferencia-1024x686.jpg 1024w, https:\/\/aceweb.cat\/wp-content\/uploads\/2025\/04\/trasferencia-300x201.jpg 300w, https:\/\/aceweb.cat\/wp-content\/uploads\/2025\/04\/trasferencia-768x515.jpg 768w, https:\/\/aceweb.cat\/wp-content\/uploads\/2025\/04\/trasferencia-600x402.jpg 600w, https:\/\/aceweb.cat\/wp-content\/uploads\/2025\/04\/trasferencia.jpg 1516w\" sizes=\"auto, (max-width: 1024px) 100vw, 1024px\" \/><\/figure>\n\n<p><strong>Longitud de transmisi\u00f3n<\/strong><\/p>\n\n<p>La armadura activa anclada por adherencia no puede transferir al hormig\u00f3n la totalidad de su fuerza hasta una longitud a partir de su extremo, igual a la que necesitan las fuerzas de adherencia, desarrolladas entre hormig\u00f3n y acero, para equilibrar la fuerza de pretensado aplicada (Alonso Cobo). Se trata de la longitud de transmisi\u00f3n o de transferencia. Te\u00f3ricamente en el extremo, el valor de la tensi\u00f3n es \u00abcero\u00bb, aunque no es cierto debido al efecto Hoyer, es decir, la  recuperaci\u00f3n del di\u00e1metro de antes del tesado por p\u00e9rdida de tensi\u00f3n en el extremo que act\u00faa como anclaje que impide que el cable o cord\u00f3n se \u00abescurra\u00bb hacia el interior de la masa de hormig\u00f3n.<br\/><\/p>\n\n<p>Interesa especialmente determinar la longitud de c\u00e1lculo para los estados \u00faltimos. Especialmente, como se ver\u00e1 m\u00e1s adelante, para determinar la capacidad para absorber el esfuerzo cortante en la cabeza de las vigas (considerando solo el hormig\u00f3n).<\/p>\n\n<figure class=\"wp-block-image aligncenter size-large is-resized\"><img loading=\"lazy\" decoding=\"async\" width=\"403\" height=\"1024\" src=\"https:\/\/aceweb.cat\/wp-content\/uploads\/2025\/04\/longitud-de-transmision-1-403x1024.jpeg\" alt=\"\" class=\"wp-image-46391\" style=\"width:363px;height:auto\" srcset=\"https:\/\/aceweb.cat\/wp-content\/uploads\/2025\/04\/longitud-de-transmision-1-403x1024.jpeg 403w, https:\/\/aceweb.cat\/wp-content\/uploads\/2025\/04\/longitud-de-transmision-1-118x300.jpeg 118w, https:\/\/aceweb.cat\/wp-content\/uploads\/2025\/04\/longitud-de-transmision-1-300x763.jpeg 300w, https:\/\/aceweb.cat\/wp-content\/uploads\/2025\/04\/longitud-de-transmision-1.jpeg 463w\" sizes=\"auto, (max-width: 403px) 100vw, 403px\" \/><\/figure>\n\n<p><strong>Anejo<\/strong><\/p>\n\n<p>Se adjunta a continuaci\u00f3n, sin desarrollar el proceso de c\u00e1lculo, un ejemplo de aplicaci\u00f3n para una viga pretensada auto resistente de forjado que permite observar las casillas vac\u00edas o con valor cero, correspondientes a filas de armado inexistente. En ese caso, como suele ser habitual, solo hay alambres de  armadura activa (figs. 7 y 8).<\/p>\n\n<figure class=\"wp-block-image size-large is-resized\"><img loading=\"lazy\" decoding=\"async\" width=\"1024\" height=\"542\" src=\"https:\/\/aceweb.cat\/wp-content\/uploads\/2025\/04\/FIGURA-7-qe-1-1024x542.jpeg\" alt=\"\" class=\"wp-image-46393\" style=\"width:689px;height:auto\" srcset=\"https:\/\/aceweb.cat\/wp-content\/uploads\/2025\/04\/FIGURA-7-qe-1-1024x542.jpeg 1024w, https:\/\/aceweb.cat\/wp-content\/uploads\/2025\/04\/FIGURA-7-qe-1-300x159.jpeg 300w, https:\/\/aceweb.cat\/wp-content\/uploads\/2025\/04\/FIGURA-7-qe-1-768x407.jpeg 768w, https:\/\/aceweb.cat\/wp-content\/uploads\/2025\/04\/FIGURA-7-qe-1-600x318.jpeg 600w, https:\/\/aceweb.cat\/wp-content\/uploads\/2025\/04\/FIGURA-7-qe-1.jpeg 1333w\" sizes=\"auto, (max-width: 1024px) 100vw, 1024px\" \/><\/figure>\n\n<p class=\"has-vivid-red-color has-text-color has-link-color has-small-font-size wp-elements-6ded20591b00eb8e324ba1efd873911e\"><strong>Figura 7.<\/strong> Secci\u00f3n inicial homogeneizada.<\/p>\n\n<figure class=\"wp-block-image size-large\"><img loading=\"lazy\" decoding=\"async\" width=\"1024\" height=\"721\" src=\"https:\/\/aceweb.cat\/wp-content\/uploads\/2025\/04\/FIGURAS-8-qe-1024x721.jpeg\" alt=\"\" class=\"wp-image-46395\" srcset=\"https:\/\/aceweb.cat\/wp-content\/uploads\/2025\/04\/FIGURAS-8-qe-1024x721.jpeg 1024w, https:\/\/aceweb.cat\/wp-content\/uploads\/2025\/04\/FIGURAS-8-qe-300x211.jpeg 300w, https:\/\/aceweb.cat\/wp-content\/uploads\/2025\/04\/FIGURAS-8-qe-768x541.jpeg 768w, https:\/\/aceweb.cat\/wp-content\/uploads\/2025\/04\/FIGURAS-8-qe-600x423.jpeg 600w, https:\/\/aceweb.cat\/wp-content\/uploads\/2025\/04\/FIGURAS-8-qe.jpeg 1228w\" sizes=\"auto, (max-width: 1024px) 100vw, 1024px\" \/><\/figure>\n\n<p class=\"has-vivid-red-color has-text-color has-link-color has-small-font-size wp-elements-7df525b9a0e559e7a390f2d735a844bf\"><strong>Figura 8<\/strong>. Estudio de una viga pretensada<\/p>\n","protected":false},"excerpt":{"rendered":"<p>JOSEP BAQUER SISTACHArquitecte T\u00e8cnic (1972); professor a l&#8217;Institut d&#8217;Estudis Estructurals (IEE).Va estudiar Humanitats i Filosofia i \u00e9s llicenciat en Teologia: professor a la Universitat Ramon Llull (URL).Autor de diversos articles i publicacions t\u00e8cniques. Responsable del departament d&#8217;estructures a L35 Arquitectes fa m\u00e9s de vint-i-cinc anys, dissenyant les estructures (i dirigint la realitzaci\u00f3),de molts centres comercials &hellip;<\/p>\n<p class=\"read-more\"> <a class=\"\" href=\"https:\/\/aceweb.cat\/es\/articulos-destacados\/vigas-pretensadas-existentes-en-obra-evaluacion-cuantitativa\/\"> <span class=\"screen-reader-text\">VIGAS PRETENSADAS EXISTENTES EN OBRA. EVALUACI\u00d3N CUANTITATIVA<\/span> Leer m\u00e1s &raquo;<\/a><\/p>\n","protected":false},"author":93,"featured_media":46366,"comment_status":"open","ping_status":"open","sticky":false,"template":"","format":"standard","meta":{"_acf_changed":false,"site-sidebar-layout":"default","site-content-layout":"default","ast-global-header-display":"","ast-main-header-display":"","ast-hfb-above-header-display":"","ast-hfb-below-header-display":"","ast-hfb-mobile-header-display":"","site-post-title":"","ast-breadcrumbs-content":"","ast-featured-img":"","footer-sml-layout":"","theme-transparent-header-meta":"","adv-header-id-meta":"","stick-header-meta":"","header-above-stick-meta":"","header-main-stick-meta":"","header-below-stick-meta":"","footnotes":""},"categories":[1431],"tags":[],"class_list":["post-46401","post","type-post","status-publish","format-standard","has-post-thumbnail","hentry","category-articulos-destacados"],"acf":[],"yoast_head":"<!-- This site is optimized with the Yoast SEO plugin v27.1.1 - https:\/\/yoast.com\/product\/yoast-seo-wordpress\/ -->\n<title>Bigues pretensades existents en obra<\/title>\n<meta name=\"description\" content=\"Josep Baquer, experto en dise\u00f1o de estructuras nos ofrece una hoja de c\u00e1lculo desarrollada para calcular vigas pretensadas en obra.\" \/>\n<meta name=\"robots\" content=\"index, follow, max-snippet:-1, max-image-preview:large, max-video-preview:-1\" \/>\n<link rel=\"canonical\" href=\"https:\/\/aceweb.cat\/es\/articulos-destacados\/vigas-pretensadas-existentes-en-obra-evaluacion-cuantitativa\/\" \/>\n<meta property=\"og:locale\" content=\"es_ES\" \/>\n<meta property=\"og:type\" content=\"article\" \/>\n<meta property=\"og:title\" content=\"Bigues pretensades existents en obra\" \/>\n<meta property=\"og:description\" content=\"Josep Baquer, experto en dise\u00f1o de estructuras nos ofrece una hoja de c\u00e1lculo desarrollada para calcular vigas pretensadas en obra.\" \/>\n<meta property=\"og:url\" content=\"https:\/\/aceweb.cat\/es\/articulos-destacados\/vigas-pretensadas-existentes-en-obra-evaluacion-cuantitativa\/\" \/>\n<meta property=\"og:site_name\" content=\"aceweb.cat\" \/>\n<meta property=\"article:published_time\" content=\"2025-04-29T08:07:49+00:00\" \/>\n<meta property=\"article:modified_time\" content=\"2025-04-29T08:08:33+00:00\" \/>\n<meta property=\"og:image\" content=\"https:\/\/aceweb.cat\/wp-content\/uploads\/2025\/04\/FIGURA-7-qe.jpeg\" \/>\n\t<meta property=\"og:image:width\" content=\"1333\" \/>\n\t<meta property=\"og:image:height\" content=\"706\" \/>\n\t<meta property=\"og:image:type\" content=\"image\/jpeg\" \/>\n<meta name=\"author\" content=\"Merc\u00e8 Sierra\" \/>\n<meta name=\"twitter:card\" content=\"summary_large_image\" \/>\n<meta name=\"twitter:label1\" content=\"Escrito por\" \/>\n\t<meta name=\"twitter:data1\" content=\"Merc\u00e8 Sierra\" \/>\n\t<meta name=\"twitter:label2\" content=\"Tiempo de lectura\" \/>\n\t<meta name=\"twitter:data2\" content=\"15 minutos\" \/>\n<script type=\"application\/ld+json\" class=\"yoast-schema-graph\">{\"@context\":\"https:\/\/schema.org\",\"@graph\":[{\"@type\":\"Article\",\"@id\":\"https:\/\/aceweb.cat\/es\/articulos-destacados\/vigas-pretensadas-existentes-en-obra-evaluacion-cuantitativa\/#article\",\"isPartOf\":{\"@id\":\"https:\/\/aceweb.cat\/es\/articulos-destacados\/vigas-pretensadas-existentes-en-obra-evaluacion-cuantitativa\/\"},\"author\":{\"name\":\"Merc\u00e8 Sierra\",\"@id\":\"https:\/\/aceweb.cat\/#\/schema\/person\/a6b8893e55b089407baaac96e1014d92\"},\"headline\":\"VIGAS PRETENSADAS EXISTENTES EN OBRA. EVALUACI\u00d3N CUANTITATIVA\",\"datePublished\":\"2025-04-29T08:07:49+00:00\",\"dateModified\":\"2025-04-29T08:08:33+00:00\",\"mainEntityOfPage\":{\"@id\":\"https:\/\/aceweb.cat\/es\/articulos-destacados\/vigas-pretensadas-existentes-en-obra-evaluacion-cuantitativa\/\"},\"wordCount\":3096,\"commentCount\":0,\"publisher\":{\"@id\":\"https:\/\/aceweb.cat\/#organization\"},\"image\":{\"@id\":\"https:\/\/aceweb.cat\/es\/articulos-destacados\/vigas-pretensadas-existentes-en-obra-evaluacion-cuantitativa\/#primaryimage\"},\"thumbnailUrl\":\"https:\/\/aceweb.cat\/wp-content\/uploads\/2025\/04\/FIGURA-7-qe.jpeg\",\"articleSection\":[\"Art\u00edculos destacados\"],\"inLanguage\":\"es\",\"potentialAction\":[{\"@type\":\"CommentAction\",\"name\":\"Comment\",\"target\":[\"https:\/\/aceweb.cat\/es\/articulos-destacados\/vigas-pretensadas-existentes-en-obra-evaluacion-cuantitativa\/#respond\"]}]},{\"@type\":\"WebPage\",\"@id\":\"https:\/\/aceweb.cat\/es\/articulos-destacados\/vigas-pretensadas-existentes-en-obra-evaluacion-cuantitativa\/\",\"url\":\"https:\/\/aceweb.cat\/es\/articulos-destacados\/vigas-pretensadas-existentes-en-obra-evaluacion-cuantitativa\/\",\"name\":\"Bigues pretensades existents en obra\",\"isPartOf\":{\"@id\":\"https:\/\/aceweb.cat\/#website\"},\"primaryImageOfPage\":{\"@id\":\"https:\/\/aceweb.cat\/es\/articulos-destacados\/vigas-pretensadas-existentes-en-obra-evaluacion-cuantitativa\/#primaryimage\"},\"image\":{\"@id\":\"https:\/\/aceweb.cat\/es\/articulos-destacados\/vigas-pretensadas-existentes-en-obra-evaluacion-cuantitativa\/#primaryimage\"},\"thumbnailUrl\":\"https:\/\/aceweb.cat\/wp-content\/uploads\/2025\/04\/FIGURA-7-qe.jpeg\",\"datePublished\":\"2025-04-29T08:07:49+00:00\",\"dateModified\":\"2025-04-29T08:08:33+00:00\",\"description\":\"Josep Baquer, experto en dise\u00f1o de estructuras nos ofrece una hoja de c\u00e1lculo desarrollada para calcular vigas pretensadas en obra.\",\"breadcrumb\":{\"@id\":\"https:\/\/aceweb.cat\/es\/articulos-destacados\/vigas-pretensadas-existentes-en-obra-evaluacion-cuantitativa\/#breadcrumb\"},\"inLanguage\":\"es\",\"potentialAction\":[{\"@type\":\"ReadAction\",\"target\":[\"https:\/\/aceweb.cat\/es\/articulos-destacados\/vigas-pretensadas-existentes-en-obra-evaluacion-cuantitativa\/\"]}]},{\"@type\":\"ImageObject\",\"inLanguage\":\"es\",\"@id\":\"https:\/\/aceweb.cat\/es\/articulos-destacados\/vigas-pretensadas-existentes-en-obra-evaluacion-cuantitativa\/#primaryimage\",\"url\":\"https:\/\/aceweb.cat\/wp-content\/uploads\/2025\/04\/FIGURA-7-qe.jpeg\",\"contentUrl\":\"https:\/\/aceweb.cat\/wp-content\/uploads\/2025\/04\/FIGURA-7-qe.jpeg\",\"width\":1333,\"height\":706},{\"@type\":\"BreadcrumbList\",\"@id\":\"https:\/\/aceweb.cat\/es\/articulos-destacados\/vigas-pretensadas-existentes-en-obra-evaluacion-cuantitativa\/#breadcrumb\",\"itemListElement\":[{\"@type\":\"ListItem\",\"position\":1,\"name\":\"Inici\",\"item\":\"https:\/\/aceweb.cat\/\"},{\"@type\":\"ListItem\",\"position\":2,\"name\":\"Art\u00edculos destacados\",\"item\":\"https:\/\/aceweb.cat\/es\/categoria\/articulos-destacados\/\"},{\"@type\":\"ListItem\",\"position\":3,\"name\":\"VIGAS PRETENSADAS EXISTENTES EN OBRA. EVALUACI\u00d3N CUANTITATIVA\"}]},{\"@type\":\"WebSite\",\"@id\":\"https:\/\/aceweb.cat\/#website\",\"url\":\"https:\/\/aceweb.cat\/\",\"name\":\"ACE\",\"description\":\"Associaci\u00f3 de Consultors d&#039;Estructures | ACE\",\"publisher\":{\"@id\":\"https:\/\/aceweb.cat\/#organization\"},\"alternateName\":\"ACE\",\"potentialAction\":[{\"@type\":\"SearchAction\",\"target\":{\"@type\":\"EntryPoint\",\"urlTemplate\":\"https:\/\/aceweb.cat\/?s={search_term_string}\"},\"query-input\":{\"@type\":\"PropertyValueSpecification\",\"valueRequired\":true,\"valueName\":\"search_term_string\"}}],\"inLanguage\":\"es\"},{\"@type\":\"Organization\",\"@id\":\"https:\/\/aceweb.cat\/#organization\",\"name\":\"ACE\",\"alternateName\":\"ACE\",\"url\":\"https:\/\/aceweb.cat\/\",\"logo\":{\"@type\":\"ImageObject\",\"inLanguage\":\"es\",\"@id\":\"https:\/\/aceweb.cat\/#\/schema\/logo\/image\/\",\"url\":\"https:\/\/aceweb.cat\/wp-content\/uploads\/2022\/10\/logo.svg\",\"contentUrl\":\"https:\/\/aceweb.cat\/wp-content\/uploads\/2022\/10\/logo.svg\",\"width\":1,\"height\":1,\"caption\":\"ACE\"},\"image\":{\"@id\":\"https:\/\/aceweb.cat\/#\/schema\/logo\/image\/\"}},{\"@type\":\"Person\",\"@id\":\"https:\/\/aceweb.cat\/#\/schema\/person\/a6b8893e55b089407baaac96e1014d92\",\"name\":\"Merc\u00e8 Sierra\",\"image\":{\"@type\":\"ImageObject\",\"inLanguage\":\"es\",\"@id\":\"https:\/\/aceweb.cat\/#\/schema\/person\/image\/\",\"url\":\"https:\/\/secure.gravatar.com\/avatar\/22f0c97d4117dfcc3220888d6384e2a07df217ae83511660a0783b56292770b5?s=96&d=mm&r=g\",\"contentUrl\":\"https:\/\/secure.gravatar.com\/avatar\/22f0c97d4117dfcc3220888d6384e2a07df217ae83511660a0783b56292770b5?s=96&d=mm&r=g\",\"caption\":\"Merc\u00e8 Sierra\"},\"url\":\"https:\/\/aceweb.cat\/es\/author\/merce-sierra\/\"}]}<\/script>\n<!-- \/ Yoast SEO plugin. -->","yoast_head_json":{"title":"Bigues pretensades existents en obra","description":"Josep Baquer, experto en dise\u00f1o de estructuras nos ofrece una hoja de c\u00e1lculo desarrollada para calcular vigas pretensadas en obra.","robots":{"index":"index","follow":"follow","max-snippet":"max-snippet:-1","max-image-preview":"max-image-preview:large","max-video-preview":"max-video-preview:-1"},"canonical":"https:\/\/aceweb.cat\/es\/articulos-destacados\/vigas-pretensadas-existentes-en-obra-evaluacion-cuantitativa\/","og_locale":"es_ES","og_type":"article","og_title":"Bigues pretensades existents en obra","og_description":"Josep Baquer, experto en dise\u00f1o de estructuras nos ofrece una hoja de c\u00e1lculo desarrollada para calcular vigas pretensadas en obra.","og_url":"https:\/\/aceweb.cat\/es\/articulos-destacados\/vigas-pretensadas-existentes-en-obra-evaluacion-cuantitativa\/","og_site_name":"aceweb.cat","article_published_time":"2025-04-29T08:07:49+00:00","article_modified_time":"2025-04-29T08:08:33+00:00","og_image":[{"width":1333,"height":706,"url":"https:\/\/aceweb.cat\/wp-content\/uploads\/2025\/04\/FIGURA-7-qe.jpeg","type":"image\/jpeg"}],"author":"Merc\u00e8 Sierra","twitter_card":"summary_large_image","twitter_misc":{"Escrito por":"Merc\u00e8 Sierra","Tiempo de lectura":"15 minutos"},"schema":{"@context":"https:\/\/schema.org","@graph":[{"@type":"Article","@id":"https:\/\/aceweb.cat\/es\/articulos-destacados\/vigas-pretensadas-existentes-en-obra-evaluacion-cuantitativa\/#article","isPartOf":{"@id":"https:\/\/aceweb.cat\/es\/articulos-destacados\/vigas-pretensadas-existentes-en-obra-evaluacion-cuantitativa\/"},"author":{"name":"Merc\u00e8 Sierra","@id":"https:\/\/aceweb.cat\/#\/schema\/person\/a6b8893e55b089407baaac96e1014d92"},"headline":"VIGAS PRETENSADAS EXISTENTES EN OBRA. EVALUACI\u00d3N CUANTITATIVA","datePublished":"2025-04-29T08:07:49+00:00","dateModified":"2025-04-29T08:08:33+00:00","mainEntityOfPage":{"@id":"https:\/\/aceweb.cat\/es\/articulos-destacados\/vigas-pretensadas-existentes-en-obra-evaluacion-cuantitativa\/"},"wordCount":3096,"commentCount":0,"publisher":{"@id":"https:\/\/aceweb.cat\/#organization"},"image":{"@id":"https:\/\/aceweb.cat\/es\/articulos-destacados\/vigas-pretensadas-existentes-en-obra-evaluacion-cuantitativa\/#primaryimage"},"thumbnailUrl":"https:\/\/aceweb.cat\/wp-content\/uploads\/2025\/04\/FIGURA-7-qe.jpeg","articleSection":["Art\u00edculos destacados"],"inLanguage":"es","potentialAction":[{"@type":"CommentAction","name":"Comment","target":["https:\/\/aceweb.cat\/es\/articulos-destacados\/vigas-pretensadas-existentes-en-obra-evaluacion-cuantitativa\/#respond"]}]},{"@type":"WebPage","@id":"https:\/\/aceweb.cat\/es\/articulos-destacados\/vigas-pretensadas-existentes-en-obra-evaluacion-cuantitativa\/","url":"https:\/\/aceweb.cat\/es\/articulos-destacados\/vigas-pretensadas-existentes-en-obra-evaluacion-cuantitativa\/","name":"Bigues pretensades existents en obra","isPartOf":{"@id":"https:\/\/aceweb.cat\/#website"},"primaryImageOfPage":{"@id":"https:\/\/aceweb.cat\/es\/articulos-destacados\/vigas-pretensadas-existentes-en-obra-evaluacion-cuantitativa\/#primaryimage"},"image":{"@id":"https:\/\/aceweb.cat\/es\/articulos-destacados\/vigas-pretensadas-existentes-en-obra-evaluacion-cuantitativa\/#primaryimage"},"thumbnailUrl":"https:\/\/aceweb.cat\/wp-content\/uploads\/2025\/04\/FIGURA-7-qe.jpeg","datePublished":"2025-04-29T08:07:49+00:00","dateModified":"2025-04-29T08:08:33+00:00","description":"Josep Baquer, experto en dise\u00f1o de estructuras nos ofrece una hoja de c\u00e1lculo desarrollada para calcular vigas pretensadas en obra.","breadcrumb":{"@id":"https:\/\/aceweb.cat\/es\/articulos-destacados\/vigas-pretensadas-existentes-en-obra-evaluacion-cuantitativa\/#breadcrumb"},"inLanguage":"es","potentialAction":[{"@type":"ReadAction","target":["https:\/\/aceweb.cat\/es\/articulos-destacados\/vigas-pretensadas-existentes-en-obra-evaluacion-cuantitativa\/"]}]},{"@type":"ImageObject","inLanguage":"es","@id":"https:\/\/aceweb.cat\/es\/articulos-destacados\/vigas-pretensadas-existentes-en-obra-evaluacion-cuantitativa\/#primaryimage","url":"https:\/\/aceweb.cat\/wp-content\/uploads\/2025\/04\/FIGURA-7-qe.jpeg","contentUrl":"https:\/\/aceweb.cat\/wp-content\/uploads\/2025\/04\/FIGURA-7-qe.jpeg","width":1333,"height":706},{"@type":"BreadcrumbList","@id":"https:\/\/aceweb.cat\/es\/articulos-destacados\/vigas-pretensadas-existentes-en-obra-evaluacion-cuantitativa\/#breadcrumb","itemListElement":[{"@type":"ListItem","position":1,"name":"Inici","item":"https:\/\/aceweb.cat\/"},{"@type":"ListItem","position":2,"name":"Art\u00edculos destacados","item":"https:\/\/aceweb.cat\/es\/categoria\/articulos-destacados\/"},{"@type":"ListItem","position":3,"name":"VIGAS PRETENSADAS EXISTENTES EN OBRA. EVALUACI\u00d3N CUANTITATIVA"}]},{"@type":"WebSite","@id":"https:\/\/aceweb.cat\/#website","url":"https:\/\/aceweb.cat\/","name":"ACE","description":"Associaci\u00f3 de Consultors d&#039;Estructures | ACE","publisher":{"@id":"https:\/\/aceweb.cat\/#organization"},"alternateName":"ACE","potentialAction":[{"@type":"SearchAction","target":{"@type":"EntryPoint","urlTemplate":"https:\/\/aceweb.cat\/?s={search_term_string}"},"query-input":{"@type":"PropertyValueSpecification","valueRequired":true,"valueName":"search_term_string"}}],"inLanguage":"es"},{"@type":"Organization","@id":"https:\/\/aceweb.cat\/#organization","name":"ACE","alternateName":"ACE","url":"https:\/\/aceweb.cat\/","logo":{"@type":"ImageObject","inLanguage":"es","@id":"https:\/\/aceweb.cat\/#\/schema\/logo\/image\/","url":"https:\/\/aceweb.cat\/wp-content\/uploads\/2022\/10\/logo.svg","contentUrl":"https:\/\/aceweb.cat\/wp-content\/uploads\/2022\/10\/logo.svg","width":1,"height":1,"caption":"ACE"},"image":{"@id":"https:\/\/aceweb.cat\/#\/schema\/logo\/image\/"}},{"@type":"Person","@id":"https:\/\/aceweb.cat\/#\/schema\/person\/a6b8893e55b089407baaac96e1014d92","name":"Merc\u00e8 Sierra","image":{"@type":"ImageObject","inLanguage":"es","@id":"https:\/\/aceweb.cat\/#\/schema\/person\/image\/","url":"https:\/\/secure.gravatar.com\/avatar\/22f0c97d4117dfcc3220888d6384e2a07df217ae83511660a0783b56292770b5?s=96&d=mm&r=g","contentUrl":"https:\/\/secure.gravatar.com\/avatar\/22f0c97d4117dfcc3220888d6384e2a07df217ae83511660a0783b56292770b5?s=96&d=mm&r=g","caption":"Merc\u00e8 Sierra"},"url":"https:\/\/aceweb.cat\/es\/author\/merce-sierra\/"}]}},"_links":{"self":[{"href":"https:\/\/aceweb.cat\/es\/wp-json\/wp\/v2\/posts\/46401","targetHints":{"allow":["GET"]}}],"collection":[{"href":"https:\/\/aceweb.cat\/es\/wp-json\/wp\/v2\/posts"}],"about":[{"href":"https:\/\/aceweb.cat\/es\/wp-json\/wp\/v2\/types\/post"}],"author":[{"embeddable":true,"href":"https:\/\/aceweb.cat\/es\/wp-json\/wp\/v2\/users\/93"}],"replies":[{"embeddable":true,"href":"https:\/\/aceweb.cat\/es\/wp-json\/wp\/v2\/comments?post=46401"}],"version-history":[{"count":1,"href":"https:\/\/aceweb.cat\/es\/wp-json\/wp\/v2\/posts\/46401\/revisions"}],"predecessor-version":[{"id":46402,"href":"https:\/\/aceweb.cat\/es\/wp-json\/wp\/v2\/posts\/46401\/revisions\/46402"}],"wp:featuredmedia":[{"embeddable":true,"href":"https:\/\/aceweb.cat\/es\/wp-json\/wp\/v2\/media\/46366"}],"wp:attachment":[{"href":"https:\/\/aceweb.cat\/es\/wp-json\/wp\/v2\/media?parent=46401"}],"wp:term":[{"taxonomy":"category","embeddable":true,"href":"https:\/\/aceweb.cat\/es\/wp-json\/wp\/v2\/categories?post=46401"},{"taxonomy":"post_tag","embeddable":true,"href":"https:\/\/aceweb.cat\/es\/wp-json\/wp\/v2\/tags?post=46401"}],"curies":[{"name":"wp","href":"https:\/\/api.w.org\/{rel}","templated":true}]}}