{"id":46520,"date":"2025-06-27T10:09:48","date_gmt":"2025-06-27T10:09:48","guid":{"rendered":"https:\/\/aceweb.cat\/?p=46520"},"modified":"2025-07-15T10:14:45","modified_gmt":"2025-07-15T10:14:45","slug":"premios-ace-2025-cena-de-verano-ace","status":"publish","type":"post","link":"https:\/\/aceweb.cat\/es\/noticias\/premios-ace-2025-cena-de-verano-ace\/","title":{"rendered":"Premios ACE  2025 &#8211; Cena de Verano ACE"},"content":{"rendered":"\n<figure class=\"wp-block-image size-large is-resized\"><img loading=\"lazy\" decoding=\"async\" width=\"1024\" height=\"768\" src=\"https:\/\/aceweb.cat\/wp-content\/uploads\/2025\/06\/cc4c3589-8fd1-4839-b396-cce2a001b66a-1024x768.jpg\" alt=\"\" class=\"wp-image-46516\" style=\"width:589px;height:auto\" srcset=\"https:\/\/aceweb.cat\/wp-content\/uploads\/2025\/06\/cc4c3589-8fd1-4839-b396-cce2a001b66a-1024x768.jpg 1024w, https:\/\/aceweb.cat\/wp-content\/uploads\/2025\/06\/cc4c3589-8fd1-4839-b396-cce2a001b66a-300x225.jpg 300w, https:\/\/aceweb.cat\/wp-content\/uploads\/2025\/06\/cc4c3589-8fd1-4839-b396-cce2a001b66a-768x576.jpg 768w, https:\/\/aceweb.cat\/wp-content\/uploads\/2025\/06\/cc4c3589-8fd1-4839-b396-cce2a001b66a-1536x1152.jpg 1536w, https:\/\/aceweb.cat\/wp-content\/uploads\/2025\/06\/cc4c3589-8fd1-4839-b396-cce2a001b66a-600x450.jpg 600w, https:\/\/aceweb.cat\/wp-content\/uploads\/2025\/06\/cc4c3589-8fd1-4839-b396-cce2a001b66a.jpg 1600w\" sizes=\"auto, (max-width: 1024px) 100vw, 1024px\" \/><\/figure>\n\n\n\n<p class=\"has-small-font-size\">En esta imagen vemos la representaci\u00f3n de los ganadores de los premios. Podemos ver de izquierda a derecha al Sr. <strong>Antoni Faura<\/strong> de MAPEI, Sr. <strong>Tamotsu Tarrag\u00f3<\/strong> d&#8217;Enginyeria Revent\u00f3s, Sr. <strong>Daniel Granyera<\/strong> de Bis Arquitectes David Garcia, Sra. <strong>Laia Picar\u00edn<\/strong> de Bis Arquitectes David Garcia, Sr. <strong>Miquel Rodr\u00edguez<\/strong> president del jurat, Sr. <strong>Enric Heredia<\/strong> president de l&#8217;ACE, Sra. <strong>Regina Serrat<\/strong> de Indus Ingenier\u00eda y Arquitectura i el Sr. <strong>David Pedrerol<\/strong> director de Indus Ingenier\u00eda y Arquitectura.<\/p>\n\n\n\n<p>El pasado 26 de junio de 2025 se celebro la VII edici\u00f3n de los Premios ACE y el ya  tradicional Sopar d&#8217;Estiu en el Restaurant El Jard\u00ed de l&#8217;Abadessa a Barcelona.<\/p>\n\n\n\n<p>Los premis que en esta edici\u00f3n fueron patrocinados por el socio protector <a href=\"https:\/\/aceweb.cat\/es\/socios-protectores\/mapei-spain-sa\/\">MAPEI <\/a>y presentados por el presidente del jurado el Sr. Miquel Rodr\u00edguez.<\/p>\n\n\n\n<p>El ganador de esta septima edici\u00f3n a la <strong>Mejor Obra de Estructuras<\/strong> fue para:<\/p>\n\n\n\n<p>Bis Arquitectes David Garcia, SLP con el proyecto&nbsp; \u201c<strong>Llosa transfer i estructura d\u2019un edifici residencial de 9 plantes sobre els vest\u00edbuls de l\u2019intercanviador de TMB i RENFE de l\u2019estaci\u00f3 Arc de Triomf de Barcelona\u201d<\/strong>. Recogido y presentado por la Sra. Laia Picar\u00edn.<\/p>\n\n\n\n<figure class=\"wp-block-image size-large is-resized\"><img loading=\"lazy\" decoding=\"async\" width=\"723\" height=\"1024\" src=\"https:\/\/aceweb.cat\/wp-content\/uploads\/2025\/06\/Plafo-Arc-de-Triomf1-723x1024.jpeg\" alt=\"\" class=\"wp-image-46506\" style=\"width:192px;height:auto\" srcset=\"https:\/\/aceweb.cat\/wp-content\/uploads\/2025\/06\/Plafo-Arc-de-Triomf1-723x1024.jpeg 723w, https:\/\/aceweb.cat\/wp-content\/uploads\/2025\/06\/Plafo-Arc-de-Triomf1-212x300.jpeg 212w, https:\/\/aceweb.cat\/wp-content\/uploads\/2025\/06\/Plafo-Arc-de-Triomf1-768x1088.jpeg 768w, https:\/\/aceweb.cat\/wp-content\/uploads\/2025\/06\/Plafo-Arc-de-Triomf1-1085x1536.jpeg 1085w, https:\/\/aceweb.cat\/wp-content\/uploads\/2025\/06\/Plafo-Arc-de-Triomf1-1446x2048.jpeg 1446w, https:\/\/aceweb.cat\/wp-content\/uploads\/2025\/06\/Plafo-Arc-de-Triomf1-300x425.jpeg 300w, https:\/\/aceweb.cat\/wp-content\/uploads\/2025\/06\/Plafo-Arc-de-Triomf1-600x850.jpeg 600w, https:\/\/aceweb.cat\/wp-content\/uploads\/2025\/06\/Plafo-Arc-de-Triomf1-scaled.jpeg 1808w\" sizes=\"auto, (max-width: 723px) 100vw, 723px\" \/><\/figure>\n\n\n\n<p>Tambi\u00e9n se dieron dos acc\u00e9sits a las candidaturas: <\/p>\n\n\n\n<ul class=\"wp-block-list\">\n<li>Bis Arquitectes David Garcia, SLP con el proyecto \u201c<strong>El Centro Deportivo Cuatro Caminos en Madrid: una estructura singular integrada desde su concepci\u00f3n en un proyecto arquitect\u00f3nico sostenible<\/strong>\u201d. Recogido por el&nbsp; Sr. Daniel Granyera.<\/li>\n<\/ul>\n\n\n\n<figure class=\"wp-block-image size-large is-resized\"><img loading=\"lazy\" decoding=\"async\" width=\"723\" height=\"1024\" src=\"https:\/\/aceweb.cat\/wp-content\/uploads\/2025\/06\/Plafo_Centro_Deportivo_Cuatro_Caminos1-723x1024.jpeg\" alt=\"\" class=\"wp-image-46508\" style=\"width:184px;height:auto\" srcset=\"https:\/\/aceweb.cat\/wp-content\/uploads\/2025\/06\/Plafo_Centro_Deportivo_Cuatro_Caminos1-723x1024.jpeg 723w, https:\/\/aceweb.cat\/wp-content\/uploads\/2025\/06\/Plafo_Centro_Deportivo_Cuatro_Caminos1-212x300.jpeg 212w, https:\/\/aceweb.cat\/wp-content\/uploads\/2025\/06\/Plafo_Centro_Deportivo_Cuatro_Caminos1-768x1088.jpeg 768w, https:\/\/aceweb.cat\/wp-content\/uploads\/2025\/06\/Plafo_Centro_Deportivo_Cuatro_Caminos1-1085x1536.jpeg 1085w, https:\/\/aceweb.cat\/wp-content\/uploads\/2025\/06\/Plafo_Centro_Deportivo_Cuatro_Caminos1-1446x2048.jpeg 1446w, https:\/\/aceweb.cat\/wp-content\/uploads\/2025\/06\/Plafo_Centro_Deportivo_Cuatro_Caminos1-300x425.jpeg 300w, https:\/\/aceweb.cat\/wp-content\/uploads\/2025\/06\/Plafo_Centro_Deportivo_Cuatro_Caminos1-600x850.jpeg 600w, https:\/\/aceweb.cat\/wp-content\/uploads\/2025\/06\/Plafo_Centro_Deportivo_Cuatro_Caminos1-scaled.jpeg 1808w\" sizes=\"auto, (max-width: 723px) 100vw, 723px\" \/><\/figure>\n\n\n\n<ul class=\"wp-block-list\">\n<li>Enginyeria Revent\u00f3s, SL, con el proyecto \u201c<strong>Substituci\u00f3 dels tirats del viaducte d\u2019Osormort a la C-25<\/strong>\u201d. Recogido por el Sr. Tamotsu Tarrac\u00f3.<\/li>\n<\/ul>\n\n\n\n<figure class=\"wp-block-image size-large is-resized\"><img loading=\"lazy\" decoding=\"async\" width=\"723\" height=\"1024\" src=\"https:\/\/aceweb.cat\/wp-content\/uploads\/2025\/06\/Viaducte-dOsormort1-723x1024.jpeg\" alt=\"\" class=\"wp-image-46510\" style=\"width:180px;height:auto\" srcset=\"https:\/\/aceweb.cat\/wp-content\/uploads\/2025\/06\/Viaducte-dOsormort1-723x1024.jpeg 723w, https:\/\/aceweb.cat\/wp-content\/uploads\/2025\/06\/Viaducte-dOsormort1-212x300.jpeg 212w, https:\/\/aceweb.cat\/wp-content\/uploads\/2025\/06\/Viaducte-dOsormort1-768x1088.jpeg 768w, https:\/\/aceweb.cat\/wp-content\/uploads\/2025\/06\/Viaducte-dOsormort1-1085x1536.jpeg 1085w, https:\/\/aceweb.cat\/wp-content\/uploads\/2025\/06\/Viaducte-dOsormort1-1446x2048.jpeg 1446w, https:\/\/aceweb.cat\/wp-content\/uploads\/2025\/06\/Viaducte-dOsormort1-300x425.jpeg 300w, https:\/\/aceweb.cat\/wp-content\/uploads\/2025\/06\/Viaducte-dOsormort1-600x850.jpeg 600w, https:\/\/aceweb.cat\/wp-content\/uploads\/2025\/06\/Viaducte-dOsormort1-scaled.jpeg 1808w\" sizes=\"auto, (max-width: 723px) 100vw, 723px\" \/><\/figure>\n\n\n\n<p>El ganador de esta septima edici\u00f3n a la <strong>Mejor obra peque\u00f1a de estructura<\/strong> fue para:<\/p>\n\n\n\n<p>Indus Ingenier\u00eda y Arquitectura, SL con el proyecto \u201c<strong><em>Escala exterior acer corten<\/em><\/strong>\u201d. Fue recogido por el Sr. David Pedrerol y presentado por la Sra. Regina Serrat.<\/p>\n\n\n\n<figure class=\"wp-block-image size-large is-resized\"><img loading=\"lazy\" decoding=\"async\" width=\"723\" height=\"1024\" src=\"https:\/\/aceweb.cat\/wp-content\/uploads\/2025\/06\/INDUS_Plantilla-plafo-premis-VII1-723x1024.jpeg\" alt=\"\" class=\"wp-image-46512\" style=\"width:168px;height:auto\" srcset=\"https:\/\/aceweb.cat\/wp-content\/uploads\/2025\/06\/INDUS_Plantilla-plafo-premis-VII1-723x1024.jpeg 723w, https:\/\/aceweb.cat\/wp-content\/uploads\/2025\/06\/INDUS_Plantilla-plafo-premis-VII1-212x300.jpeg 212w, https:\/\/aceweb.cat\/wp-content\/uploads\/2025\/06\/INDUS_Plantilla-plafo-premis-VII1-768x1088.jpeg 768w, https:\/\/aceweb.cat\/wp-content\/uploads\/2025\/06\/INDUS_Plantilla-plafo-premis-VII1-1085x1536.jpeg 1085w, https:\/\/aceweb.cat\/wp-content\/uploads\/2025\/06\/INDUS_Plantilla-plafo-premis-VII1-1446x2048.jpeg 1446w, https:\/\/aceweb.cat\/wp-content\/uploads\/2025\/06\/INDUS_Plantilla-plafo-premis-VII1-300x425.jpeg 300w, https:\/\/aceweb.cat\/wp-content\/uploads\/2025\/06\/INDUS_Plantilla-plafo-premis-VII1-600x850.jpeg 600w, https:\/\/aceweb.cat\/wp-content\/uploads\/2025\/06\/INDUS_Plantilla-plafo-premis-VII1-scaled.jpeg 1808w\" sizes=\"auto, (max-width: 723px) 100vw, 723px\" \/><\/figure>\n\n\n\n<p>Tambi\u00e9n se celebr\u00f3 la ya tradicional Cena de Verano en el exterior del Restaurante El Jard\u00ed de l&#8217;Abadessa d\u00f3nde se reencontraron los compa\u00f1eros de profesi\u00f3n y disfrutaron de un ambiente distendido y compartieron experiencias.<\/p>\n\n\n\n<div class=\"wp-block-columns is-layout-flex wp-container-core-columns-is-layout-28f84493 wp-block-columns-is-layout-flex\">\n<div class=\"wp-block-column is-layout-flow wp-block-column-is-layout-flow\">\n<figure class=\"wp-block-image size-large\"><img loading=\"lazy\" decoding=\"async\" width=\"1024\" height=\"768\" src=\"https:\/\/aceweb.cat\/wp-content\/uploads\/2025\/07\/IMG20250626200326-1024x768.jpg\" alt=\"Cena de Verano ACE 2025\" class=\"wp-image-46546\" srcset=\"https:\/\/aceweb.cat\/wp-content\/uploads\/2025\/07\/IMG20250626200326-1024x768.jpg 1024w, https:\/\/aceweb.cat\/wp-content\/uploads\/2025\/07\/IMG20250626200326-300x225.jpg 300w, https:\/\/aceweb.cat\/wp-content\/uploads\/2025\/07\/IMG20250626200326-768x576.jpg 768w, https:\/\/aceweb.cat\/wp-content\/uploads\/2025\/07\/IMG20250626200326-1536x1152.jpg 1536w, https:\/\/aceweb.cat\/wp-content\/uploads\/2025\/07\/IMG20250626200326-2048x1536.jpg 2048w, https:\/\/aceweb.cat\/wp-content\/uploads\/2025\/07\/IMG20250626200326-600x450.jpg 600w\" sizes=\"auto, (max-width: 1024px) 100vw, 1024px\" \/><\/figure>\n<\/div>\n\n\n\n<div class=\"wp-block-column is-layout-flow wp-block-column-is-layout-flow\">\n<figure class=\"wp-block-image size-large\"><img loading=\"lazy\" decoding=\"async\" width=\"1024\" height=\"768\" src=\"https:\/\/aceweb.cat\/wp-content\/uploads\/2025\/07\/IMG20250626200619-1024x768.jpg\" alt=\"\" class=\"wp-image-46548\" srcset=\"https:\/\/aceweb.cat\/wp-content\/uploads\/2025\/07\/IMG20250626200619-1024x768.jpg 1024w, https:\/\/aceweb.cat\/wp-content\/uploads\/2025\/07\/IMG20250626200619-300x225.jpg 300w, https:\/\/aceweb.cat\/wp-content\/uploads\/2025\/07\/IMG20250626200619-768x576.jpg 768w, https:\/\/aceweb.cat\/wp-content\/uploads\/2025\/07\/IMG20250626200619-1536x1152.jpg 1536w, https:\/\/aceweb.cat\/wp-content\/uploads\/2025\/07\/IMG20250626200619-2048x1536.jpg 2048w, https:\/\/aceweb.cat\/wp-content\/uploads\/2025\/07\/IMG20250626200619-600x450.jpg 600w\" sizes=\"auto, (max-width: 1024px) 100vw, 1024px\" \/><\/figure>\n<\/div>\n\n\n\n<div class=\"wp-block-column is-layout-flow wp-block-column-is-layout-flow\">\n<figure class=\"wp-block-image size-large\"><img loading=\"lazy\" decoding=\"async\" width=\"1024\" height=\"768\" src=\"https:\/\/aceweb.cat\/wp-content\/uploads\/2025\/07\/IMG20250626200254-1024x768.jpg\" alt=\"\" class=\"wp-image-46550\" srcset=\"https:\/\/aceweb.cat\/wp-content\/uploads\/2025\/07\/IMG20250626200254-1024x768.jpg 1024w, https:\/\/aceweb.cat\/wp-content\/uploads\/2025\/07\/IMG20250626200254-300x225.jpg 300w, https:\/\/aceweb.cat\/wp-content\/uploads\/2025\/07\/IMG20250626200254-768x576.jpg 768w, https:\/\/aceweb.cat\/wp-content\/uploads\/2025\/07\/IMG20250626200254-1536x1152.jpg 1536w, https:\/\/aceweb.cat\/wp-content\/uploads\/2025\/07\/IMG20250626200254-2048x1536.jpg 2048w, https:\/\/aceweb.cat\/wp-content\/uploads\/2025\/07\/IMG20250626200254-600x450.jpg 600w\" sizes=\"auto, (max-width: 1024px) 100vw, 1024px\" \/><\/figure>\n<\/div>\n<\/div>\n","protected":false},"excerpt":{"rendered":"<p>En esta imagen vemos la representaci\u00f3n de los ganadores de los premios. Podemos ver de izquierda a derecha al Sr. Antoni Faura de MAPEI, Sr. Tamotsu Tarrag\u00f3 d&#8217;Enginyeria Revent\u00f3s, Sr. Daniel Granyera de Bis Arquitectes David Garcia, Sra. Laia Picar\u00edn de Bis Arquitectes David Garcia, Sr. Miquel Rodr\u00edguez president del jurat, Sr. Enric Heredia president &hellip;<\/p>\n<p class=\"read-more\"> <a class=\"\" href=\"https:\/\/aceweb.cat\/es\/noticias\/premios-ace-2025-cena-de-verano-ace\/\"> <span class=\"screen-reader-text\">Premios ACE  2025 &#8211; Cena de Verano ACE<\/span> Leer m\u00e1s &raquo;<\/a><\/p>\n","protected":false},"author":93,"featured_media":46517,"comment_status":"closed","ping_status":"closed","sticky":false,"template":"","format":"standard","meta":{"_acf_changed":false,"site-sidebar-layout":"default","site-content-layout":"default","ast-global-header-display":"","ast-main-header-display":"","ast-hfb-above-header-display":"","ast-hfb-below-header-display":"","ast-hfb-mobile-header-display":"","site-post-title":"","ast-breadcrumbs-content":"","ast-featured-img":"","footer-sml-layout":"","theme-transparent-header-meta":"","adv-header-id-meta":"","stick-header-meta":"","header-above-stick-meta":"","header-main-stick-meta":"","header-below-stick-meta":"","footnotes":""},"categories":[380],"tags":[],"class_list":["post-46520","post","type-post","status-publish","format-standard","has-post-thumbnail","hentry","category-noticias"],"acf":[],"yoast_head":"<!-- This site is optimized with the Yoast SEO plugin v27.1.1 - https:\/\/yoast.com\/product\/yoast-seo-wordpress\/ -->\n<title>Premios ACE 2025 - Cena de Verano ACE | ACE<\/title>\n<meta name=\"description\" content=\"Encuentro con la entrega de Premios ACE donde disfrutamos de la compa\u00f1\u00eda de los compa\u00f1eros de profesi\u00f3n y compartimos experiencias.\" \/>\n<meta name=\"robots\" content=\"index, follow, max-snippet:-1, max-image-preview:large, max-video-preview:-1\" \/>\n<link rel=\"canonical\" href=\"https:\/\/aceweb.cat\/noticies\/premis_ace_2025\/\" \/>\n<meta property=\"og:locale\" content=\"es_ES\" \/>\n<meta property=\"og:type\" content=\"article\" \/>\n<meta property=\"og:title\" content=\"Premios ACE 2025 - Cena de Verano ACE | ACE\" \/>\n<meta property=\"og:description\" content=\"Encuentro con la entrega de Premios ACE donde disfrutamos de la compa\u00f1\u00eda de los compa\u00f1eros de profesi\u00f3n y compartimos experiencias.\" \/>\n<meta property=\"og:url\" content=\"https:\/\/aceweb.cat\/noticies\/premis_ace_2025\/\" \/>\n<meta property=\"og:site_name\" content=\"aceweb.cat\" \/>\n<meta property=\"article:published_time\" content=\"2025-06-27T10:09:48+00:00\" \/>\n<meta property=\"article:modified_time\" content=\"2025-07-15T10:14:45+00:00\" \/>\n<meta property=\"og:image\" content=\"https:\/\/aceweb.cat\/wp-content\/uploads\/2025\/06\/cc4c3589-8fd1-4839-b396-cce2a001b66a.jpg\" \/>\n\t<meta property=\"og:image:width\" content=\"1600\" \/>\n\t<meta property=\"og:image:height\" content=\"1200\" \/>\n\t<meta property=\"og:image:type\" content=\"image\/jpeg\" \/>\n<meta name=\"author\" content=\"Merc\u00e8 Sierra\" \/>\n<meta name=\"twitter:card\" content=\"summary_large_image\" \/>\n<meta name=\"twitter:label1\" content=\"Escrito por\" \/>\n\t<meta name=\"twitter:data1\" content=\"Merc\u00e8 Sierra\" \/>\n\t<meta name=\"twitter:label2\" content=\"Tiempo de lectura\" \/>\n\t<meta name=\"twitter:data2\" content=\"4 minutos\" \/>\n<script type=\"application\/ld+json\" class=\"yoast-schema-graph\">{\"@context\":\"https:\/\/schema.org\",\"@graph\":[{\"@type\":\"Article\",\"@id\":\"https:\/\/aceweb.cat\/noticies\/premis_ace_2025\/#article\",\"isPartOf\":{\"@id\":\"https:\/\/aceweb.cat\/noticies\/premis_ace_2025\/\"},\"author\":{\"name\":\"Merc\u00e8 Sierra\",\"@id\":\"https:\/\/aceweb.cat\/#\/schema\/person\/a6b8893e55b089407baaac96e1014d92\"},\"headline\":\"Premios ACE 2025 &#8211; Cena de Verano ACE\",\"datePublished\":\"2025-06-27T10:09:48+00:00\",\"dateModified\":\"2025-07-15T10:14:45+00:00\",\"mainEntityOfPage\":{\"@id\":\"https:\/\/aceweb.cat\/noticies\/premis_ace_2025\/\"},\"wordCount\":363,\"publisher\":{\"@id\":\"https:\/\/aceweb.cat\/#organization\"},\"image\":{\"@id\":\"https:\/\/aceweb.cat\/noticies\/premis_ace_2025\/#primaryimage\"},\"thumbnailUrl\":\"https:\/\/aceweb.cat\/wp-content\/uploads\/2025\/06\/cc4c3589-8fd1-4839-b396-cce2a001b66a.jpg\",\"articleSection\":[\"Noticias\"],\"inLanguage\":\"es\"},{\"@type\":\"WebPage\",\"@id\":\"https:\/\/aceweb.cat\/noticies\/premis_ace_2025\/\",\"url\":\"https:\/\/aceweb.cat\/noticies\/premis_ace_2025\/\",\"name\":\"Premios ACE 2025 - Cena de Verano ACE | ACE\",\"isPartOf\":{\"@id\":\"https:\/\/aceweb.cat\/#website\"},\"primaryImageOfPage\":{\"@id\":\"https:\/\/aceweb.cat\/noticies\/premis_ace_2025\/#primaryimage\"},\"image\":{\"@id\":\"https:\/\/aceweb.cat\/noticies\/premis_ace_2025\/#primaryimage\"},\"thumbnailUrl\":\"https:\/\/aceweb.cat\/wp-content\/uploads\/2025\/06\/cc4c3589-8fd1-4839-b396-cce2a001b66a.jpg\",\"datePublished\":\"2025-06-27T10:09:48+00:00\",\"dateModified\":\"2025-07-15T10:14:45+00:00\",\"description\":\"Encuentro con la entrega de Premios ACE donde disfrutamos de la compa\u00f1\u00eda de los compa\u00f1eros de profesi\u00f3n y compartimos experiencias.\",\"breadcrumb\":{\"@id\":\"https:\/\/aceweb.cat\/noticies\/premis_ace_2025\/#breadcrumb\"},\"inLanguage\":\"es\",\"potentialAction\":[{\"@type\":\"ReadAction\",\"target\":[\"https:\/\/aceweb.cat\/noticies\/premis_ace_2025\/\"]}]},{\"@type\":\"ImageObject\",\"inLanguage\":\"es\",\"@id\":\"https:\/\/aceweb.cat\/noticies\/premis_ace_2025\/#primaryimage\",\"url\":\"https:\/\/aceweb.cat\/wp-content\/uploads\/2025\/06\/cc4c3589-8fd1-4839-b396-cce2a001b66a.jpg\",\"contentUrl\":\"https:\/\/aceweb.cat\/wp-content\/uploads\/2025\/06\/cc4c3589-8fd1-4839-b396-cce2a001b66a.jpg\",\"width\":1600,\"height\":1200},{\"@type\":\"BreadcrumbList\",\"@id\":\"https:\/\/aceweb.cat\/noticies\/premis_ace_2025\/#breadcrumb\",\"itemListElement\":[{\"@type\":\"ListItem\",\"position\":1,\"name\":\"Inici\",\"item\":\"https:\/\/aceweb.cat\/\"},{\"@type\":\"ListItem\",\"position\":2,\"name\":\"Not\u00edcies\",\"item\":\"https:\/\/aceweb.cat\/categoria\/noticies\/\"},{\"@type\":\"ListItem\",\"position\":3,\"name\":\"Premios ACE 2025 &#8211; Cena de Verano ACE\"}]},{\"@type\":\"WebSite\",\"@id\":\"https:\/\/aceweb.cat\/#website\",\"url\":\"https:\/\/aceweb.cat\/\",\"name\":\"ACE\",\"description\":\"Associaci\u00f3 de Consultors d&#039;Estructures | ACE\",\"publisher\":{\"@id\":\"https:\/\/aceweb.cat\/#organization\"},\"alternateName\":\"ACE\",\"potentialAction\":[{\"@type\":\"SearchAction\",\"target\":{\"@type\":\"EntryPoint\",\"urlTemplate\":\"https:\/\/aceweb.cat\/?s={search_term_string}\"},\"query-input\":{\"@type\":\"PropertyValueSpecification\",\"valueRequired\":true,\"valueName\":\"search_term_string\"}}],\"inLanguage\":\"es\"},{\"@type\":\"Organization\",\"@id\":\"https:\/\/aceweb.cat\/#organization\",\"name\":\"ACE\",\"alternateName\":\"ACE\",\"url\":\"https:\/\/aceweb.cat\/\",\"logo\":{\"@type\":\"ImageObject\",\"inLanguage\":\"es\",\"@id\":\"https:\/\/aceweb.cat\/#\/schema\/logo\/image\/\",\"url\":\"https:\/\/aceweb.cat\/wp-content\/uploads\/2022\/10\/logo.svg\",\"contentUrl\":\"https:\/\/aceweb.cat\/wp-content\/uploads\/2022\/10\/logo.svg\",\"width\":1,\"height\":1,\"caption\":\"ACE\"},\"image\":{\"@id\":\"https:\/\/aceweb.cat\/#\/schema\/logo\/image\/\"}},{\"@type\":\"Person\",\"@id\":\"https:\/\/aceweb.cat\/#\/schema\/person\/a6b8893e55b089407baaac96e1014d92\",\"name\":\"Merc\u00e8 Sierra\",\"image\":{\"@type\":\"ImageObject\",\"inLanguage\":\"es\",\"@id\":\"https:\/\/aceweb.cat\/#\/schema\/person\/image\/\",\"url\":\"https:\/\/secure.gravatar.com\/avatar\/22f0c97d4117dfcc3220888d6384e2a07df217ae83511660a0783b56292770b5?s=96&d=mm&r=g\",\"contentUrl\":\"https:\/\/secure.gravatar.com\/avatar\/22f0c97d4117dfcc3220888d6384e2a07df217ae83511660a0783b56292770b5?s=96&d=mm&r=g\",\"caption\":\"Merc\u00e8 Sierra\"},\"url\":\"https:\/\/aceweb.cat\/es\/author\/merce-sierra\/\"}]}<\/script>\n<!-- \/ Yoast SEO plugin. -->","yoast_head_json":{"title":"Premios ACE 2025 - Cena de Verano ACE | ACE","description":"Encuentro con la entrega de Premios ACE donde disfrutamos de la compa\u00f1\u00eda de los compa\u00f1eros de profesi\u00f3n y compartimos experiencias.","robots":{"index":"index","follow":"follow","max-snippet":"max-snippet:-1","max-image-preview":"max-image-preview:large","max-video-preview":"max-video-preview:-1"},"canonical":"https:\/\/aceweb.cat\/noticies\/premis_ace_2025\/","og_locale":"es_ES","og_type":"article","og_title":"Premios ACE 2025 - Cena de Verano ACE | ACE","og_description":"Encuentro con la entrega de Premios ACE donde disfrutamos de la compa\u00f1\u00eda de los compa\u00f1eros de profesi\u00f3n y compartimos experiencias.","og_url":"https:\/\/aceweb.cat\/noticies\/premis_ace_2025\/","og_site_name":"aceweb.cat","article_published_time":"2025-06-27T10:09:48+00:00","article_modified_time":"2025-07-15T10:14:45+00:00","og_image":[{"width":1600,"height":1200,"url":"https:\/\/aceweb.cat\/wp-content\/uploads\/2025\/06\/cc4c3589-8fd1-4839-b396-cce2a001b66a.jpg","type":"image\/jpeg"}],"author":"Merc\u00e8 Sierra","twitter_card":"summary_large_image","twitter_misc":{"Escrito por":"Merc\u00e8 Sierra","Tiempo de lectura":"4 minutos"},"schema":{"@context":"https:\/\/schema.org","@graph":[{"@type":"Article","@id":"https:\/\/aceweb.cat\/noticies\/premis_ace_2025\/#article","isPartOf":{"@id":"https:\/\/aceweb.cat\/noticies\/premis_ace_2025\/"},"author":{"name":"Merc\u00e8 Sierra","@id":"https:\/\/aceweb.cat\/#\/schema\/person\/a6b8893e55b089407baaac96e1014d92"},"headline":"Premios ACE 2025 &#8211; Cena de Verano ACE","datePublished":"2025-06-27T10:09:48+00:00","dateModified":"2025-07-15T10:14:45+00:00","mainEntityOfPage":{"@id":"https:\/\/aceweb.cat\/noticies\/premis_ace_2025\/"},"wordCount":363,"publisher":{"@id":"https:\/\/aceweb.cat\/#organization"},"image":{"@id":"https:\/\/aceweb.cat\/noticies\/premis_ace_2025\/#primaryimage"},"thumbnailUrl":"https:\/\/aceweb.cat\/wp-content\/uploads\/2025\/06\/cc4c3589-8fd1-4839-b396-cce2a001b66a.jpg","articleSection":["Noticias"],"inLanguage":"es"},{"@type":"WebPage","@id":"https:\/\/aceweb.cat\/noticies\/premis_ace_2025\/","url":"https:\/\/aceweb.cat\/noticies\/premis_ace_2025\/","name":"Premios ACE 2025 - Cena de Verano ACE | ACE","isPartOf":{"@id":"https:\/\/aceweb.cat\/#website"},"primaryImageOfPage":{"@id":"https:\/\/aceweb.cat\/noticies\/premis_ace_2025\/#primaryimage"},"image":{"@id":"https:\/\/aceweb.cat\/noticies\/premis_ace_2025\/#primaryimage"},"thumbnailUrl":"https:\/\/aceweb.cat\/wp-content\/uploads\/2025\/06\/cc4c3589-8fd1-4839-b396-cce2a001b66a.jpg","datePublished":"2025-06-27T10:09:48+00:00","dateModified":"2025-07-15T10:14:45+00:00","description":"Encuentro con la entrega de Premios ACE donde disfrutamos de la compa\u00f1\u00eda de los compa\u00f1eros de profesi\u00f3n y compartimos experiencias.","breadcrumb":{"@id":"https:\/\/aceweb.cat\/noticies\/premis_ace_2025\/#breadcrumb"},"inLanguage":"es","potentialAction":[{"@type":"ReadAction","target":["https:\/\/aceweb.cat\/noticies\/premis_ace_2025\/"]}]},{"@type":"ImageObject","inLanguage":"es","@id":"https:\/\/aceweb.cat\/noticies\/premis_ace_2025\/#primaryimage","url":"https:\/\/aceweb.cat\/wp-content\/uploads\/2025\/06\/cc4c3589-8fd1-4839-b396-cce2a001b66a.jpg","contentUrl":"https:\/\/aceweb.cat\/wp-content\/uploads\/2025\/06\/cc4c3589-8fd1-4839-b396-cce2a001b66a.jpg","width":1600,"height":1200},{"@type":"BreadcrumbList","@id":"https:\/\/aceweb.cat\/noticies\/premis_ace_2025\/#breadcrumb","itemListElement":[{"@type":"ListItem","position":1,"name":"Inici","item":"https:\/\/aceweb.cat\/"},{"@type":"ListItem","position":2,"name":"Not\u00edcies","item":"https:\/\/aceweb.cat\/categoria\/noticies\/"},{"@type":"ListItem","position":3,"name":"Premios ACE 2025 &#8211; Cena de Verano ACE"}]},{"@type":"WebSite","@id":"https:\/\/aceweb.cat\/#website","url":"https:\/\/aceweb.cat\/","name":"ACE","description":"Associaci\u00f3 de Consultors d&#039;Estructures | ACE","publisher":{"@id":"https:\/\/aceweb.cat\/#organization"},"alternateName":"ACE","potentialAction":[{"@type":"SearchAction","target":{"@type":"EntryPoint","urlTemplate":"https:\/\/aceweb.cat\/?s={search_term_string}"},"query-input":{"@type":"PropertyValueSpecification","valueRequired":true,"valueName":"search_term_string"}}],"inLanguage":"es"},{"@type":"Organization","@id":"https:\/\/aceweb.cat\/#organization","name":"ACE","alternateName":"ACE","url":"https:\/\/aceweb.cat\/","logo":{"@type":"ImageObject","inLanguage":"es","@id":"https:\/\/aceweb.cat\/#\/schema\/logo\/image\/","url":"https:\/\/aceweb.cat\/wp-content\/uploads\/2022\/10\/logo.svg","contentUrl":"https:\/\/aceweb.cat\/wp-content\/uploads\/2022\/10\/logo.svg","width":1,"height":1,"caption":"ACE"},"image":{"@id":"https:\/\/aceweb.cat\/#\/schema\/logo\/image\/"}},{"@type":"Person","@id":"https:\/\/aceweb.cat\/#\/schema\/person\/a6b8893e55b089407baaac96e1014d92","name":"Merc\u00e8 Sierra","image":{"@type":"ImageObject","inLanguage":"es","@id":"https:\/\/aceweb.cat\/#\/schema\/person\/image\/","url":"https:\/\/secure.gravatar.com\/avatar\/22f0c97d4117dfcc3220888d6384e2a07df217ae83511660a0783b56292770b5?s=96&d=mm&r=g","contentUrl":"https:\/\/secure.gravatar.com\/avatar\/22f0c97d4117dfcc3220888d6384e2a07df217ae83511660a0783b56292770b5?s=96&d=mm&r=g","caption":"Merc\u00e8 Sierra"},"url":"https:\/\/aceweb.cat\/es\/author\/merce-sierra\/"}]}},"_links":{"self":[{"href":"https:\/\/aceweb.cat\/es\/wp-json\/wp\/v2\/posts\/46520","targetHints":{"allow":["GET"]}}],"collection":[{"href":"https:\/\/aceweb.cat\/es\/wp-json\/wp\/v2\/posts"}],"about":[{"href":"https:\/\/aceweb.cat\/es\/wp-json\/wp\/v2\/types\/post"}],"author":[{"embeddable":true,"href":"https:\/\/aceweb.cat\/es\/wp-json\/wp\/v2\/users\/93"}],"replies":[{"embeddable":true,"href":"https:\/\/aceweb.cat\/es\/wp-json\/wp\/v2\/comments?post=46520"}],"version-history":[{"count":4,"href":"https:\/\/aceweb.cat\/es\/wp-json\/wp\/v2\/posts\/46520\/revisions"}],"predecessor-version":[{"id":46593,"href":"https:\/\/aceweb.cat\/es\/wp-json\/wp\/v2\/posts\/46520\/revisions\/46593"}],"wp:featuredmedia":[{"embeddable":true,"href":"https:\/\/aceweb.cat\/es\/wp-json\/wp\/v2\/media\/46517"}],"wp:attachment":[{"href":"https:\/\/aceweb.cat\/es\/wp-json\/wp\/v2\/media?parent=46520"}],"wp:term":[{"taxonomy":"category","embeddable":true,"href":"https:\/\/aceweb.cat\/es\/wp-json\/wp\/v2\/categories?post=46520"},{"taxonomy":"post_tag","embeddable":true,"href":"https:\/\/aceweb.cat\/es\/wp-json\/wp\/v2\/tags?post=46520"}],"curies":[{"name":"wp","href":"https:\/\/api.w.org\/{rel}","templated":true}]}}