{"id":46929,"date":"2025-11-02T18:16:53","date_gmt":"2025-11-02T18:16:53","guid":{"rendered":"https:\/\/aceweb.cat\/?p=46929"},"modified":"2025-11-02T18:17:19","modified_gmt":"2025-11-02T18:17:19","slug":"actualizacion-convenio-ace-afps","status":"publish","type":"post","link":"https:\/\/aceweb.cat\/es\/noticias\/actualizacion-convenio-ace-afps\/","title":{"rendered":"Actualizaci\u00f3n Convenio ACE &#8211; AFPS"},"content":{"rendered":"<p>El pasado 13 de octubre, la ACE y la AFPS (Association Fran\u00e7aise du G\u00e9nie Parasismique) firmaron una actualizaci\u00f3n del convenio que ten\u00edan vigente desde 2021. La firma del convenio se realiz\u00f3 en la Sala Puig i Cadafalch del Institut d&#8217;Estudis Catalans, donde ambas entidades estuvieron representadas por sus presidentes, el Sr. Didier Combescure por parte de AFPS, y el Sr. Enric Heredia Campmany-Gaudet, por parte de la ACE. Con esta actualizaci\u00f3n se fortalecen los lazos de cooperaci\u00f3n y de intercambio de informaci\u00f3n relacionada con las actuaciones de diagn\u00f3stico en situaci\u00f3n de emergencia post-s\u00edsmica o de inundaciones por lluvias torrenciales. <\/p>\n<p>As\u00ed mismo, la ACE se asociar\u00e1 a partir de 2026 a la AFPS como Instituci\u00f3n Acad\u00e9mica, con dos representantes que actualmente forman parte de la Comisi\u00f3n de Apoyo a las Emergencias de la ACE, el Sr. Antoni Bl\u00e1zquez Boya, como coordinador de la comisi\u00f3n, y el Sr. Xavier Goula Suri\u00f1ac, miembro enlace con la AFPS.<\/p>\n<p>Esta comisi\u00f3n, entre otras cosas, ha trabajado en el estudio de la vulnerabilidad s\u00edsmica de los edificios dentro del proyecto transfronterizo POCRISC (Por una Cultura com\u00fan del Riesgo S\u00edsmico) y se encarga de impartir formaciones para la evaluaci\u00f3n de da\u00f1os estructurales en los edificios, orientadas a t\u00e9cnicos que act\u00faan en caso de cat\u00e1strofes, como la impartida a Protecci\u00f3n Civil de Andorra o a los Bomberos de la Generalitat (GREC-Grupo de Estructuras Colapsadas).<\/p>\n<p><br data-mce-bogus=\"1\"><\/p>\n<p><br data-mce-bogus=\"1\"><\/p>\n","protected":false},"excerpt":{"rendered":"<p>El pasado 13 de octubre, la ACE y la AFPS (Association Fran\u00e7aise du G\u00e9nie Parasismique) firmaron una actualizaci\u00f3n del convenio que ten\u00edan vigente desde 2021. La firma del convenio se realiz\u00f3 en la Sala Puig i Cadafalch del Institut d&#8217;Estudis Catalans, donde ambas entidades estuvieron representadas por sus presidentes, el Sr. Didier Combescure por parte &hellip;<\/p>\n<p class=\"read-more\"> <a class=\"\" href=\"https:\/\/aceweb.cat\/es\/noticias\/actualizacion-convenio-ace-afps\/\"> <span class=\"screen-reader-text\">Actualizaci\u00f3n Convenio ACE &#8211; AFPS<\/span> Leer m\u00e1s &raquo;<\/a><\/p>\n","protected":false},"author":93,"featured_media":46927,"comment_status":"open","ping_status":"open","sticky":false,"template":"","format":"standard","meta":{"_acf_changed":false,"site-sidebar-layout":"default","site-content-layout":"default","ast-global-header-display":"","ast-main-header-display":"","ast-hfb-above-header-display":"","ast-hfb-below-header-display":"","ast-hfb-mobile-header-display":"","site-post-title":"","ast-breadcrumbs-content":"","ast-featured-img":"","footer-sml-layout":"","theme-transparent-header-meta":"","adv-header-id-meta":"","stick-header-meta":"","header-above-stick-meta":"","header-main-stick-meta":"","header-below-stick-meta":"","footnotes":""},"categories":[380],"tags":[],"class_list":["post-46929","post","type-post","status-publish","format-standard","has-post-thumbnail","hentry","category-noticias"],"acf":[],"yoast_head":"<!-- This site is optimized with the Yoast SEO plugin v27.1.1 - https:\/\/yoast.com\/product\/yoast-seo-wordpress\/ -->\n<title>Actualizaci\u00f3n Convenio ACE - AFPS | ACE<\/title>\n<meta name=\"description\" content=\"El pasado 13 de octubre de 2025 la ACE y la AFPS firmaron la actualizaci\u00f3n del convenio que ten\u00edan desde 2021\" \/>\n<meta name=\"robots\" content=\"index, follow, max-snippet:-1, max-image-preview:large, max-video-preview:-1\" \/>\n<link rel=\"canonical\" href=\"https:\/\/aceweb.cat\/es\/noticias\/actualizacion-convenio-ace-afps\/\" \/>\n<meta property=\"og:locale\" content=\"es_ES\" \/>\n<meta property=\"og:type\" content=\"article\" \/>\n<meta property=\"og:title\" content=\"Actualizaci\u00f3n Convenio ACE - AFPS | ACE\" \/>\n<meta property=\"og:description\" content=\"El pasado 13 de octubre de 2025 la ACE y la AFPS firmaron la actualizaci\u00f3n del convenio que ten\u00edan desde 2021\" \/>\n<meta property=\"og:url\" content=\"https:\/\/aceweb.cat\/es\/noticias\/actualizacion-convenio-ace-afps\/\" \/>\n<meta property=\"og:site_name\" content=\"aceweb.cat\" \/>\n<meta property=\"article:published_time\" content=\"2025-11-02T18:16:53+00:00\" \/>\n<meta property=\"article:modified_time\" content=\"2025-11-02T18:17:19+00:00\" \/>\n<meta property=\"og:image\" content=\"https:\/\/aceweb.cat\/wp-content\/uploads\/2025\/11\/F4A8716-scaled.jpg\" \/>\n\t<meta property=\"og:image:width\" content=\"2560\" \/>\n\t<meta property=\"og:image:height\" content=\"1708\" \/>\n\t<meta property=\"og:image:type\" content=\"image\/jpeg\" \/>\n<meta name=\"author\" content=\"Merc\u00e8 Sierra\" \/>\n<meta name=\"twitter:card\" content=\"summary_large_image\" \/>\n<meta name=\"twitter:label1\" content=\"Escrito por\" \/>\n\t<meta name=\"twitter:data1\" content=\"Merc\u00e8 Sierra\" \/>\n\t<meta name=\"twitter:label2\" content=\"Tiempo de lectura\" \/>\n\t<meta name=\"twitter:data2\" content=\"1 minuto\" \/>\n<script type=\"application\/ld+json\" class=\"yoast-schema-graph\">{\"@context\":\"https:\/\/schema.org\",\"@graph\":[{\"@type\":\"Article\",\"@id\":\"https:\/\/aceweb.cat\/es\/noticias\/actualizacion-convenio-ace-afps\/#article\",\"isPartOf\":{\"@id\":\"https:\/\/aceweb.cat\/es\/noticias\/actualizacion-convenio-ace-afps\/\"},\"author\":{\"name\":\"Merc\u00e8 Sierra\",\"@id\":\"https:\/\/aceweb.cat\/#\/schema\/person\/a6b8893e55b089407baaac96e1014d92\"},\"headline\":\"Actualizaci\u00f3n Convenio ACE &#8211; AFPS\",\"datePublished\":\"2025-11-02T18:16:53+00:00\",\"dateModified\":\"2025-11-02T18:17:19+00:00\",\"mainEntityOfPage\":{\"@id\":\"https:\/\/aceweb.cat\/es\/noticias\/actualizacion-convenio-ace-afps\/\"},\"wordCount\":256,\"commentCount\":0,\"publisher\":{\"@id\":\"https:\/\/aceweb.cat\/#organization\"},\"image\":{\"@id\":\"https:\/\/aceweb.cat\/es\/noticias\/actualizacion-convenio-ace-afps\/#primaryimage\"},\"thumbnailUrl\":\"https:\/\/aceweb.cat\/wp-content\/uploads\/2025\/11\/F4A8716-scaled.jpg\",\"articleSection\":[\"Noticias\"],\"inLanguage\":\"es\",\"potentialAction\":[{\"@type\":\"CommentAction\",\"name\":\"Comment\",\"target\":[\"https:\/\/aceweb.cat\/es\/noticias\/actualizacion-convenio-ace-afps\/#respond\"]}]},{\"@type\":\"WebPage\",\"@id\":\"https:\/\/aceweb.cat\/es\/noticias\/actualizacion-convenio-ace-afps\/\",\"url\":\"https:\/\/aceweb.cat\/es\/noticias\/actualizacion-convenio-ace-afps\/\",\"name\":\"Actualizaci\u00f3n Convenio ACE - AFPS | ACE\",\"isPartOf\":{\"@id\":\"https:\/\/aceweb.cat\/#website\"},\"primaryImageOfPage\":{\"@id\":\"https:\/\/aceweb.cat\/es\/noticias\/actualizacion-convenio-ace-afps\/#primaryimage\"},\"image\":{\"@id\":\"https:\/\/aceweb.cat\/es\/noticias\/actualizacion-convenio-ace-afps\/#primaryimage\"},\"thumbnailUrl\":\"https:\/\/aceweb.cat\/wp-content\/uploads\/2025\/11\/F4A8716-scaled.jpg\",\"datePublished\":\"2025-11-02T18:16:53+00:00\",\"dateModified\":\"2025-11-02T18:17:19+00:00\",\"description\":\"El pasado 13 de octubre de 2025 la ACE y la AFPS firmaron la actualizaci\u00f3n del convenio que ten\u00edan desde 2021\",\"breadcrumb\":{\"@id\":\"https:\/\/aceweb.cat\/es\/noticias\/actualizacion-convenio-ace-afps\/#breadcrumb\"},\"inLanguage\":\"es\",\"potentialAction\":[{\"@type\":\"ReadAction\",\"target\":[\"https:\/\/aceweb.cat\/es\/noticias\/actualizacion-convenio-ace-afps\/\"]}]},{\"@type\":\"ImageObject\",\"inLanguage\":\"es\",\"@id\":\"https:\/\/aceweb.cat\/es\/noticias\/actualizacion-convenio-ace-afps\/#primaryimage\",\"url\":\"https:\/\/aceweb.cat\/wp-content\/uploads\/2025\/11\/F4A8716-scaled.jpg\",\"contentUrl\":\"https:\/\/aceweb.cat\/wp-content\/uploads\/2025\/11\/F4A8716-scaled.jpg\",\"width\":2560,\"height\":1708},{\"@type\":\"BreadcrumbList\",\"@id\":\"https:\/\/aceweb.cat\/es\/noticias\/actualizacion-convenio-ace-afps\/#breadcrumb\",\"itemListElement\":[{\"@type\":\"ListItem\",\"position\":1,\"name\":\"Inici\",\"item\":\"https:\/\/aceweb.cat\/\"},{\"@type\":\"ListItem\",\"position\":2,\"name\":\"Noticias\",\"item\":\"https:\/\/aceweb.cat\/es\/categoria\/noticias\/\"},{\"@type\":\"ListItem\",\"position\":3,\"name\":\"Actualizaci\u00f3n Convenio ACE &#8211; AFPS\"}]},{\"@type\":\"WebSite\",\"@id\":\"https:\/\/aceweb.cat\/#website\",\"url\":\"https:\/\/aceweb.cat\/\",\"name\":\"ACE\",\"description\":\"Associaci\u00f3 de Consultors d&#039;Estructures | ACE\",\"publisher\":{\"@id\":\"https:\/\/aceweb.cat\/#organization\"},\"alternateName\":\"ACE\",\"potentialAction\":[{\"@type\":\"SearchAction\",\"target\":{\"@type\":\"EntryPoint\",\"urlTemplate\":\"https:\/\/aceweb.cat\/?s={search_term_string}\"},\"query-input\":{\"@type\":\"PropertyValueSpecification\",\"valueRequired\":true,\"valueName\":\"search_term_string\"}}],\"inLanguage\":\"es\"},{\"@type\":\"Organization\",\"@id\":\"https:\/\/aceweb.cat\/#organization\",\"name\":\"ACE\",\"alternateName\":\"ACE\",\"url\":\"https:\/\/aceweb.cat\/\",\"logo\":{\"@type\":\"ImageObject\",\"inLanguage\":\"es\",\"@id\":\"https:\/\/aceweb.cat\/#\/schema\/logo\/image\/\",\"url\":\"https:\/\/aceweb.cat\/wp-content\/uploads\/2022\/10\/logo.svg\",\"contentUrl\":\"https:\/\/aceweb.cat\/wp-content\/uploads\/2022\/10\/logo.svg\",\"width\":1,\"height\":1,\"caption\":\"ACE\"},\"image\":{\"@id\":\"https:\/\/aceweb.cat\/#\/schema\/logo\/image\/\"}},{\"@type\":\"Person\",\"@id\":\"https:\/\/aceweb.cat\/#\/schema\/person\/a6b8893e55b089407baaac96e1014d92\",\"name\":\"Merc\u00e8 Sierra\",\"image\":{\"@type\":\"ImageObject\",\"inLanguage\":\"es\",\"@id\":\"https:\/\/aceweb.cat\/#\/schema\/person\/image\/\",\"url\":\"https:\/\/secure.gravatar.com\/avatar\/22f0c97d4117dfcc3220888d6384e2a07df217ae83511660a0783b56292770b5?s=96&d=mm&r=g\",\"contentUrl\":\"https:\/\/secure.gravatar.com\/avatar\/22f0c97d4117dfcc3220888d6384e2a07df217ae83511660a0783b56292770b5?s=96&d=mm&r=g\",\"caption\":\"Merc\u00e8 Sierra\"},\"url\":\"https:\/\/aceweb.cat\/es\/author\/merce-sierra\/\"}]}<\/script>\n<!-- \/ Yoast SEO plugin. -->","yoast_head_json":{"title":"Actualizaci\u00f3n Convenio ACE - AFPS | ACE","description":"El pasado 13 de octubre de 2025 la ACE y la AFPS firmaron la actualizaci\u00f3n del convenio que ten\u00edan desde 2021","robots":{"index":"index","follow":"follow","max-snippet":"max-snippet:-1","max-image-preview":"max-image-preview:large","max-video-preview":"max-video-preview:-1"},"canonical":"https:\/\/aceweb.cat\/es\/noticias\/actualizacion-convenio-ace-afps\/","og_locale":"es_ES","og_type":"article","og_title":"Actualizaci\u00f3n Convenio ACE - AFPS | ACE","og_description":"El pasado 13 de octubre de 2025 la ACE y la AFPS firmaron la actualizaci\u00f3n del convenio que ten\u00edan desde 2021","og_url":"https:\/\/aceweb.cat\/es\/noticias\/actualizacion-convenio-ace-afps\/","og_site_name":"aceweb.cat","article_published_time":"2025-11-02T18:16:53+00:00","article_modified_time":"2025-11-02T18:17:19+00:00","og_image":[{"width":2560,"height":1708,"url":"https:\/\/aceweb.cat\/wp-content\/uploads\/2025\/11\/F4A8716-scaled.jpg","type":"image\/jpeg"}],"author":"Merc\u00e8 Sierra","twitter_card":"summary_large_image","twitter_misc":{"Escrito por":"Merc\u00e8 Sierra","Tiempo de lectura":"1 minuto"},"schema":{"@context":"https:\/\/schema.org","@graph":[{"@type":"Article","@id":"https:\/\/aceweb.cat\/es\/noticias\/actualizacion-convenio-ace-afps\/#article","isPartOf":{"@id":"https:\/\/aceweb.cat\/es\/noticias\/actualizacion-convenio-ace-afps\/"},"author":{"name":"Merc\u00e8 Sierra","@id":"https:\/\/aceweb.cat\/#\/schema\/person\/a6b8893e55b089407baaac96e1014d92"},"headline":"Actualizaci\u00f3n Convenio ACE &#8211; AFPS","datePublished":"2025-11-02T18:16:53+00:00","dateModified":"2025-11-02T18:17:19+00:00","mainEntityOfPage":{"@id":"https:\/\/aceweb.cat\/es\/noticias\/actualizacion-convenio-ace-afps\/"},"wordCount":256,"commentCount":0,"publisher":{"@id":"https:\/\/aceweb.cat\/#organization"},"image":{"@id":"https:\/\/aceweb.cat\/es\/noticias\/actualizacion-convenio-ace-afps\/#primaryimage"},"thumbnailUrl":"https:\/\/aceweb.cat\/wp-content\/uploads\/2025\/11\/F4A8716-scaled.jpg","articleSection":["Noticias"],"inLanguage":"es","potentialAction":[{"@type":"CommentAction","name":"Comment","target":["https:\/\/aceweb.cat\/es\/noticias\/actualizacion-convenio-ace-afps\/#respond"]}]},{"@type":"WebPage","@id":"https:\/\/aceweb.cat\/es\/noticias\/actualizacion-convenio-ace-afps\/","url":"https:\/\/aceweb.cat\/es\/noticias\/actualizacion-convenio-ace-afps\/","name":"Actualizaci\u00f3n Convenio ACE - AFPS | ACE","isPartOf":{"@id":"https:\/\/aceweb.cat\/#website"},"primaryImageOfPage":{"@id":"https:\/\/aceweb.cat\/es\/noticias\/actualizacion-convenio-ace-afps\/#primaryimage"},"image":{"@id":"https:\/\/aceweb.cat\/es\/noticias\/actualizacion-convenio-ace-afps\/#primaryimage"},"thumbnailUrl":"https:\/\/aceweb.cat\/wp-content\/uploads\/2025\/11\/F4A8716-scaled.jpg","datePublished":"2025-11-02T18:16:53+00:00","dateModified":"2025-11-02T18:17:19+00:00","description":"El pasado 13 de octubre de 2025 la ACE y la AFPS firmaron la actualizaci\u00f3n del convenio que ten\u00edan desde 2021","breadcrumb":{"@id":"https:\/\/aceweb.cat\/es\/noticias\/actualizacion-convenio-ace-afps\/#breadcrumb"},"inLanguage":"es","potentialAction":[{"@type":"ReadAction","target":["https:\/\/aceweb.cat\/es\/noticias\/actualizacion-convenio-ace-afps\/"]}]},{"@type":"ImageObject","inLanguage":"es","@id":"https:\/\/aceweb.cat\/es\/noticias\/actualizacion-convenio-ace-afps\/#primaryimage","url":"https:\/\/aceweb.cat\/wp-content\/uploads\/2025\/11\/F4A8716-scaled.jpg","contentUrl":"https:\/\/aceweb.cat\/wp-content\/uploads\/2025\/11\/F4A8716-scaled.jpg","width":2560,"height":1708},{"@type":"BreadcrumbList","@id":"https:\/\/aceweb.cat\/es\/noticias\/actualizacion-convenio-ace-afps\/#breadcrumb","itemListElement":[{"@type":"ListItem","position":1,"name":"Inici","item":"https:\/\/aceweb.cat\/"},{"@type":"ListItem","position":2,"name":"Noticias","item":"https:\/\/aceweb.cat\/es\/categoria\/noticias\/"},{"@type":"ListItem","position":3,"name":"Actualizaci\u00f3n Convenio ACE &#8211; AFPS"}]},{"@type":"WebSite","@id":"https:\/\/aceweb.cat\/#website","url":"https:\/\/aceweb.cat\/","name":"ACE","description":"Associaci\u00f3 de Consultors d&#039;Estructures | ACE","publisher":{"@id":"https:\/\/aceweb.cat\/#organization"},"alternateName":"ACE","potentialAction":[{"@type":"SearchAction","target":{"@type":"EntryPoint","urlTemplate":"https:\/\/aceweb.cat\/?s={search_term_string}"},"query-input":{"@type":"PropertyValueSpecification","valueRequired":true,"valueName":"search_term_string"}}],"inLanguage":"es"},{"@type":"Organization","@id":"https:\/\/aceweb.cat\/#organization","name":"ACE","alternateName":"ACE","url":"https:\/\/aceweb.cat\/","logo":{"@type":"ImageObject","inLanguage":"es","@id":"https:\/\/aceweb.cat\/#\/schema\/logo\/image\/","url":"https:\/\/aceweb.cat\/wp-content\/uploads\/2022\/10\/logo.svg","contentUrl":"https:\/\/aceweb.cat\/wp-content\/uploads\/2022\/10\/logo.svg","width":1,"height":1,"caption":"ACE"},"image":{"@id":"https:\/\/aceweb.cat\/#\/schema\/logo\/image\/"}},{"@type":"Person","@id":"https:\/\/aceweb.cat\/#\/schema\/person\/a6b8893e55b089407baaac96e1014d92","name":"Merc\u00e8 Sierra","image":{"@type":"ImageObject","inLanguage":"es","@id":"https:\/\/aceweb.cat\/#\/schema\/person\/image\/","url":"https:\/\/secure.gravatar.com\/avatar\/22f0c97d4117dfcc3220888d6384e2a07df217ae83511660a0783b56292770b5?s=96&d=mm&r=g","contentUrl":"https:\/\/secure.gravatar.com\/avatar\/22f0c97d4117dfcc3220888d6384e2a07df217ae83511660a0783b56292770b5?s=96&d=mm&r=g","caption":"Merc\u00e8 Sierra"},"url":"https:\/\/aceweb.cat\/es\/author\/merce-sierra\/"}]}},"_links":{"self":[{"href":"https:\/\/aceweb.cat\/es\/wp-json\/wp\/v2\/posts\/46929","targetHints":{"allow":["GET"]}}],"collection":[{"href":"https:\/\/aceweb.cat\/es\/wp-json\/wp\/v2\/posts"}],"about":[{"href":"https:\/\/aceweb.cat\/es\/wp-json\/wp\/v2\/types\/post"}],"author":[{"embeddable":true,"href":"https:\/\/aceweb.cat\/es\/wp-json\/wp\/v2\/users\/93"}],"replies":[{"embeddable":true,"href":"https:\/\/aceweb.cat\/es\/wp-json\/wp\/v2\/comments?post=46929"}],"version-history":[{"count":3,"href":"https:\/\/aceweb.cat\/es\/wp-json\/wp\/v2\/posts\/46929\/revisions"}],"predecessor-version":[{"id":46933,"href":"https:\/\/aceweb.cat\/es\/wp-json\/wp\/v2\/posts\/46929\/revisions\/46933"}],"wp:featuredmedia":[{"embeddable":true,"href":"https:\/\/aceweb.cat\/es\/wp-json\/wp\/v2\/media\/46927"}],"wp:attachment":[{"href":"https:\/\/aceweb.cat\/es\/wp-json\/wp\/v2\/media?parent=46929"}],"wp:term":[{"taxonomy":"category","embeddable":true,"href":"https:\/\/aceweb.cat\/es\/wp-json\/wp\/v2\/categories?post=46929"},{"taxonomy":"post_tag","embeddable":true,"href":"https:\/\/aceweb.cat\/es\/wp-json\/wp\/v2\/tags?post=46929"}],"curies":[{"name":"wp","href":"https:\/\/api.w.org\/{rel}","templated":true}]}}