{"id":46946,"date":"2025-10-31T18:48:29","date_gmt":"2025-10-31T18:48:29","guid":{"rendered":"https:\/\/aceweb.cat\/sin-categorizar\/dijous-a-lace-todo-lo-que-has-de-saber-sobre-verifactur\/"},"modified":"2025-11-02T18:58:24","modified_gmt":"2025-11-02T18:58:24","slug":"dijous-a-lace-todo-lo-que-has-de-saber-sobre-verifactur","status":"publish","type":"post","link":"https:\/\/aceweb.cat\/es\/agenda\/dijous-a-lace-todo-lo-que-has-de-saber-sobre-verifactur\/","title":{"rendered":"Dijous a l&#8217;ACE: Todo lo que has de saber sobre VeriFactur"},"content":{"rendered":"\n<figure class=\"wp-block-image size-full is-resized\"><img loading=\"lazy\" decoding=\"async\" width=\"1300\" height=\"900\" src=\"https:\/\/aceweb.cat\/wp-content\/uploads\/2025\/11\/Webinar-VeriFactu.jpg\" alt=\"\" class=\"wp-image-46935\" style=\"width:413px;height:auto\" srcset=\"https:\/\/aceweb.cat\/wp-content\/uploads\/2025\/11\/Webinar-VeriFactu.jpg 1300w, https:\/\/aceweb.cat\/wp-content\/uploads\/2025\/11\/Webinar-VeriFactu-300x208.jpg 300w, https:\/\/aceweb.cat\/wp-content\/uploads\/2025\/11\/Webinar-VeriFactu-1024x709.jpg 1024w, https:\/\/aceweb.cat\/wp-content\/uploads\/2025\/11\/Webinar-VeriFactu-768x532.jpg 768w, https:\/\/aceweb.cat\/wp-content\/uploads\/2025\/11\/Webinar-VeriFactu-600x415.jpg 600w\" sizes=\"auto, (max-width: 1300px) 100vw, 1300px\" \/><\/figure>\n\n<p><strong>D\u00eda<\/strong>: 20 de noviembre de 2025<br\/><strong>Horario<\/strong>: 10:00 h<br\/><strong>Duraci\u00f3n<\/strong>: 1,5 horas<br\/><strong>Formato<\/strong>: virtual por la plataforma zoom<br\/><strong>Idioma<\/strong>: castellano<\/p>\n\n<p><strong>DESCRIPCI\u00d3N<\/strong><\/p>\n\n<p>A partir del 1 de enero de 2026, todas las empresas estar\u00e1n obligadas a cumplir con el sistema de facturaci\u00f3n VeriFactu.. <\/p>\n\n<p>En esta sesi\u00f3n veremos:<\/p>\n\n<ul class=\"wp-block-list\">\n<li>Conceptos clave de VeriFactu y su marco normativo  <\/li>\n<\/ul>\n\n<ul class=\"wp-block-list\">\n<li>Respuestas a las preguntas m\u00e1s frecuentes sobre su aplicaci\u00f3n<\/li>\n<\/ul>\n\n<ul class=\"wp-block-list\">\n<li>Un ejemplo pr\u00e1ctico del proceso de facturaci\u00f3n con VeriFactu <\/li>\n\n\n\n<li>Turno de palabras abierto de preguntes por los asistentes<\/li>\n<\/ul>\n\n<p><\/p>\n\n<p class=\"has-text-align-left\"><strong>PONENTES: <\/strong><\/p>\n\n<p class=\"has-text-align-left\"><strong>Miquel Delcl\u00f2s<\/strong>, CEO de Coneix<br\/><strong>Meritxell Bonet<\/strong>, Manager de finanzas y gesti\u00f3n de personas en Coneix<br\/><strong>Camy Chertes<\/strong>, Consultora de proyectos en Coneix<\/p>\n\n<h3 class=\"wp-block-heading has-text-align-center\"><a href=\"https:\/\/forms.gle\/rXpvNPz9HnjtrBFw5\">Incripci\u00f3n jornada<\/a><\/h3>\n\n<p><\/p>\n","protected":false},"excerpt":{"rendered":"<p>D\u00eda: 20 de noviembre de 2025Horario: 10:00 hDuraci\u00f3n: 1,5 horasFormato: virtual por la plataforma zoomIdioma: castellano DESCRIPCI\u00d3N A partir del 1 de enero de 2026, todas las empresas estar\u00e1n obligadas a cumplir con el sistema de facturaci\u00f3n VeriFactu.. En esta sesi\u00f3n veremos: PONENTES: Miquel Delcl\u00f2s, CEO de ConeixMeritxell Bonet, Manager de finanzas y gesti\u00f3n de &hellip;<\/p>\n<p class=\"read-more\"> <a class=\"\" href=\"https:\/\/aceweb.cat\/es\/agenda\/dijous-a-lace-todo-lo-que-has-de-saber-sobre-verifactur\/\"> <span class=\"screen-reader-text\">Dijous a l&#8217;ACE: Todo lo que has de saber sobre VeriFactur<\/span> Leer m\u00e1s &raquo;<\/a><\/p>\n","protected":false},"author":93,"featured_media":46936,"comment_status":"closed","ping_status":"closed","sticky":false,"template":"","format":"standard","meta":{"_acf_changed":false,"site-sidebar-layout":"default","site-content-layout":"default","ast-global-header-display":"","ast-main-header-display":"","ast-hfb-above-header-display":"","ast-hfb-below-header-display":"","ast-hfb-mobile-header-display":"","site-post-title":"","ast-breadcrumbs-content":"","ast-featured-img":"","footer-sml-layout":"","theme-transparent-header-meta":"","adv-header-id-meta":"","stick-header-meta":"","header-above-stick-meta":"","header-main-stick-meta":"","header-below-stick-meta":"","footnotes":""},"categories":[373],"tags":[],"class_list":["post-46946","post","type-post","status-publish","format-standard","has-post-thumbnail","hentry","category-agenda"],"acf":[],"yoast_head":"<!-- This site is optimized with the Yoast SEO plugin v27.1.1 - https:\/\/yoast.com\/product\/yoast-seo-wordpress\/ -->\n<title>Dijous a l&#039;ACE: Todo lo que has de saber sobre VeriFactur | ACE<\/title>\n<meta name=\"description\" content=\"A partir de enero de 2026, todas las empresas estar\u00e1n obligadas a cumplir con el sistema de facturaci\u00f3n VeriFactu.\" \/>\n<meta name=\"robots\" content=\"index, follow, max-snippet:-1, max-image-preview:large, max-video-preview:-1\" \/>\n<link rel=\"canonical\" href=\"https:\/\/aceweb.cat\/es\/agenda\/dijous-a-lace-todo-lo-que-has-de-saber-sobre-verifactur\/\" \/>\n<meta property=\"og:locale\" content=\"es_ES\" \/>\n<meta property=\"og:type\" content=\"article\" \/>\n<meta property=\"og:title\" content=\"Dijous a l&#039;ACE: Todo lo que has de saber sobre VeriFactur | ACE\" \/>\n<meta property=\"og:description\" content=\"A partir de enero de 2026, todas las empresas estar\u00e1n obligadas a cumplir con el sistema de facturaci\u00f3n VeriFactu.\" \/>\n<meta property=\"og:url\" content=\"https:\/\/aceweb.cat\/es\/agenda\/dijous-a-lace-todo-lo-que-has-de-saber-sobre-verifactur\/\" \/>\n<meta property=\"og:site_name\" content=\"aceweb.cat\" \/>\n<meta property=\"article:published_time\" content=\"2025-10-31T18:48:29+00:00\" \/>\n<meta property=\"article:modified_time\" content=\"2025-11-02T18:58:24+00:00\" \/>\n<meta property=\"og:image\" content=\"https:\/\/aceweb.cat\/wp-content\/uploads\/2025\/11\/Webinar-VeriFactu.jpg\" \/>\n\t<meta property=\"og:image:width\" content=\"1300\" \/>\n\t<meta property=\"og:image:height\" content=\"900\" \/>\n\t<meta property=\"og:image:type\" content=\"image\/jpeg\" \/>\n<meta name=\"author\" content=\"Merc\u00e8 Sierra\" \/>\n<meta name=\"twitter:card\" content=\"summary_large_image\" \/>\n<meta name=\"twitter:label1\" content=\"Escrito por\" \/>\n\t<meta name=\"twitter:data1\" content=\"Merc\u00e8 Sierra\" \/>\n\t<meta name=\"twitter:label2\" content=\"Tiempo de lectura\" \/>\n\t<meta name=\"twitter:data2\" content=\"1 minuto\" \/>\n<script type=\"application\/ld+json\" class=\"yoast-schema-graph\">{\"@context\":\"https:\/\/schema.org\",\"@graph\":[{\"@type\":\"Article\",\"@id\":\"https:\/\/aceweb.cat\/es\/agenda\/dijous-a-lace-todo-lo-que-has-de-saber-sobre-verifactur\/#article\",\"isPartOf\":{\"@id\":\"https:\/\/aceweb.cat\/es\/agenda\/dijous-a-lace-todo-lo-que-has-de-saber-sobre-verifactur\/\"},\"author\":{\"name\":\"Merc\u00e8 Sierra\",\"@id\":\"https:\/\/aceweb.cat\/#\/schema\/person\/a6b8893e55b089407baaac96e1014d92\"},\"headline\":\"Dijous a l&#8217;ACE: Todo lo que has de saber sobre VeriFactur\",\"datePublished\":\"2025-10-31T18:48:29+00:00\",\"dateModified\":\"2025-11-02T18:58:24+00:00\",\"mainEntityOfPage\":{\"@id\":\"https:\/\/aceweb.cat\/es\/agenda\/dijous-a-lace-todo-lo-que-has-de-saber-sobre-verifactur\/\"},\"wordCount\":126,\"publisher\":{\"@id\":\"https:\/\/aceweb.cat\/#organization\"},\"image\":{\"@id\":\"https:\/\/aceweb.cat\/es\/agenda\/dijous-a-lace-todo-lo-que-has-de-saber-sobre-verifactur\/#primaryimage\"},\"thumbnailUrl\":\"https:\/\/aceweb.cat\/wp-content\/uploads\/2025\/11\/Webinar-VeriFactu.jpg\",\"articleSection\":[\"Agenda\"],\"inLanguage\":\"es\"},{\"@type\":\"WebPage\",\"@id\":\"https:\/\/aceweb.cat\/es\/agenda\/dijous-a-lace-todo-lo-que-has-de-saber-sobre-verifactur\/\",\"url\":\"https:\/\/aceweb.cat\/es\/agenda\/dijous-a-lace-todo-lo-que-has-de-saber-sobre-verifactur\/\",\"name\":\"Dijous a l'ACE: Todo lo que has de saber sobre VeriFactur | ACE\",\"isPartOf\":{\"@id\":\"https:\/\/aceweb.cat\/#website\"},\"primaryImageOfPage\":{\"@id\":\"https:\/\/aceweb.cat\/es\/agenda\/dijous-a-lace-todo-lo-que-has-de-saber-sobre-verifactur\/#primaryimage\"},\"image\":{\"@id\":\"https:\/\/aceweb.cat\/es\/agenda\/dijous-a-lace-todo-lo-que-has-de-saber-sobre-verifactur\/#primaryimage\"},\"thumbnailUrl\":\"https:\/\/aceweb.cat\/wp-content\/uploads\/2025\/11\/Webinar-VeriFactu.jpg\",\"datePublished\":\"2025-10-31T18:48:29+00:00\",\"dateModified\":\"2025-11-02T18:58:24+00:00\",\"description\":\"A partir de enero de 2026, todas las empresas estar\u00e1n obligadas a cumplir con el sistema de facturaci\u00f3n VeriFactu.\",\"breadcrumb\":{\"@id\":\"https:\/\/aceweb.cat\/es\/agenda\/dijous-a-lace-todo-lo-que-has-de-saber-sobre-verifactur\/#breadcrumb\"},\"inLanguage\":\"es\",\"potentialAction\":[{\"@type\":\"ReadAction\",\"target\":[\"https:\/\/aceweb.cat\/es\/agenda\/dijous-a-lace-todo-lo-que-has-de-saber-sobre-verifactur\/\"]}]},{\"@type\":\"ImageObject\",\"inLanguage\":\"es\",\"@id\":\"https:\/\/aceweb.cat\/es\/agenda\/dijous-a-lace-todo-lo-que-has-de-saber-sobre-verifactur\/#primaryimage\",\"url\":\"https:\/\/aceweb.cat\/wp-content\/uploads\/2025\/11\/Webinar-VeriFactu.jpg\",\"contentUrl\":\"https:\/\/aceweb.cat\/wp-content\/uploads\/2025\/11\/Webinar-VeriFactu.jpg\",\"width\":1300,\"height\":900},{\"@type\":\"BreadcrumbList\",\"@id\":\"https:\/\/aceweb.cat\/es\/agenda\/dijous-a-lace-todo-lo-que-has-de-saber-sobre-verifactur\/#breadcrumb\",\"itemListElement\":[{\"@type\":\"ListItem\",\"position\":1,\"name\":\"Inici\",\"item\":\"https:\/\/aceweb.cat\/\"},{\"@type\":\"ListItem\",\"position\":2,\"name\":\"Agenda\",\"item\":\"https:\/\/aceweb.cat\/categoria\/agenda\/\"},{\"@type\":\"ListItem\",\"position\":3,\"name\":\"Dijous a l&#8217;ACE: Todo lo que has de saber sobre VeriFactur\"}]},{\"@type\":\"WebSite\",\"@id\":\"https:\/\/aceweb.cat\/#website\",\"url\":\"https:\/\/aceweb.cat\/\",\"name\":\"ACE\",\"description\":\"Associaci\u00f3 de Consultors d&#039;Estructures | ACE\",\"publisher\":{\"@id\":\"https:\/\/aceweb.cat\/#organization\"},\"alternateName\":\"ACE\",\"potentialAction\":[{\"@type\":\"SearchAction\",\"target\":{\"@type\":\"EntryPoint\",\"urlTemplate\":\"https:\/\/aceweb.cat\/?s={search_term_string}\"},\"query-input\":{\"@type\":\"PropertyValueSpecification\",\"valueRequired\":true,\"valueName\":\"search_term_string\"}}],\"inLanguage\":\"es\"},{\"@type\":\"Organization\",\"@id\":\"https:\/\/aceweb.cat\/#organization\",\"name\":\"ACE\",\"alternateName\":\"ACE\",\"url\":\"https:\/\/aceweb.cat\/\",\"logo\":{\"@type\":\"ImageObject\",\"inLanguage\":\"es\",\"@id\":\"https:\/\/aceweb.cat\/#\/schema\/logo\/image\/\",\"url\":\"https:\/\/aceweb.cat\/wp-content\/uploads\/2022\/10\/logo.svg\",\"contentUrl\":\"https:\/\/aceweb.cat\/wp-content\/uploads\/2022\/10\/logo.svg\",\"width\":1,\"height\":1,\"caption\":\"ACE\"},\"image\":{\"@id\":\"https:\/\/aceweb.cat\/#\/schema\/logo\/image\/\"}},{\"@type\":\"Person\",\"@id\":\"https:\/\/aceweb.cat\/#\/schema\/person\/a6b8893e55b089407baaac96e1014d92\",\"name\":\"Merc\u00e8 Sierra\",\"image\":{\"@type\":\"ImageObject\",\"inLanguage\":\"es\",\"@id\":\"https:\/\/aceweb.cat\/#\/schema\/person\/image\/\",\"url\":\"https:\/\/secure.gravatar.com\/avatar\/22f0c97d4117dfcc3220888d6384e2a07df217ae83511660a0783b56292770b5?s=96&d=mm&r=g\",\"contentUrl\":\"https:\/\/secure.gravatar.com\/avatar\/22f0c97d4117dfcc3220888d6384e2a07df217ae83511660a0783b56292770b5?s=96&d=mm&r=g\",\"caption\":\"Merc\u00e8 Sierra\"},\"url\":\"https:\/\/aceweb.cat\/es\/author\/merce-sierra\/\"}]}<\/script>\n<!-- \/ Yoast SEO plugin. -->","yoast_head_json":{"title":"Dijous a l'ACE: Todo lo que has de saber sobre VeriFactur | ACE","description":"A partir de enero de 2026, todas las empresas estar\u00e1n obligadas a cumplir con el sistema de facturaci\u00f3n VeriFactu.","robots":{"index":"index","follow":"follow","max-snippet":"max-snippet:-1","max-image-preview":"max-image-preview:large","max-video-preview":"max-video-preview:-1"},"canonical":"https:\/\/aceweb.cat\/es\/agenda\/dijous-a-lace-todo-lo-que-has-de-saber-sobre-verifactur\/","og_locale":"es_ES","og_type":"article","og_title":"Dijous a l'ACE: Todo lo que has de saber sobre VeriFactur | ACE","og_description":"A partir de enero de 2026, todas las empresas estar\u00e1n obligadas a cumplir con el sistema de facturaci\u00f3n VeriFactu.","og_url":"https:\/\/aceweb.cat\/es\/agenda\/dijous-a-lace-todo-lo-que-has-de-saber-sobre-verifactur\/","og_site_name":"aceweb.cat","article_published_time":"2025-10-31T18:48:29+00:00","article_modified_time":"2025-11-02T18:58:24+00:00","og_image":[{"width":1300,"height":900,"url":"https:\/\/aceweb.cat\/wp-content\/uploads\/2025\/11\/Webinar-VeriFactu.jpg","type":"image\/jpeg"}],"author":"Merc\u00e8 Sierra","twitter_card":"summary_large_image","twitter_misc":{"Escrito por":"Merc\u00e8 Sierra","Tiempo de lectura":"1 minuto"},"schema":{"@context":"https:\/\/schema.org","@graph":[{"@type":"Article","@id":"https:\/\/aceweb.cat\/es\/agenda\/dijous-a-lace-todo-lo-que-has-de-saber-sobre-verifactur\/#article","isPartOf":{"@id":"https:\/\/aceweb.cat\/es\/agenda\/dijous-a-lace-todo-lo-que-has-de-saber-sobre-verifactur\/"},"author":{"name":"Merc\u00e8 Sierra","@id":"https:\/\/aceweb.cat\/#\/schema\/person\/a6b8893e55b089407baaac96e1014d92"},"headline":"Dijous a l&#8217;ACE: Todo lo que has de saber sobre VeriFactur","datePublished":"2025-10-31T18:48:29+00:00","dateModified":"2025-11-02T18:58:24+00:00","mainEntityOfPage":{"@id":"https:\/\/aceweb.cat\/es\/agenda\/dijous-a-lace-todo-lo-que-has-de-saber-sobre-verifactur\/"},"wordCount":126,"publisher":{"@id":"https:\/\/aceweb.cat\/#organization"},"image":{"@id":"https:\/\/aceweb.cat\/es\/agenda\/dijous-a-lace-todo-lo-que-has-de-saber-sobre-verifactur\/#primaryimage"},"thumbnailUrl":"https:\/\/aceweb.cat\/wp-content\/uploads\/2025\/11\/Webinar-VeriFactu.jpg","articleSection":["Agenda"],"inLanguage":"es"},{"@type":"WebPage","@id":"https:\/\/aceweb.cat\/es\/agenda\/dijous-a-lace-todo-lo-que-has-de-saber-sobre-verifactur\/","url":"https:\/\/aceweb.cat\/es\/agenda\/dijous-a-lace-todo-lo-que-has-de-saber-sobre-verifactur\/","name":"Dijous a l'ACE: Todo lo que has de saber sobre VeriFactur | ACE","isPartOf":{"@id":"https:\/\/aceweb.cat\/#website"},"primaryImageOfPage":{"@id":"https:\/\/aceweb.cat\/es\/agenda\/dijous-a-lace-todo-lo-que-has-de-saber-sobre-verifactur\/#primaryimage"},"image":{"@id":"https:\/\/aceweb.cat\/es\/agenda\/dijous-a-lace-todo-lo-que-has-de-saber-sobre-verifactur\/#primaryimage"},"thumbnailUrl":"https:\/\/aceweb.cat\/wp-content\/uploads\/2025\/11\/Webinar-VeriFactu.jpg","datePublished":"2025-10-31T18:48:29+00:00","dateModified":"2025-11-02T18:58:24+00:00","description":"A partir de enero de 2026, todas las empresas estar\u00e1n obligadas a cumplir con el sistema de facturaci\u00f3n VeriFactu.","breadcrumb":{"@id":"https:\/\/aceweb.cat\/es\/agenda\/dijous-a-lace-todo-lo-que-has-de-saber-sobre-verifactur\/#breadcrumb"},"inLanguage":"es","potentialAction":[{"@type":"ReadAction","target":["https:\/\/aceweb.cat\/es\/agenda\/dijous-a-lace-todo-lo-que-has-de-saber-sobre-verifactur\/"]}]},{"@type":"ImageObject","inLanguage":"es","@id":"https:\/\/aceweb.cat\/es\/agenda\/dijous-a-lace-todo-lo-que-has-de-saber-sobre-verifactur\/#primaryimage","url":"https:\/\/aceweb.cat\/wp-content\/uploads\/2025\/11\/Webinar-VeriFactu.jpg","contentUrl":"https:\/\/aceweb.cat\/wp-content\/uploads\/2025\/11\/Webinar-VeriFactu.jpg","width":1300,"height":900},{"@type":"BreadcrumbList","@id":"https:\/\/aceweb.cat\/es\/agenda\/dijous-a-lace-todo-lo-que-has-de-saber-sobre-verifactur\/#breadcrumb","itemListElement":[{"@type":"ListItem","position":1,"name":"Inici","item":"https:\/\/aceweb.cat\/"},{"@type":"ListItem","position":2,"name":"Agenda","item":"https:\/\/aceweb.cat\/categoria\/agenda\/"},{"@type":"ListItem","position":3,"name":"Dijous a l&#8217;ACE: Todo lo que has de saber sobre VeriFactur"}]},{"@type":"WebSite","@id":"https:\/\/aceweb.cat\/#website","url":"https:\/\/aceweb.cat\/","name":"ACE","description":"Associaci\u00f3 de Consultors d&#039;Estructures | ACE","publisher":{"@id":"https:\/\/aceweb.cat\/#organization"},"alternateName":"ACE","potentialAction":[{"@type":"SearchAction","target":{"@type":"EntryPoint","urlTemplate":"https:\/\/aceweb.cat\/?s={search_term_string}"},"query-input":{"@type":"PropertyValueSpecification","valueRequired":true,"valueName":"search_term_string"}}],"inLanguage":"es"},{"@type":"Organization","@id":"https:\/\/aceweb.cat\/#organization","name":"ACE","alternateName":"ACE","url":"https:\/\/aceweb.cat\/","logo":{"@type":"ImageObject","inLanguage":"es","@id":"https:\/\/aceweb.cat\/#\/schema\/logo\/image\/","url":"https:\/\/aceweb.cat\/wp-content\/uploads\/2022\/10\/logo.svg","contentUrl":"https:\/\/aceweb.cat\/wp-content\/uploads\/2022\/10\/logo.svg","width":1,"height":1,"caption":"ACE"},"image":{"@id":"https:\/\/aceweb.cat\/#\/schema\/logo\/image\/"}},{"@type":"Person","@id":"https:\/\/aceweb.cat\/#\/schema\/person\/a6b8893e55b089407baaac96e1014d92","name":"Merc\u00e8 Sierra","image":{"@type":"ImageObject","inLanguage":"es","@id":"https:\/\/aceweb.cat\/#\/schema\/person\/image\/","url":"https:\/\/secure.gravatar.com\/avatar\/22f0c97d4117dfcc3220888d6384e2a07df217ae83511660a0783b56292770b5?s=96&d=mm&r=g","contentUrl":"https:\/\/secure.gravatar.com\/avatar\/22f0c97d4117dfcc3220888d6384e2a07df217ae83511660a0783b56292770b5?s=96&d=mm&r=g","caption":"Merc\u00e8 Sierra"},"url":"https:\/\/aceweb.cat\/es\/author\/merce-sierra\/"}]}},"_links":{"self":[{"href":"https:\/\/aceweb.cat\/es\/wp-json\/wp\/v2\/posts\/46946","targetHints":{"allow":["GET"]}}],"collection":[{"href":"https:\/\/aceweb.cat\/es\/wp-json\/wp\/v2\/posts"}],"about":[{"href":"https:\/\/aceweb.cat\/es\/wp-json\/wp\/v2\/types\/post"}],"author":[{"embeddable":true,"href":"https:\/\/aceweb.cat\/es\/wp-json\/wp\/v2\/users\/93"}],"replies":[{"embeddable":true,"href":"https:\/\/aceweb.cat\/es\/wp-json\/wp\/v2\/comments?post=46946"}],"version-history":[{"count":3,"href":"https:\/\/aceweb.cat\/es\/wp-json\/wp\/v2\/posts\/46946\/revisions"}],"predecessor-version":[{"id":46949,"href":"https:\/\/aceweb.cat\/es\/wp-json\/wp\/v2\/posts\/46946\/revisions\/46949"}],"wp:featuredmedia":[{"embeddable":true,"href":"https:\/\/aceweb.cat\/es\/wp-json\/wp\/v2\/media\/46936"}],"wp:attachment":[{"href":"https:\/\/aceweb.cat\/es\/wp-json\/wp\/v2\/media?parent=46946"}],"wp:term":[{"taxonomy":"category","embeddable":true,"href":"https:\/\/aceweb.cat\/es\/wp-json\/wp\/v2\/categories?post=46946"},{"taxonomy":"post_tag","embeddable":true,"href":"https:\/\/aceweb.cat\/es\/wp-json\/wp\/v2\/tags?post=46946"}],"curies":[{"name":"wp","href":"https:\/\/api.w.org\/{rel}","templated":true}]}}