{"id":46964,"date":"2025-10-31T20:00:35","date_gmt":"2025-10-31T20:00:35","guid":{"rendered":"https:\/\/aceweb.cat\/?p=46964"},"modified":"2025-11-02T19:48:44","modified_gmt":"2025-11-02T19:48:44","slug":"dijous-a-lace-galvanizado-contribucion-en-la-durabilidad-y-reutilizacion-de-las-estructuras-de-acero-2","status":"publish","type":"post","link":"https:\/\/aceweb.cat\/es\/formacion\/jornadas\/dijous-a-lace-es\/dijous-a-lace-galvanizado-contribucion-en-la-durabilidad-y-reutilizacion-de-las-estructuras-de-acero-2\/","title":{"rendered":"DIJOUS A L&#8217;ACE: GALVANIZADO, CONTRIBUCI\u00d3N EN LA DURABILIDAD Y REUTILIZACI\u00d3N  DE LAS ESTRUCTURAS DE ACERO"},"content":{"rendered":"\n<div class=\"wp-block-columns is-layout-flex wp-container-core-columns-is-layout-28f84493 wp-block-columns-is-layout-flex\">\n<div class=\"wp-block-column is-layout-flow wp-block-column-is-layout-flow\">\n<figure class=\"wp-block-image size-large\"><img loading=\"lazy\" decoding=\"async\" width=\"1024\" height=\"768\" src=\"https:\/\/aceweb.cat\/wp-content\/uploads\/2025\/11\/CORROSION-2-1024x768.jpg\" alt=\"\" class=\"wp-image-46953\" srcset=\"https:\/\/aceweb.cat\/wp-content\/uploads\/2025\/11\/CORROSION-2-1024x768.jpg 1024w, https:\/\/aceweb.cat\/wp-content\/uploads\/2025\/11\/CORROSION-2-300x225.jpg 300w, https:\/\/aceweb.cat\/wp-content\/uploads\/2025\/11\/CORROSION-2-768x576.jpg 768w, https:\/\/aceweb.cat\/wp-content\/uploads\/2025\/11\/CORROSION-2-1536x1152.jpg 1536w, https:\/\/aceweb.cat\/wp-content\/uploads\/2025\/11\/CORROSION-2-2048x1536.jpg 2048w, https:\/\/aceweb.cat\/wp-content\/uploads\/2025\/11\/CORROSION-2-600x450.jpg 600w\" sizes=\"auto, (max-width: 1024px) 100vw, 1024px\" \/><\/figure>\n<\/div>\n\n\n\n<div class=\"wp-block-column is-layout-flow wp-block-column-is-layout-flow\">\n<figure class=\"wp-block-image size-large\"><img loading=\"lazy\" decoding=\"async\" width=\"1024\" height=\"768\" src=\"https:\/\/aceweb.cat\/wp-content\/uploads\/2025\/11\/ESTACION--1024x768.jpg\" alt=\"\" class=\"wp-image-46951\" srcset=\"https:\/\/aceweb.cat\/wp-content\/uploads\/2025\/11\/ESTACION--1024x768.jpg 1024w, https:\/\/aceweb.cat\/wp-content\/uploads\/2025\/11\/ESTACION--300x225.jpg 300w, https:\/\/aceweb.cat\/wp-content\/uploads\/2025\/11\/ESTACION--768x576.jpg 768w, https:\/\/aceweb.cat\/wp-content\/uploads\/2025\/11\/ESTACION--1536x1152.jpg 1536w, https:\/\/aceweb.cat\/wp-content\/uploads\/2025\/11\/ESTACION--2048x1536.jpg 2048w, https:\/\/aceweb.cat\/wp-content\/uploads\/2025\/11\/ESTACION--600x450.jpg 600w\" sizes=\"auto, (max-width: 1024px) 100vw, 1024px\" \/><\/figure>\n<\/div>\n<\/div>\n\n<p><strong>D\u00eda<\/strong>: 27 de noviembre de 2025<br\/><strong>Horario<\/strong>: 11:00 h<br\/><strong>Duraci\u00f3n<\/strong>: 2,5 horas<br\/><strong>Formato<\/strong>: Presencial<br\/><strong>Lugar<\/strong>: Wellington, 19 &#8211; 08018 Barcelona (Sala de actos)<br\/><strong>Lengua<\/strong>: castellano<\/p>\n\n<p><strong>DESCRIPCI\u00d3N<\/strong><\/p>\n\n<p>La reutilizaci\u00f3n de componentes de una estructura existente constituye la \u00faltima fase de la denominada Econom\u00eda Circular del acero.<br\/>Las ventajas de la reutilizaci\u00f3n del acero en cuanto a sostenibilidad, e incluso a econom\u00eda en muchos casos, supera el reciclado como chatarra.<br\/>En los \u00faltimos a\u00f1os est\u00e1 habiendo un aumento importante de la investigaci\u00f3n en este campo e incluso algunas normas ya contienen apartados aplicables a la Reutilizaci\u00f3n. Un aspecto fundamental es el concerniente a la durabilidad frente a la corrosi\u00f3n. En esta jornada se tratar\u00e1 b\u00e1sicamente la posici\u00f3n de WG2 del CEN\/TC135 a cargo de la EN1090-2 (armonizada con Euroc\u00f3digo 3) y con m\u00e1s extensi\u00f3n la protecci\u00f3n mediante galvanizado de estructuras de acero.<\/p>\n\n<p class=\"has-text-align-left\"><strong>PONENTES: <\/strong><\/p>\n\n<div class=\"wp-block-columns is-layout-flex wp-container-core-columns-is-layout-28f84493 wp-block-columns-is-layout-flex\">\n<div class=\"wp-block-column is-layout-flow wp-block-column-is-layout-flow\" style=\"flex-basis:33.33%\">\n<figure class=\"wp-block-image aligncenter size-full is-resized\"><img loading=\"lazy\" decoding=\"async\" width=\"200\" height=\"200\" src=\"https:\/\/aceweb.cat\/wp-content\/uploads\/2025\/11\/Laurea-Miro.jpg\" alt=\"\" class=\"wp-image-46955\" style=\"width:93px;height:auto\" srcset=\"https:\/\/aceweb.cat\/wp-content\/uploads\/2025\/11\/Laurea-Miro.jpg 200w, https:\/\/aceweb.cat\/wp-content\/uploads\/2025\/11\/Laurea-Miro-150x150.jpg 150w, https:\/\/aceweb.cat\/wp-content\/uploads\/2025\/11\/Laurea-Miro-100x100.jpg 100w\" sizes=\"auto, (max-width: 200px) 100vw, 200px\" \/><\/figure>\n<\/div>\n\n\n\n<div class=\"wp-block-column is-layout-flow wp-block-column-is-layout-flow\" style=\"flex-basis:66.66%\">\n<p><strong>Laure\u00e0 Mir\u00f3<\/strong>. Presentaci\u00f3n de la jornada dentro del marco general de la Sostenibilidad.<\/p>\n<\/div>\n<\/div>\n\n<div class=\"wp-block-columns is-layout-flex wp-container-core-columns-is-layout-28f84493 wp-block-columns-is-layout-flex\">\n<div class=\"wp-block-column is-layout-flow wp-block-column-is-layout-flow\" style=\"flex-basis:33.33%\">\n<figure class=\"wp-block-image aligncenter size-full is-resized\"><img loading=\"lazy\" decoding=\"async\" width=\"200\" height=\"200\" src=\"https:\/\/aceweb.cat\/wp-content\/uploads\/2025\/11\/Alfredo-Arnedo.jpg\" alt=\"\" class=\"wp-image-46957\" style=\"width:93px;height:auto\" srcset=\"https:\/\/aceweb.cat\/wp-content\/uploads\/2025\/11\/Alfredo-Arnedo.jpg 200w, https:\/\/aceweb.cat\/wp-content\/uploads\/2025\/11\/Alfredo-Arnedo-150x150.jpg 150w, https:\/\/aceweb.cat\/wp-content\/uploads\/2025\/11\/Alfredo-Arnedo-100x100.jpg 100w\" sizes=\"auto, (max-width: 200px) 100vw, 200px\" \/><\/figure>\n<\/div>\n\n\n\n<div class=\"wp-block-column is-layout-flow wp-block-column-is-layout-flow\" style=\"flex-basis:66.66%\">\n<p><strong>Alfredo Arnedo<\/strong>. Reutilizaci\u00f3n del acero. La problem\u00e1tica de los perfiles conformados en frio.<\/p>\n<\/div>\n<\/div>\n\n<div class=\"wp-block-columns is-layout-flex wp-container-core-columns-is-layout-28f84493 wp-block-columns-is-layout-flex\">\n<div class=\"wp-block-column is-layout-flow wp-block-column-is-layout-flow\" style=\"flex-basis:33.33%\">\n<figure class=\"wp-block-image aligncenter size-full is-resized\"><img loading=\"lazy\" decoding=\"async\" width=\"377\" height=\"401\" src=\"https:\/\/aceweb.cat\/wp-content\/uploads\/2025\/11\/Pablo-Martinez-Saez.png\" alt=\"\" class=\"wp-image-46959\" style=\"width:93px;height:auto\" srcset=\"https:\/\/aceweb.cat\/wp-content\/uploads\/2025\/11\/Pablo-Martinez-Saez.png 377w, https:\/\/aceweb.cat\/wp-content\/uploads\/2025\/11\/Pablo-Martinez-Saez-282x300.png 282w, https:\/\/aceweb.cat\/wp-content\/uploads\/2025\/11\/Pablo-Martinez-Saez-300x319.png 300w\" sizes=\"auto, (max-width: 377px) 100vw, 377px\" \/><\/figure>\n<\/div>\n\n\n\n<div class=\"wp-block-column is-layout-flow wp-block-column-is-layout-flow\" style=\"flex-basis:66.66%\">\n<p><strong>Pablo Martinez<\/strong>. El galvanizado como sistema de protecci\u00f3n frente la corrosi\u00f3n. Enfoque divulgativo.<\/p>\n<\/div>\n<\/div>\n\n<h3 class=\"wp-block-heading has-text-align-center\"><a href=\"https:\/\/forms.gle\/NUSdiA2BGSTvrBEn6\" target=\"_blank\" rel=\"noreferrer noopener\">Incripci\u00f3n jornada<\/a><\/h3>\n\n<p><\/p>\n","protected":false},"excerpt":{"rendered":"<p>D\u00eda: 27 de noviembre de 2025Horario: 11:00 hDuraci\u00f3n: 2,5 horasFormato: PresencialLugar: Wellington, 19 &#8211; 08018 Barcelona (Sala de actos)Lengua: castellano DESCRIPCI\u00d3N La reutilizaci\u00f3n de componentes de una estructura existente constituye la \u00faltima fase de la denominada Econom\u00eda Circular del acero.Las ventajas de la reutilizaci\u00f3n del acero en cuanto a sostenibilidad, e incluso a econom\u00eda en &hellip;<\/p>\n<p class=\"read-more\"> <a class=\"\" href=\"https:\/\/aceweb.cat\/es\/formacion\/jornadas\/dijous-a-lace-es\/dijous-a-lace-galvanizado-contribucion-en-la-durabilidad-y-reutilizacion-de-las-estructuras-de-acero-2\/\"> <span class=\"screen-reader-text\">DIJOUS A L&#8217;ACE: GALVANIZADO, CONTRIBUCI\u00d3N EN LA DURABILIDAD Y REUTILIZACI\u00d3N  DE LAS ESTRUCTURAS DE ACERO<\/span> Leer m\u00e1s &raquo;<\/a><\/p>\n","protected":false},"author":93,"featured_media":46952,"comment_status":"closed","ping_status":"closed","sticky":false,"template":"","format":"standard","meta":{"_acf_changed":false,"site-sidebar-layout":"default","site-content-layout":"default","ast-global-header-display":"","ast-main-header-display":"","ast-hfb-above-header-display":"","ast-hfb-below-header-display":"","ast-hfb-mobile-header-display":"","site-post-title":"","ast-breadcrumbs-content":"","ast-featured-img":"","footer-sml-layout":"","theme-transparent-header-meta":"","adv-header-id-meta":"","stick-header-meta":"","header-above-stick-meta":"","header-main-stick-meta":"","header-below-stick-meta":"","footnotes":""},"categories":[374,375,377,380],"tags":[],"class_list":["post-46964","post","type-post","status-publish","format-standard","has-post-thumbnail","hentry","category-dijous-a-lace-es","category-formacion","category-jornadas","category-noticias"],"acf":[],"yoast_head":"<!-- This site is optimized with the Yoast SEO plugin v27.1.1 - https:\/\/yoast.com\/product\/yoast-seo-wordpress\/ -->\n<title>DIJOUS A L&#039;ACE: GALVANIZADO, CONTRIBUCI\u00d3N EN LA DURABILIDAD Y REUTILIZACI\u00d3N DE LAS ESTRUCTURAS DE ACERO | ACE<\/title>\n<meta name=\"description\" content=\"La reutilizaci\u00f3n de componentes de una estructura existente constituye la \u00faltima fase de la denominada Econom\u00eda Circular del acero.\" \/>\n<meta name=\"robots\" content=\"index, follow, max-snippet:-1, max-image-preview:large, max-video-preview:-1\" \/>\n<link rel=\"canonical\" href=\"https:\/\/aceweb.cat\/es\/formacion\/jornadas\/dijous-a-lace-es\/dijous-a-lace-galvanizado-contribucion-en-la-durabilidad-y-reutilizacion-de-las-estructuras-de-acero-2\/\" \/>\n<meta property=\"og:locale\" content=\"es_ES\" \/>\n<meta property=\"og:type\" content=\"article\" \/>\n<meta property=\"og:title\" content=\"DIJOUS A L&#039;ACE: GALVANIZADO, CONTRIBUCI\u00d3N EN LA DURABILIDAD Y REUTILIZACI\u00d3N DE LAS ESTRUCTURAS DE ACERO | ACE\" \/>\n<meta property=\"og:description\" content=\"La reutilizaci\u00f3n de componentes de una estructura existente constituye la \u00faltima fase de la denominada Econom\u00eda Circular del acero.\" \/>\n<meta property=\"og:url\" content=\"https:\/\/aceweb.cat\/es\/formacion\/jornadas\/dijous-a-lace-es\/dijous-a-lace-galvanizado-contribucion-en-la-durabilidad-y-reutilizacion-de-las-estructuras-de-acero-2\/\" \/>\n<meta property=\"og:site_name\" content=\"aceweb.cat\" \/>\n<meta property=\"article:published_time\" content=\"2025-10-31T20:00:35+00:00\" \/>\n<meta property=\"article:modified_time\" content=\"2025-11-02T19:48:44+00:00\" \/>\n<meta property=\"og:image\" content=\"https:\/\/aceweb.cat\/wp-content\/uploads\/2025\/11\/ESTACION--scaled.jpg\" \/>\n\t<meta property=\"og:image:width\" content=\"2560\" \/>\n\t<meta property=\"og:image:height\" content=\"1920\" \/>\n\t<meta property=\"og:image:type\" content=\"image\/jpeg\" \/>\n<meta name=\"author\" content=\"Merc\u00e8 Sierra\" \/>\n<meta name=\"twitter:card\" content=\"summary_large_image\" \/>\n<meta name=\"twitter:label1\" content=\"Escrito por\" \/>\n\t<meta name=\"twitter:data1\" content=\"Merc\u00e8 Sierra\" \/>\n\t<meta name=\"twitter:label2\" content=\"Tiempo de lectura\" \/>\n\t<meta name=\"twitter:data2\" content=\"1 minuto\" \/>\n<script type=\"application\/ld+json\" class=\"yoast-schema-graph\">{\"@context\":\"https:\/\/schema.org\",\"@graph\":[{\"@type\":\"Article\",\"@id\":\"https:\/\/aceweb.cat\/es\/formacion\/jornadas\/dijous-a-lace-es\/dijous-a-lace-galvanizado-contribucion-en-la-durabilidad-y-reutilizacion-de-las-estructuras-de-acero-2\/#article\",\"isPartOf\":{\"@id\":\"https:\/\/aceweb.cat\/es\/formacion\/jornadas\/dijous-a-lace-es\/dijous-a-lace-galvanizado-contribucion-en-la-durabilidad-y-reutilizacion-de-las-estructuras-de-acero-2\/\"},\"author\":{\"name\":\"Merc\u00e8 Sierra\",\"@id\":\"https:\/\/aceweb.cat\/#\/schema\/person\/a6b8893e55b089407baaac96e1014d92\"},\"headline\":\"DIJOUS A L&#8217;ACE: GALVANIZADO, CONTRIBUCI\u00d3N EN LA DURABILIDAD Y REUTILIZACI\u00d3N DE LAS ESTRUCTURAS DE ACERO\",\"datePublished\":\"2025-10-31T20:00:35+00:00\",\"dateModified\":\"2025-11-02T19:48:44+00:00\",\"mainEntityOfPage\":{\"@id\":\"https:\/\/aceweb.cat\/es\/formacion\/jornadas\/dijous-a-lace-es\/dijous-a-lace-galvanizado-contribucion-en-la-durabilidad-y-reutilizacion-de-las-estructuras-de-acero-2\/\"},\"wordCount\":218,\"publisher\":{\"@id\":\"https:\/\/aceweb.cat\/#organization\"},\"image\":{\"@id\":\"https:\/\/aceweb.cat\/es\/formacion\/jornadas\/dijous-a-lace-es\/dijous-a-lace-galvanizado-contribucion-en-la-durabilidad-y-reutilizacion-de-las-estructuras-de-acero-2\/#primaryimage\"},\"thumbnailUrl\":\"https:\/\/aceweb.cat\/wp-content\/uploads\/2025\/11\/ESTACION--scaled.jpg\",\"articleSection\":[\"Dijous a l'ACE\",\"Formaci\u00f3n\",\"Jornadas\",\"Noticias\"],\"inLanguage\":\"es\"},{\"@type\":\"WebPage\",\"@id\":\"https:\/\/aceweb.cat\/es\/formacion\/jornadas\/dijous-a-lace-es\/dijous-a-lace-galvanizado-contribucion-en-la-durabilidad-y-reutilizacion-de-las-estructuras-de-acero-2\/\",\"url\":\"https:\/\/aceweb.cat\/es\/formacion\/jornadas\/dijous-a-lace-es\/dijous-a-lace-galvanizado-contribucion-en-la-durabilidad-y-reutilizacion-de-las-estructuras-de-acero-2\/\",\"name\":\"DIJOUS A L'ACE: GALVANIZADO, CONTRIBUCI\u00d3N EN LA DURABILIDAD Y REUTILIZACI\u00d3N DE LAS ESTRUCTURAS DE ACERO | ACE\",\"isPartOf\":{\"@id\":\"https:\/\/aceweb.cat\/#website\"},\"primaryImageOfPage\":{\"@id\":\"https:\/\/aceweb.cat\/es\/formacion\/jornadas\/dijous-a-lace-es\/dijous-a-lace-galvanizado-contribucion-en-la-durabilidad-y-reutilizacion-de-las-estructuras-de-acero-2\/#primaryimage\"},\"image\":{\"@id\":\"https:\/\/aceweb.cat\/es\/formacion\/jornadas\/dijous-a-lace-es\/dijous-a-lace-galvanizado-contribucion-en-la-durabilidad-y-reutilizacion-de-las-estructuras-de-acero-2\/#primaryimage\"},\"thumbnailUrl\":\"https:\/\/aceweb.cat\/wp-content\/uploads\/2025\/11\/ESTACION--scaled.jpg\",\"datePublished\":\"2025-10-31T20:00:35+00:00\",\"dateModified\":\"2025-11-02T19:48:44+00:00\",\"description\":\"La reutilizaci\u00f3n de componentes de una estructura existente constituye la \u00faltima fase de la denominada Econom\u00eda Circular del acero.\",\"breadcrumb\":{\"@id\":\"https:\/\/aceweb.cat\/es\/formacion\/jornadas\/dijous-a-lace-es\/dijous-a-lace-galvanizado-contribucion-en-la-durabilidad-y-reutilizacion-de-las-estructuras-de-acero-2\/#breadcrumb\"},\"inLanguage\":\"es\",\"potentialAction\":[{\"@type\":\"ReadAction\",\"target\":[\"https:\/\/aceweb.cat\/es\/formacion\/jornadas\/dijous-a-lace-es\/dijous-a-lace-galvanizado-contribucion-en-la-durabilidad-y-reutilizacion-de-las-estructuras-de-acero-2\/\"]}]},{\"@type\":\"ImageObject\",\"inLanguage\":\"es\",\"@id\":\"https:\/\/aceweb.cat\/es\/formacion\/jornadas\/dijous-a-lace-es\/dijous-a-lace-galvanizado-contribucion-en-la-durabilidad-y-reutilizacion-de-las-estructuras-de-acero-2\/#primaryimage\",\"url\":\"https:\/\/aceweb.cat\/wp-content\/uploads\/2025\/11\/ESTACION--scaled.jpg\",\"contentUrl\":\"https:\/\/aceweb.cat\/wp-content\/uploads\/2025\/11\/ESTACION--scaled.jpg\",\"width\":2560,\"height\":1920},{\"@type\":\"BreadcrumbList\",\"@id\":\"https:\/\/aceweb.cat\/es\/formacion\/jornadas\/dijous-a-lace-es\/dijous-a-lace-galvanizado-contribucion-en-la-durabilidad-y-reutilizacion-de-las-estructuras-de-acero-2\/#breadcrumb\",\"itemListElement\":[{\"@type\":\"ListItem\",\"position\":1,\"name\":\"Inici\",\"item\":\"https:\/\/aceweb.cat\/\"},{\"@type\":\"ListItem\",\"position\":2,\"name\":\"Formaci\u00f3n\",\"item\":\"https:\/\/aceweb.cat\/es\/categoria\/formacion\/\"},{\"@type\":\"ListItem\",\"position\":3,\"name\":\"Jornadas\",\"item\":\"https:\/\/aceweb.cat\/es\/categoria\/formacion\/jornadas\/\"},{\"@type\":\"ListItem\",\"position\":4,\"name\":\"Dijous a l'ACE\",\"item\":\"https:\/\/aceweb.cat\/es\/categoria\/formacion\/jornadas\/dijous-a-lace-es\/\"},{\"@type\":\"ListItem\",\"position\":5,\"name\":\"DIJOUS A L&#8217;ACE: GALVANIZADO, CONTRIBUCI\u00d3N EN LA DURABILIDAD Y REUTILIZACI\u00d3N DE LAS ESTRUCTURAS DE ACERO\"}]},{\"@type\":\"WebSite\",\"@id\":\"https:\/\/aceweb.cat\/#website\",\"url\":\"https:\/\/aceweb.cat\/\",\"name\":\"ACE\",\"description\":\"Associaci\u00f3 de Consultors d&#039;Estructures | ACE\",\"publisher\":{\"@id\":\"https:\/\/aceweb.cat\/#organization\"},\"alternateName\":\"ACE\",\"potentialAction\":[{\"@type\":\"SearchAction\",\"target\":{\"@type\":\"EntryPoint\",\"urlTemplate\":\"https:\/\/aceweb.cat\/?s={search_term_string}\"},\"query-input\":{\"@type\":\"PropertyValueSpecification\",\"valueRequired\":true,\"valueName\":\"search_term_string\"}}],\"inLanguage\":\"es\"},{\"@type\":\"Organization\",\"@id\":\"https:\/\/aceweb.cat\/#organization\",\"name\":\"ACE\",\"alternateName\":\"ACE\",\"url\":\"https:\/\/aceweb.cat\/\",\"logo\":{\"@type\":\"ImageObject\",\"inLanguage\":\"es\",\"@id\":\"https:\/\/aceweb.cat\/#\/schema\/logo\/image\/\",\"url\":\"https:\/\/aceweb.cat\/wp-content\/uploads\/2022\/10\/logo.svg\",\"contentUrl\":\"https:\/\/aceweb.cat\/wp-content\/uploads\/2022\/10\/logo.svg\",\"width\":1,\"height\":1,\"caption\":\"ACE\"},\"image\":{\"@id\":\"https:\/\/aceweb.cat\/#\/schema\/logo\/image\/\"}},{\"@type\":\"Person\",\"@id\":\"https:\/\/aceweb.cat\/#\/schema\/person\/a6b8893e55b089407baaac96e1014d92\",\"name\":\"Merc\u00e8 Sierra\",\"image\":{\"@type\":\"ImageObject\",\"inLanguage\":\"es\",\"@id\":\"https:\/\/aceweb.cat\/#\/schema\/person\/image\/\",\"url\":\"https:\/\/secure.gravatar.com\/avatar\/22f0c97d4117dfcc3220888d6384e2a07df217ae83511660a0783b56292770b5?s=96&d=mm&r=g\",\"contentUrl\":\"https:\/\/secure.gravatar.com\/avatar\/22f0c97d4117dfcc3220888d6384e2a07df217ae83511660a0783b56292770b5?s=96&d=mm&r=g\",\"caption\":\"Merc\u00e8 Sierra\"},\"url\":\"https:\/\/aceweb.cat\/es\/author\/merce-sierra\/\"}]}<\/script>\n<!-- \/ Yoast SEO plugin. -->","yoast_head_json":{"title":"DIJOUS A L'ACE: GALVANIZADO, CONTRIBUCI\u00d3N EN LA DURABILIDAD Y REUTILIZACI\u00d3N DE LAS ESTRUCTURAS DE ACERO | ACE","description":"La reutilizaci\u00f3n de componentes de una estructura existente constituye la \u00faltima fase de la denominada Econom\u00eda Circular del acero.","robots":{"index":"index","follow":"follow","max-snippet":"max-snippet:-1","max-image-preview":"max-image-preview:large","max-video-preview":"max-video-preview:-1"},"canonical":"https:\/\/aceweb.cat\/es\/formacion\/jornadas\/dijous-a-lace-es\/dijous-a-lace-galvanizado-contribucion-en-la-durabilidad-y-reutilizacion-de-las-estructuras-de-acero-2\/","og_locale":"es_ES","og_type":"article","og_title":"DIJOUS A L'ACE: GALVANIZADO, CONTRIBUCI\u00d3N EN LA DURABILIDAD Y REUTILIZACI\u00d3N DE LAS ESTRUCTURAS DE ACERO | ACE","og_description":"La reutilizaci\u00f3n de componentes de una estructura existente constituye la \u00faltima fase de la denominada Econom\u00eda Circular del acero.","og_url":"https:\/\/aceweb.cat\/es\/formacion\/jornadas\/dijous-a-lace-es\/dijous-a-lace-galvanizado-contribucion-en-la-durabilidad-y-reutilizacion-de-las-estructuras-de-acero-2\/","og_site_name":"aceweb.cat","article_published_time":"2025-10-31T20:00:35+00:00","article_modified_time":"2025-11-02T19:48:44+00:00","og_image":[{"width":2560,"height":1920,"url":"https:\/\/aceweb.cat\/wp-content\/uploads\/2025\/11\/ESTACION--scaled.jpg","type":"image\/jpeg"}],"author":"Merc\u00e8 Sierra","twitter_card":"summary_large_image","twitter_misc":{"Escrito por":"Merc\u00e8 Sierra","Tiempo de lectura":"1 minuto"},"schema":{"@context":"https:\/\/schema.org","@graph":[{"@type":"Article","@id":"https:\/\/aceweb.cat\/es\/formacion\/jornadas\/dijous-a-lace-es\/dijous-a-lace-galvanizado-contribucion-en-la-durabilidad-y-reutilizacion-de-las-estructuras-de-acero-2\/#article","isPartOf":{"@id":"https:\/\/aceweb.cat\/es\/formacion\/jornadas\/dijous-a-lace-es\/dijous-a-lace-galvanizado-contribucion-en-la-durabilidad-y-reutilizacion-de-las-estructuras-de-acero-2\/"},"author":{"name":"Merc\u00e8 Sierra","@id":"https:\/\/aceweb.cat\/#\/schema\/person\/a6b8893e55b089407baaac96e1014d92"},"headline":"DIJOUS A L&#8217;ACE: GALVANIZADO, CONTRIBUCI\u00d3N EN LA DURABILIDAD Y REUTILIZACI\u00d3N DE LAS ESTRUCTURAS DE ACERO","datePublished":"2025-10-31T20:00:35+00:00","dateModified":"2025-11-02T19:48:44+00:00","mainEntityOfPage":{"@id":"https:\/\/aceweb.cat\/es\/formacion\/jornadas\/dijous-a-lace-es\/dijous-a-lace-galvanizado-contribucion-en-la-durabilidad-y-reutilizacion-de-las-estructuras-de-acero-2\/"},"wordCount":218,"publisher":{"@id":"https:\/\/aceweb.cat\/#organization"},"image":{"@id":"https:\/\/aceweb.cat\/es\/formacion\/jornadas\/dijous-a-lace-es\/dijous-a-lace-galvanizado-contribucion-en-la-durabilidad-y-reutilizacion-de-las-estructuras-de-acero-2\/#primaryimage"},"thumbnailUrl":"https:\/\/aceweb.cat\/wp-content\/uploads\/2025\/11\/ESTACION--scaled.jpg","articleSection":["Dijous a l'ACE","Formaci\u00f3n","Jornadas","Noticias"],"inLanguage":"es"},{"@type":"WebPage","@id":"https:\/\/aceweb.cat\/es\/formacion\/jornadas\/dijous-a-lace-es\/dijous-a-lace-galvanizado-contribucion-en-la-durabilidad-y-reutilizacion-de-las-estructuras-de-acero-2\/","url":"https:\/\/aceweb.cat\/es\/formacion\/jornadas\/dijous-a-lace-es\/dijous-a-lace-galvanizado-contribucion-en-la-durabilidad-y-reutilizacion-de-las-estructuras-de-acero-2\/","name":"DIJOUS A L'ACE: GALVANIZADO, CONTRIBUCI\u00d3N EN LA DURABILIDAD Y REUTILIZACI\u00d3N DE LAS ESTRUCTURAS DE ACERO | ACE","isPartOf":{"@id":"https:\/\/aceweb.cat\/#website"},"primaryImageOfPage":{"@id":"https:\/\/aceweb.cat\/es\/formacion\/jornadas\/dijous-a-lace-es\/dijous-a-lace-galvanizado-contribucion-en-la-durabilidad-y-reutilizacion-de-las-estructuras-de-acero-2\/#primaryimage"},"image":{"@id":"https:\/\/aceweb.cat\/es\/formacion\/jornadas\/dijous-a-lace-es\/dijous-a-lace-galvanizado-contribucion-en-la-durabilidad-y-reutilizacion-de-las-estructuras-de-acero-2\/#primaryimage"},"thumbnailUrl":"https:\/\/aceweb.cat\/wp-content\/uploads\/2025\/11\/ESTACION--scaled.jpg","datePublished":"2025-10-31T20:00:35+00:00","dateModified":"2025-11-02T19:48:44+00:00","description":"La reutilizaci\u00f3n de componentes de una estructura existente constituye la \u00faltima fase de la denominada Econom\u00eda Circular del acero.","breadcrumb":{"@id":"https:\/\/aceweb.cat\/es\/formacion\/jornadas\/dijous-a-lace-es\/dijous-a-lace-galvanizado-contribucion-en-la-durabilidad-y-reutilizacion-de-las-estructuras-de-acero-2\/#breadcrumb"},"inLanguage":"es","potentialAction":[{"@type":"ReadAction","target":["https:\/\/aceweb.cat\/es\/formacion\/jornadas\/dijous-a-lace-es\/dijous-a-lace-galvanizado-contribucion-en-la-durabilidad-y-reutilizacion-de-las-estructuras-de-acero-2\/"]}]},{"@type":"ImageObject","inLanguage":"es","@id":"https:\/\/aceweb.cat\/es\/formacion\/jornadas\/dijous-a-lace-es\/dijous-a-lace-galvanizado-contribucion-en-la-durabilidad-y-reutilizacion-de-las-estructuras-de-acero-2\/#primaryimage","url":"https:\/\/aceweb.cat\/wp-content\/uploads\/2025\/11\/ESTACION--scaled.jpg","contentUrl":"https:\/\/aceweb.cat\/wp-content\/uploads\/2025\/11\/ESTACION--scaled.jpg","width":2560,"height":1920},{"@type":"BreadcrumbList","@id":"https:\/\/aceweb.cat\/es\/formacion\/jornadas\/dijous-a-lace-es\/dijous-a-lace-galvanizado-contribucion-en-la-durabilidad-y-reutilizacion-de-las-estructuras-de-acero-2\/#breadcrumb","itemListElement":[{"@type":"ListItem","position":1,"name":"Inici","item":"https:\/\/aceweb.cat\/"},{"@type":"ListItem","position":2,"name":"Formaci\u00f3n","item":"https:\/\/aceweb.cat\/es\/categoria\/formacion\/"},{"@type":"ListItem","position":3,"name":"Jornadas","item":"https:\/\/aceweb.cat\/es\/categoria\/formacion\/jornadas\/"},{"@type":"ListItem","position":4,"name":"Dijous a l'ACE","item":"https:\/\/aceweb.cat\/es\/categoria\/formacion\/jornadas\/dijous-a-lace-es\/"},{"@type":"ListItem","position":5,"name":"DIJOUS A L&#8217;ACE: GALVANIZADO, CONTRIBUCI\u00d3N EN LA DURABILIDAD Y REUTILIZACI\u00d3N DE LAS ESTRUCTURAS DE ACERO"}]},{"@type":"WebSite","@id":"https:\/\/aceweb.cat\/#website","url":"https:\/\/aceweb.cat\/","name":"ACE","description":"Associaci\u00f3 de Consultors d&#039;Estructures | ACE","publisher":{"@id":"https:\/\/aceweb.cat\/#organization"},"alternateName":"ACE","potentialAction":[{"@type":"SearchAction","target":{"@type":"EntryPoint","urlTemplate":"https:\/\/aceweb.cat\/?s={search_term_string}"},"query-input":{"@type":"PropertyValueSpecification","valueRequired":true,"valueName":"search_term_string"}}],"inLanguage":"es"},{"@type":"Organization","@id":"https:\/\/aceweb.cat\/#organization","name":"ACE","alternateName":"ACE","url":"https:\/\/aceweb.cat\/","logo":{"@type":"ImageObject","inLanguage":"es","@id":"https:\/\/aceweb.cat\/#\/schema\/logo\/image\/","url":"https:\/\/aceweb.cat\/wp-content\/uploads\/2022\/10\/logo.svg","contentUrl":"https:\/\/aceweb.cat\/wp-content\/uploads\/2022\/10\/logo.svg","width":1,"height":1,"caption":"ACE"},"image":{"@id":"https:\/\/aceweb.cat\/#\/schema\/logo\/image\/"}},{"@type":"Person","@id":"https:\/\/aceweb.cat\/#\/schema\/person\/a6b8893e55b089407baaac96e1014d92","name":"Merc\u00e8 Sierra","image":{"@type":"ImageObject","inLanguage":"es","@id":"https:\/\/aceweb.cat\/#\/schema\/person\/image\/","url":"https:\/\/secure.gravatar.com\/avatar\/22f0c97d4117dfcc3220888d6384e2a07df217ae83511660a0783b56292770b5?s=96&d=mm&r=g","contentUrl":"https:\/\/secure.gravatar.com\/avatar\/22f0c97d4117dfcc3220888d6384e2a07df217ae83511660a0783b56292770b5?s=96&d=mm&r=g","caption":"Merc\u00e8 Sierra"},"url":"https:\/\/aceweb.cat\/es\/author\/merce-sierra\/"}]}},"_links":{"self":[{"href":"https:\/\/aceweb.cat\/es\/wp-json\/wp\/v2\/posts\/46964","targetHints":{"allow":["GET"]}}],"collection":[{"href":"https:\/\/aceweb.cat\/es\/wp-json\/wp\/v2\/posts"}],"about":[{"href":"https:\/\/aceweb.cat\/es\/wp-json\/wp\/v2\/types\/post"}],"author":[{"embeddable":true,"href":"https:\/\/aceweb.cat\/es\/wp-json\/wp\/v2\/users\/93"}],"replies":[{"embeddable":true,"href":"https:\/\/aceweb.cat\/es\/wp-json\/wp\/v2\/comments?post=46964"}],"version-history":[{"count":1,"href":"https:\/\/aceweb.cat\/es\/wp-json\/wp\/v2\/posts\/46964\/revisions"}],"predecessor-version":[{"id":46965,"href":"https:\/\/aceweb.cat\/es\/wp-json\/wp\/v2\/posts\/46964\/revisions\/46965"}],"wp:featuredmedia":[{"embeddable":true,"href":"https:\/\/aceweb.cat\/es\/wp-json\/wp\/v2\/media\/46952"}],"wp:attachment":[{"href":"https:\/\/aceweb.cat\/es\/wp-json\/wp\/v2\/media?parent=46964"}],"wp:term":[{"taxonomy":"category","embeddable":true,"href":"https:\/\/aceweb.cat\/es\/wp-json\/wp\/v2\/categories?post=46964"},{"taxonomy":"post_tag","embeddable":true,"href":"https:\/\/aceweb.cat\/es\/wp-json\/wp\/v2\/tags?post=46964"}],"curies":[{"name":"wp","href":"https:\/\/api.w.org\/{rel}","templated":true}]}}