{"id":47051,"date":"2025-12-10T13:50:05","date_gmt":"2025-12-10T13:50:05","guid":{"rendered":"https:\/\/aceweb.cat\/?p=47051"},"modified":"2025-12-10T13:50:34","modified_gmt":"2025-12-10T13:50:34","slug":"dijous-a-lace-galvanizado-contribucion-a-la-durabilidad-y-reutilizacion-de-las-estructuras-de-acero","status":"publish","type":"post","link":"https:\/\/aceweb.cat\/es\/formacion\/jornadas\/dijous-a-lace-es\/dijous-a-lace-galvanizado-contribucion-a-la-durabilidad-y-reutilizacion-de-las-estructuras-de-acero\/","title":{"rendered":"Dijous a l&#8217;ACE: Galvanizado, contribuci\u00f3n a la durabilidad y reutilizaci\u00f3n de las estructuras de acero"},"content":{"rendered":"\n<figure class=\"wp-block-image aligncenter size-full is-resized\"><img loading=\"lazy\" decoding=\"async\" width=\"2560\" height=\"1920\" src=\"https:\/\/aceweb.cat\/wp-content\/uploads\/2025\/11\/ESTACION--scaled.jpg\" alt=\"\" class=\"wp-image-46951\" style=\"width:413px;height:auto\" srcset=\"https:\/\/aceweb.cat\/wp-content\/uploads\/2025\/11\/ESTACION--scaled.jpg 2560w, https:\/\/aceweb.cat\/wp-content\/uploads\/2025\/11\/ESTACION--300x225.jpg 300w, https:\/\/aceweb.cat\/wp-content\/uploads\/2025\/11\/ESTACION--1024x768.jpg 1024w, https:\/\/aceweb.cat\/wp-content\/uploads\/2025\/11\/ESTACION--768x576.jpg 768w, https:\/\/aceweb.cat\/wp-content\/uploads\/2025\/11\/ESTACION--1536x1152.jpg 1536w, https:\/\/aceweb.cat\/wp-content\/uploads\/2025\/11\/ESTACION--2048x1536.jpg 2048w, https:\/\/aceweb.cat\/wp-content\/uploads\/2025\/11\/ESTACION--600x450.jpg 600w\" sizes=\"auto, (max-width: 2560px) 100vw, 2560px\" \/><\/figure>\n\n<p>El pasado d\u00eda 27 de noviembre de 2025 tuvimos una sesi\u00f3n sobre la reutilizaci\u00f3n del acero, la problem\u00e1tica de los perfiles conformados en frio y el galvanizado como sistema de protecci\u00f3n frente a la corrosi\u00f3n con un enfoque divulgativo de la mano de Alfredo Arnedo Pena y Pablo Mart\u00ednez.<\/p>\n\n<p>Podeis ver la sesi\u00f3n en nuestro canal de You Tube<\/p>\n\n<figure class=\"wp-block-embed is-type-video is-provider-youtube wp-block-embed-youtube wp-embed-aspect-16-9 wp-has-aspect-ratio\"><div class=\"wp-block-embed__wrapper\">\r\n<div class=\"ast-oembed-container\" style=\"height: 100%;\"><iframe loading=\"lazy\" title=\"Reutilizaci\u00f3n de estructuras de acero y galvanizaci\u00f3n\" width=\"500\" height=\"281\" src=\"https:\/\/www.youtube.com\/embed\/DHaugMOPikU?feature=oembed\" frameborder=\"0\" allow=\"accelerometer; autoplay; clipboard-write; encrypted-media; gyroscope; picture-in-picture; web-share\" referrerpolicy=\"strict-origin-when-cross-origin\" allowfullscreen><\/iframe><\/div>\r\n<\/div><\/figure><br>\n","protected":false},"excerpt":{"rendered":"<p>El pasado d\u00eda 27 de noviembre de 2025 tuvimos una sesi\u00f3n sobre la reutilizaci\u00f3n del acero, la problem\u00e1tica de los perfiles conformados en frio y el galvanizado como sistema de protecci\u00f3n frente a la corrosi\u00f3n con un enfoque divulgativo de la mano de Alfredo Arnedo Pena y Pablo Mart\u00ednez. Podeis ver la sesi\u00f3n en nuestro &hellip;<\/p>\n<p class=\"read-more\"> <a class=\"\" href=\"https:\/\/aceweb.cat\/es\/formacion\/jornadas\/dijous-a-lace-es\/dijous-a-lace-galvanizado-contribucion-a-la-durabilidad-y-reutilizacion-de-las-estructuras-de-acero\/\"> <span class=\"screen-reader-text\">Dijous a l&#8217;ACE: Galvanizado, contribuci\u00f3n a la durabilidad y reutilizaci\u00f3n de las estructuras de acero<\/span> Leer m\u00e1s &raquo;<\/a><\/p>\n","protected":false},"author":93,"featured_media":46954,"comment_status":"closed","ping_status":"closed","sticky":false,"template":"","format":"standard","meta":{"_acf_changed":false,"site-sidebar-layout":"default","site-content-layout":"default","ast-global-header-display":"","ast-main-header-display":"","ast-hfb-above-header-display":"","ast-hfb-below-header-display":"","ast-hfb-mobile-header-display":"","site-post-title":"","ast-breadcrumbs-content":"","ast-featured-img":"","footer-sml-layout":"","theme-transparent-header-meta":"","adv-header-id-meta":"","stick-header-meta":"","header-above-stick-meta":"","header-main-stick-meta":"","header-below-stick-meta":"","footnotes":""},"categories":[374,375,377,380],"tags":[],"class_list":["post-47051","post","type-post","status-publish","format-standard","has-post-thumbnail","hentry","category-dijous-a-lace-es","category-formacion","category-jornadas","category-noticias"],"acf":[],"yoast_head":"<!-- This site is optimized with the Yoast SEO plugin v27.1.1 - https:\/\/yoast.com\/product\/yoast-seo-wordpress\/ -->\n<title>Dijous a l&#039;ACE: Galvanizado, contribuci\u00f3n a la durabilidad y reutilizaci\u00f3n de las estructuras de acero | ACE<\/title>\n<meta name=\"description\" content=\"Ponencias explicando la reutilizaci\u00f3n del acero, la problem\u00e1tica de los perfiles conformados en frio, el galvanizado como sistema de protecci\u00f3n.\" \/>\n<meta name=\"robots\" content=\"index, follow, max-snippet:-1, max-image-preview:large, max-video-preview:-1\" \/>\n<link rel=\"canonical\" href=\"https:\/\/aceweb.cat\/es\/formacion\/jornadas\/dijous-a-lace-es\/dijous-a-lace-galvanizado-contribucion-a-la-durabilidad-y-reutilizacion-de-las-estructuras-de-acero\/\" \/>\n<meta property=\"og:locale\" content=\"es_ES\" \/>\n<meta property=\"og:type\" content=\"article\" \/>\n<meta property=\"og:title\" content=\"Dijous a l&#039;ACE: Galvanizado, contribuci\u00f3n a la durabilidad y reutilizaci\u00f3n de las estructuras de acero | ACE\" \/>\n<meta property=\"og:description\" content=\"Ponencias explicando la reutilizaci\u00f3n del acero, la problem\u00e1tica de los perfiles conformados en frio, el galvanizado como sistema de protecci\u00f3n.\" \/>\n<meta property=\"og:url\" content=\"https:\/\/aceweb.cat\/es\/formacion\/jornadas\/dijous-a-lace-es\/dijous-a-lace-galvanizado-contribucion-a-la-durabilidad-y-reutilizacion-de-las-estructuras-de-acero\/\" \/>\n<meta property=\"og:site_name\" content=\"aceweb.cat\" \/>\n<meta property=\"article:published_time\" content=\"2025-12-10T13:50:05+00:00\" \/>\n<meta property=\"article:modified_time\" content=\"2025-12-10T13:50:34+00:00\" \/>\n<meta property=\"og:image\" content=\"https:\/\/aceweb.cat\/wp-content\/uploads\/2025\/11\/CORROSION-2-scaled.jpg\" \/>\n\t<meta property=\"og:image:width\" content=\"2560\" \/>\n\t<meta property=\"og:image:height\" content=\"1920\" \/>\n\t<meta property=\"og:image:type\" content=\"image\/jpeg\" \/>\n<meta name=\"author\" content=\"Merc\u00e8 Sierra\" \/>\n<meta name=\"twitter:card\" content=\"summary_large_image\" \/>\n<meta name=\"twitter:label1\" content=\"Escrito por\" \/>\n\t<meta name=\"twitter:data1\" content=\"Merc\u00e8 Sierra\" \/>\n<script type=\"application\/ld+json\" class=\"yoast-schema-graph\">{\"@context\":\"https:\/\/schema.org\",\"@graph\":[{\"@type\":\"Article\",\"@id\":\"https:\/\/aceweb.cat\/es\/formacion\/jornadas\/dijous-a-lace-es\/dijous-a-lace-galvanizado-contribucion-a-la-durabilidad-y-reutilizacion-de-las-estructuras-de-acero\/#article\",\"isPartOf\":{\"@id\":\"https:\/\/aceweb.cat\/es\/formacion\/jornadas\/dijous-a-lace-es\/dijous-a-lace-galvanizado-contribucion-a-la-durabilidad-y-reutilizacion-de-las-estructuras-de-acero\/\"},\"author\":{\"name\":\"Merc\u00e8 Sierra\",\"@id\":\"https:\/\/aceweb.cat\/#\/schema\/person\/a6b8893e55b089407baaac96e1014d92\"},\"headline\":\"Dijous a l&#8217;ACE: Galvanizado, contribuci\u00f3n a la durabilidad y reutilizaci\u00f3n de las estructuras de acero\",\"datePublished\":\"2025-12-10T13:50:05+00:00\",\"dateModified\":\"2025-12-10T13:50:34+00:00\",\"mainEntityOfPage\":{\"@id\":\"https:\/\/aceweb.cat\/es\/formacion\/jornadas\/dijous-a-lace-es\/dijous-a-lace-galvanizado-contribucion-a-la-durabilidad-y-reutilizacion-de-las-estructuras-de-acero\/\"},\"wordCount\":87,\"publisher\":{\"@id\":\"https:\/\/aceweb.cat\/#organization\"},\"image\":{\"@id\":\"https:\/\/aceweb.cat\/es\/formacion\/jornadas\/dijous-a-lace-es\/dijous-a-lace-galvanizado-contribucion-a-la-durabilidad-y-reutilizacion-de-las-estructuras-de-acero\/#primaryimage\"},\"thumbnailUrl\":\"https:\/\/aceweb.cat\/wp-content\/uploads\/2025\/11\/CORROSION-2-scaled.jpg\",\"articleSection\":[\"Dijous a l'ACE\",\"Formaci\u00f3n\",\"Jornadas\",\"Noticias\"],\"inLanguage\":\"es\"},{\"@type\":\"WebPage\",\"@id\":\"https:\/\/aceweb.cat\/es\/formacion\/jornadas\/dijous-a-lace-es\/dijous-a-lace-galvanizado-contribucion-a-la-durabilidad-y-reutilizacion-de-las-estructuras-de-acero\/\",\"url\":\"https:\/\/aceweb.cat\/es\/formacion\/jornadas\/dijous-a-lace-es\/dijous-a-lace-galvanizado-contribucion-a-la-durabilidad-y-reutilizacion-de-las-estructuras-de-acero\/\",\"name\":\"Dijous a l'ACE: Galvanizado, contribuci\u00f3n a la durabilidad y reutilizaci\u00f3n de las estructuras de acero | ACE\",\"isPartOf\":{\"@id\":\"https:\/\/aceweb.cat\/#website\"},\"primaryImageOfPage\":{\"@id\":\"https:\/\/aceweb.cat\/es\/formacion\/jornadas\/dijous-a-lace-es\/dijous-a-lace-galvanizado-contribucion-a-la-durabilidad-y-reutilizacion-de-las-estructuras-de-acero\/#primaryimage\"},\"image\":{\"@id\":\"https:\/\/aceweb.cat\/es\/formacion\/jornadas\/dijous-a-lace-es\/dijous-a-lace-galvanizado-contribucion-a-la-durabilidad-y-reutilizacion-de-las-estructuras-de-acero\/#primaryimage\"},\"thumbnailUrl\":\"https:\/\/aceweb.cat\/wp-content\/uploads\/2025\/11\/CORROSION-2-scaled.jpg\",\"datePublished\":\"2025-12-10T13:50:05+00:00\",\"dateModified\":\"2025-12-10T13:50:34+00:00\",\"description\":\"Ponencias explicando la reutilizaci\u00f3n del acero, la problem\u00e1tica de los perfiles conformados en frio, el galvanizado como sistema de protecci\u00f3n.\",\"breadcrumb\":{\"@id\":\"https:\/\/aceweb.cat\/es\/formacion\/jornadas\/dijous-a-lace-es\/dijous-a-lace-galvanizado-contribucion-a-la-durabilidad-y-reutilizacion-de-las-estructuras-de-acero\/#breadcrumb\"},\"inLanguage\":\"es\",\"potentialAction\":[{\"@type\":\"ReadAction\",\"target\":[\"https:\/\/aceweb.cat\/es\/formacion\/jornadas\/dijous-a-lace-es\/dijous-a-lace-galvanizado-contribucion-a-la-durabilidad-y-reutilizacion-de-las-estructuras-de-acero\/\"]}]},{\"@type\":\"ImageObject\",\"inLanguage\":\"es\",\"@id\":\"https:\/\/aceweb.cat\/es\/formacion\/jornadas\/dijous-a-lace-es\/dijous-a-lace-galvanizado-contribucion-a-la-durabilidad-y-reutilizacion-de-las-estructuras-de-acero\/#primaryimage\",\"url\":\"https:\/\/aceweb.cat\/wp-content\/uploads\/2025\/11\/CORROSION-2-scaled.jpg\",\"contentUrl\":\"https:\/\/aceweb.cat\/wp-content\/uploads\/2025\/11\/CORROSION-2-scaled.jpg\",\"width\":2560,\"height\":1920},{\"@type\":\"BreadcrumbList\",\"@id\":\"https:\/\/aceweb.cat\/es\/formacion\/jornadas\/dijous-a-lace-es\/dijous-a-lace-galvanizado-contribucion-a-la-durabilidad-y-reutilizacion-de-las-estructuras-de-acero\/#breadcrumb\",\"itemListElement\":[{\"@type\":\"ListItem\",\"position\":1,\"name\":\"Inici\",\"item\":\"https:\/\/aceweb.cat\/\"},{\"@type\":\"ListItem\",\"position\":2,\"name\":\"Formaci\u00f3n\",\"item\":\"https:\/\/aceweb.cat\/es\/categoria\/formacion\/\"},{\"@type\":\"ListItem\",\"position\":3,\"name\":\"Jornadas\",\"item\":\"https:\/\/aceweb.cat\/es\/categoria\/formacion\/jornadas\/\"},{\"@type\":\"ListItem\",\"position\":4,\"name\":\"Dijous a l'ACE\",\"item\":\"https:\/\/aceweb.cat\/es\/categoria\/formacion\/jornadas\/dijous-a-lace-es\/\"},{\"@type\":\"ListItem\",\"position\":5,\"name\":\"Dijous a l&#8217;ACE: Galvanizado, contribuci\u00f3n a la durabilidad y reutilizaci\u00f3n de las estructuras de acero\"}]},{\"@type\":\"WebSite\",\"@id\":\"https:\/\/aceweb.cat\/#website\",\"url\":\"https:\/\/aceweb.cat\/\",\"name\":\"ACE\",\"description\":\"Associaci\u00f3 de Consultors d&#039;Estructures | ACE\",\"publisher\":{\"@id\":\"https:\/\/aceweb.cat\/#organization\"},\"alternateName\":\"ACE\",\"potentialAction\":[{\"@type\":\"SearchAction\",\"target\":{\"@type\":\"EntryPoint\",\"urlTemplate\":\"https:\/\/aceweb.cat\/?s={search_term_string}\"},\"query-input\":{\"@type\":\"PropertyValueSpecification\",\"valueRequired\":true,\"valueName\":\"search_term_string\"}}],\"inLanguage\":\"es\"},{\"@type\":\"Organization\",\"@id\":\"https:\/\/aceweb.cat\/#organization\",\"name\":\"ACE\",\"alternateName\":\"ACE\",\"url\":\"https:\/\/aceweb.cat\/\",\"logo\":{\"@type\":\"ImageObject\",\"inLanguage\":\"es\",\"@id\":\"https:\/\/aceweb.cat\/#\/schema\/logo\/image\/\",\"url\":\"https:\/\/aceweb.cat\/wp-content\/uploads\/2022\/10\/logo.svg\",\"contentUrl\":\"https:\/\/aceweb.cat\/wp-content\/uploads\/2022\/10\/logo.svg\",\"width\":1,\"height\":1,\"caption\":\"ACE\"},\"image\":{\"@id\":\"https:\/\/aceweb.cat\/#\/schema\/logo\/image\/\"}},{\"@type\":\"Person\",\"@id\":\"https:\/\/aceweb.cat\/#\/schema\/person\/a6b8893e55b089407baaac96e1014d92\",\"name\":\"Merc\u00e8 Sierra\",\"image\":{\"@type\":\"ImageObject\",\"inLanguage\":\"es\",\"@id\":\"https:\/\/aceweb.cat\/#\/schema\/person\/image\/\",\"url\":\"https:\/\/secure.gravatar.com\/avatar\/22f0c97d4117dfcc3220888d6384e2a07df217ae83511660a0783b56292770b5?s=96&d=mm&r=g\",\"contentUrl\":\"https:\/\/secure.gravatar.com\/avatar\/22f0c97d4117dfcc3220888d6384e2a07df217ae83511660a0783b56292770b5?s=96&d=mm&r=g\",\"caption\":\"Merc\u00e8 Sierra\"},\"url\":\"https:\/\/aceweb.cat\/es\/author\/merce-sierra\/\"}]}<\/script>\n<!-- \/ Yoast SEO plugin. -->","yoast_head_json":{"title":"Dijous a l'ACE: Galvanizado, contribuci\u00f3n a la durabilidad y reutilizaci\u00f3n de las estructuras de acero | ACE","description":"Ponencias explicando la reutilizaci\u00f3n del acero, la problem\u00e1tica de los perfiles conformados en frio, el galvanizado como sistema de protecci\u00f3n.","robots":{"index":"index","follow":"follow","max-snippet":"max-snippet:-1","max-image-preview":"max-image-preview:large","max-video-preview":"max-video-preview:-1"},"canonical":"https:\/\/aceweb.cat\/es\/formacion\/jornadas\/dijous-a-lace-es\/dijous-a-lace-galvanizado-contribucion-a-la-durabilidad-y-reutilizacion-de-las-estructuras-de-acero\/","og_locale":"es_ES","og_type":"article","og_title":"Dijous a l'ACE: Galvanizado, contribuci\u00f3n a la durabilidad y reutilizaci\u00f3n de las estructuras de acero | ACE","og_description":"Ponencias explicando la reutilizaci\u00f3n del acero, la problem\u00e1tica de los perfiles conformados en frio, el galvanizado como sistema de protecci\u00f3n.","og_url":"https:\/\/aceweb.cat\/es\/formacion\/jornadas\/dijous-a-lace-es\/dijous-a-lace-galvanizado-contribucion-a-la-durabilidad-y-reutilizacion-de-las-estructuras-de-acero\/","og_site_name":"aceweb.cat","article_published_time":"2025-12-10T13:50:05+00:00","article_modified_time":"2025-12-10T13:50:34+00:00","og_image":[{"width":2560,"height":1920,"url":"https:\/\/aceweb.cat\/wp-content\/uploads\/2025\/11\/CORROSION-2-scaled.jpg","type":"image\/jpeg"}],"author":"Merc\u00e8 Sierra","twitter_card":"summary_large_image","twitter_misc":{"Escrito por":"Merc\u00e8 Sierra"},"schema":{"@context":"https:\/\/schema.org","@graph":[{"@type":"Article","@id":"https:\/\/aceweb.cat\/es\/formacion\/jornadas\/dijous-a-lace-es\/dijous-a-lace-galvanizado-contribucion-a-la-durabilidad-y-reutilizacion-de-las-estructuras-de-acero\/#article","isPartOf":{"@id":"https:\/\/aceweb.cat\/es\/formacion\/jornadas\/dijous-a-lace-es\/dijous-a-lace-galvanizado-contribucion-a-la-durabilidad-y-reutilizacion-de-las-estructuras-de-acero\/"},"author":{"name":"Merc\u00e8 Sierra","@id":"https:\/\/aceweb.cat\/#\/schema\/person\/a6b8893e55b089407baaac96e1014d92"},"headline":"Dijous a l&#8217;ACE: Galvanizado, contribuci\u00f3n a la durabilidad y reutilizaci\u00f3n de las estructuras de acero","datePublished":"2025-12-10T13:50:05+00:00","dateModified":"2025-12-10T13:50:34+00:00","mainEntityOfPage":{"@id":"https:\/\/aceweb.cat\/es\/formacion\/jornadas\/dijous-a-lace-es\/dijous-a-lace-galvanizado-contribucion-a-la-durabilidad-y-reutilizacion-de-las-estructuras-de-acero\/"},"wordCount":87,"publisher":{"@id":"https:\/\/aceweb.cat\/#organization"},"image":{"@id":"https:\/\/aceweb.cat\/es\/formacion\/jornadas\/dijous-a-lace-es\/dijous-a-lace-galvanizado-contribucion-a-la-durabilidad-y-reutilizacion-de-las-estructuras-de-acero\/#primaryimage"},"thumbnailUrl":"https:\/\/aceweb.cat\/wp-content\/uploads\/2025\/11\/CORROSION-2-scaled.jpg","articleSection":["Dijous a l'ACE","Formaci\u00f3n","Jornadas","Noticias"],"inLanguage":"es"},{"@type":"WebPage","@id":"https:\/\/aceweb.cat\/es\/formacion\/jornadas\/dijous-a-lace-es\/dijous-a-lace-galvanizado-contribucion-a-la-durabilidad-y-reutilizacion-de-las-estructuras-de-acero\/","url":"https:\/\/aceweb.cat\/es\/formacion\/jornadas\/dijous-a-lace-es\/dijous-a-lace-galvanizado-contribucion-a-la-durabilidad-y-reutilizacion-de-las-estructuras-de-acero\/","name":"Dijous a l'ACE: Galvanizado, contribuci\u00f3n a la durabilidad y reutilizaci\u00f3n de las estructuras de acero | ACE","isPartOf":{"@id":"https:\/\/aceweb.cat\/#website"},"primaryImageOfPage":{"@id":"https:\/\/aceweb.cat\/es\/formacion\/jornadas\/dijous-a-lace-es\/dijous-a-lace-galvanizado-contribucion-a-la-durabilidad-y-reutilizacion-de-las-estructuras-de-acero\/#primaryimage"},"image":{"@id":"https:\/\/aceweb.cat\/es\/formacion\/jornadas\/dijous-a-lace-es\/dijous-a-lace-galvanizado-contribucion-a-la-durabilidad-y-reutilizacion-de-las-estructuras-de-acero\/#primaryimage"},"thumbnailUrl":"https:\/\/aceweb.cat\/wp-content\/uploads\/2025\/11\/CORROSION-2-scaled.jpg","datePublished":"2025-12-10T13:50:05+00:00","dateModified":"2025-12-10T13:50:34+00:00","description":"Ponencias explicando la reutilizaci\u00f3n del acero, la problem\u00e1tica de los perfiles conformados en frio, el galvanizado como sistema de protecci\u00f3n.","breadcrumb":{"@id":"https:\/\/aceweb.cat\/es\/formacion\/jornadas\/dijous-a-lace-es\/dijous-a-lace-galvanizado-contribucion-a-la-durabilidad-y-reutilizacion-de-las-estructuras-de-acero\/#breadcrumb"},"inLanguage":"es","potentialAction":[{"@type":"ReadAction","target":["https:\/\/aceweb.cat\/es\/formacion\/jornadas\/dijous-a-lace-es\/dijous-a-lace-galvanizado-contribucion-a-la-durabilidad-y-reutilizacion-de-las-estructuras-de-acero\/"]}]},{"@type":"ImageObject","inLanguage":"es","@id":"https:\/\/aceweb.cat\/es\/formacion\/jornadas\/dijous-a-lace-es\/dijous-a-lace-galvanizado-contribucion-a-la-durabilidad-y-reutilizacion-de-las-estructuras-de-acero\/#primaryimage","url":"https:\/\/aceweb.cat\/wp-content\/uploads\/2025\/11\/CORROSION-2-scaled.jpg","contentUrl":"https:\/\/aceweb.cat\/wp-content\/uploads\/2025\/11\/CORROSION-2-scaled.jpg","width":2560,"height":1920},{"@type":"BreadcrumbList","@id":"https:\/\/aceweb.cat\/es\/formacion\/jornadas\/dijous-a-lace-es\/dijous-a-lace-galvanizado-contribucion-a-la-durabilidad-y-reutilizacion-de-las-estructuras-de-acero\/#breadcrumb","itemListElement":[{"@type":"ListItem","position":1,"name":"Inici","item":"https:\/\/aceweb.cat\/"},{"@type":"ListItem","position":2,"name":"Formaci\u00f3n","item":"https:\/\/aceweb.cat\/es\/categoria\/formacion\/"},{"@type":"ListItem","position":3,"name":"Jornadas","item":"https:\/\/aceweb.cat\/es\/categoria\/formacion\/jornadas\/"},{"@type":"ListItem","position":4,"name":"Dijous a l'ACE","item":"https:\/\/aceweb.cat\/es\/categoria\/formacion\/jornadas\/dijous-a-lace-es\/"},{"@type":"ListItem","position":5,"name":"Dijous a l&#8217;ACE: Galvanizado, contribuci\u00f3n a la durabilidad y reutilizaci\u00f3n de las estructuras de acero"}]},{"@type":"WebSite","@id":"https:\/\/aceweb.cat\/#website","url":"https:\/\/aceweb.cat\/","name":"ACE","description":"Associaci\u00f3 de Consultors d&#039;Estructures | ACE","publisher":{"@id":"https:\/\/aceweb.cat\/#organization"},"alternateName":"ACE","potentialAction":[{"@type":"SearchAction","target":{"@type":"EntryPoint","urlTemplate":"https:\/\/aceweb.cat\/?s={search_term_string}"},"query-input":{"@type":"PropertyValueSpecification","valueRequired":true,"valueName":"search_term_string"}}],"inLanguage":"es"},{"@type":"Organization","@id":"https:\/\/aceweb.cat\/#organization","name":"ACE","alternateName":"ACE","url":"https:\/\/aceweb.cat\/","logo":{"@type":"ImageObject","inLanguage":"es","@id":"https:\/\/aceweb.cat\/#\/schema\/logo\/image\/","url":"https:\/\/aceweb.cat\/wp-content\/uploads\/2022\/10\/logo.svg","contentUrl":"https:\/\/aceweb.cat\/wp-content\/uploads\/2022\/10\/logo.svg","width":1,"height":1,"caption":"ACE"},"image":{"@id":"https:\/\/aceweb.cat\/#\/schema\/logo\/image\/"}},{"@type":"Person","@id":"https:\/\/aceweb.cat\/#\/schema\/person\/a6b8893e55b089407baaac96e1014d92","name":"Merc\u00e8 Sierra","image":{"@type":"ImageObject","inLanguage":"es","@id":"https:\/\/aceweb.cat\/#\/schema\/person\/image\/","url":"https:\/\/secure.gravatar.com\/avatar\/22f0c97d4117dfcc3220888d6384e2a07df217ae83511660a0783b56292770b5?s=96&d=mm&r=g","contentUrl":"https:\/\/secure.gravatar.com\/avatar\/22f0c97d4117dfcc3220888d6384e2a07df217ae83511660a0783b56292770b5?s=96&d=mm&r=g","caption":"Merc\u00e8 Sierra"},"url":"https:\/\/aceweb.cat\/es\/author\/merce-sierra\/"}]}},"_links":{"self":[{"href":"https:\/\/aceweb.cat\/es\/wp-json\/wp\/v2\/posts\/47051","targetHints":{"allow":["GET"]}}],"collection":[{"href":"https:\/\/aceweb.cat\/es\/wp-json\/wp\/v2\/posts"}],"about":[{"href":"https:\/\/aceweb.cat\/es\/wp-json\/wp\/v2\/types\/post"}],"author":[{"embeddable":true,"href":"https:\/\/aceweb.cat\/es\/wp-json\/wp\/v2\/users\/93"}],"replies":[{"embeddable":true,"href":"https:\/\/aceweb.cat\/es\/wp-json\/wp\/v2\/comments?post=47051"}],"version-history":[{"count":1,"href":"https:\/\/aceweb.cat\/es\/wp-json\/wp\/v2\/posts\/47051\/revisions"}],"predecessor-version":[{"id":47052,"href":"https:\/\/aceweb.cat\/es\/wp-json\/wp\/v2\/posts\/47051\/revisions\/47052"}],"wp:featuredmedia":[{"embeddable":true,"href":"https:\/\/aceweb.cat\/es\/wp-json\/wp\/v2\/media\/46954"}],"wp:attachment":[{"href":"https:\/\/aceweb.cat\/es\/wp-json\/wp\/v2\/media?parent=47051"}],"wp:term":[{"taxonomy":"category","embeddable":true,"href":"https:\/\/aceweb.cat\/es\/wp-json\/wp\/v2\/categories?post=47051"},{"taxonomy":"post_tag","embeddable":true,"href":"https:\/\/aceweb.cat\/es\/wp-json\/wp\/v2\/tags?post=47051"}],"curies":[{"name":"wp","href":"https:\/\/api.w.org\/{rel}","templated":true}]}}