{"id":47116,"date":"2025-12-23T22:05:02","date_gmt":"2025-12-23T22:05:02","guid":{"rendered":"https:\/\/aceweb.cat\/sin-categorizar\/celebracion-de-la-cena-de-navidad-2025\/"},"modified":"2025-12-23T22:16:32","modified_gmt":"2025-12-23T22:16:32","slug":"celebracion-de-la-cena-de-navidad-2025","status":"publish","type":"post","link":"https:\/\/aceweb.cat\/es\/noticias\/celebracion-de-la-cena-de-navidad-2025\/","title":{"rendered":"Celebraci\u00f3n de la Cena de Navidad 2025"},"content":{"rendered":"\n<p>El pasado jueves 18 de diciembre se celebr\u00f3 la tradicional Cena de Navidad. El acto comenz\u00f3 a las 19:30 en la sede de la ACE, con la bienvenida a cargo del presidente de la asociaci\u00f3n, D. Enric Heredia Campmany-Gaudet y el nombramiento del Socio de Honor de este a\u00f1o, D. <strong>Francisco Arriaga Martitegui<\/strong>, reconocido experto e impulsor de la madera estructural. A continuaci\u00f3n D. Jorge Blasco, vicepresidente de la asociaci\u00f3n y amigo de D. Francisco Arriaga, hizo una breve presentaci\u00f3n-homenaje del nuevo Socio de Honor, quien imparti\u00f3 seguidamente una interesante conferencia \u00abLa madera: del \u00e1rbol a la estructura\u00bb.<\/p>\n\n<figure class=\"wp-block-gallery has-nested-images columns-default is-cropped wp-block-gallery-1 is-layout-flex wp-block-gallery-is-layout-flex\">\n<figure class=\"wp-block-image size-large\"><img loading=\"lazy\" decoding=\"async\" width=\"1024\" height=\"576\" data-id=\"47093\" src=\"https:\/\/aceweb.cat\/wp-content\/uploads\/2025\/12\/Sopar-Nadal-2025-02-1024x576.jpeg\" alt=\"\" class=\"wp-image-47093\" srcset=\"https:\/\/aceweb.cat\/wp-content\/uploads\/2025\/12\/Sopar-Nadal-2025-02-1024x576.jpeg 1024w, https:\/\/aceweb.cat\/wp-content\/uploads\/2025\/12\/Sopar-Nadal-2025-02-300x169.jpeg 300w, https:\/\/aceweb.cat\/wp-content\/uploads\/2025\/12\/Sopar-Nadal-2025-02-768x432.jpeg 768w, https:\/\/aceweb.cat\/wp-content\/uploads\/2025\/12\/Sopar-Nadal-2025-02-1536x864.jpeg 1536w, https:\/\/aceweb.cat\/wp-content\/uploads\/2025\/12\/Sopar-Nadal-2025-02-600x338.jpeg 600w, https:\/\/aceweb.cat\/wp-content\/uploads\/2025\/12\/Sopar-Nadal-2025-02.jpeg 1600w\" sizes=\"auto, (max-width: 1024px) 100vw, 1024px\" \/><\/figure>\n\n\n\n<figure class=\"wp-block-image size-large\"><img loading=\"lazy\" decoding=\"async\" width=\"1024\" height=\"522\" data-id=\"47095\" src=\"https:\/\/aceweb.cat\/wp-content\/uploads\/2025\/12\/Sopar-Nadal-2025-03-1024x522.jpeg\" alt=\"\" class=\"wp-image-47095\" srcset=\"https:\/\/aceweb.cat\/wp-content\/uploads\/2025\/12\/Sopar-Nadal-2025-03-1024x522.jpeg 1024w, https:\/\/aceweb.cat\/wp-content\/uploads\/2025\/12\/Sopar-Nadal-2025-03-300x153.jpeg 300w, https:\/\/aceweb.cat\/wp-content\/uploads\/2025\/12\/Sopar-Nadal-2025-03-768x392.jpeg 768w, https:\/\/aceweb.cat\/wp-content\/uploads\/2025\/12\/Sopar-Nadal-2025-03-1536x783.jpeg 1536w, https:\/\/aceweb.cat\/wp-content\/uploads\/2025\/12\/Sopar-Nadal-2025-03-600x306.jpeg 600w, https:\/\/aceweb.cat\/wp-content\/uploads\/2025\/12\/Sopar-Nadal-2025-03.jpeg 1600w\" sizes=\"auto, (max-width: 1024px) 100vw, 1024px\" \/><\/figure>\n\n\n\n<figure class=\"wp-block-image size-large\"><img loading=\"lazy\" decoding=\"async\" width=\"978\" height=\"1024\" data-id=\"47097\" src=\"https:\/\/aceweb.cat\/wp-content\/uploads\/2025\/12\/Sopar-Nadal-2025-04-978x1024.jpeg\" alt=\"\" class=\"wp-image-47097\" srcset=\"https:\/\/aceweb.cat\/wp-content\/uploads\/2025\/12\/Sopar-Nadal-2025-04-978x1024.jpeg 978w, https:\/\/aceweb.cat\/wp-content\/uploads\/2025\/12\/Sopar-Nadal-2025-04-287x300.jpeg 287w, https:\/\/aceweb.cat\/wp-content\/uploads\/2025\/12\/Sopar-Nadal-2025-04-768x804.jpeg 768w, https:\/\/aceweb.cat\/wp-content\/uploads\/2025\/12\/Sopar-Nadal-2025-04-300x314.jpeg 300w, https:\/\/aceweb.cat\/wp-content\/uploads\/2025\/12\/Sopar-Nadal-2025-04-600x628.jpeg 600w, https:\/\/aceweb.cat\/wp-content\/uploads\/2025\/12\/Sopar-Nadal-2025-04.jpeg 1200w\" sizes=\"auto, (max-width: 978px) 100vw, 978px\" \/><\/figure>\n\n\n\n<figure class=\"wp-block-image size-large\"><img loading=\"lazy\" decoding=\"async\" width=\"993\" height=\"1024\" data-id=\"47099\" src=\"https:\/\/aceweb.cat\/wp-content\/uploads\/2025\/12\/Sopar-Nadal-2025-05-993x1024.jpeg\" alt=\"\" class=\"wp-image-47099\" srcset=\"https:\/\/aceweb.cat\/wp-content\/uploads\/2025\/12\/Sopar-Nadal-2025-05-993x1024.jpeg 993w, https:\/\/aceweb.cat\/wp-content\/uploads\/2025\/12\/Sopar-Nadal-2025-05-291x300.jpeg 291w, https:\/\/aceweb.cat\/wp-content\/uploads\/2025\/12\/Sopar-Nadal-2025-05-768x792.jpeg 768w, https:\/\/aceweb.cat\/wp-content\/uploads\/2025\/12\/Sopar-Nadal-2025-05-300x310.jpeg 300w, https:\/\/aceweb.cat\/wp-content\/uploads\/2025\/12\/Sopar-Nadal-2025-05-600x619.jpeg 600w, https:\/\/aceweb.cat\/wp-content\/uploads\/2025\/12\/Sopar-Nadal-2025-05.jpeg 1200w\" sizes=\"auto, (max-width: 993px) 100vw, 993px\" \/><\/figure>\n\n\n\n<figure class=\"wp-block-image size-large\"><img loading=\"lazy\" decoding=\"async\" width=\"1016\" height=\"1024\" data-id=\"47101\" src=\"https:\/\/aceweb.cat\/wp-content\/uploads\/2025\/12\/Sopar-Nadal-2025-06-1016x1024.jpeg\" alt=\"\" class=\"wp-image-47101\" srcset=\"https:\/\/aceweb.cat\/wp-content\/uploads\/2025\/12\/Sopar-Nadal-2025-06-1016x1024.jpeg 1016w, https:\/\/aceweb.cat\/wp-content\/uploads\/2025\/12\/Sopar-Nadal-2025-06-298x300.jpeg 298w, https:\/\/aceweb.cat\/wp-content\/uploads\/2025\/12\/Sopar-Nadal-2025-06-150x150.jpeg 150w, https:\/\/aceweb.cat\/wp-content\/uploads\/2025\/12\/Sopar-Nadal-2025-06-768x774.jpeg 768w, https:\/\/aceweb.cat\/wp-content\/uploads\/2025\/12\/Sopar-Nadal-2025-06-300x303.jpeg 300w, https:\/\/aceweb.cat\/wp-content\/uploads\/2025\/12\/Sopar-Nadal-2025-06-600x605.jpeg 600w, https:\/\/aceweb.cat\/wp-content\/uploads\/2025\/12\/Sopar-Nadal-2025-06-100x100.jpeg 100w, https:\/\/aceweb.cat\/wp-content\/uploads\/2025\/12\/Sopar-Nadal-2025-06.jpeg 1200w\" sizes=\"auto, (max-width: 1016px) 100vw, 1016px\" \/><\/figure>\n\n\n\n<figure class=\"wp-block-image size-large\"><img loading=\"lazy\" decoding=\"async\" width=\"1024\" height=\"576\" data-id=\"47103\" src=\"https:\/\/aceweb.cat\/wp-content\/uploads\/2025\/12\/Sopar-Nadal-2025-07-1024x576.jpeg\" alt=\"\" class=\"wp-image-47103\" srcset=\"https:\/\/aceweb.cat\/wp-content\/uploads\/2025\/12\/Sopar-Nadal-2025-07-1024x576.jpeg 1024w, https:\/\/aceweb.cat\/wp-content\/uploads\/2025\/12\/Sopar-Nadal-2025-07-300x169.jpeg 300w, https:\/\/aceweb.cat\/wp-content\/uploads\/2025\/12\/Sopar-Nadal-2025-07-768x432.jpeg 768w, https:\/\/aceweb.cat\/wp-content\/uploads\/2025\/12\/Sopar-Nadal-2025-07-1536x864.jpeg 1536w, https:\/\/aceweb.cat\/wp-content\/uploads\/2025\/12\/Sopar-Nadal-2025-07-600x338.jpeg 600w, https:\/\/aceweb.cat\/wp-content\/uploads\/2025\/12\/Sopar-Nadal-2025-07.jpeg 1600w\" sizes=\"auto, (max-width: 1024px) 100vw, 1024px\" \/><\/figure>\n<\/figure>\n\n<br\/>\r\n\n<p>Una vez hecha la entrega del diploma y obsequios al nuevo Socio de Honor, el acto continu\u00f3 con una cena en un restaurante cercano, donde los socios pudieron disfrutar del reencuentro y conversaciones entre colegas.<\/p>\n\n<p>Por \u00faltimo, el acto se cerr\u00f3 con la entrega de los diplomas a los nuevos socios, empezando por los nuevos Socios Numerarios: D. \u00c8ric Romeu Mur (de <strong>BBG<\/strong>), D\u00aa. N\u00faria Ayala Mitjavila (<strong>De Aura Arquitectura SLP<\/strong>).<\/p>\n\n<figure class=\"wp-block-image aligncenter size-large\"><img loading=\"lazy\" decoding=\"async\" width=\"1024\" height=\"768\" src=\"https:\/\/aceweb.cat\/wp-content\/uploads\/2025\/12\/Sopar-Nadal-2025-08-1024x768.jpeg\" alt=\"\" class=\"wp-image-47105\" srcset=\"https:\/\/aceweb.cat\/wp-content\/uploads\/2025\/12\/Sopar-Nadal-2025-08-1024x768.jpeg 1024w, https:\/\/aceweb.cat\/wp-content\/uploads\/2025\/12\/Sopar-Nadal-2025-08-300x225.jpeg 300w, https:\/\/aceweb.cat\/wp-content\/uploads\/2025\/12\/Sopar-Nadal-2025-08-768x576.jpeg 768w, https:\/\/aceweb.cat\/wp-content\/uploads\/2025\/12\/Sopar-Nadal-2025-08-1536x1152.jpeg 1536w, https:\/\/aceweb.cat\/wp-content\/uploads\/2025\/12\/Sopar-Nadal-2025-08-600x450.jpeg 600w, https:\/\/aceweb.cat\/wp-content\/uploads\/2025\/12\/Sopar-Nadal-2025-08.jpeg 1600w\" sizes=\"auto, (max-width: 1024px) 100vw, 1024px\" \/><\/figure>\n\n<br\/>\r\n\n<p>Y a continuaci\u00f3n los nuevos Socios Protectores: <strong><a href=\"https:\/\/aceweb.cat\/es\/socios-protectores\/rehatec-obres-i-restauracions-sau\/\">Rehatec Obras y Restauraciones<\/a><\/strong>, representando por D. Nathan Ballesta, <strong><a href=\"https:\/\/aceweb.cat\/es\/socios-protectores\/hormipresa\/\">Hormipresa NEC<\/a><\/strong>, representado por D. Jordi Pont, y <strong><a href=\"https:\/\/aceweb.cat\/es\/socios-protectores\/coneix-project-management-sl\/\">Conoce Project Management<\/a><\/strong>, representado por D\u00aa. Chlo\u00e9 S\u00e1nchez.<\/p>\n\n<figure class=\"wp-block-image aligncenter size-large\"><img loading=\"lazy\" decoding=\"async\" width=\"1024\" height=\"768\" src=\"https:\/\/aceweb.cat\/wp-content\/uploads\/2025\/12\/Sopar-Nadal-2025-09-1024x768.jpeg\" alt=\"\" class=\"wp-image-47107\" srcset=\"https:\/\/aceweb.cat\/wp-content\/uploads\/2025\/12\/Sopar-Nadal-2025-09-1024x768.jpeg 1024w, https:\/\/aceweb.cat\/wp-content\/uploads\/2025\/12\/Sopar-Nadal-2025-09-300x225.jpeg 300w, https:\/\/aceweb.cat\/wp-content\/uploads\/2025\/12\/Sopar-Nadal-2025-09-768x576.jpeg 768w, https:\/\/aceweb.cat\/wp-content\/uploads\/2025\/12\/Sopar-Nadal-2025-09-1536x1152.jpeg 1536w, https:\/\/aceweb.cat\/wp-content\/uploads\/2025\/12\/Sopar-Nadal-2025-09-600x450.jpeg 600w, https:\/\/aceweb.cat\/wp-content\/uploads\/2025\/12\/Sopar-Nadal-2025-09.jpeg 1600w\" sizes=\"auto, (max-width: 1024px) 100vw, 1024px\" \/><\/figure>\n\n<figure class=\"wp-block-image aligncenter size-large\"><img loading=\"lazy\" decoding=\"async\" width=\"1024\" height=\"768\" src=\"https:\/\/aceweb.cat\/wp-content\/uploads\/2025\/12\/Sopar-Nadal-2025-10-1024x768.jpeg\" alt=\"\" class=\"wp-image-47109\" srcset=\"https:\/\/aceweb.cat\/wp-content\/uploads\/2025\/12\/Sopar-Nadal-2025-10-1024x768.jpeg 1024w, https:\/\/aceweb.cat\/wp-content\/uploads\/2025\/12\/Sopar-Nadal-2025-10-300x225.jpeg 300w, https:\/\/aceweb.cat\/wp-content\/uploads\/2025\/12\/Sopar-Nadal-2025-10-768x576.jpeg 768w, https:\/\/aceweb.cat\/wp-content\/uploads\/2025\/12\/Sopar-Nadal-2025-10-1536x1152.jpeg 1536w, https:\/\/aceweb.cat\/wp-content\/uploads\/2025\/12\/Sopar-Nadal-2025-10-600x450.jpeg 600w, https:\/\/aceweb.cat\/wp-content\/uploads\/2025\/12\/Sopar-Nadal-2025-10.jpeg 1600w\" sizes=\"auto, (max-width: 1024px) 100vw, 1024px\" \/><\/figure>\n\n<figure class=\"wp-block-image aligncenter size-large\"><img loading=\"lazy\" decoding=\"async\" width=\"1024\" height=\"768\" src=\"https:\/\/aceweb.cat\/wp-content\/uploads\/2025\/12\/Sopar-Nadal-2025-11-1024x768.jpeg\" alt=\"\" class=\"wp-image-47089\" srcset=\"https:\/\/aceweb.cat\/wp-content\/uploads\/2025\/12\/Sopar-Nadal-2025-11-1024x768.jpeg 1024w, https:\/\/aceweb.cat\/wp-content\/uploads\/2025\/12\/Sopar-Nadal-2025-11-300x225.jpeg 300w, https:\/\/aceweb.cat\/wp-content\/uploads\/2025\/12\/Sopar-Nadal-2025-11-768x576.jpeg 768w, https:\/\/aceweb.cat\/wp-content\/uploads\/2025\/12\/Sopar-Nadal-2025-11-1536x1152.jpeg 1536w, https:\/\/aceweb.cat\/wp-content\/uploads\/2025\/12\/Sopar-Nadal-2025-11-600x450.jpeg 600w, https:\/\/aceweb.cat\/wp-content\/uploads\/2025\/12\/Sopar-Nadal-2025-11.jpeg 1600w\" sizes=\"auto, (max-width: 1024px) 100vw, 1024px\" \/><\/figure>\n\n<br\/>\r\n\n<p><\/p>\n\n<p>Los representantes del nuevo Socio numerario <strong>Other Structures SLP<\/strong> no pudieron asistir al acto y recibir\u00e1n su diploma acreditativo por correo.<\/p>\n\n<p><\/p>\n","protected":false},"excerpt":{"rendered":"<p>El pasado jueves 18 de diciembre se celebr\u00f3 la tradicional Cena de Navidad. El acto comenz\u00f3 a las 19:30 en la sede de la ACE, con la bienvenida a cargo del presidente de la asociaci\u00f3n, D. Enric Heredia Campmany-Gaudet y el nombramiento del Socio de Honor de este a\u00f1o, D. Francisco Arriaga Martitegui, reconocido experto &hellip;<\/p>\n<p class=\"read-more\"> <a class=\"\" href=\"https:\/\/aceweb.cat\/es\/noticias\/celebracion-de-la-cena-de-navidad-2025\/\"> <span class=\"screen-reader-text\">Celebraci\u00f3n de la Cena de Navidad 2025<\/span> Leer m\u00e1s &raquo;<\/a><\/p>\n","protected":false},"author":250,"featured_media":47092,"comment_status":"closed","ping_status":"closed","sticky":false,"template":"","format":"standard","meta":{"_acf_changed":false,"site-sidebar-layout":"default","site-content-layout":"default","ast-global-header-display":"","ast-main-header-display":"","ast-hfb-above-header-display":"","ast-hfb-below-header-display":"","ast-hfb-mobile-header-display":"","site-post-title":"","ast-breadcrumbs-content":"","ast-featured-img":"","footer-sml-layout":"","theme-transparent-header-meta":"","adv-header-id-meta":"","stick-header-meta":"","header-above-stick-meta":"","header-main-stick-meta":"","header-below-stick-meta":"","footnotes":""},"categories":[380],"tags":[1522,1524,1523],"class_list":["post-47116","post","type-post","status-publish","format-standard","has-post-thumbnail","hentry","category-noticias","tag-cena-navidad","tag-francisco-arriaga-martitegui","tag-socio-honor"],"acf":[],"yoast_head":"<!-- This site is optimized with the Yoast SEO plugin v27.1.1 - https:\/\/yoast.com\/product\/yoast-seo-wordpress\/ -->\n<title>Celebraci\u00f3n de la Cena de Navidad 2025 | ACE<\/title>\n<meta name=\"description\" content=\"Rese\u00f1a de la cena de Navidad de la ACE 2025, Socio de Honor Francisco Arriaga Martitegui\" \/>\n<meta name=\"robots\" content=\"index, follow, max-snippet:-1, max-image-preview:large, max-video-preview:-1\" \/>\n<link rel=\"canonical\" href=\"https:\/\/aceweb.cat\/es\/noticias\/celebracion-de-la-cena-de-navidad-2025\/\" \/>\n<meta property=\"og:locale\" content=\"es_ES\" \/>\n<meta property=\"og:type\" content=\"article\" \/>\n<meta property=\"og:title\" content=\"Celebraci\u00f3n de la Cena de Navidad 2025 | ACE\" \/>\n<meta property=\"og:description\" content=\"Rese\u00f1a de la cena de Navidad de la ACE 2025, Socio de Honor Francisco Arriaga Martitegui\" \/>\n<meta property=\"og:url\" content=\"https:\/\/aceweb.cat\/es\/noticias\/celebracion-de-la-cena-de-navidad-2025\/\" \/>\n<meta property=\"og:site_name\" content=\"aceweb.cat\" \/>\n<meta property=\"article:published_time\" content=\"2025-12-23T22:05:02+00:00\" \/>\n<meta property=\"article:modified_time\" content=\"2025-12-23T22:16:32+00:00\" \/>\n<meta property=\"og:image\" content=\"https:\/\/aceweb.cat\/wp-content\/uploads\/2025\/12\/Sopar-Nadal-2025-01.jpeg\" \/>\n\t<meta property=\"og:image:width\" content=\"1600\" \/>\n\t<meta property=\"og:image:height\" content=\"900\" \/>\n\t<meta property=\"og:image:type\" content=\"image\/jpeg\" \/>\n<meta name=\"author\" content=\"Cesc Aldab\u00f3\" \/>\n<meta name=\"twitter:card\" content=\"summary_large_image\" \/>\n<meta name=\"twitter:label1\" content=\"Escrito por\" \/>\n\t<meta name=\"twitter:data1\" content=\"Cesc Aldab\u00f3\" \/>\n\t<meta name=\"twitter:label2\" content=\"Tiempo de lectura\" \/>\n\t<meta name=\"twitter:data2\" content=\"1 minuto\" \/>\n<script type=\"application\/ld+json\" class=\"yoast-schema-graph\">{\"@context\":\"https:\/\/schema.org\",\"@graph\":[{\"@type\":\"Article\",\"@id\":\"https:\/\/aceweb.cat\/es\/noticias\/celebracion-de-la-cena-de-navidad-2025\/#article\",\"isPartOf\":{\"@id\":\"https:\/\/aceweb.cat\/es\/noticias\/celebracion-de-la-cena-de-navidad-2025\/\"},\"author\":{\"name\":\"Cesc Aldab\u00f3\",\"@id\":\"https:\/\/aceweb.cat\/#\/schema\/person\/93be7086bef877992f76288b376c35b7\"},\"headline\":\"Celebraci\u00f3n de la Cena de Navidad 2025\",\"datePublished\":\"2025-12-23T22:05:02+00:00\",\"dateModified\":\"2025-12-23T22:16:32+00:00\",\"mainEntityOfPage\":{\"@id\":\"https:\/\/aceweb.cat\/es\/noticias\/celebracion-de-la-cena-de-navidad-2025\/\"},\"wordCount\":236,\"publisher\":{\"@id\":\"https:\/\/aceweb.cat\/#organization\"},\"image\":{\"@id\":\"https:\/\/aceweb.cat\/es\/noticias\/celebracion-de-la-cena-de-navidad-2025\/#primaryimage\"},\"thumbnailUrl\":\"https:\/\/aceweb.cat\/wp-content\/uploads\/2025\/12\/Sopar-Nadal-2025-01.jpeg\",\"keywords\":[\"Cena Navidad\",\"Francisco Arriaga Martitegui\",\"Socio Honor\"],\"articleSection\":[\"Noticias\"],\"inLanguage\":\"es\"},{\"@type\":\"WebPage\",\"@id\":\"https:\/\/aceweb.cat\/es\/noticias\/celebracion-de-la-cena-de-navidad-2025\/\",\"url\":\"https:\/\/aceweb.cat\/es\/noticias\/celebracion-de-la-cena-de-navidad-2025\/\",\"name\":\"Celebraci\u00f3n de la Cena de Navidad 2025 | ACE\",\"isPartOf\":{\"@id\":\"https:\/\/aceweb.cat\/#website\"},\"primaryImageOfPage\":{\"@id\":\"https:\/\/aceweb.cat\/es\/noticias\/celebracion-de-la-cena-de-navidad-2025\/#primaryimage\"},\"image\":{\"@id\":\"https:\/\/aceweb.cat\/es\/noticias\/celebracion-de-la-cena-de-navidad-2025\/#primaryimage\"},\"thumbnailUrl\":\"https:\/\/aceweb.cat\/wp-content\/uploads\/2025\/12\/Sopar-Nadal-2025-01.jpeg\",\"datePublished\":\"2025-12-23T22:05:02+00:00\",\"dateModified\":\"2025-12-23T22:16:32+00:00\",\"description\":\"Rese\u00f1a de la cena de Navidad de la ACE 2025, Socio de Honor Francisco Arriaga Martitegui\",\"breadcrumb\":{\"@id\":\"https:\/\/aceweb.cat\/es\/noticias\/celebracion-de-la-cena-de-navidad-2025\/#breadcrumb\"},\"inLanguage\":\"es\",\"potentialAction\":[{\"@type\":\"ReadAction\",\"target\":[\"https:\/\/aceweb.cat\/es\/noticias\/celebracion-de-la-cena-de-navidad-2025\/\"]}]},{\"@type\":\"ImageObject\",\"inLanguage\":\"es\",\"@id\":\"https:\/\/aceweb.cat\/es\/noticias\/celebracion-de-la-cena-de-navidad-2025\/#primaryimage\",\"url\":\"https:\/\/aceweb.cat\/wp-content\/uploads\/2025\/12\/Sopar-Nadal-2025-01.jpeg\",\"contentUrl\":\"https:\/\/aceweb.cat\/wp-content\/uploads\/2025\/12\/Sopar-Nadal-2025-01.jpeg\",\"width\":1600,\"height\":900},{\"@type\":\"BreadcrumbList\",\"@id\":\"https:\/\/aceweb.cat\/es\/noticias\/celebracion-de-la-cena-de-navidad-2025\/#breadcrumb\",\"itemListElement\":[{\"@type\":\"ListItem\",\"position\":1,\"name\":\"Inici\",\"item\":\"https:\/\/aceweb.cat\/\"},{\"@type\":\"ListItem\",\"position\":2,\"name\":\"Sense categoria\",\"item\":\"https:\/\/aceweb.cat\/categoria\/sense-categoria\/\"},{\"@type\":\"ListItem\",\"position\":3,\"name\":\"Celebraci\u00f3n de la Cena de Navidad 2025\"}]},{\"@type\":\"WebSite\",\"@id\":\"https:\/\/aceweb.cat\/#website\",\"url\":\"https:\/\/aceweb.cat\/\",\"name\":\"ACE\",\"description\":\"Associaci\u00f3 de Consultors d&#039;Estructures | ACE\",\"publisher\":{\"@id\":\"https:\/\/aceweb.cat\/#organization\"},\"alternateName\":\"ACE\",\"potentialAction\":[{\"@type\":\"SearchAction\",\"target\":{\"@type\":\"EntryPoint\",\"urlTemplate\":\"https:\/\/aceweb.cat\/?s={search_term_string}\"},\"query-input\":{\"@type\":\"PropertyValueSpecification\",\"valueRequired\":true,\"valueName\":\"search_term_string\"}}],\"inLanguage\":\"es\"},{\"@type\":\"Organization\",\"@id\":\"https:\/\/aceweb.cat\/#organization\",\"name\":\"ACE\",\"alternateName\":\"ACE\",\"url\":\"https:\/\/aceweb.cat\/\",\"logo\":{\"@type\":\"ImageObject\",\"inLanguage\":\"es\",\"@id\":\"https:\/\/aceweb.cat\/#\/schema\/logo\/image\/\",\"url\":\"https:\/\/aceweb.cat\/wp-content\/uploads\/2022\/10\/logo.svg\",\"contentUrl\":\"https:\/\/aceweb.cat\/wp-content\/uploads\/2022\/10\/logo.svg\",\"width\":1,\"height\":1,\"caption\":\"ACE\"},\"image\":{\"@id\":\"https:\/\/aceweb.cat\/#\/schema\/logo\/image\/\"}},{\"@type\":\"Person\",\"@id\":\"https:\/\/aceweb.cat\/#\/schema\/person\/93be7086bef877992f76288b376c35b7\",\"name\":\"Cesc Aldab\u00f3\",\"image\":{\"@type\":\"ImageObject\",\"inLanguage\":\"es\",\"@id\":\"https:\/\/aceweb.cat\/#\/schema\/person\/image\/\",\"url\":\"https:\/\/secure.gravatar.com\/avatar\/240ab1f1a77922727895c5fc4c473e2c096a5a354b0b5040e70a63077890f810?s=96&d=mm&r=g\",\"contentUrl\":\"https:\/\/secure.gravatar.com\/avatar\/240ab1f1a77922727895c5fc4c473e2c096a5a354b0b5040e70a63077890f810?s=96&d=mm&r=g\",\"caption\":\"Cesc Aldab\u00f3\"},\"url\":\"https:\/\/aceweb.cat\/es\/author\/cesc\/\"}]}<\/script>\n<!-- \/ Yoast SEO plugin. -->","yoast_head_json":{"title":"Celebraci\u00f3n de la Cena de Navidad 2025 | ACE","description":"Rese\u00f1a de la cena de Navidad de la ACE 2025, Socio de Honor Francisco Arriaga Martitegui","robots":{"index":"index","follow":"follow","max-snippet":"max-snippet:-1","max-image-preview":"max-image-preview:large","max-video-preview":"max-video-preview:-1"},"canonical":"https:\/\/aceweb.cat\/es\/noticias\/celebracion-de-la-cena-de-navidad-2025\/","og_locale":"es_ES","og_type":"article","og_title":"Celebraci\u00f3n de la Cena de Navidad 2025 | ACE","og_description":"Rese\u00f1a de la cena de Navidad de la ACE 2025, Socio de Honor Francisco Arriaga Martitegui","og_url":"https:\/\/aceweb.cat\/es\/noticias\/celebracion-de-la-cena-de-navidad-2025\/","og_site_name":"aceweb.cat","article_published_time":"2025-12-23T22:05:02+00:00","article_modified_time":"2025-12-23T22:16:32+00:00","og_image":[{"width":1600,"height":900,"url":"https:\/\/aceweb.cat\/wp-content\/uploads\/2025\/12\/Sopar-Nadal-2025-01.jpeg","type":"image\/jpeg"}],"author":"Cesc Aldab\u00f3","twitter_card":"summary_large_image","twitter_misc":{"Escrito por":"Cesc Aldab\u00f3","Tiempo de lectura":"1 minuto"},"schema":{"@context":"https:\/\/schema.org","@graph":[{"@type":"Article","@id":"https:\/\/aceweb.cat\/es\/noticias\/celebracion-de-la-cena-de-navidad-2025\/#article","isPartOf":{"@id":"https:\/\/aceweb.cat\/es\/noticias\/celebracion-de-la-cena-de-navidad-2025\/"},"author":{"name":"Cesc Aldab\u00f3","@id":"https:\/\/aceweb.cat\/#\/schema\/person\/93be7086bef877992f76288b376c35b7"},"headline":"Celebraci\u00f3n de la Cena de Navidad 2025","datePublished":"2025-12-23T22:05:02+00:00","dateModified":"2025-12-23T22:16:32+00:00","mainEntityOfPage":{"@id":"https:\/\/aceweb.cat\/es\/noticias\/celebracion-de-la-cena-de-navidad-2025\/"},"wordCount":236,"publisher":{"@id":"https:\/\/aceweb.cat\/#organization"},"image":{"@id":"https:\/\/aceweb.cat\/es\/noticias\/celebracion-de-la-cena-de-navidad-2025\/#primaryimage"},"thumbnailUrl":"https:\/\/aceweb.cat\/wp-content\/uploads\/2025\/12\/Sopar-Nadal-2025-01.jpeg","keywords":["Cena Navidad","Francisco Arriaga Martitegui","Socio Honor"],"articleSection":["Noticias"],"inLanguage":"es"},{"@type":"WebPage","@id":"https:\/\/aceweb.cat\/es\/noticias\/celebracion-de-la-cena-de-navidad-2025\/","url":"https:\/\/aceweb.cat\/es\/noticias\/celebracion-de-la-cena-de-navidad-2025\/","name":"Celebraci\u00f3n de la Cena de Navidad 2025 | ACE","isPartOf":{"@id":"https:\/\/aceweb.cat\/#website"},"primaryImageOfPage":{"@id":"https:\/\/aceweb.cat\/es\/noticias\/celebracion-de-la-cena-de-navidad-2025\/#primaryimage"},"image":{"@id":"https:\/\/aceweb.cat\/es\/noticias\/celebracion-de-la-cena-de-navidad-2025\/#primaryimage"},"thumbnailUrl":"https:\/\/aceweb.cat\/wp-content\/uploads\/2025\/12\/Sopar-Nadal-2025-01.jpeg","datePublished":"2025-12-23T22:05:02+00:00","dateModified":"2025-12-23T22:16:32+00:00","description":"Rese\u00f1a de la cena de Navidad de la ACE 2025, Socio de Honor Francisco Arriaga Martitegui","breadcrumb":{"@id":"https:\/\/aceweb.cat\/es\/noticias\/celebracion-de-la-cena-de-navidad-2025\/#breadcrumb"},"inLanguage":"es","potentialAction":[{"@type":"ReadAction","target":["https:\/\/aceweb.cat\/es\/noticias\/celebracion-de-la-cena-de-navidad-2025\/"]}]},{"@type":"ImageObject","inLanguage":"es","@id":"https:\/\/aceweb.cat\/es\/noticias\/celebracion-de-la-cena-de-navidad-2025\/#primaryimage","url":"https:\/\/aceweb.cat\/wp-content\/uploads\/2025\/12\/Sopar-Nadal-2025-01.jpeg","contentUrl":"https:\/\/aceweb.cat\/wp-content\/uploads\/2025\/12\/Sopar-Nadal-2025-01.jpeg","width":1600,"height":900},{"@type":"BreadcrumbList","@id":"https:\/\/aceweb.cat\/es\/noticias\/celebracion-de-la-cena-de-navidad-2025\/#breadcrumb","itemListElement":[{"@type":"ListItem","position":1,"name":"Inici","item":"https:\/\/aceweb.cat\/"},{"@type":"ListItem","position":2,"name":"Sense categoria","item":"https:\/\/aceweb.cat\/categoria\/sense-categoria\/"},{"@type":"ListItem","position":3,"name":"Celebraci\u00f3n de la Cena de Navidad 2025"}]},{"@type":"WebSite","@id":"https:\/\/aceweb.cat\/#website","url":"https:\/\/aceweb.cat\/","name":"ACE","description":"Associaci\u00f3 de Consultors d&#039;Estructures | ACE","publisher":{"@id":"https:\/\/aceweb.cat\/#organization"},"alternateName":"ACE","potentialAction":[{"@type":"SearchAction","target":{"@type":"EntryPoint","urlTemplate":"https:\/\/aceweb.cat\/?s={search_term_string}"},"query-input":{"@type":"PropertyValueSpecification","valueRequired":true,"valueName":"search_term_string"}}],"inLanguage":"es"},{"@type":"Organization","@id":"https:\/\/aceweb.cat\/#organization","name":"ACE","alternateName":"ACE","url":"https:\/\/aceweb.cat\/","logo":{"@type":"ImageObject","inLanguage":"es","@id":"https:\/\/aceweb.cat\/#\/schema\/logo\/image\/","url":"https:\/\/aceweb.cat\/wp-content\/uploads\/2022\/10\/logo.svg","contentUrl":"https:\/\/aceweb.cat\/wp-content\/uploads\/2022\/10\/logo.svg","width":1,"height":1,"caption":"ACE"},"image":{"@id":"https:\/\/aceweb.cat\/#\/schema\/logo\/image\/"}},{"@type":"Person","@id":"https:\/\/aceweb.cat\/#\/schema\/person\/93be7086bef877992f76288b376c35b7","name":"Cesc Aldab\u00f3","image":{"@type":"ImageObject","inLanguage":"es","@id":"https:\/\/aceweb.cat\/#\/schema\/person\/image\/","url":"https:\/\/secure.gravatar.com\/avatar\/240ab1f1a77922727895c5fc4c473e2c096a5a354b0b5040e70a63077890f810?s=96&d=mm&r=g","contentUrl":"https:\/\/secure.gravatar.com\/avatar\/240ab1f1a77922727895c5fc4c473e2c096a5a354b0b5040e70a63077890f810?s=96&d=mm&r=g","caption":"Cesc Aldab\u00f3"},"url":"https:\/\/aceweb.cat\/es\/author\/cesc\/"}]}},"_links":{"self":[{"href":"https:\/\/aceweb.cat\/es\/wp-json\/wp\/v2\/posts\/47116","targetHints":{"allow":["GET"]}}],"collection":[{"href":"https:\/\/aceweb.cat\/es\/wp-json\/wp\/v2\/posts"}],"about":[{"href":"https:\/\/aceweb.cat\/es\/wp-json\/wp\/v2\/types\/post"}],"author":[{"embeddable":true,"href":"https:\/\/aceweb.cat\/es\/wp-json\/wp\/v2\/users\/250"}],"replies":[{"embeddable":true,"href":"https:\/\/aceweb.cat\/es\/wp-json\/wp\/v2\/comments?post=47116"}],"version-history":[{"count":1,"href":"https:\/\/aceweb.cat\/es\/wp-json\/wp\/v2\/posts\/47116\/revisions"}],"predecessor-version":[{"id":47117,"href":"https:\/\/aceweb.cat\/es\/wp-json\/wp\/v2\/posts\/47116\/revisions\/47117"}],"wp:featuredmedia":[{"embeddable":true,"href":"https:\/\/aceweb.cat\/es\/wp-json\/wp\/v2\/media\/47092"}],"wp:attachment":[{"href":"https:\/\/aceweb.cat\/es\/wp-json\/wp\/v2\/media?parent=47116"}],"wp:term":[{"taxonomy":"category","embeddable":true,"href":"https:\/\/aceweb.cat\/es\/wp-json\/wp\/v2\/categories?post=47116"},{"taxonomy":"post_tag","embeddable":true,"href":"https:\/\/aceweb.cat\/es\/wp-json\/wp\/v2\/tags?post=47116"}],"curies":[{"name":"wp","href":"https:\/\/api.w.org\/{rel}","templated":true}]}}