{"id":47160,"date":"2026-01-26T17:08:35","date_gmt":"2026-01-26T17:08:35","guid":{"rendered":"https:\/\/aceweb.cat\/sin-categorizar\/el-proximo-26-de-febrero-la-ace-celebra-la-asamblea-general-anual-2026\/"},"modified":"2026-01-26T17:08:35","modified_gmt":"2026-01-26T17:08:35","slug":"el-proximo-26-de-febrero-la-ace-celebra-la-asamblea-general-anual-2026","status":"publish","type":"post","link":"https:\/\/aceweb.cat\/es\/noticias\/el-proximo-26-de-febrero-la-ace-celebra-la-asamblea-general-anual-2026\/","title":{"rendered":"El pr\u00f3ximo 26 de febrero la ACE celebra la Asamblea General anual 2026"},"content":{"rendered":"<p style=\"text-align: justify;\">La <strong>Associaci\u00f3 de Consultors d\u2019Estructures<\/strong> convoca a los socios a la asistencia a la <strong>Asamblea\u00a0 General<\/strong> de la Asociaci\u00f3n, que tendr\u00e1 lugar el pr\u00f3ximo\u00a0 <strong>26 de febrero de 2026 a partir de las 18h<\/strong> (la segunda convocatoria a las 18.30h).<\/p>\n<p style=\"text-align: justify;\">El acto se realizar\u00e1 en la <strong>Sala de Actos del ITEC<\/strong> (c\/Wellington, 19 &#8211; 08018 Barcelona) y el orden del d\u00eda ser\u00e1 el siguiente:<!--more--><\/p>\n<ul style=\"text-align: justify;\">\n<li>Lectura y aprobaci\u00f3n del acta de la Asamblea anterior<\/li>\n<li>Informe del Presidente<\/li>\n<li>Lectura y aprobaci\u00f3n, si es necesario, de la Memoria de Actividades 2026<\/li>\n<li>Informe de las diversas \u00e1reas<\/li>\n<li>Lectura y aprobaci\u00f3n, si es necesario, del Estad0 de Cuentas del ejercicio 2025<\/li>\n<li>Lectura y aprobaci\u00f3n presupuesto 2026<\/li>\n<li>Actualizaci\u00f3n cuotas 2027<\/li>\n<li>Asuntos de tr\u00e1mite y acuerdos que se lleguen<\/li>\n<li>Turno abierto de palabra<\/li>\n<\/ul>\n<p style=\"text-align: justify;\">Al finalizar el acto, se podr\u00e1 disfrutar de un\u00a0 piscolabis.<\/p>\n<p style=\"text-align: justify;\">Por temas organizativos se ruega la\u00a0 <strong>confirmaci\u00f3n de asistencia<\/strong> en este <a href=\"https:\/\/forms.gle\/QmUZXEmgDCMBE3bD7\">enlace<\/a><\/p>\n","protected":false},"excerpt":{"rendered":"<p>La Associaci\u00f3 de Consultors d\u2019Estructures convoca a los socios a la asistencia a la Asamblea\u00a0 General de la Asociaci\u00f3n, que tendr\u00e1 lugar el pr\u00f3ximo\u00a0 26 de febrero de 2026 a partir de las 18h (la segunda convocatoria a las 18.30h). El acto se realizar\u00e1 en la Sala de Actos del ITEC (c\/Wellington, 19 &#8211; 08018 &hellip;<\/p>\n<p class=\"read-more\"> <a class=\"\" href=\"https:\/\/aceweb.cat\/es\/noticias\/el-proximo-26-de-febrero-la-ace-celebra-la-asamblea-general-anual-2026\/\"> <span class=\"screen-reader-text\">El pr\u00f3ximo 26 de febrero la ACE celebra la Asamblea General anual 2026<\/span> Leer m\u00e1s &raquo;<\/a><\/p>\n","protected":false},"author":93,"featured_media":1482,"comment_status":"open","ping_status":"open","sticky":false,"template":"","format":"standard","meta":{"_acf_changed":false,"site-sidebar-layout":"default","site-content-layout":"default","ast-global-header-display":"","ast-main-header-display":"","ast-hfb-above-header-display":"","ast-hfb-below-header-display":"","ast-hfb-mobile-header-display":"","site-post-title":"","ast-breadcrumbs-content":"","ast-featured-img":"","footer-sml-layout":"","theme-transparent-header-meta":"","adv-header-id-meta":"","stick-header-meta":"","header-above-stick-meta":"","header-main-stick-meta":"","header-below-stick-meta":"","footnotes":""},"categories":[380],"tags":[],"class_list":["post-47160","post","type-post","status-publish","format-standard","has-post-thumbnail","hentry","category-noticias"],"acf":[],"yoast_head":"<!-- This site is optimized with the Yoast SEO plugin v27.1.1 - https:\/\/yoast.com\/product\/yoast-seo-wordpress\/ -->\n<title>El pr\u00f3ximo 26 de febrero la ACE celebra la Asamblea General anual 2026 | ACE<\/title>\n<meta name=\"description\" content=\"El pr\u00f3ximo d\u00eda 26 de febrero de 2026 es celebra la Asamblea General Ordinaria 2026 para todos los socios de la ACE\" \/>\n<meta name=\"robots\" content=\"index, follow, max-snippet:-1, max-image-preview:large, max-video-preview:-1\" \/>\n<link rel=\"canonical\" href=\"https:\/\/aceweb.cat\/noticies\/el-proxim-26-de-febrer-lace-celebra-lassemblea-general-anual-2026\/\" \/>\n<meta property=\"og:locale\" content=\"es_ES\" \/>\n<meta property=\"og:type\" content=\"article\" \/>\n<meta property=\"og:title\" content=\"El pr\u00f3ximo 26 de febrero la ACE celebra la Asamblea General anual 2026 | ACE\" \/>\n<meta property=\"og:description\" content=\"El pr\u00f3ximo d\u00eda 26 de febrero de 2026 es celebra la Asamblea General Ordinaria 2026 para todos los socios de la ACE\" \/>\n<meta property=\"og:url\" content=\"https:\/\/aceweb.cat\/noticies\/el-proxim-26-de-febrer-lace-celebra-lassemblea-general-anual-2026\/\" \/>\n<meta property=\"og:site_name\" content=\"aceweb.cat\" \/>\n<meta property=\"article:published_time\" content=\"2026-01-26T17:08:35+00:00\" \/>\n<meta property=\"og:image\" content=\"https:\/\/aceweb.cat\/wp-content\/uploads\/2022\/06\/ace-actos-cat-assemblea.jpg\" \/>\n\t<meta property=\"og:image:width\" content=\"630\" \/>\n\t<meta property=\"og:image:height\" content=\"340\" \/>\n\t<meta property=\"og:image:type\" content=\"image\/jpeg\" \/>\n<meta name=\"author\" content=\"Merc\u00e8 Sierra\" \/>\n<meta name=\"twitter:card\" content=\"summary_large_image\" \/>\n<meta name=\"twitter:label1\" content=\"Escrito por\" \/>\n\t<meta name=\"twitter:data1\" content=\"Merc\u00e8 Sierra\" \/>\n\t<meta name=\"twitter:label2\" content=\"Tiempo de lectura\" \/>\n\t<meta name=\"twitter:data2\" content=\"1 minuto\" \/>\n<script type=\"application\/ld+json\" class=\"yoast-schema-graph\">{\"@context\":\"https:\/\/schema.org\",\"@graph\":[{\"@type\":\"Article\",\"@id\":\"https:\/\/aceweb.cat\/noticies\/el-proxim-26-de-febrer-lace-celebra-lassemblea-general-anual-2026\/#article\",\"isPartOf\":{\"@id\":\"https:\/\/aceweb.cat\/noticies\/el-proxim-26-de-febrer-lace-celebra-lassemblea-general-anual-2026\/\"},\"author\":{\"name\":\"Merc\u00e8 Sierra\",\"@id\":\"https:\/\/aceweb.cat\/#\/schema\/person\/a6b8893e55b089407baaac96e1014d92\"},\"headline\":\"El pr\u00f3ximo 26 de febrero la ACE celebra la Asamblea General anual 2026\",\"datePublished\":\"2026-01-26T17:08:35+00:00\",\"mainEntityOfPage\":{\"@id\":\"https:\/\/aceweb.cat\/noticies\/el-proxim-26-de-febrer-lace-celebra-lassemblea-general-anual-2026\/\"},\"wordCount\":164,\"commentCount\":0,\"publisher\":{\"@id\":\"https:\/\/aceweb.cat\/#organization\"},\"image\":{\"@id\":\"https:\/\/aceweb.cat\/noticies\/el-proxim-26-de-febrer-lace-celebra-lassemblea-general-anual-2026\/#primaryimage\"},\"thumbnailUrl\":\"https:\/\/aceweb.cat\/wp-content\/uploads\/2022\/06\/ace-actos-cat-assemblea.jpg\",\"articleSection\":[\"Noticias\"],\"inLanguage\":\"es\",\"potentialAction\":[{\"@type\":\"CommentAction\",\"name\":\"Comment\",\"target\":[\"https:\/\/aceweb.cat\/noticies\/el-proxim-26-de-febrer-lace-celebra-lassemblea-general-anual-2026\/#respond\"]}]},{\"@type\":\"WebPage\",\"@id\":\"https:\/\/aceweb.cat\/noticies\/el-proxim-26-de-febrer-lace-celebra-lassemblea-general-anual-2026\/\",\"url\":\"https:\/\/aceweb.cat\/noticies\/el-proxim-26-de-febrer-lace-celebra-lassemblea-general-anual-2026\/\",\"name\":\"El pr\u00f3ximo 26 de febrero la ACE celebra la Asamblea General anual 2026 | ACE\",\"isPartOf\":{\"@id\":\"https:\/\/aceweb.cat\/#website\"},\"primaryImageOfPage\":{\"@id\":\"https:\/\/aceweb.cat\/noticies\/el-proxim-26-de-febrer-lace-celebra-lassemblea-general-anual-2026\/#primaryimage\"},\"image\":{\"@id\":\"https:\/\/aceweb.cat\/noticies\/el-proxim-26-de-febrer-lace-celebra-lassemblea-general-anual-2026\/#primaryimage\"},\"thumbnailUrl\":\"https:\/\/aceweb.cat\/wp-content\/uploads\/2022\/06\/ace-actos-cat-assemblea.jpg\",\"datePublished\":\"2026-01-26T17:08:35+00:00\",\"description\":\"El pr\u00f3ximo d\u00eda 26 de febrero de 2026 es celebra la Asamblea General Ordinaria 2026 para todos los socios de la ACE\",\"breadcrumb\":{\"@id\":\"https:\/\/aceweb.cat\/noticies\/el-proxim-26-de-febrer-lace-celebra-lassemblea-general-anual-2026\/#breadcrumb\"},\"inLanguage\":\"es\",\"potentialAction\":[{\"@type\":\"ReadAction\",\"target\":[\"https:\/\/aceweb.cat\/noticies\/el-proxim-26-de-febrer-lace-celebra-lassemblea-general-anual-2026\/\"]}]},{\"@type\":\"ImageObject\",\"inLanguage\":\"es\",\"@id\":\"https:\/\/aceweb.cat\/noticies\/el-proxim-26-de-febrer-lace-celebra-lassemblea-general-anual-2026\/#primaryimage\",\"url\":\"https:\/\/aceweb.cat\/wp-content\/uploads\/2022\/06\/ace-actos-cat-assemblea.jpg\",\"contentUrl\":\"https:\/\/aceweb.cat\/wp-content\/uploads\/2022\/06\/ace-actos-cat-assemblea.jpg\",\"width\":630,\"height\":340},{\"@type\":\"BreadcrumbList\",\"@id\":\"https:\/\/aceweb.cat\/noticies\/el-proxim-26-de-febrer-lace-celebra-lassemblea-general-anual-2026\/#breadcrumb\",\"itemListElement\":[{\"@type\":\"ListItem\",\"position\":1,\"name\":\"Inici\",\"item\":\"https:\/\/aceweb.cat\/\"},{\"@type\":\"ListItem\",\"position\":2,\"name\":\"Sense categoria\",\"item\":\"https:\/\/aceweb.cat\/categoria\/sense-categoria\/\"},{\"@type\":\"ListItem\",\"position\":3,\"name\":\"El pr\u00f3ximo 26 de febrero la ACE celebra la Asamblea General anual 2026\"}]},{\"@type\":\"WebSite\",\"@id\":\"https:\/\/aceweb.cat\/#website\",\"url\":\"https:\/\/aceweb.cat\/\",\"name\":\"ACE\",\"description\":\"Associaci\u00f3 de Consultors d&#039;Estructures | ACE\",\"publisher\":{\"@id\":\"https:\/\/aceweb.cat\/#organization\"},\"alternateName\":\"ACE\",\"potentialAction\":[{\"@type\":\"SearchAction\",\"target\":{\"@type\":\"EntryPoint\",\"urlTemplate\":\"https:\/\/aceweb.cat\/?s={search_term_string}\"},\"query-input\":{\"@type\":\"PropertyValueSpecification\",\"valueRequired\":true,\"valueName\":\"search_term_string\"}}],\"inLanguage\":\"es\"},{\"@type\":\"Organization\",\"@id\":\"https:\/\/aceweb.cat\/#organization\",\"name\":\"ACE\",\"alternateName\":\"ACE\",\"url\":\"https:\/\/aceweb.cat\/\",\"logo\":{\"@type\":\"ImageObject\",\"inLanguage\":\"es\",\"@id\":\"https:\/\/aceweb.cat\/#\/schema\/logo\/image\/\",\"url\":\"https:\/\/aceweb.cat\/wp-content\/uploads\/2022\/10\/logo.svg\",\"contentUrl\":\"https:\/\/aceweb.cat\/wp-content\/uploads\/2022\/10\/logo.svg\",\"width\":1,\"height\":1,\"caption\":\"ACE\"},\"image\":{\"@id\":\"https:\/\/aceweb.cat\/#\/schema\/logo\/image\/\"}},{\"@type\":\"Person\",\"@id\":\"https:\/\/aceweb.cat\/#\/schema\/person\/a6b8893e55b089407baaac96e1014d92\",\"name\":\"Merc\u00e8 Sierra\",\"image\":{\"@type\":\"ImageObject\",\"inLanguage\":\"es\",\"@id\":\"https:\/\/aceweb.cat\/#\/schema\/person\/image\/\",\"url\":\"https:\/\/secure.gravatar.com\/avatar\/22f0c97d4117dfcc3220888d6384e2a07df217ae83511660a0783b56292770b5?s=96&d=mm&r=g\",\"contentUrl\":\"https:\/\/secure.gravatar.com\/avatar\/22f0c97d4117dfcc3220888d6384e2a07df217ae83511660a0783b56292770b5?s=96&d=mm&r=g\",\"caption\":\"Merc\u00e8 Sierra\"},\"url\":\"https:\/\/aceweb.cat\/es\/author\/merce-sierra\/\"}]}<\/script>\n<!-- \/ Yoast SEO plugin. -->","yoast_head_json":{"title":"El pr\u00f3ximo 26 de febrero la ACE celebra la Asamblea General anual 2026 | ACE","description":"El pr\u00f3ximo d\u00eda 26 de febrero de 2026 es celebra la Asamblea General Ordinaria 2026 para todos los socios de la ACE","robots":{"index":"index","follow":"follow","max-snippet":"max-snippet:-1","max-image-preview":"max-image-preview:large","max-video-preview":"max-video-preview:-1"},"canonical":"https:\/\/aceweb.cat\/noticies\/el-proxim-26-de-febrer-lace-celebra-lassemblea-general-anual-2026\/","og_locale":"es_ES","og_type":"article","og_title":"El pr\u00f3ximo 26 de febrero la ACE celebra la Asamblea General anual 2026 | ACE","og_description":"El pr\u00f3ximo d\u00eda 26 de febrero de 2026 es celebra la Asamblea General Ordinaria 2026 para todos los socios de la ACE","og_url":"https:\/\/aceweb.cat\/noticies\/el-proxim-26-de-febrer-lace-celebra-lassemblea-general-anual-2026\/","og_site_name":"aceweb.cat","article_published_time":"2026-01-26T17:08:35+00:00","og_image":[{"width":630,"height":340,"url":"https:\/\/aceweb.cat\/wp-content\/uploads\/2022\/06\/ace-actos-cat-assemblea.jpg","type":"image\/jpeg"}],"author":"Merc\u00e8 Sierra","twitter_card":"summary_large_image","twitter_misc":{"Escrito por":"Merc\u00e8 Sierra","Tiempo de lectura":"1 minuto"},"schema":{"@context":"https:\/\/schema.org","@graph":[{"@type":"Article","@id":"https:\/\/aceweb.cat\/noticies\/el-proxim-26-de-febrer-lace-celebra-lassemblea-general-anual-2026\/#article","isPartOf":{"@id":"https:\/\/aceweb.cat\/noticies\/el-proxim-26-de-febrer-lace-celebra-lassemblea-general-anual-2026\/"},"author":{"name":"Merc\u00e8 Sierra","@id":"https:\/\/aceweb.cat\/#\/schema\/person\/a6b8893e55b089407baaac96e1014d92"},"headline":"El pr\u00f3ximo 26 de febrero la ACE celebra la Asamblea General anual 2026","datePublished":"2026-01-26T17:08:35+00:00","mainEntityOfPage":{"@id":"https:\/\/aceweb.cat\/noticies\/el-proxim-26-de-febrer-lace-celebra-lassemblea-general-anual-2026\/"},"wordCount":164,"commentCount":0,"publisher":{"@id":"https:\/\/aceweb.cat\/#organization"},"image":{"@id":"https:\/\/aceweb.cat\/noticies\/el-proxim-26-de-febrer-lace-celebra-lassemblea-general-anual-2026\/#primaryimage"},"thumbnailUrl":"https:\/\/aceweb.cat\/wp-content\/uploads\/2022\/06\/ace-actos-cat-assemblea.jpg","articleSection":["Noticias"],"inLanguage":"es","potentialAction":[{"@type":"CommentAction","name":"Comment","target":["https:\/\/aceweb.cat\/noticies\/el-proxim-26-de-febrer-lace-celebra-lassemblea-general-anual-2026\/#respond"]}]},{"@type":"WebPage","@id":"https:\/\/aceweb.cat\/noticies\/el-proxim-26-de-febrer-lace-celebra-lassemblea-general-anual-2026\/","url":"https:\/\/aceweb.cat\/noticies\/el-proxim-26-de-febrer-lace-celebra-lassemblea-general-anual-2026\/","name":"El pr\u00f3ximo 26 de febrero la ACE celebra la Asamblea General anual 2026 | ACE","isPartOf":{"@id":"https:\/\/aceweb.cat\/#website"},"primaryImageOfPage":{"@id":"https:\/\/aceweb.cat\/noticies\/el-proxim-26-de-febrer-lace-celebra-lassemblea-general-anual-2026\/#primaryimage"},"image":{"@id":"https:\/\/aceweb.cat\/noticies\/el-proxim-26-de-febrer-lace-celebra-lassemblea-general-anual-2026\/#primaryimage"},"thumbnailUrl":"https:\/\/aceweb.cat\/wp-content\/uploads\/2022\/06\/ace-actos-cat-assemblea.jpg","datePublished":"2026-01-26T17:08:35+00:00","description":"El pr\u00f3ximo d\u00eda 26 de febrero de 2026 es celebra la Asamblea General Ordinaria 2026 para todos los socios de la ACE","breadcrumb":{"@id":"https:\/\/aceweb.cat\/noticies\/el-proxim-26-de-febrer-lace-celebra-lassemblea-general-anual-2026\/#breadcrumb"},"inLanguage":"es","potentialAction":[{"@type":"ReadAction","target":["https:\/\/aceweb.cat\/noticies\/el-proxim-26-de-febrer-lace-celebra-lassemblea-general-anual-2026\/"]}]},{"@type":"ImageObject","inLanguage":"es","@id":"https:\/\/aceweb.cat\/noticies\/el-proxim-26-de-febrer-lace-celebra-lassemblea-general-anual-2026\/#primaryimage","url":"https:\/\/aceweb.cat\/wp-content\/uploads\/2022\/06\/ace-actos-cat-assemblea.jpg","contentUrl":"https:\/\/aceweb.cat\/wp-content\/uploads\/2022\/06\/ace-actos-cat-assemblea.jpg","width":630,"height":340},{"@type":"BreadcrumbList","@id":"https:\/\/aceweb.cat\/noticies\/el-proxim-26-de-febrer-lace-celebra-lassemblea-general-anual-2026\/#breadcrumb","itemListElement":[{"@type":"ListItem","position":1,"name":"Inici","item":"https:\/\/aceweb.cat\/"},{"@type":"ListItem","position":2,"name":"Sense categoria","item":"https:\/\/aceweb.cat\/categoria\/sense-categoria\/"},{"@type":"ListItem","position":3,"name":"El pr\u00f3ximo 26 de febrero la ACE celebra la Asamblea General anual 2026"}]},{"@type":"WebSite","@id":"https:\/\/aceweb.cat\/#website","url":"https:\/\/aceweb.cat\/","name":"ACE","description":"Associaci\u00f3 de Consultors d&#039;Estructures | ACE","publisher":{"@id":"https:\/\/aceweb.cat\/#organization"},"alternateName":"ACE","potentialAction":[{"@type":"SearchAction","target":{"@type":"EntryPoint","urlTemplate":"https:\/\/aceweb.cat\/?s={search_term_string}"},"query-input":{"@type":"PropertyValueSpecification","valueRequired":true,"valueName":"search_term_string"}}],"inLanguage":"es"},{"@type":"Organization","@id":"https:\/\/aceweb.cat\/#organization","name":"ACE","alternateName":"ACE","url":"https:\/\/aceweb.cat\/","logo":{"@type":"ImageObject","inLanguage":"es","@id":"https:\/\/aceweb.cat\/#\/schema\/logo\/image\/","url":"https:\/\/aceweb.cat\/wp-content\/uploads\/2022\/10\/logo.svg","contentUrl":"https:\/\/aceweb.cat\/wp-content\/uploads\/2022\/10\/logo.svg","width":1,"height":1,"caption":"ACE"},"image":{"@id":"https:\/\/aceweb.cat\/#\/schema\/logo\/image\/"}},{"@type":"Person","@id":"https:\/\/aceweb.cat\/#\/schema\/person\/a6b8893e55b089407baaac96e1014d92","name":"Merc\u00e8 Sierra","image":{"@type":"ImageObject","inLanguage":"es","@id":"https:\/\/aceweb.cat\/#\/schema\/person\/image\/","url":"https:\/\/secure.gravatar.com\/avatar\/22f0c97d4117dfcc3220888d6384e2a07df217ae83511660a0783b56292770b5?s=96&d=mm&r=g","contentUrl":"https:\/\/secure.gravatar.com\/avatar\/22f0c97d4117dfcc3220888d6384e2a07df217ae83511660a0783b56292770b5?s=96&d=mm&r=g","caption":"Merc\u00e8 Sierra"},"url":"https:\/\/aceweb.cat\/es\/author\/merce-sierra\/"}]}},"_links":{"self":[{"href":"https:\/\/aceweb.cat\/es\/wp-json\/wp\/v2\/posts\/47160","targetHints":{"allow":["GET"]}}],"collection":[{"href":"https:\/\/aceweb.cat\/es\/wp-json\/wp\/v2\/posts"}],"about":[{"href":"https:\/\/aceweb.cat\/es\/wp-json\/wp\/v2\/types\/post"}],"author":[{"embeddable":true,"href":"https:\/\/aceweb.cat\/es\/wp-json\/wp\/v2\/users\/93"}],"replies":[{"embeddable":true,"href":"https:\/\/aceweb.cat\/es\/wp-json\/wp\/v2\/comments?post=47160"}],"version-history":[{"count":0,"href":"https:\/\/aceweb.cat\/es\/wp-json\/wp\/v2\/posts\/47160\/revisions"}],"wp:featuredmedia":[{"embeddable":true,"href":"https:\/\/aceweb.cat\/es\/wp-json\/wp\/v2\/media\/1482"}],"wp:attachment":[{"href":"https:\/\/aceweb.cat\/es\/wp-json\/wp\/v2\/media?parent=47160"}],"wp:term":[{"taxonomy":"category","embeddable":true,"href":"https:\/\/aceweb.cat\/es\/wp-json\/wp\/v2\/categories?post=47160"},{"taxonomy":"post_tag","embeddable":true,"href":"https:\/\/aceweb.cat\/es\/wp-json\/wp\/v2\/tags?post=47160"}],"curies":[{"name":"wp","href":"https:\/\/api.w.org\/{rel}","templated":true}]}}