{"id":47207,"date":"2026-02-17T13:08:59","date_gmt":"2026-02-17T13:08:59","guid":{"rendered":"https:\/\/aceweb.cat\/?p=47207"},"modified":"2026-02-17T13:09:41","modified_gmt":"2026-02-17T13:09:41","slug":"dijous-a-lace-introduccion-al-refuerzo-de-estructuras-con-fibras-de-carbono-software-de-calculo-carbotec","status":"publish","type":"post","link":"https:\/\/aceweb.cat\/es\/formacion\/jornadas\/dijous-a-lace-es\/dijous-a-lace-introduccion-al-refuerzo-de-estructuras-con-fibras-de-carbono-software-de-calculo-carbotec\/","title":{"rendered":"Dijous a l&#8217;ACE: Introducci\u00f3n al refuerzo de estructuras con fibras de carbono. Software de c\u00e1lculo Carbotec"},"content":{"rendered":"\n<figure class=\"wp-block-image aligncenter size-full is-resized\"><img loading=\"lazy\" decoding=\"async\" width=\"816\" height=\"612\" src=\"https:\/\/aceweb.cat\/wp-content\/uploads\/2026\/02\/imatge-jornada.png\" alt=\"\" class=\"wp-image-47198\" style=\"width:413px;height:auto\" srcset=\"https:\/\/aceweb.cat\/wp-content\/uploads\/2026\/02\/imatge-jornada.png 816w, https:\/\/aceweb.cat\/wp-content\/uploads\/2026\/02\/imatge-jornada-300x225.png 300w, https:\/\/aceweb.cat\/wp-content\/uploads\/2026\/02\/imatge-jornada-768x576.png 768w, https:\/\/aceweb.cat\/wp-content\/uploads\/2026\/02\/imatge-jornada-600x450.png 600w\" sizes=\"auto, (max-width: 816px) 100vw, 816px\" \/><\/figure>\n\n<p><\/p>\n\n<p><strong>D\u00eda<\/strong>: 12 de marzo de 2026<br\/><strong>Horario<\/strong>: 10:00 h<br\/><strong>Duraci\u00f3n<\/strong>: 3 horas<br\/><strong>Formato<\/strong>: presencial en la calle Wellington, 19 y virtual per la plataforma zoom<br\/><strong>Idioma<\/strong>: castellano<\/p>\n\n<p><strong>DESCRIPCI\u00d3N<\/strong><\/p>\n\n<p>Jornada t\u00e9cnica de gran inter\u00e9s tanto para t\u00e9cnicos ya especializados en reparaci\u00f3n y refuerzo de estructuras de hormig\u00f3n armado como para aquellos que deseen iniciarse en esta materia.<br\/>Analizaremos los sistemas de refuerzo CFRP desde una visi\u00f3n muy pr\u00e1ctica, con m\u00faltiples im\u00e1genes de la puesta en obra y especificaciones de aplicaci\u00f3n, exponiendo sus principales ventajas frente a los sistemas tradicionales de refuerzo.<br\/>Presentaremos la nueva APPWEB de c\u00e1lculo de refuerzo CFRP Carbotec desarrollada por Novaltra para el Grupo Puma, de uso gratuito para t\u00e9cnicos, que permite el c\u00e1lculo de cuat\u00edas de refuerzos de forma r\u00e1pida y sencilla, generando la correspondiente memoria de c\u00e1lculo y las partidas de obra para la correcta especificaci\u00f3n en proyecto. Apto para todo tipo de usuarios t\u00e9cnicos gracias a sus modos de uso b\u00e1sico y avanzado.<\/p>\n\n<p><strong>PROGRAMA:<\/strong><\/p>\n\n<p><strong>Materiales de refuerzo CFRP: Laminados, tejidos, conectores y cordones\u00a0<\/strong><\/p>\n\n<ul class=\"wp-block-list\">\n<li>Casos de uso m\u00e1s habituales\n<ul class=\"wp-block-list\">\n<li>Refuerzo de vigas a flexi\u00f3n y cortante<\/li>\n\n\n\n<li>Refuerzo de pilares por confinamiento<\/li>\n\n\n\n<li>Anclaje mediante conectores<\/li>\n<\/ul>\n<\/li>\n\n\n\n<li> Metodolog\u00eda de puesta en obra<\/li>\n\n\n\n<li>Obras de referencia y casos pr\u00e1cticos<\/li>\n\n\n\n<li> Protecci\u00f3n pasiva de los refuerzos contra el fuego<\/li>\n\n\n\n<li>Consideraciones de cara al c\u00e1lculo. C\u00f3digo Estructural<\/li>\n<\/ul>\n\n<p><strong>Introducci\u00f3n al Sofware de c\u00e1lculo Carbotec (gratuito)<\/strong><\/p>\n\n<ul class=\"wp-block-list\">\n<li>Ejemplos de uso:\n<ul class=\"wp-block-list\">\n<li>Refuerzo de vigas a flexi\u00f3n y cortante<\/li>\n\n\n\n<li>Refuerzo de pilares por confinamiento<\/li>\n\n\n\n<li>Conversi\u00f3n de armados a secciones de fibra de carbono<\/li>\n<\/ul>\n<\/li>\n<\/ul>\n\n<p class=\"has-text-align-left\"><strong>PONENTES: <\/strong><\/p>\n\n<p class=\"has-text-align-left\"><strong>Juan Pablo Gonz\u00e1lez Garc\u00eda<\/strong>. Responsable Oficina T\u00e9cnica Grupo Puma<br\/><strong>Enric Heredia Campmany-Gaudet<\/strong>. Presidente de la ACE y CEO de Novaltra.<\/p>\n\n<p class=\"has-text-align-center has-vivid-red-color has-text-color has-link-color wp-elements-3e9828fbb20873fa107293fb63a2099b\"><a href=\"https:\/\/forms.gle\/dXGoxQaZ31D5C2xG9\" target=\"_blank\" rel=\"noreferrer noopener\">Incripci\u00f3n jornada<\/a><\/p>\n\n<p><\/p>\n","protected":false},"excerpt":{"rendered":"<p>D\u00eda: 12 de marzo de 2026Horario: 10:00 hDuraci\u00f3n: 3 horasFormato: presencial en la calle Wellington, 19 y virtual per la plataforma zoomIdioma: castellano DESCRIPCI\u00d3N Jornada t\u00e9cnica de gran inter\u00e9s tanto para t\u00e9cnicos ya especializados en reparaci\u00f3n y refuerzo de estructuras de hormig\u00f3n armado como para aquellos que deseen iniciarse en esta materia.Analizaremos los sistemas de &hellip;<\/p>\n<p class=\"read-more\"> <a class=\"\" href=\"https:\/\/aceweb.cat\/es\/formacion\/jornadas\/dijous-a-lace-es\/dijous-a-lace-introduccion-al-refuerzo-de-estructuras-con-fibras-de-carbono-software-de-calculo-carbotec\/\"> <span class=\"screen-reader-text\">Dijous a l&#8217;ACE: Introducci\u00f3n al refuerzo de estructuras con fibras de carbono. Software de c\u00e1lculo Carbotec<\/span> Leer m\u00e1s &raquo;<\/a><\/p>\n","protected":false},"author":93,"featured_media":47199,"comment_status":"closed","ping_status":"closed","sticky":false,"template":"","format":"standard","meta":{"_acf_changed":false,"site-sidebar-layout":"default","site-content-layout":"default","ast-global-header-display":"","ast-main-header-display":"","ast-hfb-above-header-display":"","ast-hfb-below-header-display":"","ast-hfb-mobile-header-display":"","site-post-title":"","ast-breadcrumbs-content":"","ast-featured-img":"","footer-sml-layout":"","theme-transparent-header-meta":"","adv-header-id-meta":"","stick-header-meta":"","header-above-stick-meta":"","header-main-stick-meta":"","header-below-stick-meta":"","footnotes":""},"categories":[374,375,377,380],"tags":[],"class_list":["post-47207","post","type-post","status-publish","format-standard","has-post-thumbnail","hentry","category-dijous-a-lace-es","category-formacion","category-jornadas","category-noticias"],"acf":[],"yoast_head":"<!-- This site is optimized with the Yoast SEO plugin v27.1.1 - https:\/\/yoast.com\/product\/yoast-seo-wordpress\/ -->\n<title>Dijous a l&#039;ACE: Introducci\u00f3n al refuerzo de estructuras con fibras de carbono. Software de c\u00e1lculo Carbotec | ACE<\/title>\n<meta name=\"description\" content=\"El 12 de marzo, Grupo Puma, socio protector de l&#039;ACE nos impartir\u00e1 la sesi\u00f3n t\u00e9cnica sobre refuerzo de estructuras en rehabilitaci\u00f3n.\" \/>\n<meta name=\"robots\" content=\"index, follow, max-snippet:-1, max-image-preview:large, max-video-preview:-1\" \/>\n<link rel=\"canonical\" href=\"https:\/\/aceweb.cat\/es\/formacion\/jornadas\/dijous-a-lace-es\/dijous-a-lace-introduccion-al-refuerzo-de-estructuras-con-fibras-de-carbono-software-de-calculo-carbotec\/\" \/>\n<meta property=\"og:locale\" content=\"es_ES\" \/>\n<meta property=\"og:type\" content=\"article\" \/>\n<meta property=\"og:title\" content=\"Dijous a l&#039;ACE: Introducci\u00f3n al refuerzo de estructuras con fibras de carbono. Software de c\u00e1lculo Carbotec | ACE\" \/>\n<meta property=\"og:description\" content=\"El 12 de marzo, Grupo Puma, socio protector de l&#039;ACE nos impartir\u00e1 la sesi\u00f3n t\u00e9cnica sobre refuerzo de estructuras en rehabilitaci\u00f3n.\" \/>\n<meta property=\"og:url\" content=\"https:\/\/aceweb.cat\/es\/formacion\/jornadas\/dijous-a-lace-es\/dijous-a-lace-introduccion-al-refuerzo-de-estructuras-con-fibras-de-carbono-software-de-calculo-carbotec\/\" \/>\n<meta property=\"og:site_name\" content=\"aceweb.cat\" \/>\n<meta property=\"article:published_time\" content=\"2026-02-17T13:08:59+00:00\" \/>\n<meta property=\"article:modified_time\" content=\"2026-02-17T13:09:41+00:00\" \/>\n<meta property=\"og:image\" content=\"https:\/\/aceweb.cat\/wp-content\/uploads\/2026\/02\/imatge-jornada.png\" \/>\n\t<meta property=\"og:image:width\" content=\"816\" \/>\n\t<meta property=\"og:image:height\" content=\"612\" \/>\n\t<meta property=\"og:image:type\" content=\"image\/png\" \/>\n<meta name=\"author\" content=\"Merc\u00e8 Sierra\" \/>\n<meta name=\"twitter:card\" content=\"summary_large_image\" \/>\n<meta name=\"twitter:label1\" content=\"Escrito por\" \/>\n\t<meta name=\"twitter:data1\" content=\"Merc\u00e8 Sierra\" \/>\n\t<meta name=\"twitter:label2\" content=\"Tiempo de lectura\" \/>\n\t<meta name=\"twitter:data2\" content=\"1 minuto\" \/>\n<script type=\"application\/ld+json\" class=\"yoast-schema-graph\">{\"@context\":\"https:\/\/schema.org\",\"@graph\":[{\"@type\":\"Article\",\"@id\":\"https:\/\/aceweb.cat\/es\/formacion\/jornadas\/dijous-a-lace-es\/dijous-a-lace-introduccion-al-refuerzo-de-estructuras-con-fibras-de-carbono-software-de-calculo-carbotec\/#article\",\"isPartOf\":{\"@id\":\"https:\/\/aceweb.cat\/es\/formacion\/jornadas\/dijous-a-lace-es\/dijous-a-lace-introduccion-al-refuerzo-de-estructuras-con-fibras-de-carbono-software-de-calculo-carbotec\/\"},\"author\":{\"name\":\"Merc\u00e8 Sierra\",\"@id\":\"https:\/\/aceweb.cat\/#\/schema\/person\/a6b8893e55b089407baaac96e1014d92\"},\"headline\":\"Dijous a l&#8217;ACE: Introducci\u00f3n al refuerzo de estructuras con fibras de carbono. Software de c\u00e1lculo Carbotec\",\"datePublished\":\"2026-02-17T13:08:59+00:00\",\"dateModified\":\"2026-02-17T13:09:41+00:00\",\"mainEntityOfPage\":{\"@id\":\"https:\/\/aceweb.cat\/es\/formacion\/jornadas\/dijous-a-lace-es\/dijous-a-lace-introduccion-al-refuerzo-de-estructuras-con-fibras-de-carbono-software-de-calculo-carbotec\/\"},\"wordCount\":319,\"publisher\":{\"@id\":\"https:\/\/aceweb.cat\/#organization\"},\"image\":{\"@id\":\"https:\/\/aceweb.cat\/es\/formacion\/jornadas\/dijous-a-lace-es\/dijous-a-lace-introduccion-al-refuerzo-de-estructuras-con-fibras-de-carbono-software-de-calculo-carbotec\/#primaryimage\"},\"thumbnailUrl\":\"https:\/\/aceweb.cat\/wp-content\/uploads\/2026\/02\/imatge-jornada.png\",\"articleSection\":[\"Dijous a l'ACE\",\"Formaci\u00f3n\",\"Jornadas\",\"Noticias\"],\"inLanguage\":\"es\"},{\"@type\":\"WebPage\",\"@id\":\"https:\/\/aceweb.cat\/es\/formacion\/jornadas\/dijous-a-lace-es\/dijous-a-lace-introduccion-al-refuerzo-de-estructuras-con-fibras-de-carbono-software-de-calculo-carbotec\/\",\"url\":\"https:\/\/aceweb.cat\/es\/formacion\/jornadas\/dijous-a-lace-es\/dijous-a-lace-introduccion-al-refuerzo-de-estructuras-con-fibras-de-carbono-software-de-calculo-carbotec\/\",\"name\":\"Dijous a l'ACE: Introducci\u00f3n al refuerzo de estructuras con fibras de carbono. Software de c\u00e1lculo Carbotec | ACE\",\"isPartOf\":{\"@id\":\"https:\/\/aceweb.cat\/#website\"},\"primaryImageOfPage\":{\"@id\":\"https:\/\/aceweb.cat\/es\/formacion\/jornadas\/dijous-a-lace-es\/dijous-a-lace-introduccion-al-refuerzo-de-estructuras-con-fibras-de-carbono-software-de-calculo-carbotec\/#primaryimage\"},\"image\":{\"@id\":\"https:\/\/aceweb.cat\/es\/formacion\/jornadas\/dijous-a-lace-es\/dijous-a-lace-introduccion-al-refuerzo-de-estructuras-con-fibras-de-carbono-software-de-calculo-carbotec\/#primaryimage\"},\"thumbnailUrl\":\"https:\/\/aceweb.cat\/wp-content\/uploads\/2026\/02\/imatge-jornada.png\",\"datePublished\":\"2026-02-17T13:08:59+00:00\",\"dateModified\":\"2026-02-17T13:09:41+00:00\",\"description\":\"El 12 de marzo, Grupo Puma, socio protector de l'ACE nos impartir\u00e1 la sesi\u00f3n t\u00e9cnica sobre refuerzo de estructuras en rehabilitaci\u00f3n.\",\"breadcrumb\":{\"@id\":\"https:\/\/aceweb.cat\/es\/formacion\/jornadas\/dijous-a-lace-es\/dijous-a-lace-introduccion-al-refuerzo-de-estructuras-con-fibras-de-carbono-software-de-calculo-carbotec\/#breadcrumb\"},\"inLanguage\":\"es\",\"potentialAction\":[{\"@type\":\"ReadAction\",\"target\":[\"https:\/\/aceweb.cat\/es\/formacion\/jornadas\/dijous-a-lace-es\/dijous-a-lace-introduccion-al-refuerzo-de-estructuras-con-fibras-de-carbono-software-de-calculo-carbotec\/\"]}]},{\"@type\":\"ImageObject\",\"inLanguage\":\"es\",\"@id\":\"https:\/\/aceweb.cat\/es\/formacion\/jornadas\/dijous-a-lace-es\/dijous-a-lace-introduccion-al-refuerzo-de-estructuras-con-fibras-de-carbono-software-de-calculo-carbotec\/#primaryimage\",\"url\":\"https:\/\/aceweb.cat\/wp-content\/uploads\/2026\/02\/imatge-jornada.png\",\"contentUrl\":\"https:\/\/aceweb.cat\/wp-content\/uploads\/2026\/02\/imatge-jornada.png\",\"width\":816,\"height\":612},{\"@type\":\"BreadcrumbList\",\"@id\":\"https:\/\/aceweb.cat\/es\/formacion\/jornadas\/dijous-a-lace-es\/dijous-a-lace-introduccion-al-refuerzo-de-estructuras-con-fibras-de-carbono-software-de-calculo-carbotec\/#breadcrumb\",\"itemListElement\":[{\"@type\":\"ListItem\",\"position\":1,\"name\":\"Inici\",\"item\":\"https:\/\/aceweb.cat\/\"},{\"@type\":\"ListItem\",\"position\":2,\"name\":\"Formaci\u00f3n\",\"item\":\"https:\/\/aceweb.cat\/es\/categoria\/formacion\/\"},{\"@type\":\"ListItem\",\"position\":3,\"name\":\"Jornadas\",\"item\":\"https:\/\/aceweb.cat\/es\/categoria\/formacion\/jornadas\/\"},{\"@type\":\"ListItem\",\"position\":4,\"name\":\"Dijous a l'ACE\",\"item\":\"https:\/\/aceweb.cat\/es\/categoria\/formacion\/jornadas\/dijous-a-lace-es\/\"},{\"@type\":\"ListItem\",\"position\":5,\"name\":\"Dijous a l&#8217;ACE: Introducci\u00f3n al refuerzo de estructuras con fibras de carbono. Software de c\u00e1lculo Carbotec\"}]},{\"@type\":\"WebSite\",\"@id\":\"https:\/\/aceweb.cat\/#website\",\"url\":\"https:\/\/aceweb.cat\/\",\"name\":\"ACE\",\"description\":\"Associaci\u00f3 de Consultors d&#039;Estructures | ACE\",\"publisher\":{\"@id\":\"https:\/\/aceweb.cat\/#organization\"},\"alternateName\":\"ACE\",\"potentialAction\":[{\"@type\":\"SearchAction\",\"target\":{\"@type\":\"EntryPoint\",\"urlTemplate\":\"https:\/\/aceweb.cat\/?s={search_term_string}\"},\"query-input\":{\"@type\":\"PropertyValueSpecification\",\"valueRequired\":true,\"valueName\":\"search_term_string\"}}],\"inLanguage\":\"es\"},{\"@type\":\"Organization\",\"@id\":\"https:\/\/aceweb.cat\/#organization\",\"name\":\"ACE\",\"alternateName\":\"ACE\",\"url\":\"https:\/\/aceweb.cat\/\",\"logo\":{\"@type\":\"ImageObject\",\"inLanguage\":\"es\",\"@id\":\"https:\/\/aceweb.cat\/#\/schema\/logo\/image\/\",\"url\":\"https:\/\/aceweb.cat\/wp-content\/uploads\/2022\/10\/logo.svg\",\"contentUrl\":\"https:\/\/aceweb.cat\/wp-content\/uploads\/2022\/10\/logo.svg\",\"width\":1,\"height\":1,\"caption\":\"ACE\"},\"image\":{\"@id\":\"https:\/\/aceweb.cat\/#\/schema\/logo\/image\/\"}},{\"@type\":\"Person\",\"@id\":\"https:\/\/aceweb.cat\/#\/schema\/person\/a6b8893e55b089407baaac96e1014d92\",\"name\":\"Merc\u00e8 Sierra\",\"image\":{\"@type\":\"ImageObject\",\"inLanguage\":\"es\",\"@id\":\"https:\/\/aceweb.cat\/#\/schema\/person\/image\/\",\"url\":\"https:\/\/secure.gravatar.com\/avatar\/22f0c97d4117dfcc3220888d6384e2a07df217ae83511660a0783b56292770b5?s=96&d=mm&r=g\",\"contentUrl\":\"https:\/\/secure.gravatar.com\/avatar\/22f0c97d4117dfcc3220888d6384e2a07df217ae83511660a0783b56292770b5?s=96&d=mm&r=g\",\"caption\":\"Merc\u00e8 Sierra\"},\"url\":\"https:\/\/aceweb.cat\/es\/author\/merce-sierra\/\"}]}<\/script>\n<!-- \/ Yoast SEO plugin. -->","yoast_head_json":{"title":"Dijous a l'ACE: Introducci\u00f3n al refuerzo de estructuras con fibras de carbono. Software de c\u00e1lculo Carbotec | ACE","description":"El 12 de marzo, Grupo Puma, socio protector de l'ACE nos impartir\u00e1 la sesi\u00f3n t\u00e9cnica sobre refuerzo de estructuras en rehabilitaci\u00f3n.","robots":{"index":"index","follow":"follow","max-snippet":"max-snippet:-1","max-image-preview":"max-image-preview:large","max-video-preview":"max-video-preview:-1"},"canonical":"https:\/\/aceweb.cat\/es\/formacion\/jornadas\/dijous-a-lace-es\/dijous-a-lace-introduccion-al-refuerzo-de-estructuras-con-fibras-de-carbono-software-de-calculo-carbotec\/","og_locale":"es_ES","og_type":"article","og_title":"Dijous a l'ACE: Introducci\u00f3n al refuerzo de estructuras con fibras de carbono. Software de c\u00e1lculo Carbotec | ACE","og_description":"El 12 de marzo, Grupo Puma, socio protector de l'ACE nos impartir\u00e1 la sesi\u00f3n t\u00e9cnica sobre refuerzo de estructuras en rehabilitaci\u00f3n.","og_url":"https:\/\/aceweb.cat\/es\/formacion\/jornadas\/dijous-a-lace-es\/dijous-a-lace-introduccion-al-refuerzo-de-estructuras-con-fibras-de-carbono-software-de-calculo-carbotec\/","og_site_name":"aceweb.cat","article_published_time":"2026-02-17T13:08:59+00:00","article_modified_time":"2026-02-17T13:09:41+00:00","og_image":[{"width":816,"height":612,"url":"https:\/\/aceweb.cat\/wp-content\/uploads\/2026\/02\/imatge-jornada.png","type":"image\/png"}],"author":"Merc\u00e8 Sierra","twitter_card":"summary_large_image","twitter_misc":{"Escrito por":"Merc\u00e8 Sierra","Tiempo de lectura":"1 minuto"},"schema":{"@context":"https:\/\/schema.org","@graph":[{"@type":"Article","@id":"https:\/\/aceweb.cat\/es\/formacion\/jornadas\/dijous-a-lace-es\/dijous-a-lace-introduccion-al-refuerzo-de-estructuras-con-fibras-de-carbono-software-de-calculo-carbotec\/#article","isPartOf":{"@id":"https:\/\/aceweb.cat\/es\/formacion\/jornadas\/dijous-a-lace-es\/dijous-a-lace-introduccion-al-refuerzo-de-estructuras-con-fibras-de-carbono-software-de-calculo-carbotec\/"},"author":{"name":"Merc\u00e8 Sierra","@id":"https:\/\/aceweb.cat\/#\/schema\/person\/a6b8893e55b089407baaac96e1014d92"},"headline":"Dijous a l&#8217;ACE: Introducci\u00f3n al refuerzo de estructuras con fibras de carbono. Software de c\u00e1lculo Carbotec","datePublished":"2026-02-17T13:08:59+00:00","dateModified":"2026-02-17T13:09:41+00:00","mainEntityOfPage":{"@id":"https:\/\/aceweb.cat\/es\/formacion\/jornadas\/dijous-a-lace-es\/dijous-a-lace-introduccion-al-refuerzo-de-estructuras-con-fibras-de-carbono-software-de-calculo-carbotec\/"},"wordCount":319,"publisher":{"@id":"https:\/\/aceweb.cat\/#organization"},"image":{"@id":"https:\/\/aceweb.cat\/es\/formacion\/jornadas\/dijous-a-lace-es\/dijous-a-lace-introduccion-al-refuerzo-de-estructuras-con-fibras-de-carbono-software-de-calculo-carbotec\/#primaryimage"},"thumbnailUrl":"https:\/\/aceweb.cat\/wp-content\/uploads\/2026\/02\/imatge-jornada.png","articleSection":["Dijous a l'ACE","Formaci\u00f3n","Jornadas","Noticias"],"inLanguage":"es"},{"@type":"WebPage","@id":"https:\/\/aceweb.cat\/es\/formacion\/jornadas\/dijous-a-lace-es\/dijous-a-lace-introduccion-al-refuerzo-de-estructuras-con-fibras-de-carbono-software-de-calculo-carbotec\/","url":"https:\/\/aceweb.cat\/es\/formacion\/jornadas\/dijous-a-lace-es\/dijous-a-lace-introduccion-al-refuerzo-de-estructuras-con-fibras-de-carbono-software-de-calculo-carbotec\/","name":"Dijous a l'ACE: Introducci\u00f3n al refuerzo de estructuras con fibras de carbono. Software de c\u00e1lculo Carbotec | ACE","isPartOf":{"@id":"https:\/\/aceweb.cat\/#website"},"primaryImageOfPage":{"@id":"https:\/\/aceweb.cat\/es\/formacion\/jornadas\/dijous-a-lace-es\/dijous-a-lace-introduccion-al-refuerzo-de-estructuras-con-fibras-de-carbono-software-de-calculo-carbotec\/#primaryimage"},"image":{"@id":"https:\/\/aceweb.cat\/es\/formacion\/jornadas\/dijous-a-lace-es\/dijous-a-lace-introduccion-al-refuerzo-de-estructuras-con-fibras-de-carbono-software-de-calculo-carbotec\/#primaryimage"},"thumbnailUrl":"https:\/\/aceweb.cat\/wp-content\/uploads\/2026\/02\/imatge-jornada.png","datePublished":"2026-02-17T13:08:59+00:00","dateModified":"2026-02-17T13:09:41+00:00","description":"El 12 de marzo, Grupo Puma, socio protector de l'ACE nos impartir\u00e1 la sesi\u00f3n t\u00e9cnica sobre refuerzo de estructuras en rehabilitaci\u00f3n.","breadcrumb":{"@id":"https:\/\/aceweb.cat\/es\/formacion\/jornadas\/dijous-a-lace-es\/dijous-a-lace-introduccion-al-refuerzo-de-estructuras-con-fibras-de-carbono-software-de-calculo-carbotec\/#breadcrumb"},"inLanguage":"es","potentialAction":[{"@type":"ReadAction","target":["https:\/\/aceweb.cat\/es\/formacion\/jornadas\/dijous-a-lace-es\/dijous-a-lace-introduccion-al-refuerzo-de-estructuras-con-fibras-de-carbono-software-de-calculo-carbotec\/"]}]},{"@type":"ImageObject","inLanguage":"es","@id":"https:\/\/aceweb.cat\/es\/formacion\/jornadas\/dijous-a-lace-es\/dijous-a-lace-introduccion-al-refuerzo-de-estructuras-con-fibras-de-carbono-software-de-calculo-carbotec\/#primaryimage","url":"https:\/\/aceweb.cat\/wp-content\/uploads\/2026\/02\/imatge-jornada.png","contentUrl":"https:\/\/aceweb.cat\/wp-content\/uploads\/2026\/02\/imatge-jornada.png","width":816,"height":612},{"@type":"BreadcrumbList","@id":"https:\/\/aceweb.cat\/es\/formacion\/jornadas\/dijous-a-lace-es\/dijous-a-lace-introduccion-al-refuerzo-de-estructuras-con-fibras-de-carbono-software-de-calculo-carbotec\/#breadcrumb","itemListElement":[{"@type":"ListItem","position":1,"name":"Inici","item":"https:\/\/aceweb.cat\/"},{"@type":"ListItem","position":2,"name":"Formaci\u00f3n","item":"https:\/\/aceweb.cat\/es\/categoria\/formacion\/"},{"@type":"ListItem","position":3,"name":"Jornadas","item":"https:\/\/aceweb.cat\/es\/categoria\/formacion\/jornadas\/"},{"@type":"ListItem","position":4,"name":"Dijous a l'ACE","item":"https:\/\/aceweb.cat\/es\/categoria\/formacion\/jornadas\/dijous-a-lace-es\/"},{"@type":"ListItem","position":5,"name":"Dijous a l&#8217;ACE: Introducci\u00f3n al refuerzo de estructuras con fibras de carbono. Software de c\u00e1lculo Carbotec"}]},{"@type":"WebSite","@id":"https:\/\/aceweb.cat\/#website","url":"https:\/\/aceweb.cat\/","name":"ACE","description":"Associaci\u00f3 de Consultors d&#039;Estructures | ACE","publisher":{"@id":"https:\/\/aceweb.cat\/#organization"},"alternateName":"ACE","potentialAction":[{"@type":"SearchAction","target":{"@type":"EntryPoint","urlTemplate":"https:\/\/aceweb.cat\/?s={search_term_string}"},"query-input":{"@type":"PropertyValueSpecification","valueRequired":true,"valueName":"search_term_string"}}],"inLanguage":"es"},{"@type":"Organization","@id":"https:\/\/aceweb.cat\/#organization","name":"ACE","alternateName":"ACE","url":"https:\/\/aceweb.cat\/","logo":{"@type":"ImageObject","inLanguage":"es","@id":"https:\/\/aceweb.cat\/#\/schema\/logo\/image\/","url":"https:\/\/aceweb.cat\/wp-content\/uploads\/2022\/10\/logo.svg","contentUrl":"https:\/\/aceweb.cat\/wp-content\/uploads\/2022\/10\/logo.svg","width":1,"height":1,"caption":"ACE"},"image":{"@id":"https:\/\/aceweb.cat\/#\/schema\/logo\/image\/"}},{"@type":"Person","@id":"https:\/\/aceweb.cat\/#\/schema\/person\/a6b8893e55b089407baaac96e1014d92","name":"Merc\u00e8 Sierra","image":{"@type":"ImageObject","inLanguage":"es","@id":"https:\/\/aceweb.cat\/#\/schema\/person\/image\/","url":"https:\/\/secure.gravatar.com\/avatar\/22f0c97d4117dfcc3220888d6384e2a07df217ae83511660a0783b56292770b5?s=96&d=mm&r=g","contentUrl":"https:\/\/secure.gravatar.com\/avatar\/22f0c97d4117dfcc3220888d6384e2a07df217ae83511660a0783b56292770b5?s=96&d=mm&r=g","caption":"Merc\u00e8 Sierra"},"url":"https:\/\/aceweb.cat\/es\/author\/merce-sierra\/"}]}},"_links":{"self":[{"href":"https:\/\/aceweb.cat\/es\/wp-json\/wp\/v2\/posts\/47207","targetHints":{"allow":["GET"]}}],"collection":[{"href":"https:\/\/aceweb.cat\/es\/wp-json\/wp\/v2\/posts"}],"about":[{"href":"https:\/\/aceweb.cat\/es\/wp-json\/wp\/v2\/types\/post"}],"author":[{"embeddable":true,"href":"https:\/\/aceweb.cat\/es\/wp-json\/wp\/v2\/users\/93"}],"replies":[{"embeddable":true,"href":"https:\/\/aceweb.cat\/es\/wp-json\/wp\/v2\/comments?post=47207"}],"version-history":[{"count":2,"href":"https:\/\/aceweb.cat\/es\/wp-json\/wp\/v2\/posts\/47207\/revisions"}],"predecessor-version":[{"id":47210,"href":"https:\/\/aceweb.cat\/es\/wp-json\/wp\/v2\/posts\/47207\/revisions\/47210"}],"wp:featuredmedia":[{"embeddable":true,"href":"https:\/\/aceweb.cat\/es\/wp-json\/wp\/v2\/media\/47199"}],"wp:attachment":[{"href":"https:\/\/aceweb.cat\/es\/wp-json\/wp\/v2\/media?parent=47207"}],"wp:term":[{"taxonomy":"category","embeddable":true,"href":"https:\/\/aceweb.cat\/es\/wp-json\/wp\/v2\/categories?post=47207"},{"taxonomy":"post_tag","embeddable":true,"href":"https:\/\/aceweb.cat\/es\/wp-json\/wp\/v2\/tags?post=47207"}],"curies":[{"name":"wp","href":"https:\/\/api.w.org\/{rel}","templated":true}]}}