{"id":47240,"date":"2026-03-02T07:52:34","date_gmt":"2026-03-02T07:52:34","guid":{"rendered":"https:\/\/aceweb.cat\/sin-categorizar\/la-asamblea-general-ordinaria\/"},"modified":"2026-03-14T16:11:24","modified_gmt":"2026-03-14T16:11:24","slug":"la-asamblea-general-ordinaria","status":"publish","type":"post","link":"https:\/\/aceweb.cat\/es\/noticias\/la-asamblea-general-ordinaria\/","title":{"rendered":"La Asamblea General Ordinaria"},"content":{"rendered":"\n<p>El pasado jueves 26 de febrero se celebr\u00f3 en la sede de la ACE la Asamblea General Ordinaria de la asociaci\u00f3n.<\/p>\n\n<p>Como siempre empez\u00f3 con la lectura y aprobaci\u00f3n del acta de la asamblea anterior a cargo del Secretario, Sr. Jordi Par\u00e9s, seguido del informe del Presidente, Sr. Enric Heredia Campmany-Gaudet.<\/p>\n\n<figure class=\"wp-block-gallery has-nested-images columns-default is-cropped wp-block-gallery-1 is-layout-flex wp-block-gallery-is-layout-flex\">\n<figure class=\"wp-block-image size-large\"><img loading=\"lazy\" decoding=\"async\" width=\"768\" height=\"1024\" data-id=\"47231\" src=\"https:\/\/aceweb.cat\/wp-content\/uploads\/2026\/03\/AGO26-01a-768x1024.jpeg\" alt=\"\" class=\"wp-image-47231\" srcset=\"https:\/\/aceweb.cat\/wp-content\/uploads\/2026\/03\/AGO26-01a-768x1024.jpeg 768w, https:\/\/aceweb.cat\/wp-content\/uploads\/2026\/03\/AGO26-01a-225x300.jpeg 225w, https:\/\/aceweb.cat\/wp-content\/uploads\/2026\/03\/AGO26-01a-1152x1536.jpeg 1152w, https:\/\/aceweb.cat\/wp-content\/uploads\/2026\/03\/AGO26-01a-300x400.jpeg 300w, https:\/\/aceweb.cat\/wp-content\/uploads\/2026\/03\/AGO26-01a-600x800.jpeg 600w, https:\/\/aceweb.cat\/wp-content\/uploads\/2026\/03\/AGO26-01a.jpeg 1200w\" sizes=\"auto, (max-width: 768px) 100vw, 768px\" \/><\/figure>\n\n\n\n<figure class=\"wp-block-image size-large\"><img loading=\"lazy\" decoding=\"async\" width=\"768\" height=\"1024\" data-id=\"47233\" src=\"https:\/\/aceweb.cat\/wp-content\/uploads\/2026\/03\/AGO26-02-768x1024.jpeg\" alt=\"\" class=\"wp-image-47233\" srcset=\"https:\/\/aceweb.cat\/wp-content\/uploads\/2026\/03\/AGO26-02-768x1024.jpeg 768w, https:\/\/aceweb.cat\/wp-content\/uploads\/2026\/03\/AGO26-02-225x300.jpeg 225w, https:\/\/aceweb.cat\/wp-content\/uploads\/2026\/03\/AGO26-02-1152x1536.jpeg 1152w, https:\/\/aceweb.cat\/wp-content\/uploads\/2026\/03\/AGO26-02-300x400.jpeg 300w, https:\/\/aceweb.cat\/wp-content\/uploads\/2026\/03\/AGO26-02-600x800.jpeg 600w, https:\/\/aceweb.cat\/wp-content\/uploads\/2026\/03\/AGO26-02.jpeg 1200w\" sizes=\"auto, (max-width: 768px) 100vw, 768px\" \/><\/figure>\n<\/figure>\n\n<p>En la memoria de actividades se repasaron todas las cosas hechas durante el 2025, explicadas por los responsables de las distintas \u00e1reas. Es un apartado que siempre lleva su tiempo, ya que se realizan un gran n\u00famero de actividades, entre los \u00abJueves en la ACE\u00bb, los cursos, los trabajos de las diversas comisiones, los convenios firmados, los diversos actos que la ACE organiza o participa, etc&#8230;<\/p>\n\n<p>La explicaci\u00f3n de las cuentas de la asociaci\u00f3n y del presupuesto de este a\u00f1o fue de la mano del tesorero, Sr. Laure\u00e0 Mir\u00f3, quien resolvi\u00f3 las consultas que formularon algunos asistentes y fueron aprobados por unanimidad. Aparte de los gastos habituales de la asociaci\u00f3n, destacan para este 2026 una partida extra para celebrar los 40 a\u00f1os de la ACE, as\u00ed como otra por la remodelaci\u00f3n de la sede para hacerla m\u00e1s funcional por los asociados.<\/p>\n\n<figure class=\"wp-block-gallery has-nested-images columns-default is-cropped wp-block-gallery-2 is-layout-flex wp-block-gallery-is-layout-flex\">\n<figure class=\"wp-block-image size-large\"><img loading=\"lazy\" decoding=\"async\" width=\"1024\" height=\"492\" data-id=\"47235\" src=\"https:\/\/aceweb.cat\/wp-content\/uploads\/2026\/03\/AGO26-03-1024x492.jpeg\" alt=\"\" class=\"wp-image-47235\" srcset=\"https:\/\/aceweb.cat\/wp-content\/uploads\/2026\/03\/AGO26-03-1024x492.jpeg 1024w, https:\/\/aceweb.cat\/wp-content\/uploads\/2026\/03\/AGO26-03-300x144.jpeg 300w, https:\/\/aceweb.cat\/wp-content\/uploads\/2026\/03\/AGO26-03-768x369.jpeg 768w, https:\/\/aceweb.cat\/wp-content\/uploads\/2026\/03\/AGO26-03-1536x738.jpeg 1536w, https:\/\/aceweb.cat\/wp-content\/uploads\/2026\/03\/AGO26-03-600x288.jpeg 600w, https:\/\/aceweb.cat\/wp-content\/uploads\/2026\/03\/AGO26-03.jpeg 1848w\" sizes=\"auto, (max-width: 1024px) 100vw, 1024px\" \/><\/figure>\n\n\n\n<figure class=\"wp-block-image size-large\"><img loading=\"lazy\" decoding=\"async\" width=\"1024\" height=\"635\" data-id=\"47227\" src=\"https:\/\/aceweb.cat\/wp-content\/uploads\/2026\/03\/AGO26-04-1024x635.jpeg\" alt=\"\" class=\"wp-image-47227\" srcset=\"https:\/\/aceweb.cat\/wp-content\/uploads\/2026\/03\/AGO26-04-1024x635.jpeg 1024w, https:\/\/aceweb.cat\/wp-content\/uploads\/2026\/03\/AGO26-04-300x186.jpeg 300w, https:\/\/aceweb.cat\/wp-content\/uploads\/2026\/03\/AGO26-04-768x476.jpeg 768w, https:\/\/aceweb.cat\/wp-content\/uploads\/2026\/03\/AGO26-04-600x372.jpeg 600w, https:\/\/aceweb.cat\/wp-content\/uploads\/2026\/03\/AGO26-04.jpeg 1530w\" sizes=\"auto, (max-width: 1024px) 100vw, 1024px\" \/><\/figure>\n<\/figure>\n\n<p>Finalmente se aprobaron tambi\u00e9n las cuotas para 2027, que se actualizan teniendo en cuenta el IPC.<\/p>\n\n<p>En el apartado de ruegos y preguntas sali\u00f3 la demanda de hacer un nuevo Congreso de Estructuras, que la Junta recogi\u00f3 y estudiar\u00e1 de hacer realidad de cara al pr\u00f3ximo a\u00f1o.<\/p>\n\n<p>Al final del acto todos los asistentes pudieron disfrutar de un tentempi\u00e9 donde intercambiar las \u00faltimas experiencias profesionales e ideas de futuro.<\/p>\n","protected":false},"excerpt":{"rendered":"<p>El pasado jueves 26 de febrero se celebr\u00f3 en la sede de la ACE la Asamblea General Ordinaria de la asociaci\u00f3n. Como siempre empez\u00f3 con la lectura y aprobaci\u00f3n del acta de la asamblea anterior a cargo del Secretario, Sr. Jordi Par\u00e9s, seguido del informe del Presidente, Sr. Enric Heredia Campmany-Gaudet. En la memoria de &hellip;<\/p>\n<p class=\"read-more\"> <a class=\"\" href=\"https:\/\/aceweb.cat\/es\/noticias\/la-asamblea-general-ordinaria\/\"> <span class=\"screen-reader-text\">La Asamblea General Ordinaria<\/span> Leer m\u00e1s &raquo;<\/a><\/p>\n","protected":false},"author":250,"featured_media":47239,"comment_status":"closed","ping_status":"closed","sticky":false,"template":"","format":"standard","meta":{"_acf_changed":false,"site-sidebar-layout":"default","site-content-layout":"default","ast-global-header-display":"","ast-main-header-display":"","ast-hfb-above-header-display":"","ast-hfb-below-header-display":"","ast-hfb-mobile-header-display":"","site-post-title":"","ast-breadcrumbs-content":"","ast-featured-img":"","footer-sml-layout":"","theme-transparent-header-meta":"","adv-header-id-meta":"","stick-header-meta":"","header-above-stick-meta":"","header-main-stick-meta":"","header-below-stick-meta":"","footnotes":""},"categories":[380],"tags":[1526,1498],"class_list":["post-47240","post","type-post","status-publish","format-standard","has-post-thumbnail","hentry","category-noticias","tag-ago","tag-asamblea-general"],"acf":[],"yoast_head":"<!-- This site is optimized with the Yoast SEO plugin v27.1.1 - https:\/\/yoast.com\/product\/yoast-seo-wordpress\/ -->\n<title>La Asamblea General Ordinaria | ACE<\/title>\n<meta name=\"description\" content=\"El pasado jueves 26 de febrero se celebr\u00f3 en la sede de la ACE la Asamblea General Ordinaria de la asociaci\u00f3n.\" \/>\n<meta name=\"robots\" content=\"index, follow, max-snippet:-1, max-image-preview:large, max-video-preview:-1\" \/>\n<link rel=\"canonical\" href=\"https:\/\/aceweb.cat\/es\/noticias\/la-asamblea-general-ordinaria\/\" \/>\n<meta property=\"og:locale\" content=\"es_ES\" \/>\n<meta property=\"og:type\" content=\"article\" \/>\n<meta property=\"og:title\" content=\"La Asamblea General Ordinaria | ACE\" \/>\n<meta property=\"og:description\" content=\"El pasado jueves 26 de febrero se celebr\u00f3 en la sede de la ACE la Asamblea General Ordinaria de la asociaci\u00f3n.\" \/>\n<meta property=\"og:url\" content=\"https:\/\/aceweb.cat\/es\/noticias\/la-asamblea-general-ordinaria\/\" \/>\n<meta property=\"og:site_name\" content=\"aceweb.cat\" \/>\n<meta property=\"article:published_time\" content=\"2026-03-02T07:52:34+00:00\" \/>\n<meta property=\"article:modified_time\" content=\"2026-03-14T16:11:24+00:00\" \/>\n<meta property=\"og:image\" content=\"https:\/\/aceweb.cat\/wp-content\/uploads\/2026\/03\/AGO26-01b.jpeg\" \/>\n\t<meta property=\"og:image:width\" content=\"1110\" \/>\n\t<meta property=\"og:image:height\" content=\"1009\" \/>\n\t<meta property=\"og:image:type\" content=\"image\/jpeg\" \/>\n<meta name=\"author\" content=\"Cesc Aldab\u00f3\" \/>\n<meta name=\"twitter:card\" content=\"summary_large_image\" \/>\n<meta name=\"twitter:label1\" content=\"Escrito por\" \/>\n\t<meta name=\"twitter:data1\" content=\"Cesc Aldab\u00f3\" \/>\n\t<meta name=\"twitter:label2\" content=\"Tiempo de lectura\" \/>\n\t<meta name=\"twitter:data2\" content=\"1 minuto\" \/>\n<script type=\"application\/ld+json\" class=\"yoast-schema-graph\">{\"@context\":\"https:\/\/schema.org\",\"@graph\":[{\"@type\":\"Article\",\"@id\":\"https:\/\/aceweb.cat\/es\/noticias\/la-asamblea-general-ordinaria\/#article\",\"isPartOf\":{\"@id\":\"https:\/\/aceweb.cat\/es\/noticias\/la-asamblea-general-ordinaria\/\"},\"author\":{\"name\":\"Cesc Aldab\u00f3\",\"@id\":\"https:\/\/aceweb.cat\/#\/schema\/person\/93be7086bef877992f76288b376c35b7\"},\"headline\":\"La Asamblea General Ordinaria\",\"datePublished\":\"2026-03-02T07:52:34+00:00\",\"dateModified\":\"2026-03-14T16:11:24+00:00\",\"mainEntityOfPage\":{\"@id\":\"https:\/\/aceweb.cat\/es\/noticias\/la-asamblea-general-ordinaria\/\"},\"wordCount\":274,\"publisher\":{\"@id\":\"https:\/\/aceweb.cat\/#organization\"},\"image\":{\"@id\":\"https:\/\/aceweb.cat\/es\/noticias\/la-asamblea-general-ordinaria\/#primaryimage\"},\"thumbnailUrl\":\"https:\/\/aceweb.cat\/wp-content\/uploads\/2026\/03\/AGO26-01b.jpeg\",\"keywords\":[\"AGO\",\"Asamblea General\"],\"articleSection\":[\"Noticias\"],\"inLanguage\":\"es\"},{\"@type\":\"WebPage\",\"@id\":\"https:\/\/aceweb.cat\/es\/noticias\/la-asamblea-general-ordinaria\/\",\"url\":\"https:\/\/aceweb.cat\/es\/noticias\/la-asamblea-general-ordinaria\/\",\"name\":\"La Asamblea General Ordinaria | ACE\",\"isPartOf\":{\"@id\":\"https:\/\/aceweb.cat\/#website\"},\"primaryImageOfPage\":{\"@id\":\"https:\/\/aceweb.cat\/es\/noticias\/la-asamblea-general-ordinaria\/#primaryimage\"},\"image\":{\"@id\":\"https:\/\/aceweb.cat\/es\/noticias\/la-asamblea-general-ordinaria\/#primaryimage\"},\"thumbnailUrl\":\"https:\/\/aceweb.cat\/wp-content\/uploads\/2026\/03\/AGO26-01b.jpeg\",\"datePublished\":\"2026-03-02T07:52:34+00:00\",\"dateModified\":\"2026-03-14T16:11:24+00:00\",\"description\":\"El pasado jueves 26 de febrero se celebr\u00f3 en la sede de la ACE la Asamblea General Ordinaria de la asociaci\u00f3n.\",\"breadcrumb\":{\"@id\":\"https:\/\/aceweb.cat\/es\/noticias\/la-asamblea-general-ordinaria\/#breadcrumb\"},\"inLanguage\":\"es\",\"potentialAction\":[{\"@type\":\"ReadAction\",\"target\":[\"https:\/\/aceweb.cat\/es\/noticias\/la-asamblea-general-ordinaria\/\"]}]},{\"@type\":\"ImageObject\",\"inLanguage\":\"es\",\"@id\":\"https:\/\/aceweb.cat\/es\/noticias\/la-asamblea-general-ordinaria\/#primaryimage\",\"url\":\"https:\/\/aceweb.cat\/wp-content\/uploads\/2026\/03\/AGO26-01b.jpeg\",\"contentUrl\":\"https:\/\/aceweb.cat\/wp-content\/uploads\/2026\/03\/AGO26-01b.jpeg\",\"width\":1110,\"height\":1009},{\"@type\":\"BreadcrumbList\",\"@id\":\"https:\/\/aceweb.cat\/es\/noticias\/la-asamblea-general-ordinaria\/#breadcrumb\",\"itemListElement\":[{\"@type\":\"ListItem\",\"position\":1,\"name\":\"Inici\",\"item\":\"https:\/\/aceweb.cat\/\"},{\"@type\":\"ListItem\",\"position\":2,\"name\":\"Not\u00edcies\",\"item\":\"https:\/\/aceweb.cat\/categoria\/noticies\/\"},{\"@type\":\"ListItem\",\"position\":3,\"name\":\"La Asamblea General Ordinaria\"}]},{\"@type\":\"WebSite\",\"@id\":\"https:\/\/aceweb.cat\/#website\",\"url\":\"https:\/\/aceweb.cat\/\",\"name\":\"ACE\",\"description\":\"Associaci\u00f3 de Consultors d&#039;Estructures | ACE\",\"publisher\":{\"@id\":\"https:\/\/aceweb.cat\/#organization\"},\"alternateName\":\"ACE\",\"potentialAction\":[{\"@type\":\"SearchAction\",\"target\":{\"@type\":\"EntryPoint\",\"urlTemplate\":\"https:\/\/aceweb.cat\/?s={search_term_string}\"},\"query-input\":{\"@type\":\"PropertyValueSpecification\",\"valueRequired\":true,\"valueName\":\"search_term_string\"}}],\"inLanguage\":\"es\"},{\"@type\":\"Organization\",\"@id\":\"https:\/\/aceweb.cat\/#organization\",\"name\":\"ACE\",\"alternateName\":\"ACE\",\"url\":\"https:\/\/aceweb.cat\/\",\"logo\":{\"@type\":\"ImageObject\",\"inLanguage\":\"es\",\"@id\":\"https:\/\/aceweb.cat\/#\/schema\/logo\/image\/\",\"url\":\"https:\/\/aceweb.cat\/wp-content\/uploads\/2022\/10\/logo.svg\",\"contentUrl\":\"https:\/\/aceweb.cat\/wp-content\/uploads\/2022\/10\/logo.svg\",\"width\":1,\"height\":1,\"caption\":\"ACE\"},\"image\":{\"@id\":\"https:\/\/aceweb.cat\/#\/schema\/logo\/image\/\"}},{\"@type\":\"Person\",\"@id\":\"https:\/\/aceweb.cat\/#\/schema\/person\/93be7086bef877992f76288b376c35b7\",\"name\":\"Cesc Aldab\u00f3\",\"image\":{\"@type\":\"ImageObject\",\"inLanguage\":\"es\",\"@id\":\"https:\/\/aceweb.cat\/#\/schema\/person\/image\/\",\"url\":\"https:\/\/secure.gravatar.com\/avatar\/240ab1f1a77922727895c5fc4c473e2c096a5a354b0b5040e70a63077890f810?s=96&d=mm&r=g\",\"contentUrl\":\"https:\/\/secure.gravatar.com\/avatar\/240ab1f1a77922727895c5fc4c473e2c096a5a354b0b5040e70a63077890f810?s=96&d=mm&r=g\",\"caption\":\"Cesc Aldab\u00f3\"},\"url\":\"https:\/\/aceweb.cat\/es\/author\/cesc\/\"}]}<\/script>\n<!-- \/ Yoast SEO plugin. -->","yoast_head_json":{"title":"La Asamblea General Ordinaria | ACE","description":"El pasado jueves 26 de febrero se celebr\u00f3 en la sede de la ACE la Asamblea General Ordinaria de la asociaci\u00f3n.","robots":{"index":"index","follow":"follow","max-snippet":"max-snippet:-1","max-image-preview":"max-image-preview:large","max-video-preview":"max-video-preview:-1"},"canonical":"https:\/\/aceweb.cat\/es\/noticias\/la-asamblea-general-ordinaria\/","og_locale":"es_ES","og_type":"article","og_title":"La Asamblea General Ordinaria | ACE","og_description":"El pasado jueves 26 de febrero se celebr\u00f3 en la sede de la ACE la Asamblea General Ordinaria de la asociaci\u00f3n.","og_url":"https:\/\/aceweb.cat\/es\/noticias\/la-asamblea-general-ordinaria\/","og_site_name":"aceweb.cat","article_published_time":"2026-03-02T07:52:34+00:00","article_modified_time":"2026-03-14T16:11:24+00:00","og_image":[{"width":1110,"height":1009,"url":"https:\/\/aceweb.cat\/wp-content\/uploads\/2026\/03\/AGO26-01b.jpeg","type":"image\/jpeg"}],"author":"Cesc Aldab\u00f3","twitter_card":"summary_large_image","twitter_misc":{"Escrito por":"Cesc Aldab\u00f3","Tiempo de lectura":"1 minuto"},"schema":{"@context":"https:\/\/schema.org","@graph":[{"@type":"Article","@id":"https:\/\/aceweb.cat\/es\/noticias\/la-asamblea-general-ordinaria\/#article","isPartOf":{"@id":"https:\/\/aceweb.cat\/es\/noticias\/la-asamblea-general-ordinaria\/"},"author":{"name":"Cesc Aldab\u00f3","@id":"https:\/\/aceweb.cat\/#\/schema\/person\/93be7086bef877992f76288b376c35b7"},"headline":"La Asamblea General Ordinaria","datePublished":"2026-03-02T07:52:34+00:00","dateModified":"2026-03-14T16:11:24+00:00","mainEntityOfPage":{"@id":"https:\/\/aceweb.cat\/es\/noticias\/la-asamblea-general-ordinaria\/"},"wordCount":274,"publisher":{"@id":"https:\/\/aceweb.cat\/#organization"},"image":{"@id":"https:\/\/aceweb.cat\/es\/noticias\/la-asamblea-general-ordinaria\/#primaryimage"},"thumbnailUrl":"https:\/\/aceweb.cat\/wp-content\/uploads\/2026\/03\/AGO26-01b.jpeg","keywords":["AGO","Asamblea General"],"articleSection":["Noticias"],"inLanguage":"es"},{"@type":"WebPage","@id":"https:\/\/aceweb.cat\/es\/noticias\/la-asamblea-general-ordinaria\/","url":"https:\/\/aceweb.cat\/es\/noticias\/la-asamblea-general-ordinaria\/","name":"La Asamblea General Ordinaria | ACE","isPartOf":{"@id":"https:\/\/aceweb.cat\/#website"},"primaryImageOfPage":{"@id":"https:\/\/aceweb.cat\/es\/noticias\/la-asamblea-general-ordinaria\/#primaryimage"},"image":{"@id":"https:\/\/aceweb.cat\/es\/noticias\/la-asamblea-general-ordinaria\/#primaryimage"},"thumbnailUrl":"https:\/\/aceweb.cat\/wp-content\/uploads\/2026\/03\/AGO26-01b.jpeg","datePublished":"2026-03-02T07:52:34+00:00","dateModified":"2026-03-14T16:11:24+00:00","description":"El pasado jueves 26 de febrero se celebr\u00f3 en la sede de la ACE la Asamblea General Ordinaria de la asociaci\u00f3n.","breadcrumb":{"@id":"https:\/\/aceweb.cat\/es\/noticias\/la-asamblea-general-ordinaria\/#breadcrumb"},"inLanguage":"es","potentialAction":[{"@type":"ReadAction","target":["https:\/\/aceweb.cat\/es\/noticias\/la-asamblea-general-ordinaria\/"]}]},{"@type":"ImageObject","inLanguage":"es","@id":"https:\/\/aceweb.cat\/es\/noticias\/la-asamblea-general-ordinaria\/#primaryimage","url":"https:\/\/aceweb.cat\/wp-content\/uploads\/2026\/03\/AGO26-01b.jpeg","contentUrl":"https:\/\/aceweb.cat\/wp-content\/uploads\/2026\/03\/AGO26-01b.jpeg","width":1110,"height":1009},{"@type":"BreadcrumbList","@id":"https:\/\/aceweb.cat\/es\/noticias\/la-asamblea-general-ordinaria\/#breadcrumb","itemListElement":[{"@type":"ListItem","position":1,"name":"Inici","item":"https:\/\/aceweb.cat\/"},{"@type":"ListItem","position":2,"name":"Not\u00edcies","item":"https:\/\/aceweb.cat\/categoria\/noticies\/"},{"@type":"ListItem","position":3,"name":"La Asamblea General Ordinaria"}]},{"@type":"WebSite","@id":"https:\/\/aceweb.cat\/#website","url":"https:\/\/aceweb.cat\/","name":"ACE","description":"Associaci\u00f3 de Consultors d&#039;Estructures | ACE","publisher":{"@id":"https:\/\/aceweb.cat\/#organization"},"alternateName":"ACE","potentialAction":[{"@type":"SearchAction","target":{"@type":"EntryPoint","urlTemplate":"https:\/\/aceweb.cat\/?s={search_term_string}"},"query-input":{"@type":"PropertyValueSpecification","valueRequired":true,"valueName":"search_term_string"}}],"inLanguage":"es"},{"@type":"Organization","@id":"https:\/\/aceweb.cat\/#organization","name":"ACE","alternateName":"ACE","url":"https:\/\/aceweb.cat\/","logo":{"@type":"ImageObject","inLanguage":"es","@id":"https:\/\/aceweb.cat\/#\/schema\/logo\/image\/","url":"https:\/\/aceweb.cat\/wp-content\/uploads\/2022\/10\/logo.svg","contentUrl":"https:\/\/aceweb.cat\/wp-content\/uploads\/2022\/10\/logo.svg","width":1,"height":1,"caption":"ACE"},"image":{"@id":"https:\/\/aceweb.cat\/#\/schema\/logo\/image\/"}},{"@type":"Person","@id":"https:\/\/aceweb.cat\/#\/schema\/person\/93be7086bef877992f76288b376c35b7","name":"Cesc Aldab\u00f3","image":{"@type":"ImageObject","inLanguage":"es","@id":"https:\/\/aceweb.cat\/#\/schema\/person\/image\/","url":"https:\/\/secure.gravatar.com\/avatar\/240ab1f1a77922727895c5fc4c473e2c096a5a354b0b5040e70a63077890f810?s=96&d=mm&r=g","contentUrl":"https:\/\/secure.gravatar.com\/avatar\/240ab1f1a77922727895c5fc4c473e2c096a5a354b0b5040e70a63077890f810?s=96&d=mm&r=g","caption":"Cesc Aldab\u00f3"},"url":"https:\/\/aceweb.cat\/es\/author\/cesc\/"}]}},"_links":{"self":[{"href":"https:\/\/aceweb.cat\/es\/wp-json\/wp\/v2\/posts\/47240","targetHints":{"allow":["GET"]}}],"collection":[{"href":"https:\/\/aceweb.cat\/es\/wp-json\/wp\/v2\/posts"}],"about":[{"href":"https:\/\/aceweb.cat\/es\/wp-json\/wp\/v2\/types\/post"}],"author":[{"embeddable":true,"href":"https:\/\/aceweb.cat\/es\/wp-json\/wp\/v2\/users\/250"}],"replies":[{"embeddable":true,"href":"https:\/\/aceweb.cat\/es\/wp-json\/wp\/v2\/comments?post=47240"}],"version-history":[{"count":3,"href":"https:\/\/aceweb.cat\/es\/wp-json\/wp\/v2\/posts\/47240\/revisions"}],"predecessor-version":[{"id":47307,"href":"https:\/\/aceweb.cat\/es\/wp-json\/wp\/v2\/posts\/47240\/revisions\/47307"}],"wp:featuredmedia":[{"embeddable":true,"href":"https:\/\/aceweb.cat\/es\/wp-json\/wp\/v2\/media\/47239"}],"wp:attachment":[{"href":"https:\/\/aceweb.cat\/es\/wp-json\/wp\/v2\/media?parent=47240"}],"wp:term":[{"taxonomy":"category","embeddable":true,"href":"https:\/\/aceweb.cat\/es\/wp-json\/wp\/v2\/categories?post=47240"},{"taxonomy":"post_tag","embeddable":true,"href":"https:\/\/aceweb.cat\/es\/wp-json\/wp\/v2\/tags?post=47240"}],"curies":[{"name":"wp","href":"https:\/\/api.w.org\/{rel}","templated":true}]}}